{"id":11123,"date":"2021-12-13T06:02:00","date_gmt":"2021-12-13T06:02:00","guid":{"rendered":"https:\/\/biscotteslitteraires.com\/2021\/?p=11123"},"modified":"2021-12-12T19:15:02","modified_gmt":"2021-12-12T19:15:02","slug":"jecris-par-necessite-presque-comme-pour-retablir-un-ordre-suzanne-kemenang","status":"publish","type":"post","link":"https:\/\/biscotteslitteraires.com\/2021\/jecris-par-necessite-presque-comme-pour-retablir-un-ordre-suzanne-kemenang\/","title":{"rendered":"\u00a0\u00bb J\u2019\u00e9cris par n\u00e9cessit\u00e9, presque comme pour r\u00e9tablir un ordre.\u00a0\u00bb, Suzanne Kemenang."},"content":{"rendered":"\n<p><strong>Bonjour les amis. Nous recevons pour vous aujourd&rsquo;hui lundi, jour d&rsquo;interview sur votre blog, une \u00e9ditrice auteure d&rsquo;origine camerounaise, Suzanne Kemenang  \u00ab\u00a0: <em>Je pense d\u00e9j\u00e0 que la litt\u00e9rature ne devrait pas \u00eatre r\u00e9duite \u00e0 un genre ou une race, c\u2019est un art, une forme d\u2019expression, un moyen de communication que l\u2019\u00e9crivain ou l\u2019\u00e9crivaine utilise pour d\u00e9noncer, c\u00e9l\u00e9brer, raconter ou encore transmettre.\u00a0\u00bb<\/em><\/strong><\/p>\n\n\n\n<p><\/p>\n\n\n\n<p>\u00a0\u00a0\u00a0\u00a0\u00a0\u00a0\u00a0\u00a0\u00a0\u00a0\u00a0\u00a0\u00a0\u00a0\u00a0\u00a0\u00a0 <\/p>\n\n\n\n<figure class=\"wp-block-gallery columns-1 is-cropped\"><ul class=\"blocks-gallery-grid\"><li class=\"blocks-gallery-item\"><figure><img loading=\"lazy\" width=\"768\" height=\"1024\" src=\"https:\/\/biscotteslitteraires.com\/2021\/wp-content\/uploads\/2021\/12\/IMG-20211212-WA0062-768x1024.jpg\" alt=\"\" data-id=\"11126\" data-full-url=\"https:\/\/biscotteslitteraires.com\/2021\/wp-content\/uploads\/2021\/12\/IMG-20211212-WA0062.jpg\" data-link=\"https:\/\/biscotteslitteraires.com\/2021\/?attachment_id=11126\" class=\"wp-image-11126\" srcset=\"https:\/\/biscotteslitteraires.com\/2021\/wp-content\/uploads\/2021\/12\/IMG-20211212-WA0062-768x1024.jpg 768w, https:\/\/biscotteslitteraires.com\/2021\/wp-content\/uploads\/2021\/12\/IMG-20211212-WA0062-225x300.jpg 225w, https:\/\/biscotteslitteraires.com\/2021\/wp-content\/uploads\/2021\/12\/IMG-20211212-WA0062-1152x1536.jpg 1152w, https:\/\/biscotteslitteraires.com\/2021\/wp-content\/uploads\/2021\/12\/IMG-20211212-WA0062.jpg 1536w\" sizes=\"(max-width: 768px) 100vw, 768px\" \/><\/figure><\/li><\/ul><\/figure>\n\n\n\n<p><strong><em><u>BL&nbsp;<\/u><\/em><\/strong><strong><em>: Bonjour Madame. Nous sommes heureux de vous recevoir sur Biscottes Litt\u00e9raires. Nos lecteurs sont curieux de vous connaitre. Voudrez-vous bien vous pr\u00e9senter, s\u2019il vous plait\u2009?<\/em><\/strong><\/p>\n\n\n\n<p><strong><u>S.K&nbsp;:<\/u><\/strong> Bonjour, c\u2019est moi qui vous remercie de me donner cette opportunit\u00e9 de me faire conna\u00eetre aupr\u00e8s de vos lecteurs. Je suis Suzanne Kemenang, \u00e9ditrice, auteure et entrepreneure d\u2019origine camerounaise et je vis au Canada depuis 2007. Je suis la fondatrice et directrice g\u00e9n\u00e9rale des \u00c9ditions Terre d\u2019Accueil, une maison d\u2019\u00e9dition francophone situ\u00e9e dans la grande r\u00e9gion de Toronto. Je mets un point d\u2019appui sur\u00ab&nbsp;francophone&nbsp;\u00bbparce que nous sommes dans une r\u00e9gion majoritairement anglophone et toutes les raisons et les occasions sont bonnes pour rappeler notre pr\u00e9sence et en \u00eatre fiers. Les \u00c9ditions Terre d\u2019Accueil existent depuis trois ans et se sont donn\u00e9 pour mission de valoriser les plumes d\u2019auteurs venus d\u2019ailleurs afin d\u2019enrichir le paysage litt\u00e9raire canadien et francophone.<\/p>\n\n\n\n<p>Je suis aussi l\u2019auteure du livre <strong><em>Les visages de la francophonie \u2013 R\u00e9gion de Durham<\/em><\/strong><em>,<\/em> un livre hommage qui retrace l\u2019histoire de la communaut\u00e9 francophone de la r\u00e9gion qui m\u2019a accueillie depuis quatre ans maintenant \u00e0 travers ses pionniers et pionni\u00e8res. Une fois de plus, le fran\u00e7ais se trouve au c\u0153ur de mes activit\u00e9s.<\/p>\n\n\n\n<p>L\u2019entrepreneuriat s\u2019est donc impos\u00e9 \u00e0 moi et c\u2019est un statut qui me permet d\u2019apprendre \u00e9norm\u00e9ment sur moi-m\u00eame et sur les autres.<\/p>\n\n\n\n<p><strong><em><u>BL&nbsp;<\/u><\/em><\/strong><strong><em>: Vous \u00eates auteure et \u00e9ditrice. Une preuve qui t\u00e9moigne de votre grande passion pour la litt\u00e9rature. Pourriez-vous partager avec le lectorat le socle de ce penchant pour les lettres\u2009?<\/em><\/strong><\/p>\n\n\n\n<p><strong><u>S.K&nbsp;:<\/u><\/strong> Permettez-moi d\u00e9j\u00e0 de pr\u00e9ciser que je suis \u00e9ditrice avant d\u2019\u00eatre auteure. Ma casquette d\u2019auteure est arriv\u00e9e plus tard. Je suis une femme de lettres depuis toute jeune. Tr\u00e8s studieuse et r\u00e9serv\u00e9e, j\u2019ai toujours \u00e9t\u00e9 fascin\u00e9e par les mots et leur pouvoir et plus tard, en grandissant, j\u2019ai pris conscience de l\u2019impact qu\u2019ils pouvaient avoir sur la vie des autres. Il faut dire aussi que j\u2019ai eu de tr\u00e8s bons professeurs de fran\u00e7ais qui ont su me transmettre l\u2019amour de la langue \u00e0 travers les textes, notamment ceux d\u2019auteurs africains. Cette litt\u00e9rature (africaine) m\u2019a accompagn\u00e9e tout au long de mon cursus scolaire qui a \u00e9t\u00e9 assez classique pour l\u2019\u00e9poque et le contexte dans lequel j\u2019ai \u00e9volu\u00e9 au Cameroun. J\u2019ai obtenu un Baccalaur\u00e9at litt\u00e9raire avec mention, j\u2019ai poursuivi mes \u00e9tudes \u00e0 l\u2019Universit\u00e9 de Bu\u00e9a, au Cameroun, en obtenant une licence en lettres bilingues (fran\u00e7ais et anglais). J\u2019avais d\u2019ailleurs pr\u00e9sent\u00e9 un m\u00e9moire de licence sur la litt\u00e9rature compar\u00e9e avec les \u0153uvres de deux auteurs camerounais&nbsp;: Patrice Nganang (<strong><em>Temps de chien<\/em><\/strong>) et Linus Asong (<strong><em>The Crown of Thorns<\/em><\/strong>). Apr\u00e8s cela, j\u2019ai \u00e9tudi\u00e9 \u00e0 l\u2019Universit\u00e9 Concordia, \u00e0 Montr\u00e9al et j\u2019ai d\u00e9croch\u00e9 un certificat de 2<sup>e<\/sup> cycle anglais-fran\u00e7ais en langue et techniques de localisation. Pour terminer, j\u2019ai compl\u00e9t\u00e9 un DESS en \u00e9dition \u00e0 l\u2019Universit\u00e9 de Sherbrooke, toujours au Qu\u00e9bec.<\/p>\n\n\n\n<p><strong><em><u>BL<\/u><\/em><\/strong><strong><em>&nbsp;: Votre venue \u00e0 l\u2019\u00e9criture est-elle aussi le fruit de la passion\u2009? Ou est-elle juste un exutoire pour vous\u2009? Quelles sont les raisons\u2009?<\/em><\/strong><\/p>\n\n\n\n<p><strong><u>S.K&nbsp;:<\/u><\/strong> L\u2019\u00e9criture fait partie int\u00e9grante de moi-m\u00eame, j\u2019\u00e9cris par n\u00e9cessit\u00e9, presque comme pour r\u00e9tablir un ordre. Je suis port\u00e9e sur les textes de style r\u00e9cit, documentaire ou biographique afin de raconter, valoriser, mettre l\u2019autre en avant. Avec mon exp\u00e9rience dans la r\u00e9daction de mon livre, j\u2019ai trouv\u00e9 tr\u00e8s gratifiant de parler des autres, de les mettre en avant, de mettre en lumi\u00e8re leurs r\u00e9alisations. De ce fait, je pense que c\u00e9l\u00e9brer l\u2019autre fait partie de ma mission d\u2019abord comme \u00e9ditrice et ensuite comme auteure.<\/p>\n\n\n\n<p><strong><em><u>BL<\/u><\/em><\/strong><strong><em>&nbsp;: <\/em><\/strong><strong><em>Comment d\u00e9finissez-vous l\u2019\u00e9crivaine dans ce si\u00e8cle o\u00f9 l\u2019\u00e9cho de la litt\u00e9rature r\u00e9sonne moins bien que celui de la science\u2009? Quel r\u00f4le assignez-vous \u00e0 la femme de lettres dans cet univers litt\u00e9raire subjugu\u00e9 par une forte pr\u00e9sence masculine\u2009?<\/em><\/strong><\/p>\n\n\n\n<p><strong><u>S.K&nbsp;:<\/u><\/strong> Je pense d\u00e9j\u00e0 que la litt\u00e9rature ne devrait pas \u00eatre r\u00e9duite \u00e0 un genre ou une race, c\u2019est un art, une forme d\u2019expression, un moyen de communication que l\u2019\u00e9crivain ou l\u2019\u00e9crivaine utilise pour d\u00e9noncer, c\u00e9l\u00e9brer, raconter ou encore transmettre. Dans ce contexte, le r\u00f4le de chacun, homme ou femme, devrait \u00eatre celui de passeur. Les \u00e9crivains et les \u00e9crivaines n\u2019\u00e9crivent pas toujours avec la m\u00eame sensibilit\u00e9, avec les m\u00eames objectifs, mais ils transmettent un message, des \u00e9motions, ils sont les influenceurs de leur g\u00e9n\u00e9ration, si on veut utiliser le langage du 21<sup>e<\/sup> si\u00e8cle.<\/p>\n\n\n\n<p><strong><em><u>BL\u00a0<\/u>: Le livre <\/em>Les visages de la francophonie-R\u00e9gion de Durham<em> porte votre signature. C\u2019est un livre d\u2019histoire, de sociologie, d\u2019anthropologie et de science politique. Voudrez-vous bien nous dire le postulat d\u2019\u00e9criture de cet ouvrage\u2009?<\/em><\/strong><\/p>\n\n\n\n<figure class=\"wp-block-gallery columns-1 is-cropped\"><ul class=\"blocks-gallery-grid\"><li class=\"blocks-gallery-item\"><figure><img loading=\"lazy\" width=\"819\" height=\"1024\" src=\"https:\/\/biscotteslitteraires.com\/2021\/wp-content\/uploads\/2021\/12\/IMG-20211212-WA0060-819x1024.jpg\" alt=\"\" data-id=\"11127\" data-full-url=\"https:\/\/biscotteslitteraires.com\/2021\/wp-content\/uploads\/2021\/12\/IMG-20211212-WA0060.jpg\" data-link=\"https:\/\/biscotteslitteraires.com\/2021\/?attachment_id=11127\" class=\"wp-image-11127\" srcset=\"https:\/\/biscotteslitteraires.com\/2021\/wp-content\/uploads\/2021\/12\/IMG-20211212-WA0060-819x1024.jpg 819w, https:\/\/biscotteslitteraires.com\/2021\/wp-content\/uploads\/2021\/12\/IMG-20211212-WA0060-240x300.jpg 240w, https:\/\/biscotteslitteraires.com\/2021\/wp-content\/uploads\/2021\/12\/IMG-20211212-WA0060-768x961.jpg 768w, https:\/\/biscotteslitteraires.com\/2021\/wp-content\/uploads\/2021\/12\/IMG-20211212-WA0060.jpg 1069w\" sizes=\"(max-width: 819px) 100vw, 819px\" \/><\/figure><\/li><\/ul><\/figure>\n\n\n\n<p><strong><u>S.K&nbsp;:<\/u><\/strong> L\u2019id\u00e9e de ce livre est partie d\u2019un constat. Avant tout, remettons les choses dans leur contexte. J\u2019ai v\u00e9cu \u00e0 Montr\u00e9al pendant neuf ans, en \u00e9voluant enti\u00e8rement dans un milieu francophone et lorsque ma famille et moi avons d\u00e9m\u00e9nag\u00e9 en Ontario (une province canadienne, majoritairement anglophone), nous \u00e9tions loin de nous imaginer qu\u2019il y avait toute une vie en fran\u00e7ais \u00e0 laquelle nous allions nous greffer sans effort.<\/p>\n\n\n\n<p>Comme j\u2019aime le dire, je suis \u00e9ditrice, alors je vois des livres partout&nbsp;! Je trouvais qu\u2019il \u00e9tait primordial de mettre en lumi\u00e8re les r\u00e9alisations de ces hommes et de ces femmes venus d\u2019ailleurs et qui ont r\u00e9ussi le pari de b\u00e2tir de leurs mains une communaut\u00e9 francophone en situation minoritaire ; on parle de 70 ans d\u2019histoire&nbsp;! Il \u00e9tait imp\u00e9ratif que les personnes qui arrivent dans cette r\u00e9gion et qui b\u00e9n\u00e9ficient des services en fran\u00e7ais, trouvent du travail en fran\u00e7ais ou qui envoient leurs enfants dans des \u00e9coles ou des garderies francophones sachent \u00e0 qui elles le doivent. C\u2019est d\u2019abord et avant tout un livre hommage, un devoir de m\u00e9moire, un testament pour les g\u00e9n\u00e9rations futures.<\/p>\n\n\n\n<p><strong><em><u>BL&nbsp;<\/u><\/em><\/strong><strong><em>: Les 20 \u2018\u2019b\u00e2tisseurs\u2019\u2019 dont parle le livre ont eu de diff\u00e9rents parcours, et sont intervenus dans divers domaines&nbsp;: \u00e9ducation, immigration, pastorale, etc. Quel regard portez-vous sur le ph\u00e9nom\u00e8ne de la migration qui devient r\u00e9current et chamboule l\u2019actualit\u00e9 mondiale\u2009?<\/em><\/strong><\/p>\n\n\n\n<p><strong><u>S.K&nbsp;:<\/u><\/strong> Les 20 b\u00e2tisseurs sont arriv\u00e9s dans la r\u00e9gion de Durham dans des contextes et \u00e0 des \u00e9poques bien diff\u00e9rents. Ils viennent de diverses r\u00e9gions du Canada et du monde et leur particularit\u00e9 est qu\u2019ils ont trouv\u00e9 en cette r\u00e9gion un terreau fertile pour s\u2019installer et construire un avenir pour eux et leurs enfants. D\u2019apr\u00e8s mon exp\u00e9rience avec ce livre, les raisons qui poussent les personnes \u00e0 migrer sont l\u00e9gion, l\u2019objectif \u00e9tant finalement de trouver sa terre d\u2019accueil. Elle peut \u00eatre ailleurs que chez soi, mais on ne peut malheureusement pas emp\u00eacher les gens de chercher leur Canaan. Faut-il pour autant risquer sa vie&nbsp;? Je pense qu\u2019il faut \u00eatre bien renseign\u00e9 avant d\u2019entreprendre de tels projets et malheureusement les vendeurs de r\u00eave aussi ne manquent pas, et les d\u00e9sillusions sont grandes.<\/p>\n\n\n\n<p><strong><em><u>BL<\/u><\/em><\/strong><strong><em>&nbsp;: Selon vous, la femme contemporaine est-elle toujours sujette \u00e0 la marginalisation, au machisme sexiste\u2009? Quelle est votre conception du f\u00e9minisme\u2009?<\/em><\/strong><\/p>\n\n\n\n<p><strong><u>S.K&nbsp;:<\/u><\/strong> De quelle soci\u00e9t\u00e9 parle -t-on&nbsp;? Il faut mettre les choses en contexte et pour moi les deux mots cl\u00e9s sont identit\u00e9 et \u00e9ducation. Qu\u2019est-ce qu\u2019on enseigne \u00e0 la petite fille, quelles bases lui inculque-t-on, qu\u2019est-ce qu\u2019on lui apprend sur son identit\u00e9, ses forces et ses opportunit\u00e9s en tant qu\u2019\u00eatre humain. En grandissant avec une r\u00e9elle vision et une connaissance de ses comp\u00e9tences, la femme ne se consid\u00e8re plus comme une victime parce qu\u2019elle a grandi en sachant qui elle est et ce qu\u2019elle apporte. Avec cela, il n\u2019y a pas besoin de revendiquer quoique ce soit. C\u2019est ton impact qui fera la diff\u00e9rence.<\/p>\n\n\n\n<p><strong><em><u>BL<\/u><\/em><\/strong><strong><em>&nbsp;: Voudrez-vous bien nous parler de Terre d\u2019accueil, votre maison d\u2019\u00e9dition\u2009?<\/em><\/strong><\/p>\n\n\n\n<p><strong><u>S.K&nbsp;:<\/u><\/strong> Absolument&nbsp;! J\u2019ai fond\u00e9 les <em>\u00c9ditions Terre d\u2019Accueil<\/em> en 2018 pour r\u00e9pondre \u00e0 un besoin de repr\u00e9sentativit\u00e9 de la population immigrante et surtout souligner sa contribution \u00e0 la diversit\u00e9 de la litt\u00e9rature francophone au Canada et \u00e0 l\u2019international aussi. La maison d\u2019\u00e9dition existe dans un contexte particulier puisque ses bureaux sont situ\u00e9s dans la Grande r\u00e9gion de Toronto, en Ontario et se trouve \u00eatre la seule maison d\u2019\u00e9dition francophone si l\u2019on s\u2019appuie sur la liste des maisons d\u2019\u00e9dition membres du Regroupement des \u00e9diteurs franco-canadiens (REFC) auquel elle appartient d\u00e9sormais.<\/p>\n\n\n\n<p>Au d\u00e9part, ma volont\u00e9 \u00e9tait de publier exclusivement de la non-fiction avec entre autres de la biographie, du d\u00e9veloppement personnel ou encore des livres pratiques, avec le d\u00e9sir de permettre aux auteurs de s\u2019exprimer sur des sujets beaucoup plus concrets et qui rejoindraient la population d\u2019ici et d\u2019ailleurs. Le mandat que nous nous sommes ainsi donn\u00e9 est celui d\u2019inspirer, d\u2019\u00e9duquer et de r\u00e9v\u00e9ler des talents, de nouvelles plumes et les faire d\u00e9couvrir au monde.<\/p>\n\n\n\n<p>La bonne chose avec une ligne \u00e9ditoriale est qu\u2019elle est amen\u00e9e \u00e0 \u00e9voluer et lorsqu\u2019on porte une vision, il faut \u00eatre flexible et s\u2019adapter \u00e0 la demande du march\u00e9. C\u2019est pour cette raison que cette ann\u00e9e en 2021, nous avons lanc\u00e9 trois collections&nbsp;: une collection jeunesse qui s\u2019intitule Mon h\u00e9ros franco et qui sera port\u00e9e par les jeunes (pour, par et avec) et pr\u00e9sentera des portraits des personnalit\u00e9s canadiennes francophones de 40 ans et moins, une collection de romans et nouvelles intitul\u00e9e MOTEMA et une collection de po\u00e9sie, EMPREINTES. Les premiers titres de ces collections verront le jour l\u2019ann\u00e9e prochaine. La litt\u00e9rature jeunesse conna\u00eet aussi une forte demande avec toujours en toile de fond, un besoin de repr\u00e9senter la diversit\u00e9, on peut le comprendre parce que c\u2019est finalement \u00e0 l\u2019image de la soci\u00e9t\u00e9 canadienne d\u2019aujourd\u2019hui.<\/p>\n\n\n\n<p><strong><em><u>BL&nbsp;<\/u><\/em><\/strong><strong><em>: <\/em><\/strong><strong><em>Les maisons d&rsquo;\u00e9dition, il y en a plusieurs. Qu&rsquo;est-ce qui fait la particularit\u00e9 de la v\u00f4tre<\/em><\/strong><strong><em>\u2009?<\/em><\/strong><strong><em><\/em><\/strong><\/p>\n\n\n\n<p><strong><u>S.K&nbsp;:<\/u><\/strong> Notre particularit\u00e9 est que nous sommes la seule maison d\u2019\u00e9dition francophone au Canada qui publie exclusivement des auteurs immigrants ou issus de l\u2019immigration et nous en sommes fiers. Une auteure que nous avons r\u00e9cemment sign\u00e9e nous a dit que juste avec le nom, <em>Terre d\u2019Accueil<\/em>, elle se sent \u00e0 la maison et c\u2019est ce qu\u2019on veut. Le besoin est l\u00e0 et nous sommes heureux de combler ce vide. \u00c0 ce jour, nous comptabilisons dix nationalit\u00e9s et c\u2019est ce qui fait la force et la richesse de notre maison d\u2019\u00e9dition.<\/p>\n\n\n\n<p>Une autre particularit\u00e9 est qu\u2019en plus de l\u2019\u00e9dition traditionnelle, nous offrons des projets sp\u00e9ciaux. Ce sont des projets \u00ab&nbsp;cl\u00e9s en main&nbsp;\u00bb destin\u00e9s aux entreprises qui souhaitent mettre sur pied des projets d\u2019\u00e9dition, mais qui n\u2019en ont pas forc\u00e9ment l\u2019expertise. Nous avons d\u00e9j\u00e0 accompagn\u00e9 deux organismes ici en Ontario et nous travaillons en ce moment avec un autre bas\u00e9 \u00e0 Ottawa pour la publication d\u2019un r\u00e9cit de femmes francophones immigrantes en situation minoritaire dans trois provinces et territoires au Canada&nbsp;: l\u2019Alberta, le Yukon et la Colombie-Britannique. Le recueil sortira au printemps 2022.<\/p>\n\n\n\n<p><strong><em><u>BL<\/u><\/em><\/strong><strong><em>&nbsp;: <\/em><\/strong><strong><em>Accents Francos. Parlons-en. Pourquoi l&rsquo;avoir cr\u00e9\u00e9e et quels sont vos objectifs en le cr\u00e9ant<\/em><\/strong><strong><em>?<\/em><\/strong><\/p>\n\n\n\n<p><strong><u>S.K\u00a0:<\/u><\/strong> Accents Francos est le fruit d\u2019une belle rencontre, en 2019, entre deux femmes de lettres, passionn\u00e9es de litt\u00e9rature. Au d\u00e9part, c\u2019est un magazine culturel et litt\u00e9raire que nous avons voulu mettre sur pied d\u2019une part pour valoriser les accents francophones et mettre l\u2019accent sur la diversit\u00e9 et la pluralit\u00e9 de la francophonie. Chemin faisant, nous avons r\u00e9orient\u00e9 le projet et c\u2019est devenu une agence de services d\u2019\u00e9dition. Nous offrons notamment des services d\u2019aide \u00e0 l\u2019\u00e9criture, d\u2019\u00e9valuation de manuscrit, de communication ou d\u2019agence litt\u00e9raire pour aider ceux qui le souhaitent \u00e0 trouver un \u00e9diteur.<\/p>\n\n\n\n<figure class=\"wp-block-gallery columns-1 is-cropped\"><ul class=\"blocks-gallery-grid\"><li class=\"blocks-gallery-item\"><figure><img loading=\"lazy\" width=\"715\" height=\"715\" src=\"https:\/\/biscotteslitteraires.com\/2021\/wp-content\/uploads\/2021\/12\/IMG-20211212-WA0059.jpg\" alt=\"\" data-id=\"11128\" data-full-url=\"https:\/\/biscotteslitteraires.com\/2021\/wp-content\/uploads\/2021\/12\/IMG-20211212-WA0059.jpg\" data-link=\"https:\/\/biscotteslitteraires.com\/2021\/?attachment_id=11128\" class=\"wp-image-11128\" srcset=\"https:\/\/biscotteslitteraires.com\/2021\/wp-content\/uploads\/2021\/12\/IMG-20211212-WA0059.jpg 715w, https:\/\/biscotteslitteraires.com\/2021\/wp-content\/uploads\/2021\/12\/IMG-20211212-WA0059-300x300.jpg 300w, https:\/\/biscotteslitteraires.com\/2021\/wp-content\/uploads\/2021\/12\/IMG-20211212-WA0059-150x150.jpg 150w\" sizes=\"(max-width: 715px) 100vw, 715px\" \/><\/figure><\/li><\/ul><\/figure>\n\n\n\n<p><strong><em><u>BL<\/u><\/em><\/strong><strong><em>&nbsp;: Votre <\/em><\/strong><strong><em>Agence est bas\u00e9e au Canada. Comment pensez-vous impacter les productions litt\u00e9raires africaines, par exemple ?<\/em><\/strong><\/p>\n\n\n\n<p><strong><u>S.K&nbsp;:<\/u><\/strong> Je tiens \u00e0 pr\u00e9ciser que nous ne sommes pas une maison d\u2019\u00e9dition, mais nous accompagnons des personnes d\u00e9sireuses de se faire publier et nous mettons notre expertise \u00e0 contribution afin que nos clients ressortent avec un manuscrit de qualit\u00e9 et puissent en toute confiance le pr\u00e9senter chez un \u00e9diteur aussi bien en Afrique, en Europe ou en Am\u00e9rique du Nord.<\/p>\n\n\n\n<p>Maintenant, en mati\u00e8re d\u2019impact, notre \u00e9quipe compte diverses expertises et assure une qualit\u00e9 de service \u00e0 la mesure des exigences du march\u00e9. Notre situation g\u00e9ographique ne nous emp\u00eache pas de travailler sur le continent puisque tout se fait de plus en plus en ligne.<\/p>\n\n\n\n<p><strong><em><u>BL&nbsp;<\/u><\/em><\/strong><strong><em>: <\/em><\/strong><strong><em>Pourquoi la litt\u00e9rature francophone n&rsquo;a-t-elle pas le m\u00eame \u00e9clat que celle anglophone ? Qu&rsquo;est-ce qui lui manque, selon vous?<\/em><\/strong><\/p>\n\n\n\n<p><strong><u>S.K\u00a0:<\/u><\/strong> Cela peut s\u2019expliquer par la place qu\u2019occupent la lecture et la culture litt\u00e9raire de fa\u00e7on g\u00e9n\u00e9rale, les habitudes de consommation dans les diff\u00e9rentes parties de la francophonie, le pouvoir d\u2019achat et l\u2019acc\u00e8s aux livres. Les plus grosses parts du march\u00e9 sont principalement d\u00e9tenues par la France, la Suisse et le Qu\u00e9bec. Il faut aussi savoir que les anglophones font \u00e9norm\u00e9ment de promotion autour du livre et de l\u2019auteur. La communication est la cl\u00e9 et il ne suffit pas de publier; les m\u00e9dias, toutes plateformes confondues, relayent l\u2019information et les effets se font forc\u00e9ment ressentir. J\u2019en profite pour saluer votre initiative avec votre blog qui contribue \u00e0 mettre en avant la litt\u00e9rature africaine et francophone, mais il en faut plus.<\/p>\n\n\n\n<figure class=\"wp-block-gallery columns-1 is-cropped\"><ul class=\"blocks-gallery-grid\"><li class=\"blocks-gallery-item\"><figure><img loading=\"lazy\" width=\"628\" height=\"658\" src=\"https:\/\/biscotteslitteraires.com\/2021\/wp-content\/uploads\/2021\/12\/IMG-20211212-WA0061.jpg\" alt=\"\" data-id=\"11129\" data-full-url=\"https:\/\/biscotteslitteraires.com\/2021\/wp-content\/uploads\/2021\/12\/IMG-20211212-WA0061.jpg\" data-link=\"https:\/\/biscotteslitteraires.com\/2021\/?attachment_id=11129\" class=\"wp-image-11129\" srcset=\"https:\/\/biscotteslitteraires.com\/2021\/wp-content\/uploads\/2021\/12\/IMG-20211212-WA0061.jpg 628w, https:\/\/biscotteslitteraires.com\/2021\/wp-content\/uploads\/2021\/12\/IMG-20211212-WA0061-286x300.jpg 286w\" sizes=\"(max-width: 628px) 100vw, 628px\" \/><\/figure><\/li><\/ul><\/figure>\n\n\n\n<p><strong><em><u>BL<\/u><\/em><\/strong><strong><em>&nbsp;: \u00catre auteure et \u00e9ditrice, puis en m\u00eame temps s&rsquo;occuper de sa famille. Comment g\u00e9rez-vous tout cela ?<\/em><\/strong><strong><em><\/em><\/strong><\/p>\n\n\n\n<p><strong><u>S.K&nbsp;:<\/u><\/strong> Tout est une question d\u2019organisation et de gestion des priorit\u00e9s. Certes, il y a des p\u00e9riodes de <em>rush<\/em>, mais cela ne dure jamais longtemps. J\u2019ai aussi le privil\u00e8ge d\u2019avoir un mari qui me soutient dans mes activit\u00e9s et s\u2019implique dans l\u2019\u00e9ducation des enfants. Il est aussi important de discuter avec les enfants de nos activit\u00e9s et de ce qu\u2019elles impliquent et ils le comprennent tr\u00e8s bien.<\/p>\n\n\n\n<p><strong><em><u>BL<\/u><\/em><\/strong><strong><em>&nbsp;: Alain Mabanckou estime qu&rsquo;il y a un lien entre la francophonie et les dictatures africaines. Vous cr\u00e9ez Accents Francos. Une mani\u00e8re d&rsquo;inverser la tendance ?<\/em><\/strong><strong><em><\/em><\/strong><\/p>\n\n\n\n<p><strong><u>S.K&nbsp;:<\/u><\/strong> Chez <em>Accents Francos<\/em>, nous voulons travailler avec toutes les francophonies et aider les personnes \u00e0 r\u00e9aliser leurs r\u00eaves d\u2019\u00e9criture avec de l\u2019accompagnement, des conseils ou du coaching linguistique.<\/p>\n\n\n\n<p><strong><em><u>BL<\/u><\/em><\/strong><strong><em>&nbsp;: Voudrez-vous partager avec nous vos projets litt\u00e9raires e<\/em><\/strong><strong><em>t vos r\u00eaves pour la jeunesse africaine<\/em><\/strong><strong><em>\u2009?<\/em><\/strong><\/p>\n\n\n\n<p><strong><u>S.K&nbsp;:<\/u><\/strong> Les projets avec la maison d\u2019\u00e9dition c\u2019est le lancement des premiers titres des collections mentionn\u00e9es plus haut et ma priorit\u00e9 est de permettre aux <em>\u00c9ditions Terre d\u2019Accueil<\/em> de prendre leur envol et d\u2019occuper l\u2019espace litt\u00e9raire francophone canadien.<\/p>\n\n\n\n<p>Je souhaite \u00e0 la jeunesse africaine de se donner les moyens de r\u00e9aliser ses r\u00eaves o\u00f9 ils se trouvent et avec les talents qu\u2019ils poss\u00e8dent.<strong><\/strong><\/p>\n\n\n\n<p><strong><em><u>BL<\/u><\/em><\/strong><strong><em>&nbsp;: Quelques conseils \u00e0 l\u2019endroit des jeunes \u00e9pris de la litt\u00e9rature et de l\u2019\u00e9criture\u2009?<\/em><\/strong><\/p>\n\n\n\n<p><strong><u>S.K\u00a0:<\/u><\/strong> Ils doivent proposer leurs services \u00e0 diff\u00e9rentes entreprises, il y a de nombreux d\u00e9bouch\u00e9s surtout avec internet. Ils peuvent m\u00eame se mettre \u00e0 leur propre compte et les r\u00e9seaux sociaux leur donnent un monde de possibilit\u00e9s. Lancer un blog comme vous, une cha\u00eene YouTube, \u00eatre cr\u00e9atifs aussi parce qu\u2019\u00e9crire c\u2019est bien, mais se faire publier ne doit pas \u00eatre une finalit\u00e9. Il leur faut trouver ce qui allie la passion tout en leur assurant un gagne-pain.<\/p>\n\n\n\n<figure class=\"wp-block-gallery columns-1 is-cropped\"><ul class=\"blocks-gallery-grid\"><li class=\"blocks-gallery-item\"><figure><img loading=\"lazy\" width=\"768\" height=\"1024\" src=\"https:\/\/biscotteslitteraires.com\/2021\/wp-content\/uploads\/2021\/12\/IMG-20211212-WA0062-1-768x1024.jpg\" alt=\"\" data-id=\"11130\" data-full-url=\"https:\/\/biscotteslitteraires.com\/2021\/wp-content\/uploads\/2021\/12\/IMG-20211212-WA0062-1.jpg\" data-link=\"https:\/\/biscotteslitteraires.com\/2021\/?attachment_id=11130\" class=\"wp-image-11130\" srcset=\"https:\/\/biscotteslitteraires.com\/2021\/wp-content\/uploads\/2021\/12\/IMG-20211212-WA0062-1-768x1024.jpg 768w, https:\/\/biscotteslitteraires.com\/2021\/wp-content\/uploads\/2021\/12\/IMG-20211212-WA0062-1-225x300.jpg 225w, https:\/\/biscotteslitteraires.com\/2021\/wp-content\/uploads\/2021\/12\/IMG-20211212-WA0062-1-1152x1536.jpg 1152w, https:\/\/biscotteslitteraires.com\/2021\/wp-content\/uploads\/2021\/12\/IMG-20211212-WA0062-1.jpg 1536w\" sizes=\"(max-width: 768px) 100vw, 768px\" \/><\/figure><\/li><\/ul><\/figure>\n\n\n\n<p><strong><em><u>BL&nbsp;<\/u><\/em><\/strong><strong><em>: Votre mot de la fin&nbsp;<\/em><\/strong><\/p>\n\n\n\n<p><strong><u>S.K&nbsp;:<\/u><\/strong> Je vous remercie pour votre invitation et sachez que tout est possible tant qu\u2019on se donne les moyens d\u2019y arriver.<\/p>\n\n\n\n<p><\/p>\n\n\n\n<p><\/p>\n","protected":false},"excerpt":{"rendered":"<p>Bonjour les amis. Nous recevons pour vous aujourd&rsquo;hui lundi, jour d&rsquo;interview sur votre blog, une \u00e9ditrice auteure d&rsquo;origine camerounaise, Suzanne Kemenang \u00ab\u00a0: Je pense d\u00e9j\u00e0 que la litt\u00e9rature ne devrait pas \u00eatre r\u00e9duite \u00e0 un genre ou une race, c\u2019est un art, une forme d\u2019expression, un moyen de communication que l\u2019\u00e9crivain ou l\u2019\u00e9crivaine utilise pour [&hellip;]<\/p>\n","protected":false},"author":1,"featured_media":11126,"comment_status":"open","ping_status":"closed","sticky":false,"template":"","format":"standard","meta":[],"categories":[14],"tags":[],"yoast_head":"<!-- This site is optimized with the Yoast SEO plugin v19.0 - https:\/\/yoast.com\/wordpress\/plugins\/seo\/ -->\n<title>&quot; J\u2019\u00e9cris par n\u00e9cessit\u00e9, presque comme pour r\u00e9tablir un ordre.&quot;, Suzanne Kemenang. - Biscottes Litt\u00e9raires<\/title>\n<meta name=\"robots\" content=\"index, follow, max-snippet:-1, max-image-preview:large, max-video-preview:-1\" \/>\n<link rel=\"canonical\" href=\"https:\/\/biscotteslitteraires.com\/2021\/jecris-par-necessite-presque-comme-pour-retablir-un-ordre-suzanne-kemenang\/\" \/>\n<meta property=\"og:locale\" content=\"fr_FR\" \/>\n<meta property=\"og:type\" content=\"article\" \/>\n<meta property=\"og:title\" content=\"&quot; J\u2019\u00e9cris par n\u00e9cessit\u00e9, presque comme pour r\u00e9tablir un ordre.&quot;, Suzanne Kemenang. - Biscottes Litt\u00e9raires\" \/>\n<meta property=\"og:description\" content=\"Bonjour les amis. Nous recevons pour vous aujourd&rsquo;hui lundi, jour d&rsquo;interview sur votre blog, une \u00e9ditrice auteure d&rsquo;origine camerounaise, Suzanne Kemenang \u00ab\u00a0: Je pense d\u00e9j\u00e0 que la litt\u00e9rature ne devrait pas \u00eatre r\u00e9duite \u00e0 un genre ou une race, c\u2019est un art, une forme d\u2019expression, un moyen de communication que l\u2019\u00e9crivain ou l\u2019\u00e9crivaine utilise pour [&hellip;]\" \/>\n<meta property=\"og:url\" content=\"https:\/\/biscotteslitteraires.com\/2021\/jecris-par-necessite-presque-comme-pour-retablir-un-ordre-suzanne-kemenang\/\" \/>\n<meta property=\"og:site_name\" content=\"Biscottes Litt\u00e9raires\" \/>\n<meta property=\"article:publisher\" content=\"https:\/\/facebook.com\/biscotteslitterairesbenin\" \/>\n<meta property=\"article:published_time\" content=\"2021-12-13T06:02:00+00:00\" \/>\n<meta property=\"article:modified_time\" content=\"2021-12-12T19:15:02+00:00\" \/>\n<meta property=\"og:image\" content=\"https:\/\/biscotteslitteraires.com\/2021\/wp-content\/uploads\/2021\/12\/IMG-20211212-WA0062.jpg\" \/>\n\t<meta property=\"og:image:width\" content=\"1536\" \/>\n\t<meta property=\"og:image:height\" content=\"2048\" \/>\n\t<meta property=\"og:image:type\" content=\"image\/jpeg\" \/>\n<meta name=\"twitter:card\" content=\"summary\" \/>\n<meta name=\"twitter:label1\" content=\"\u00c9crit par\" \/>\n\t<meta name=\"twitter:data1\" content=\"biscotteslitteraires\" \/>\n\t<meta name=\"twitter:label2\" content=\"Dur\u00e9e de lecture estim\u00e9e\" \/>\n\t<meta name=\"twitter:data2\" content=\"14 minutes\" \/>\n<script type=\"application\/ld+json\" class=\"yoast-schema-graph\">{\"@context\":\"https:\/\/schema.org\",\"@graph\":[{\"@type\":\"Organization\",\"@id\":\"https:\/\/biscotteslitteraires.com\/2021\/#organization\",\"name\":\"Biscottes Litt\u00e9raires\",\"url\":\"https:\/\/biscotteslitteraires.com\/2021\/\",\"sameAs\":[\"https:\/\/facebook.com\/biscotteslitterairesbenin\"],\"logo\":{\"@type\":\"ImageObject\",\"inLanguage\":\"fr-FR\",\"@id\":\"https:\/\/biscotteslitteraires.com\/2021\/#\/schema\/logo\/image\/\",\"url\":\"https:\/\/biscotteslitteraires.com\/2021\/wp-content\/uploads\/2018\/11\/cropped-LOGO-BL-e1630101307137.jpg\",\"contentUrl\":\"https:\/\/biscotteslitteraires.com\/2021\/wp-content\/uploads\/2018\/11\/cropped-LOGO-BL-e1630101307137.jpg\",\"width\":960,\"height\":960,\"caption\":\"Biscottes Litt\u00e9raires\"},\"image\":{\"@id\":\"https:\/\/biscotteslitteraires.com\/2021\/#\/schema\/logo\/image\/\"}},{\"@type\":\"WebSite\",\"@id\":\"https:\/\/biscotteslitteraires.com\/2021\/#website\",\"url\":\"https:\/\/biscotteslitteraires.com\/2021\/\",\"name\":\"Biscottes Litt\u00e9raires\",\"description\":\"Ici nous voyagerons dans les lignes, explorerons les interlignes.\",\"publisher\":{\"@id\":\"https:\/\/biscotteslitteraires.com\/2021\/#organization\"},\"potentialAction\":[{\"@type\":\"SearchAction\",\"target\":{\"@type\":\"EntryPoint\",\"urlTemplate\":\"https:\/\/biscotteslitteraires.com\/2021\/?s={search_term_string}\"},\"query-input\":\"required name=search_term_string\"}],\"inLanguage\":\"fr-FR\"},{\"@type\":\"ImageObject\",\"inLanguage\":\"fr-FR\",\"@id\":\"https:\/\/biscotteslitteraires.com\/2021\/jecris-par-necessite-presque-comme-pour-retablir-un-ordre-suzanne-kemenang\/#primaryimage\",\"url\":\"https:\/\/biscotteslitteraires.com\/2021\/wp-content\/uploads\/2021\/12\/IMG-20211212-WA0062.jpg\",\"contentUrl\":\"https:\/\/biscotteslitteraires.com\/2021\/wp-content\/uploads\/2021\/12\/IMG-20211212-WA0062.jpg\",\"width\":1536,\"height\":2048},{\"@type\":\"WebPage\",\"@id\":\"https:\/\/biscotteslitteraires.com\/2021\/jecris-par-necessite-presque-comme-pour-retablir-un-ordre-suzanne-kemenang\/#webpage\",\"url\":\"https:\/\/biscotteslitteraires.com\/2021\/jecris-par-necessite-presque-comme-pour-retablir-un-ordre-suzanne-kemenang\/\",\"name\":\"\\\" J\u2019\u00e9cris par n\u00e9cessit\u00e9, presque comme pour r\u00e9tablir un ordre.\\\", Suzanne Kemenang. - Biscottes Litt\u00e9raires\",\"isPartOf\":{\"@id\":\"https:\/\/biscotteslitteraires.com\/2021\/#website\"},\"primaryImageOfPage\":{\"@id\":\"https:\/\/biscotteslitteraires.com\/2021\/jecris-par-necessite-presque-comme-pour-retablir-un-ordre-suzanne-kemenang\/#primaryimage\"},\"datePublished\":\"2021-12-13T06:02:00+00:00\",\"dateModified\":\"2021-12-12T19:15:02+00:00\",\"breadcrumb\":{\"@id\":\"https:\/\/biscotteslitteraires.com\/2021\/jecris-par-necessite-presque-comme-pour-retablir-un-ordre-suzanne-kemenang\/#breadcrumb\"},\"inLanguage\":\"fr-FR\",\"potentialAction\":[{\"@type\":\"ReadAction\",\"target\":[\"https:\/\/biscotteslitteraires.com\/2021\/jecris-par-necessite-presque-comme-pour-retablir-un-ordre-suzanne-kemenang\/\"]}]},{\"@type\":\"BreadcrumbList\",\"@id\":\"https:\/\/biscotteslitteraires.com\/2021\/jecris-par-necessite-presque-comme-pour-retablir-un-ordre-suzanne-kemenang\/#breadcrumb\",\"itemListElement\":[{\"@type\":\"ListItem\",\"position\":1,\"name\":\"Accueil\",\"item\":\"https:\/\/biscotteslitteraires.com\/2021\/\"},{\"@type\":\"ListItem\",\"position\":2,\"name\":\"\u00a0\u00bb J\u2019\u00e9cris par n\u00e9cessit\u00e9, presque comme pour r\u00e9tablir un ordre.\u00a0\u00bb, Suzanne Kemenang.\"}]},{\"@type\":\"Article\",\"@id\":\"https:\/\/biscotteslitteraires.com\/2021\/jecris-par-necessite-presque-comme-pour-retablir-un-ordre-suzanne-kemenang\/#article\",\"isPartOf\":{\"@id\":\"https:\/\/biscotteslitteraires.com\/2021\/jecris-par-necessite-presque-comme-pour-retablir-un-ordre-suzanne-kemenang\/#webpage\"},\"author\":{\"@id\":\"https:\/\/biscotteslitteraires.com\/2021\/#\/schema\/person\/a7786cb98c76c568669b36d299731946\"},\"headline\":\"\u00a0\u00bb J\u2019\u00e9cris par n\u00e9cessit\u00e9, presque comme pour r\u00e9tablir un ordre.\u00a0\u00bb, Suzanne Kemenang.\",\"datePublished\":\"2021-12-13T06:02:00+00:00\",\"dateModified\":\"2021-12-12T19:15:02+00:00\",\"mainEntityOfPage\":{\"@id\":\"https:\/\/biscotteslitteraires.com\/2021\/jecris-par-necessite-presque-comme-pour-retablir-un-ordre-suzanne-kemenang\/#webpage\"},\"wordCount\":2905,\"commentCount\":0,\"publisher\":{\"@id\":\"https:\/\/biscotteslitteraires.com\/2021\/#organization\"},\"image\":{\"@id\":\"https:\/\/biscotteslitteraires.com\/2021\/jecris-par-necessite-presque-comme-pour-retablir-un-ordre-suzanne-kemenang\/#primaryimage\"},\"thumbnailUrl\":\"https:\/\/biscotteslitteraires.com\/2021\/wp-content\/uploads\/2021\/12\/IMG-20211212-WA0062.jpg\",\"articleSection\":[\"interview\"],\"inLanguage\":\"fr-FR\",\"potentialAction\":[{\"@type\":\"CommentAction\",\"name\":\"Comment\",\"target\":[\"https:\/\/biscotteslitteraires.com\/2021\/jecris-par-necessite-presque-comme-pour-retablir-un-ordre-suzanne-kemenang\/#respond\"]}]},{\"@type\":\"Person\",\"@id\":\"https:\/\/biscotteslitteraires.com\/2021\/#\/schema\/person\/a7786cb98c76c568669b36d299731946\",\"name\":\"biscotteslitteraires\",\"image\":{\"@type\":\"ImageObject\",\"inLanguage\":\"fr-FR\",\"@id\":\"https:\/\/biscotteslitteraires.com\/2021\/#\/schema\/person\/image\/\",\"url\":\"https:\/\/secure.gravatar.com\/avatar\/94320ea752b93453cb48b1b2d71ada12?s=96&d=mm&r=g\",\"contentUrl\":\"https:\/\/secure.gravatar.com\/avatar\/94320ea752b93453cb48b1b2d71ada12?s=96&d=mm&r=g\",\"caption\":\"biscotteslitteraires\"},\"url\":\"https:\/\/biscotteslitteraires.com\/2021\/author\/admin\/\"}]}<\/script>\n<!-- \/ Yoast SEO plugin. -->","yoast_head_json":{"title":"\" J\u2019\u00e9cris par n\u00e9cessit\u00e9, presque comme pour r\u00e9tablir un ordre.\", Suzanne Kemenang. - Biscottes Litt\u00e9raires","robots":{"index":"index","follow":"follow","max-snippet":"max-snippet:-1","max-image-preview":"max-image-preview:large","max-video-preview":"max-video-preview:-1"},"canonical":"https:\/\/biscotteslitteraires.com\/2021\/jecris-par-necessite-presque-comme-pour-retablir-un-ordre-suzanne-kemenang\/","og_locale":"fr_FR","og_type":"article","og_title":"\" J\u2019\u00e9cris par n\u00e9cessit\u00e9, presque comme pour r\u00e9tablir un ordre.\", Suzanne Kemenang. - Biscottes Litt\u00e9raires","og_description":"Bonjour les amis. Nous recevons pour vous aujourd&rsquo;hui lundi, jour d&rsquo;interview sur votre blog, une \u00e9ditrice auteure d&rsquo;origine camerounaise, Suzanne Kemenang \u00ab\u00a0: Je pense d\u00e9j\u00e0 que la litt\u00e9rature ne devrait pas \u00eatre r\u00e9duite \u00e0 un genre ou une race, c\u2019est un art, une forme d\u2019expression, un moyen de communication que l\u2019\u00e9crivain ou l\u2019\u00e9crivaine utilise pour [&hellip;]","og_url":"https:\/\/biscotteslitteraires.com\/2021\/jecris-par-necessite-presque-comme-pour-retablir-un-ordre-suzanne-kemenang\/","og_site_name":"Biscottes Litt\u00e9raires","article_publisher":"https:\/\/facebook.com\/biscotteslitterairesbenin","article_published_time":"2021-12-13T06:02:00+00:00","article_modified_time":"2021-12-12T19:15:02+00:00","og_image":[{"width":1536,"height":2048,"url":"https:\/\/biscotteslitteraires.com\/2021\/wp-content\/uploads\/2021\/12\/IMG-20211212-WA0062.jpg","type":"image\/jpeg"}],"twitter_card":"summary","twitter_misc":{"\u00c9crit par":"biscotteslitteraires","Dur\u00e9e de lecture estim\u00e9e":"14 minutes"},"schema":{"@context":"https:\/\/schema.org","@graph":[{"@type":"Organization","@id":"https:\/\/biscotteslitteraires.com\/2021\/#organization","name":"Biscottes Litt\u00e9raires","url":"https:\/\/biscotteslitteraires.com\/2021\/","sameAs":["https:\/\/facebook.com\/biscotteslitterairesbenin"],"logo":{"@type":"ImageObject","inLanguage":"fr-FR","@id":"https:\/\/biscotteslitteraires.com\/2021\/#\/schema\/logo\/image\/","url":"https:\/\/biscotteslitteraires.com\/2021\/wp-content\/uploads\/2018\/11\/cropped-LOGO-BL-e1630101307137.jpg","contentUrl":"https:\/\/biscotteslitteraires.com\/2021\/wp-content\/uploads\/2018\/11\/cropped-LOGO-BL-e1630101307137.jpg","width":960,"height":960,"caption":"Biscottes Litt\u00e9raires"},"image":{"@id":"https:\/\/biscotteslitteraires.com\/2021\/#\/schema\/logo\/image\/"}},{"@type":"WebSite","@id":"https:\/\/biscotteslitteraires.com\/2021\/#website","url":"https:\/\/biscotteslitteraires.com\/2021\/","name":"Biscottes Litt\u00e9raires","description":"Ici nous voyagerons dans les lignes, explorerons les interlignes.","publisher":{"@id":"https:\/\/biscotteslitteraires.com\/2021\/#organization"},"potentialAction":[{"@type":"SearchAction","target":{"@type":"EntryPoint","urlTemplate":"https:\/\/biscotteslitteraires.com\/2021\/?s={search_term_string}"},"query-input":"required name=search_term_string"}],"inLanguage":"fr-FR"},{"@type":"ImageObject","inLanguage":"fr-FR","@id":"https:\/\/biscotteslitteraires.com\/2021\/jecris-par-necessite-presque-comme-pour-retablir-un-ordre-suzanne-kemenang\/#primaryimage","url":"https:\/\/biscotteslitteraires.com\/2021\/wp-content\/uploads\/2021\/12\/IMG-20211212-WA0062.jpg","contentUrl":"https:\/\/biscotteslitteraires.com\/2021\/wp-content\/uploads\/2021\/12\/IMG-20211212-WA0062.jpg","width":1536,"height":2048},{"@type":"WebPage","@id":"https:\/\/biscotteslitteraires.com\/2021\/jecris-par-necessite-presque-comme-pour-retablir-un-ordre-suzanne-kemenang\/#webpage","url":"https:\/\/biscotteslitteraires.com\/2021\/jecris-par-necessite-presque-comme-pour-retablir-un-ordre-suzanne-kemenang\/","name":"\" J\u2019\u00e9cris par n\u00e9cessit\u00e9, presque comme pour r\u00e9tablir un ordre.\", Suzanne Kemenang. - Biscottes Litt\u00e9raires","isPartOf":{"@id":"https:\/\/biscotteslitteraires.com\/2021\/#website"},"primaryImageOfPage":{"@id":"https:\/\/biscotteslitteraires.com\/2021\/jecris-par-necessite-presque-comme-pour-retablir-un-ordre-suzanne-kemenang\/#primaryimage"},"datePublished":"2021-12-13T06:02:00+00:00","dateModified":"2021-12-12T19:15:02+00:00","breadcrumb":{"@id":"https:\/\/biscotteslitteraires.com\/2021\/jecris-par-necessite-presque-comme-pour-retablir-un-ordre-suzanne-kemenang\/#breadcrumb"},"inLanguage":"fr-FR","potentialAction":[{"@type":"ReadAction","target":["https:\/\/biscotteslitteraires.com\/2021\/jecris-par-necessite-presque-comme-pour-retablir-un-ordre-suzanne-kemenang\/"]}]},{"@type":"BreadcrumbList","@id":"https:\/\/biscotteslitteraires.com\/2021\/jecris-par-necessite-presque-comme-pour-retablir-un-ordre-suzanne-kemenang\/#breadcrumb","itemListElement":[{"@type":"ListItem","position":1,"name":"Accueil","item":"https:\/\/biscotteslitteraires.com\/2021\/"},{"@type":"ListItem","position":2,"name":"\u00a0\u00bb J\u2019\u00e9cris par n\u00e9cessit\u00e9, presque comme pour r\u00e9tablir un ordre.\u00a0\u00bb, Suzanne Kemenang."}]},{"@type":"Article","@id":"https:\/\/biscotteslitteraires.com\/2021\/jecris-par-necessite-presque-comme-pour-retablir-un-ordre-suzanne-kemenang\/#article","isPartOf":{"@id":"https:\/\/biscotteslitteraires.com\/2021\/jecris-par-necessite-presque-comme-pour-retablir-un-ordre-suzanne-kemenang\/#webpage"},"author":{"@id":"https:\/\/biscotteslitteraires.com\/2021\/#\/schema\/person\/a7786cb98c76c568669b36d299731946"},"headline":"\u00a0\u00bb J\u2019\u00e9cris par n\u00e9cessit\u00e9, presque comme pour r\u00e9tablir un ordre.\u00a0\u00bb, Suzanne Kemenang.","datePublished":"2021-12-13T06:02:00+00:00","dateModified":"2021-12-12T19:15:02+00:00","mainEntityOfPage":{"@id":"https:\/\/biscotteslitteraires.com\/2021\/jecris-par-necessite-presque-comme-pour-retablir-un-ordre-suzanne-kemenang\/#webpage"},"wordCount":2905,"commentCount":0,"publisher":{"@id":"https:\/\/biscotteslitteraires.com\/2021\/#organization"},"image":{"@id":"https:\/\/biscotteslitteraires.com\/2021\/jecris-par-necessite-presque-comme-pour-retablir-un-ordre-suzanne-kemenang\/#primaryimage"},"thumbnailUrl":"https:\/\/biscotteslitteraires.com\/2021\/wp-content\/uploads\/2021\/12\/IMG-20211212-WA0062.jpg","articleSection":["interview"],"inLanguage":"fr-FR","potentialAction":[{"@type":"CommentAction","name":"Comment","target":["https:\/\/biscotteslitteraires.com\/2021\/jecris-par-necessite-presque-comme-pour-retablir-un-ordre-suzanne-kemenang\/#respond"]}]},{"@type":"Person","@id":"https:\/\/biscotteslitteraires.com\/2021\/#\/schema\/person\/a7786cb98c76c568669b36d299731946","name":"biscotteslitteraires","image":{"@type":"ImageObject","inLanguage":"fr-FR","@id":"https:\/\/biscotteslitteraires.com\/2021\/#\/schema\/person\/image\/","url":"https:\/\/secure.gravatar.com\/avatar\/94320ea752b93453cb48b1b2d71ada12?s=96&d=mm&r=g","contentUrl":"https:\/\/secure.gravatar.com\/avatar\/94320ea752b93453cb48b1b2d71ada12?s=96&d=mm&r=g","caption":"biscotteslitteraires"},"url":"https:\/\/biscotteslitteraires.com\/2021\/author\/admin\/"}]}},"_links":{"self":[{"href":"https:\/\/biscotteslitteraires.com\/2021\/wp-json\/wp\/v2\/posts\/11123"}],"collection":[{"href":"https:\/\/biscotteslitteraires.com\/2021\/wp-json\/wp\/v2\/posts"}],"about":[{"href":"https:\/\/biscotteslitteraires.com\/2021\/wp-json\/wp\/v2\/types\/post"}],"author":[{"embeddable":true,"href":"https:\/\/biscotteslitteraires.com\/2021\/wp-json\/wp\/v2\/users\/1"}],"replies":[{"embeddable":true,"href":"https:\/\/biscotteslitteraires.com\/2021\/wp-json\/wp\/v2\/comments?post=11123"}],"version-history":[{"count":2,"href":"https:\/\/biscotteslitteraires.com\/2021\/wp-json\/wp\/v2\/posts\/11123\/revisions"}],"predecessor-version":[{"id":11131,"href":"https:\/\/biscotteslitteraires.com\/2021\/wp-json\/wp\/v2\/posts\/11123\/revisions\/11131"}],"wp:featuredmedia":[{"embeddable":true,"href":"https:\/\/biscotteslitteraires.com\/2021\/wp-json\/wp\/v2\/media\/11126"}],"wp:attachment":[{"href":"https:\/\/biscotteslitteraires.com\/2021\/wp-json\/wp\/v2\/media?parent=11123"}],"wp:term":[{"taxonomy":"category","embeddable":true,"href":"https:\/\/biscotteslitteraires.com\/2021\/wp-json\/wp\/v2\/categories?post=11123"},{"taxonomy":"post_tag","embeddable":true,"href":"https:\/\/biscotteslitteraires.com\/2021\/wp-json\/wp\/v2\/tags?post=11123"}],"curies":[{"name":"wp","href":"https:\/\/api.w.org\/{rel}","templated":true}]}}