{"id":11150,"date":"2021-12-20T05:03:18","date_gmt":"2021-12-20T05:03:18","guid":{"rendered":"https:\/\/biscotteslitteraires.com\/2021\/?p=11150"},"modified":"2025-06-12T23:05:36","modified_gmt":"2025-06-12T23:05:36","slug":"ecrire-ma-permis-de-poser-des-tas-de-reflexion-ana-billie","status":"publish","type":"post","link":"https:\/\/biscotteslitteraires.com\/2021\/ecrire-ma-permis-de-poser-des-tas-de-reflexion-ana-billie\/","title":{"rendered":"\u00ab\u00a0\u00c9crire m\u2019a permis de poser des tas de r\u00e9flexion\u00a0\u00bb  Billie Ana."},"content":{"rendered":"\n<p><strong>Bonjour les amis. Nous recevons pour vous aujourd&rsquo;hui pour vous sur notre blog, une \u00e9crivaine fran\u00e7aise, Billie Ana: \u00a0\u00bb <em>On n\u2019aime jamais deux personnes de la m\u00eame fa\u00e7on. L\u2019amour d\u2019aujourd\u2019hui est diff\u00e9rent de celui d\u2019hier et sera aussi diff\u00e9rent de celui de demain\u00a0\u00bb.<\/em><\/strong><\/p>\n\n\n\n<p><\/p>\n\n\n\n<p><strong>&nbsp;&nbsp;&nbsp;&nbsp;&nbsp;&nbsp;&nbsp;&nbsp;&nbsp;&nbsp;&nbsp;&nbsp;&nbsp;&nbsp;&nbsp;&nbsp;&nbsp;&nbsp;&nbsp;&nbsp;&nbsp;&nbsp;&nbsp;&nbsp;&nbsp;&nbsp;&nbsp;&nbsp;&nbsp;<\/strong><\/p>\n\n\n\n<p><strong><em><u>BL<\/u><\/em><\/strong><strong><em>&nbsp;: Bonjour Madame. Nous sommes heureux de vous recevoir sur notre blog. Nos lecteurs sont curieux de vous connaitre. Voudrez-vous bien vous pr\u00e9senter, s\u2019il vous plait<\/em><\/strong><em><\/em><\/p>\n\n\n\n<p><strong><u>AB&nbsp;<\/u>:<\/strong> Bonjour, mon nom, c\u2019est Billie Ana, je vis \u00e0 Rennes, en Bretagne, et je suis maman de deux gar\u00e7ons. J\u2019\u00e9cris depuis toute petite, mais je me suis lanc\u00e9e dans le monde litt\u00e9raire en 2016 en voulant \u00e9crire un livre pour moi, juste comme \u00e7a. Ensuite, un ami est tomb\u00e9 dessus et m\u2019a convaincue de l\u2019envoyer. J\u2019ai eu une proposition de contrat que j\u2019ai sign\u00e9. Je n\u2019en revenais pas pour un projet \u00ab\u2009juste comme \u00e7a\u2009\u00bb\u2009! Quand j\u2019ai tenu mon livre dans mes mains pour la premi\u00e8re fois, j\u2019ai su que c\u2019\u00e9tait ce que je voulais faire de ma vie. Cependant, je doutais (et doute encore) beaucoup de moi, il m\u2019a fallu une ann\u00e9e pour me lancer dans un nouvel ouvrage. \u00c7a fait maintenant 3 ans que toute ma vie tourne autour de \u00e7a.<\/p>\n\n\n\n<figure class=\"wp-block-gallery columns-1 is-cropped\"><ul class=\"blocks-gallery-grid\"><li class=\"blocks-gallery-item\"><figure><img loading=\"lazy\" width=\"683\" height=\"1024\" src=\"https:\/\/biscotteslitteraires.com\/2021\/wp-content\/uploads\/2021\/12\/E30A8501-683x1024.jpg\" alt=\"\" data-id=\"11152\" data-full-url=\"https:\/\/biscotteslitteraires.com\/2021\/wp-content\/uploads\/2021\/12\/E30A8501.jpg\" data-link=\"https:\/\/biscotteslitteraires.com\/2021\/?attachment_id=11152\" class=\"wp-image-11152\" srcset=\"https:\/\/biscotteslitteraires.com\/2021\/wp-content\/uploads\/2021\/12\/E30A8501-683x1024.jpg 683w, https:\/\/biscotteslitteraires.com\/2021\/wp-content\/uploads\/2021\/12\/E30A8501-200x300.jpg 200w, https:\/\/biscotteslitteraires.com\/2021\/wp-content\/uploads\/2021\/12\/E30A8501-768x1152.jpg 768w, https:\/\/biscotteslitteraires.com\/2021\/wp-content\/uploads\/2021\/12\/E30A8501-1024x1536.jpg 1024w, https:\/\/biscotteslitteraires.com\/2021\/wp-content\/uploads\/2021\/12\/E30A8501.jpg 1280w\" sizes=\"(max-width: 683px) 100vw, 683px\" \/><\/figure><\/li><\/ul><\/figure>\n\n\n\n<p><strong><em><u>BL<\/u><\/em><\/strong><strong><em>&nbsp;: Nous vous accueillons sous votre manteau de passionn\u00e9e de lettres. Comment expliquez-vous votre amour pour la litt\u00e9rature\u2009? \u00c0 quoi cette passion est-elle due\u2009? <\/em><\/strong><em><\/em><\/p>\n\n\n\n<p><strong>AB&nbsp;:<\/strong> Quand j\u2019\u00e9tais jeune, j\u2019\u00e9tais une enfant tr\u00e8s r\u00e9serv\u00e9e qui avait du mal \u00e0 se faire des amis. C\u2019est naturellement que je me suis tourn\u00e9e vers les livres, pour vivre mes aventures \u00e0 moi, avec les amis que je d\u00e9couvrais au fil des pages.<\/p>\n\n\n\n<p><strong><em><u>BL<\/u><\/em><\/strong><strong><em>&nbsp;: Pourquoi \u00eates-vous venue \u00e0 l\u2019\u00e9criture\u2009? Cette derni\u00e8re serait-elle un exutoire pour vous\u2009?<\/em><\/strong><\/p>\n\n\n\n<p><strong><u>AB<\/u><\/strong><strong>&nbsp;: <\/strong>J\u2019ai toujours \u00e9t\u00e9 dans une bulle. \u00c9crire m\u2019a permis de poser des tas de r\u00e9flexion, d\u2019id\u00e9es, de sentiments, de ressentis sur le papier en les faisant vivre au travers de personnage. Je leur donne un sentiment et je vois ce qu\u2019ils en font, totalement ind\u00e9pendamment de moi.<\/p>\n\n\n\n<p><strong><em><u>BL<\/u><\/em><\/strong><strong><em>&nbsp;: Pensez-vous la litt\u00e9rature comme un levier de d\u00e9veloppement\u2009? De nos jours, la science et la technologie semblent prendre le pas sur cette derni\u00e8re. <\/em><\/strong><em><\/em><\/p>\n\n\n\n<p><strong>AB&nbsp;:<\/strong> Bien s\u00fbr\u2009! Lire un livre, ou en \u00e9crire un, est une rencontre entre le lecteur et l\u2019auteur, tout comme l\u2019auteur rencontre ses personnages, c\u2019est un partage. Une alchimie se cr\u00e9e \u00e0 chaque page, \u00e0 chaque ligne \u00e9crite et interpr\u00e9t\u00e9e. C\u2019est une r\u00e9elle rencontre et un enrichissement sans limites que ni la science ni la technologie ne peuvent apporter.<\/p>\n\n\n\n<figure class=\"wp-block-gallery columns-1 is-cropped\"><ul class=\"blocks-gallery-grid\"><li class=\"blocks-gallery-item\"><figure><img loading=\"lazy\" width=\"720\" height=\"1024\" src=\"https:\/\/biscotteslitteraires.com\/2021\/wp-content\/uploads\/2021\/12\/La-porte-rouge-Couv-billie-ana-720x1024.jpg\" alt=\"\" data-id=\"11154\" data-full-url=\"https:\/\/biscotteslitteraires.com\/2021\/wp-content\/uploads\/2021\/12\/La-porte-rouge-Couv-billie-ana.jpg\" data-link=\"https:\/\/biscotteslitteraires.com\/2021\/?attachment_id=11154\" class=\"wp-image-11154\" srcset=\"https:\/\/biscotteslitteraires.com\/2021\/wp-content\/uploads\/2021\/12\/La-porte-rouge-Couv-billie-ana-720x1024.jpg 720w, https:\/\/biscotteslitteraires.com\/2021\/wp-content\/uploads\/2021\/12\/La-porte-rouge-Couv-billie-ana-211x300.jpg 211w, https:\/\/biscotteslitteraires.com\/2021\/wp-content\/uploads\/2021\/12\/La-porte-rouge-Couv-billie-ana-768x1093.jpg 768w, https:\/\/biscotteslitteraires.com\/2021\/wp-content\/uploads\/2021\/12\/La-porte-rouge-Couv-billie-ana-1079x1536.jpg 1079w, https:\/\/biscotteslitteraires.com\/2021\/wp-content\/uploads\/2021\/12\/La-porte-rouge-Couv-billie-ana-1439x2048.jpg 1439w, https:\/\/biscotteslitteraires.com\/2021\/wp-content\/uploads\/2021\/12\/La-porte-rouge-Couv-billie-ana.jpg 1789w\" sizes=\"(max-width: 720px) 100vw, 720px\" \/><\/figure><\/li><\/ul><\/figure>\n\n\n\n<p><strong><em><u>BL<\/u><\/em><\/strong><strong><em>&nbsp;: Vous \u00eates l\u2019auteure du livre <\/em><\/strong><strong><u>La porte rouge<\/u><\/strong><strong><em>. Quel est le postulat d\u2019\u00e9criture de ce livre\u2009?<\/em><\/strong><\/p>\n\n\n\n<p><strong><u>AB<\/u><\/strong><strong>&nbsp;: <\/strong>J\u2019ai voulu explorer cette dimension o\u00f9 tout le monde se demande ce qui se passe apr\u00e8s la mort. Ce n\u2019est qu\u2019une vision parmi tellement d\u2019autres\u2009! J\u2019ai voulu voir ce qui se passait de l\u2019autre c\u00f4t\u00e9 du point de vue d\u2019Ezra, mon personnage. Comme je vous l\u2019ai dit, mes personnages font leur vie et choisissent leurs propres chemins. Ils ont leur propre r\u00e9flexion et prennent leurs propres d\u00e9cisions.<\/p>\n\n\n\n<p><strong><em><u>BL&nbsp;<\/u><\/em><\/strong><strong><em>: Dans ce livre, le Fantastique et le Paranormal s\u2019embrassent. Le lecteur doit-il croire que c\u2019est votre domaine de pr\u00e9dilection\u2009? <\/em><\/strong><em><\/em><\/p>\n\n\n\n<p><strong><u>AB<\/u><\/strong><strong>&nbsp;:<\/strong> Non, j\u2019\u00e9cris aussi de la dark romance, du fantastique et j\u2019\u00e9cris actuellement un thriller. Je n\u2019ai pas de domaine d\u00e9fini. Mon parti est d\u2019exploiter les \u00e9motions, les tourments, le fonctionnement du cerveau, ce que nous sommes au fond de nous, le bien et le mal. Je tente d\u2019exploiter ce qu\u2019on n\u2019ose pas avouer parfois parce que la soci\u00e9t\u00e9 nous conditionne plus ou moins \u00e0 une certaine fa\u00e7on de penser. Combien de personnes peuvent se vanter d\u2019\u00eatre eux-m\u00eames\u2009? Sans l\u2019approbation des proches\u2009? Le regard de la famille\u2009? Voil\u00e0 les valeurs qui me sont ch\u00e8res dans mes \u00e9crits. Finalement, le domaine est secondaire.<\/p>\n\n\n\n<p><strong><em><u>BL<\/u><\/em><\/strong><strong><em>&nbsp;: Ezra et Emy filent le parfait amour. Ils attendent leur premier enfant. Malheureusement, Ezra d\u00e9c\u00e8de \u00e0 la suite d\u2019un accident. Depuis l\u2019au-del\u00e0, il cherche \u00e0 rester aupr\u00e8s de sa femme et de son enfant. Mais les r\u00e9alit\u00e9s des deux mondes divergent. Il s\u2019agit d\u2019une histoire effrayante, dynamique et tr\u00e8s int\u00e9ressante. Quelle est votre conception de la mort\u2009? <\/em><\/strong><em><\/em><\/p>\n\n\n\n<p><strong><u>AB<\/u><\/strong><strong>&nbsp;:<\/strong> Pas facile comme question\u2009! Je pense que ceux qui nous quittent ne nous quittent jamais vraiment. Je ne saurai dire s\u2019ils vont quelque part, s\u2019il existe une autre dimension ni ce qu\u2019ils deviennent. J\u2019imagine \u00e7a comme un d\u00e9placement d\u2019\u00e9nergie, d\u2019atomes qui se d\u00e9placent dans l\u2019infini. En tout cas, je suis convaincue que ce n\u2019est pas parce qu\u2019on ne voit pas, que cela n\u2019existe pas.<\/p>\n\n\n\n<p><strong><em><u>BL<\/u><\/em><\/strong><strong><em>&nbsp;: Croyez-vous \u00e0 l\u2019incarnation ou \u00e0 la m\u00e9tensomatose\u2009?<\/em><\/strong><\/p>\n\n\n\n<p><strong><u>AB<\/u>&nbsp;: <\/strong>J\u2019ai tendance \u00e0 penser comme le dit une phrase connue \u00ab\u2009<strong><em>L\u2019\u00e9nergie ne se perd pas, elle se transforme\u2009<\/em><\/strong>\u00bb. Sous quelle forme, je l\u2019ignore.<\/p>\n\n\n\n<figure class=\"wp-block-gallery columns-1 is-cropped\"><ul class=\"blocks-gallery-grid\"><li class=\"blocks-gallery-item\"><figure><img loading=\"lazy\" width=\"652\" height=\"1024\" src=\"https:\/\/biscotteslitteraires.com\/2021\/wp-content\/uploads\/2021\/12\/couv_Alienation_Billie_Ana-652x1024.jpg\" alt=\"\" data-id=\"11155\" data-full-url=\"https:\/\/biscotteslitteraires.com\/2021\/wp-content\/uploads\/2021\/12\/couv_Alienation_Billie_Ana-scaled.jpg\" data-link=\"https:\/\/biscotteslitteraires.com\/2021\/?attachment_id=11155\" class=\"wp-image-11155\" srcset=\"https:\/\/biscotteslitteraires.com\/2021\/wp-content\/uploads\/2021\/12\/couv_Alienation_Billie_Ana-652x1024.jpg 652w, https:\/\/biscotteslitteraires.com\/2021\/wp-content\/uploads\/2021\/12\/couv_Alienation_Billie_Ana-191x300.jpg 191w, https:\/\/biscotteslitteraires.com\/2021\/wp-content\/uploads\/2021\/12\/couv_Alienation_Billie_Ana-768x1206.jpg 768w, https:\/\/biscotteslitteraires.com\/2021\/wp-content\/uploads\/2021\/12\/couv_Alienation_Billie_Ana-978x1536.jpg 978w, https:\/\/biscotteslitteraires.com\/2021\/wp-content\/uploads\/2021\/12\/couv_Alienation_Billie_Ana-1304x2048.jpg 1304w, https:\/\/biscotteslitteraires.com\/2021\/wp-content\/uploads\/2021\/12\/couv_Alienation_Billie_Ana-scaled.jpg 1631w\" sizes=\"(max-width: 652px) 100vw, 652px\" \/><\/figure><\/li><\/ul><\/figure>\n\n\n\n<p><strong><em><u>BL<\/u><\/em><\/strong><strong><em>&nbsp;: <u>Ali\u00e9nation<\/u> est l\u2019autre livre qui porte votre seing. Julia n\u2019a pas de chance en amour. Viktor finira par l\u2019abandonner. Tony, malgr\u00e9 son charme, est ind\u00e9cis. Pour vous, qu\u2019est-ce que l\u2019amour\u2009?<\/em><\/strong><\/p>\n\n\n\n<p><strong><u>AB&nbsp;<\/u><\/strong><strong>:<\/strong> C\u2019est difficile de r\u00e9pondre \u00e0 cette question, car il y a autant de conception de l\u2019amour qu\u2019il existe d\u2019individus et cet amour se transforme suivant notre \u00e2ge, notre environnement, notre v\u00e9cu, nos rencontres. <em>On n\u2019aime jamais deux personnes de la m\u00eame fa\u00e7on. L\u2019amour d\u2019aujourd\u2019hui est diff\u00e9rent de celui d\u2019hier et sera aussi diff\u00e9rent de celui de demain.<\/em><\/p>\n\n\n\n<p><strong><em><u>BL<\/u><\/em><\/strong><strong><em>&nbsp;: Quel message voulez-vous v\u00e9hiculer \u00e0 travers le statut de Julia\u2009? <\/em><\/strong><em><\/em><\/p>\n\n\n\n<p><strong><u>AB<\/u>&nbsp;:<\/strong> La femme subit une forte pression dans la soci\u00e9t\u00e9 que ce soit sur sa vie amoureuse, ses envies d\u2019\u00eatre m\u00e8re, sa fa\u00e7on de s\u2019habiller, ses choix, sa vie sexuelle. Tous ces codes impos\u00e9s emp\u00eachent les femmes d\u2019\u00eatre elles-m\u00eames. Et Julia se retrouve justement dans cette situation. Je veux dire aux femmes de s\u2019assumer comme elles sont. Peu importe ce que dit le parent, le fr\u00e8re, la s\u0153ur, l\u2019ami, le coll\u00e8gue. La vie appartient \u00e0 chacun et surtout, on en a qu\u2019une\u2009! Ce serait bien dommage de la vivre pour satisfaire les autres\u2009!<\/p>\n\n\n\n<figure class=\"wp-block-gallery columns-1 is-cropped\"><ul class=\"blocks-gallery-grid\"><li class=\"blocks-gallery-item\"><figure><img loading=\"lazy\" width=\"1024\" height=\"610\" src=\"https:\/\/biscotteslitteraires.com\/2021\/wp-content\/uploads\/2021\/12\/E30A0312-Modifier-Modifier-1024x610.jpg\" alt=\"\" data-id=\"11156\" data-full-url=\"https:\/\/biscotteslitteraires.com\/2021\/wp-content\/uploads\/2021\/12\/E30A0312-Modifier-Modifier-scaled.jpg\" data-link=\"https:\/\/biscotteslitteraires.com\/2021\/?attachment_id=11156\" class=\"wp-image-11156\" srcset=\"https:\/\/biscotteslitteraires.com\/2021\/wp-content\/uploads\/2021\/12\/E30A0312-Modifier-Modifier-1024x610.jpg 1024w, https:\/\/biscotteslitteraires.com\/2021\/wp-content\/uploads\/2021\/12\/E30A0312-Modifier-Modifier-300x179.jpg 300w, https:\/\/biscotteslitteraires.com\/2021\/wp-content\/uploads\/2021\/12\/E30A0312-Modifier-Modifier-768x457.jpg 768w, https:\/\/biscotteslitteraires.com\/2021\/wp-content\/uploads\/2021\/12\/E30A0312-Modifier-Modifier-1536x914.jpg 1536w, https:\/\/biscotteslitteraires.com\/2021\/wp-content\/uploads\/2021\/12\/E30A0312-Modifier-Modifier-2048x1219.jpg 2048w\" sizes=\"(max-width: 1024px) 100vw, 1024px\" \/><\/figure><\/li><\/ul><\/figure>\n\n\n\n<p><strong><em><u>BL<\/u><\/em><\/strong><strong><em>&nbsp;: Si vous deviez r\u00e9sumer ce livre, que diriez-vous\u2009? <\/em><\/strong><em><\/em><\/p>\n\n\n\n<p><strong><u>AB<\/u><\/strong><strong>&nbsp;:<\/strong> Que c\u2019est l\u2019histoire d\u2019une femme \u00e0 la recherche d\u2019elle-m\u00eame, de qui elle est vraiment et elle rencontrera cet homme qui la confrontera \u00e0 ses d\u00e9sirs profonds. Est-ce qu\u2019elle les reniera pour parfaire son image ou est-ce qu\u2019elle les acceptera pour s\u2019assumer telle qu\u2019elle est\u2009?<\/p>\n\n\n\n<p><strong><em><u>BL<\/u><\/em><\/strong><strong><em>&nbsp;: Comment le public a-t-il accueilli vos livres\u2009? <\/em><\/strong><em><\/em><\/p>\n\n\n\n<p><strong><u>AB<\/u><\/strong><strong>&nbsp;:<\/strong> Je dirais plut\u00f4t bien\u2009! Il est r\u00e9ceptif \u00e0 l\u2019aspect psychologique qui me tient \u00e0 c\u0153ur. La plupart savent lire entre les lignes et quand ils me font un retour, je suis heureuse de lire qu\u2019ils se sont reconnus par moment, au-del\u00e0 de l\u2019aspect sexuel, ou d\u2019horreur qui a pu accompagner certains personnages de mes romans.<\/p>\n\n\n\n<p><strong><em><u>BL<\/u><\/em><\/strong><strong><em>&nbsp;: Y a-t-il des auteurs qui vous inspirent dans votre projet d\u2019\u00e9criture\u2009?<\/em><\/strong><\/p>\n\n\n\n<p><strong><u>AB<\/u><\/strong><strong>&nbsp;: <\/strong>Pas vraiment. En tant que lectrice, je lis \u00e9norm\u00e9ment de romans policiers. J\u2019adore les machinations psychologiques telles que Harlan Coben, Marie Higgins Clark ou Maxime Chattam. En tant qu\u2019auteur, ce qui m\u2019inspire, ce sont les rapports humains au quotidien.<\/p>\n\n\n\n<p><strong><em><u>BL<\/u><\/em><\/strong><strong><em>&nbsp;: Avez-vous d\u2019autres projets litt\u00e9raires en perspectives\u2009? Vous voudrez bien les partager avec le lectorat\u2009?<\/em><\/strong><\/p>\n\n\n\n<p><strong><u>AB&nbsp;<\/u><\/strong><strong>:<\/strong> Oui, j\u2019ai une dark romance horreur, <strong><em>Psychotic<\/em><\/strong>, qui sort en f\u00e9vrier&nbsp;: quand l\u2019amour et la folie se c\u00f4toient. Et une trilogie qui s\u2019intitule <strong><em>Connexion<\/em><\/strong> dont le premier tome sortira en mars, qui racontera l\u2019histoire de soldats humains qui ne ressentent aucune \u00e9motion, car ils trouvent \u00e7a encombrant. Nos sentiments sont-ils une force ou un handicap\u2009?<\/p>\n\n\n\n<p><strong><em><u>BL<\/u><\/em><\/strong><strong><em>&nbsp;: Quelle est votre conception du f\u00e9minisme\u2009? <\/em><\/strong><em><\/em><\/p>\n\n\n\n<p><strong><u>AB<\/u>&nbsp;:<\/strong> Le sujet est tr\u00e8s vaste car il existe beaucoup de combats et \u00e0 des degr\u00e9s diff\u00e9rents. Sinc\u00e8rement, je pr\u00e9f\u00e8re passer mon tour sur cette question, je ne voudrais pas commettre d\u2019impair, car je ne me sens pas franchement concern\u00e9e. Je suis plut\u00f4t du genre phobique sociale, \u00e0 ne pas me m\u00e9langer. Les rapports sociaux et tout ce que cela engendre, ne me mettent pas \u00e0 l\u2019aise et m\u2019emp\u00eachent \u00e0 ce jour d\u2019avoir un point de vue critique \u00e0 vous apporter.&nbsp;<\/p>\n\n\n\n<figure class=\"wp-block-gallery columns-1 is-cropped\"><ul class=\"blocks-gallery-grid\"><li class=\"blocks-gallery-item\"><figure><img loading=\"lazy\" width=\"1024\" height=\"683\" src=\"https:\/\/biscotteslitteraires.com\/2021\/wp-content\/uploads\/2021\/12\/E30A0306-1-1024x683.jpg\" alt=\"\" data-id=\"11157\" data-full-url=\"https:\/\/biscotteslitteraires.com\/2021\/wp-content\/uploads\/2021\/12\/E30A0306-1-scaled.jpg\" data-link=\"https:\/\/biscotteslitteraires.com\/2021\/?attachment_id=11157\" class=\"wp-image-11157\" srcset=\"https:\/\/biscotteslitteraires.com\/2021\/wp-content\/uploads\/2021\/12\/E30A0306-1-1024x683.jpg 1024w, https:\/\/biscotteslitteraires.com\/2021\/wp-content\/uploads\/2021\/12\/E30A0306-1-300x200.jpg 300w, https:\/\/biscotteslitteraires.com\/2021\/wp-content\/uploads\/2021\/12\/E30A0306-1-768x512.jpg 768w, https:\/\/biscotteslitteraires.com\/2021\/wp-content\/uploads\/2021\/12\/E30A0306-1-1536x1024.jpg 1536w, https:\/\/biscotteslitteraires.com\/2021\/wp-content\/uploads\/2021\/12\/E30A0306-1-2048x1365.jpg 2048w\" sizes=\"(max-width: 1024px) 100vw, 1024px\" \/><\/figure><\/li><\/ul><\/figure>\n\n\n\n<p><strong><em><u>BL<\/u><\/em><\/strong><strong><em>&nbsp;: Votre perception de l\u2019approche Genre dans le contexte europ\u00e9en\u2009? <\/em><\/strong><em><\/em><\/p>\n\n\n\n<p><strong><u>AB<\/u><\/strong><strong>&nbsp;:<\/strong> Encore une fois, je n\u2019en pense pas grand-chose. Tout le monde a le droit d\u2019\u00eatre qui il veut, le genre qu\u2019il veut, de la fa\u00e7on qu\u2019il le veut. Chacun a le droit d\u2019\u00eatre qui il a envie d\u2019\u00eatre sans avoir l\u2019approbation de qui que ce soit. Je trouve m\u00eame que c\u2019est un sujet qui n\u2019a pas besoin d\u2019\u00eatre discut\u00e9 et port\u00e9 aux nus, car cela appartient \u00e0 chacun, c\u2019est son intimit\u00e9.<\/p>\n\n\n\n<p><strong><em><u>BL<\/u><\/em><\/strong><strong><em>&nbsp;: Selon vous, les jeunes d\u2019aujourd\u2019hui ne lisent vraiment plus\u2009?<\/em><\/strong><\/p>\n\n\n\n<p><strong><u>AB<\/u><\/strong><strong>&nbsp;: <\/strong>J\u2019en ai bien peur\u2009! Les \u00e9crans ont remplac\u00e9 la lecture. Avant de dormir, quand on n\u2019avait pas de Smartphone, on lisait. Quand on patientait, ou dans le bus, on lisait. Toutes les occasions \u00e9taient bonnes pour se plonger dans un bon bouquin, ce qui n\u2019est plus vraiment le cas aujourd\u2019hui.<\/p>\n\n\n\n<p><strong><em><u>BL<\/u><\/em><\/strong><strong><em>&nbsp;: Quelques conseils \u00e0 l\u2019endroit des jeunes qui d\u00e9sirent se lancer dans l\u2019\u00e9criture\u2009? <\/em><\/strong><em><\/em><\/p>\n\n\n\n<p><strong><u>AB<\/u><\/strong><strong>&nbsp;:<\/strong> De rester eux-m\u00eames. D\u2019\u00e9crire ce qu\u2019il aimerait lire de la fa\u00e7on dont ils aimeraient les lire. Il n\u2019est pas n\u00e9cessaire de faire des \u00e9tudes litt\u00e9raires. La meilleure formation pour \u00e9crire des livres selon moi, est de beaucoup lire.<\/p>\n\n\n\n<p><strong><em><u>BL<\/u><\/em><\/strong><strong><em>&nbsp;: Votre dernier lu\u2009?<\/em><\/strong><\/p>\n\n\n\n<p><strong><u>AB<\/u><\/strong><strong>&nbsp;: <em>Une famille presque normale<\/em><\/strong> de M.T EDVARDSSON.<\/p>\n\n\n\n<p><strong><em><u>BL&nbsp;:<\/u><\/em><\/strong><strong> <em>&nbsp;Vos jeux de divertissement<\/em>.<\/strong><\/p>\n\n\n\n<p><strong><u>AB<\/u><\/strong>&nbsp;: Je joue \u00e0 la console principalement et \u00e0 des jeux de soci\u00e9t\u00e9 narratifs.<\/p>\n\n\n\n<p><strong><em><u>BL<\/u><\/em><\/strong><strong><em>&nbsp;: Votre mot de la fin<\/em><\/strong><\/p>\n\n\n\n<p><strong><u>AB<\/u>\u00a0:<\/strong> Une citation de Guy de Maupassant\u00a0: \u00ab\u2009<strong><em>C\u2019est par l\u2019\u00e9criture toujours qu\u2019on p\u00e9n\u00e8tre le mieux les gens. La parole \u00e9blouit et trompe, parce qu\u2019elle est mim\u00e9e par le visage, parce qu\u2019on la voit sortir des l\u00e8vres et que les l\u00e8vres plaisent et que les yeux s\u00e9duisent. Mais les mots noirs sur le papier blanc, c\u2019est l\u2019\u00e2me toute nue<\/em><\/strong>.\u2009\u00bb<\/p>\n\n\n\n<p><\/p>\n\n\n\n<p>Interview r\u00e9alis\u00e9e par Ricardo Akpo pour Biscottes Litt\u00e9raires <\/p>\n","protected":false},"excerpt":{"rendered":"<p>Je veux dire aux femmes de s\u2019assumer comme elles sont. Peu importe ce que dit le parent, le fr\u00e8re, la s\u0153ur, l\u2019ami, le coll\u00e8gue. La vie appartient \u00e0 chacun et surtout, on en a qu\u2019une\u2009! Ce serait bien dommage de la vivre pour satisfaire les autres\u2009! <\/p>\n","protected":false},"author":1,"featured_media":11152,"comment_status":"open","ping_status":"closed","sticky":false,"template":"","format":"standard","meta":[],"categories":[14],"tags":[],"yoast_head":"<!-- This site is optimized with the Yoast SEO plugin v19.0 - https:\/\/yoast.com\/wordpress\/plugins\/seo\/ -->\n<title>&quot;\u00c9crire m\u2019a permis de poser des tas de r\u00e9flexion&quot; Billie Ana. - Biscottes Litt\u00e9raires<\/title>\n<meta name=\"robots\" content=\"index, follow, max-snippet:-1, max-image-preview:large, max-video-preview:-1\" \/>\n<link rel=\"canonical\" href=\"https:\/\/biscotteslitteraires.com\/2021\/ecrire-ma-permis-de-poser-des-tas-de-reflexion-ana-billie\/\" \/>\n<meta property=\"og:locale\" content=\"fr_FR\" \/>\n<meta property=\"og:type\" content=\"article\" \/>\n<meta property=\"og:title\" content=\"&quot;\u00c9crire m\u2019a permis de poser des tas de r\u00e9flexion&quot; Billie Ana. - Biscottes Litt\u00e9raires\" \/>\n<meta property=\"og:description\" content=\"Je veux dire aux femmes de s\u2019assumer comme elles sont. Peu importe ce que dit le parent, le fr\u00e8re, la s\u0153ur, l\u2019ami, le coll\u00e8gue. La vie appartient \u00e0 chacun et surtout, on en a qu\u2019une\u2009! Ce serait bien dommage de la vivre pour satisfaire les autres\u2009!\" \/>\n<meta property=\"og:url\" content=\"https:\/\/biscotteslitteraires.com\/2021\/ecrire-ma-permis-de-poser-des-tas-de-reflexion-ana-billie\/\" \/>\n<meta property=\"og:site_name\" content=\"Biscottes Litt\u00e9raires\" \/>\n<meta property=\"article:publisher\" content=\"https:\/\/facebook.com\/biscotteslitterairesbenin\" \/>\n<meta property=\"article:published_time\" content=\"2021-12-20T05:03:18+00:00\" \/>\n<meta property=\"article:modified_time\" content=\"2025-06-12T23:05:36+00:00\" \/>\n<meta property=\"og:image\" content=\"https:\/\/biscotteslitteraires.com\/2021\/wp-content\/uploads\/2021\/12\/E30A8501.jpg\" \/>\n\t<meta property=\"og:image:width\" content=\"1280\" \/>\n\t<meta property=\"og:image:height\" content=\"1920\" \/>\n\t<meta property=\"og:image:type\" content=\"image\/jpeg\" \/>\n<meta name=\"twitter:card\" content=\"summary\" \/>\n<meta name=\"twitter:label1\" content=\"\u00c9crit par\" \/>\n\t<meta name=\"twitter:data1\" content=\"biscotteslitteraires\" \/>\n\t<meta name=\"twitter:label2\" content=\"Dur\u00e9e de lecture estim\u00e9e\" \/>\n\t<meta name=\"twitter:data2\" content=\"10 minutes\" \/>\n<script type=\"application\/ld+json\" class=\"yoast-schema-graph\">{\"@context\":\"https:\/\/schema.org\",\"@graph\":[{\"@type\":\"Organization\",\"@id\":\"https:\/\/biscotteslitteraires.com\/2021\/#organization\",\"name\":\"Biscottes Litt\u00e9raires\",\"url\":\"https:\/\/biscotteslitteraires.com\/2021\/\",\"sameAs\":[\"https:\/\/facebook.com\/biscotteslitterairesbenin\"],\"logo\":{\"@type\":\"ImageObject\",\"inLanguage\":\"fr-FR\",\"@id\":\"https:\/\/biscotteslitteraires.com\/2021\/#\/schema\/logo\/image\/\",\"url\":\"https:\/\/biscotteslitteraires.com\/2021\/wp-content\/uploads\/2018\/11\/cropped-LOGO-BL-e1630101307137.jpg\",\"contentUrl\":\"https:\/\/biscotteslitteraires.com\/2021\/wp-content\/uploads\/2018\/11\/cropped-LOGO-BL-e1630101307137.jpg\",\"width\":960,\"height\":960,\"caption\":\"Biscottes Litt\u00e9raires\"},\"image\":{\"@id\":\"https:\/\/biscotteslitteraires.com\/2021\/#\/schema\/logo\/image\/\"}},{\"@type\":\"WebSite\",\"@id\":\"https:\/\/biscotteslitteraires.com\/2021\/#website\",\"url\":\"https:\/\/biscotteslitteraires.com\/2021\/\",\"name\":\"Biscottes Litt\u00e9raires\",\"description\":\"Ici nous voyagerons dans les lignes, explorerons les interlignes.\",\"publisher\":{\"@id\":\"https:\/\/biscotteslitteraires.com\/2021\/#organization\"},\"potentialAction\":[{\"@type\":\"SearchAction\",\"target\":{\"@type\":\"EntryPoint\",\"urlTemplate\":\"https:\/\/biscotteslitteraires.com\/2021\/?s={search_term_string}\"},\"query-input\":\"required name=search_term_string\"}],\"inLanguage\":\"fr-FR\"},{\"@type\":\"ImageObject\",\"inLanguage\":\"fr-FR\",\"@id\":\"https:\/\/biscotteslitteraires.com\/2021\/ecrire-ma-permis-de-poser-des-tas-de-reflexion-ana-billie\/#primaryimage\",\"url\":\"https:\/\/biscotteslitteraires.com\/2021\/wp-content\/uploads\/2021\/12\/E30A8501.jpg\",\"contentUrl\":\"https:\/\/biscotteslitteraires.com\/2021\/wp-content\/uploads\/2021\/12\/E30A8501.jpg\",\"width\":1280,\"height\":1920},{\"@type\":\"WebPage\",\"@id\":\"https:\/\/biscotteslitteraires.com\/2021\/ecrire-ma-permis-de-poser-des-tas-de-reflexion-ana-billie\/#webpage\",\"url\":\"https:\/\/biscotteslitteraires.com\/2021\/ecrire-ma-permis-de-poser-des-tas-de-reflexion-ana-billie\/\",\"name\":\"\\\"\u00c9crire m\u2019a permis de poser des tas de r\u00e9flexion\\\" Billie Ana. - Biscottes Litt\u00e9raires\",\"isPartOf\":{\"@id\":\"https:\/\/biscotteslitteraires.com\/2021\/#website\"},\"primaryImageOfPage\":{\"@id\":\"https:\/\/biscotteslitteraires.com\/2021\/ecrire-ma-permis-de-poser-des-tas-de-reflexion-ana-billie\/#primaryimage\"},\"datePublished\":\"2021-12-20T05:03:18+00:00\",\"dateModified\":\"2025-06-12T23:05:36+00:00\",\"breadcrumb\":{\"@id\":\"https:\/\/biscotteslitteraires.com\/2021\/ecrire-ma-permis-de-poser-des-tas-de-reflexion-ana-billie\/#breadcrumb\"},\"inLanguage\":\"fr-FR\",\"potentialAction\":[{\"@type\":\"ReadAction\",\"target\":[\"https:\/\/biscotteslitteraires.com\/2021\/ecrire-ma-permis-de-poser-des-tas-de-reflexion-ana-billie\/\"]}]},{\"@type\":\"BreadcrumbList\",\"@id\":\"https:\/\/biscotteslitteraires.com\/2021\/ecrire-ma-permis-de-poser-des-tas-de-reflexion-ana-billie\/#breadcrumb\",\"itemListElement\":[{\"@type\":\"ListItem\",\"position\":1,\"name\":\"Accueil\",\"item\":\"https:\/\/biscotteslitteraires.com\/2021\/\"},{\"@type\":\"ListItem\",\"position\":2,\"name\":\"\u00ab\u00a0\u00c9crire m\u2019a permis de poser des tas de r\u00e9flexion\u00a0\u00bb Billie Ana.\"}]},{\"@type\":\"Article\",\"@id\":\"https:\/\/biscotteslitteraires.com\/2021\/ecrire-ma-permis-de-poser-des-tas-de-reflexion-ana-billie\/#article\",\"isPartOf\":{\"@id\":\"https:\/\/biscotteslitteraires.com\/2021\/ecrire-ma-permis-de-poser-des-tas-de-reflexion-ana-billie\/#webpage\"},\"author\":{\"@id\":\"https:\/\/biscotteslitteraires.com\/2021\/#\/schema\/person\/a7786cb98c76c568669b36d299731946\"},\"headline\":\"\u00ab\u00a0\u00c9crire m\u2019a permis de poser des tas de r\u00e9flexion\u00a0\u00bb Billie Ana.\",\"datePublished\":\"2021-12-20T05:03:18+00:00\",\"dateModified\":\"2025-06-12T23:05:36+00:00\",\"mainEntityOfPage\":{\"@id\":\"https:\/\/biscotteslitteraires.com\/2021\/ecrire-ma-permis-de-poser-des-tas-de-reflexion-ana-billie\/#webpage\"},\"wordCount\":1901,\"commentCount\":0,\"publisher\":{\"@id\":\"https:\/\/biscotteslitteraires.com\/2021\/#organization\"},\"image\":{\"@id\":\"https:\/\/biscotteslitteraires.com\/2021\/ecrire-ma-permis-de-poser-des-tas-de-reflexion-ana-billie\/#primaryimage\"},\"thumbnailUrl\":\"https:\/\/biscotteslitteraires.com\/2021\/wp-content\/uploads\/2021\/12\/E30A8501.jpg\",\"articleSection\":[\"interview\"],\"inLanguage\":\"fr-FR\",\"potentialAction\":[{\"@type\":\"CommentAction\",\"name\":\"Comment\",\"target\":[\"https:\/\/biscotteslitteraires.com\/2021\/ecrire-ma-permis-de-poser-des-tas-de-reflexion-ana-billie\/#respond\"]}]},{\"@type\":\"Person\",\"@id\":\"https:\/\/biscotteslitteraires.com\/2021\/#\/schema\/person\/a7786cb98c76c568669b36d299731946\",\"name\":\"biscotteslitteraires\",\"image\":{\"@type\":\"ImageObject\",\"inLanguage\":\"fr-FR\",\"@id\":\"https:\/\/biscotteslitteraires.com\/2021\/#\/schema\/person\/image\/\",\"url\":\"https:\/\/secure.gravatar.com\/avatar\/94320ea752b93453cb48b1b2d71ada12?s=96&d=mm&r=g\",\"contentUrl\":\"https:\/\/secure.gravatar.com\/avatar\/94320ea752b93453cb48b1b2d71ada12?s=96&d=mm&r=g\",\"caption\":\"biscotteslitteraires\"},\"url\":\"https:\/\/biscotteslitteraires.com\/2021\/author\/admin\/\"}]}<\/script>\n<!-- \/ Yoast SEO plugin. -->","yoast_head_json":{"title":"\"\u00c9crire m\u2019a permis de poser des tas de r\u00e9flexion\" Billie Ana. - Biscottes Litt\u00e9raires","robots":{"index":"index","follow":"follow","max-snippet":"max-snippet:-1","max-image-preview":"max-image-preview:large","max-video-preview":"max-video-preview:-1"},"canonical":"https:\/\/biscotteslitteraires.com\/2021\/ecrire-ma-permis-de-poser-des-tas-de-reflexion-ana-billie\/","og_locale":"fr_FR","og_type":"article","og_title":"\"\u00c9crire m\u2019a permis de poser des tas de r\u00e9flexion\" Billie Ana. - Biscottes Litt\u00e9raires","og_description":"Je veux dire aux femmes de s\u2019assumer comme elles sont. Peu importe ce que dit le parent, le fr\u00e8re, la s\u0153ur, l\u2019ami, le coll\u00e8gue. La vie appartient \u00e0 chacun et surtout, on en a qu\u2019une\u2009! Ce serait bien dommage de la vivre pour satisfaire les autres\u2009!","og_url":"https:\/\/biscotteslitteraires.com\/2021\/ecrire-ma-permis-de-poser-des-tas-de-reflexion-ana-billie\/","og_site_name":"Biscottes Litt\u00e9raires","article_publisher":"https:\/\/facebook.com\/biscotteslitterairesbenin","article_published_time":"2021-12-20T05:03:18+00:00","article_modified_time":"2025-06-12T23:05:36+00:00","og_image":[{"width":1280,"height":1920,"url":"https:\/\/biscotteslitteraires.com\/2021\/wp-content\/uploads\/2021\/12\/E30A8501.jpg","type":"image\/jpeg"}],"twitter_card":"summary","twitter_misc":{"\u00c9crit par":"biscotteslitteraires","Dur\u00e9e de lecture estim\u00e9e":"10 minutes"},"schema":{"@context":"https:\/\/schema.org","@graph":[{"@type":"Organization","@id":"https:\/\/biscotteslitteraires.com\/2021\/#organization","name":"Biscottes Litt\u00e9raires","url":"https:\/\/biscotteslitteraires.com\/2021\/","sameAs":["https:\/\/facebook.com\/biscotteslitterairesbenin"],"logo":{"@type":"ImageObject","inLanguage":"fr-FR","@id":"https:\/\/biscotteslitteraires.com\/2021\/#\/schema\/logo\/image\/","url":"https:\/\/biscotteslitteraires.com\/2021\/wp-content\/uploads\/2018\/11\/cropped-LOGO-BL-e1630101307137.jpg","contentUrl":"https:\/\/biscotteslitteraires.com\/2021\/wp-content\/uploads\/2018\/11\/cropped-LOGO-BL-e1630101307137.jpg","width":960,"height":960,"caption":"Biscottes Litt\u00e9raires"},"image":{"@id":"https:\/\/biscotteslitteraires.com\/2021\/#\/schema\/logo\/image\/"}},{"@type":"WebSite","@id":"https:\/\/biscotteslitteraires.com\/2021\/#website","url":"https:\/\/biscotteslitteraires.com\/2021\/","name":"Biscottes Litt\u00e9raires","description":"Ici nous voyagerons dans les lignes, explorerons les interlignes.","publisher":{"@id":"https:\/\/biscotteslitteraires.com\/2021\/#organization"},"potentialAction":[{"@type":"SearchAction","target":{"@type":"EntryPoint","urlTemplate":"https:\/\/biscotteslitteraires.com\/2021\/?s={search_term_string}"},"query-input":"required name=search_term_string"}],"inLanguage":"fr-FR"},{"@type":"ImageObject","inLanguage":"fr-FR","@id":"https:\/\/biscotteslitteraires.com\/2021\/ecrire-ma-permis-de-poser-des-tas-de-reflexion-ana-billie\/#primaryimage","url":"https:\/\/biscotteslitteraires.com\/2021\/wp-content\/uploads\/2021\/12\/E30A8501.jpg","contentUrl":"https:\/\/biscotteslitteraires.com\/2021\/wp-content\/uploads\/2021\/12\/E30A8501.jpg","width":1280,"height":1920},{"@type":"WebPage","@id":"https:\/\/biscotteslitteraires.com\/2021\/ecrire-ma-permis-de-poser-des-tas-de-reflexion-ana-billie\/#webpage","url":"https:\/\/biscotteslitteraires.com\/2021\/ecrire-ma-permis-de-poser-des-tas-de-reflexion-ana-billie\/","name":"\"\u00c9crire m\u2019a permis de poser des tas de r\u00e9flexion\" Billie Ana. - Biscottes Litt\u00e9raires","isPartOf":{"@id":"https:\/\/biscotteslitteraires.com\/2021\/#website"},"primaryImageOfPage":{"@id":"https:\/\/biscotteslitteraires.com\/2021\/ecrire-ma-permis-de-poser-des-tas-de-reflexion-ana-billie\/#primaryimage"},"datePublished":"2021-12-20T05:03:18+00:00","dateModified":"2025-06-12T23:05:36+00:00","breadcrumb":{"@id":"https:\/\/biscotteslitteraires.com\/2021\/ecrire-ma-permis-de-poser-des-tas-de-reflexion-ana-billie\/#breadcrumb"},"inLanguage":"fr-FR","potentialAction":[{"@type":"ReadAction","target":["https:\/\/biscotteslitteraires.com\/2021\/ecrire-ma-permis-de-poser-des-tas-de-reflexion-ana-billie\/"]}]},{"@type":"BreadcrumbList","@id":"https:\/\/biscotteslitteraires.com\/2021\/ecrire-ma-permis-de-poser-des-tas-de-reflexion-ana-billie\/#breadcrumb","itemListElement":[{"@type":"ListItem","position":1,"name":"Accueil","item":"https:\/\/biscotteslitteraires.com\/2021\/"},{"@type":"ListItem","position":2,"name":"\u00ab\u00a0\u00c9crire m\u2019a permis de poser des tas de r\u00e9flexion\u00a0\u00bb Billie Ana."}]},{"@type":"Article","@id":"https:\/\/biscotteslitteraires.com\/2021\/ecrire-ma-permis-de-poser-des-tas-de-reflexion-ana-billie\/#article","isPartOf":{"@id":"https:\/\/biscotteslitteraires.com\/2021\/ecrire-ma-permis-de-poser-des-tas-de-reflexion-ana-billie\/#webpage"},"author":{"@id":"https:\/\/biscotteslitteraires.com\/2021\/#\/schema\/person\/a7786cb98c76c568669b36d299731946"},"headline":"\u00ab\u00a0\u00c9crire m\u2019a permis de poser des tas de r\u00e9flexion\u00a0\u00bb Billie Ana.","datePublished":"2021-12-20T05:03:18+00:00","dateModified":"2025-06-12T23:05:36+00:00","mainEntityOfPage":{"@id":"https:\/\/biscotteslitteraires.com\/2021\/ecrire-ma-permis-de-poser-des-tas-de-reflexion-ana-billie\/#webpage"},"wordCount":1901,"commentCount":0,"publisher":{"@id":"https:\/\/biscotteslitteraires.com\/2021\/#organization"},"image":{"@id":"https:\/\/biscotteslitteraires.com\/2021\/ecrire-ma-permis-de-poser-des-tas-de-reflexion-ana-billie\/#primaryimage"},"thumbnailUrl":"https:\/\/biscotteslitteraires.com\/2021\/wp-content\/uploads\/2021\/12\/E30A8501.jpg","articleSection":["interview"],"inLanguage":"fr-FR","potentialAction":[{"@type":"CommentAction","name":"Comment","target":["https:\/\/biscotteslitteraires.com\/2021\/ecrire-ma-permis-de-poser-des-tas-de-reflexion-ana-billie\/#respond"]}]},{"@type":"Person","@id":"https:\/\/biscotteslitteraires.com\/2021\/#\/schema\/person\/a7786cb98c76c568669b36d299731946","name":"biscotteslitteraires","image":{"@type":"ImageObject","inLanguage":"fr-FR","@id":"https:\/\/biscotteslitteraires.com\/2021\/#\/schema\/person\/image\/","url":"https:\/\/secure.gravatar.com\/avatar\/94320ea752b93453cb48b1b2d71ada12?s=96&d=mm&r=g","contentUrl":"https:\/\/secure.gravatar.com\/avatar\/94320ea752b93453cb48b1b2d71ada12?s=96&d=mm&r=g","caption":"biscotteslitteraires"},"url":"https:\/\/biscotteslitteraires.com\/2021\/author\/admin\/"}]}},"_links":{"self":[{"href":"https:\/\/biscotteslitteraires.com\/2021\/wp-json\/wp\/v2\/posts\/11150"}],"collection":[{"href":"https:\/\/biscotteslitteraires.com\/2021\/wp-json\/wp\/v2\/posts"}],"about":[{"href":"https:\/\/biscotteslitteraires.com\/2021\/wp-json\/wp\/v2\/types\/post"}],"author":[{"embeddable":true,"href":"https:\/\/biscotteslitteraires.com\/2021\/wp-json\/wp\/v2\/users\/1"}],"replies":[{"embeddable":true,"href":"https:\/\/biscotteslitteraires.com\/2021\/wp-json\/wp\/v2\/comments?post=11150"}],"version-history":[{"count":6,"href":"https:\/\/biscotteslitteraires.com\/2021\/wp-json\/wp\/v2\/posts\/11150\/revisions"}],"predecessor-version":[{"id":12438,"href":"https:\/\/biscotteslitteraires.com\/2021\/wp-json\/wp\/v2\/posts\/11150\/revisions\/12438"}],"wp:featuredmedia":[{"embeddable":true,"href":"https:\/\/biscotteslitteraires.com\/2021\/wp-json\/wp\/v2\/media\/11152"}],"wp:attachment":[{"href":"https:\/\/biscotteslitteraires.com\/2021\/wp-json\/wp\/v2\/media?parent=11150"}],"wp:term":[{"taxonomy":"category","embeddable":true,"href":"https:\/\/biscotteslitteraires.com\/2021\/wp-json\/wp\/v2\/categories?post=11150"},{"taxonomy":"post_tag","embeddable":true,"href":"https:\/\/biscotteslitteraires.com\/2021\/wp-json\/wp\/v2\/tags?post=11150"}],"curies":[{"name":"wp","href":"https:\/\/api.w.org\/{rel}","templated":true}]}}