{"id":11270,"date":"2022-03-08T05:14:35","date_gmt":"2022-03-08T05:14:35","guid":{"rendered":"https:\/\/biscotteslitteraires.com\/2021\/?p=11270"},"modified":"2022-03-08T05:14:36","modified_gmt":"2022-03-08T05:14:36","slug":"femme-merci","status":"publish","type":"post","link":"https:\/\/biscotteslitteraires.com\/2021\/femme-merci\/","title":{"rendered":"Femme: Lumi\u00e8re du monde et de la vie!"},"content":{"rendered":"\n<p><\/p>\n\n\n\n<p><\/p>\n\n\n\n<figure class=\"wp-block-gallery columns-1 is-cropped\"><ul class=\"blocks-gallery-grid\"><li class=\"blocks-gallery-item\"><figure><img loading=\"lazy\" width=\"772\" height=\"1024\" src=\"https:\/\/biscotteslitteraires.com\/2021\/wp-content\/uploads\/2022\/03\/Screenshot_20220307-190215-772x1024.png\" alt=\"\" data-id=\"11275\" data-full-url=\"https:\/\/biscotteslitteraires.com\/2021\/wp-content\/uploads\/2022\/03\/Screenshot_20220307-190215.png\" data-link=\"https:\/\/biscotteslitteraires.com\/2021\/?attachment_id=11275\" class=\"wp-image-11275\" srcset=\"https:\/\/biscotteslitteraires.com\/2021\/wp-content\/uploads\/2022\/03\/Screenshot_20220307-190215-772x1024.png 772w, https:\/\/biscotteslitteraires.com\/2021\/wp-content\/uploads\/2022\/03\/Screenshot_20220307-190215-226x300.png 226w, https:\/\/biscotteslitteraires.com\/2021\/wp-content\/uploads\/2022\/03\/Screenshot_20220307-190215-768x1019.png 768w, https:\/\/biscotteslitteraires.com\/2021\/wp-content\/uploads\/2022\/03\/Screenshot_20220307-190215.png 1080w\" sizes=\"(max-width: 772px) 100vw, 772px\" \/><\/figure><\/li><\/ul><\/figure>\n\n\n\n<p>Femme, femme, femme, martyris\u00e9e, femme violent\u00e9e, femme meurtrie, femme utilis\u00e9e, femme abus\u00e9e, femme tu\u00e9e d\u00e8s la conception parce que femme&nbsp;!<br>Femme de toute nation, femme d\u2019Afrique, femme noire&nbsp;! Inspirante&nbsp;! oui, toi, toi, toi vous l\u2019\u00eates .<br>Mais, femme debout, solide, porteuse dans ses entrailles, toute la richesse de l\u2019humanit\u00e9, car ne dit-on pas qu\u2019 \u00ab&nbsp;il n\u2019y a de richesses que d\u2019hommes&nbsp;\u00bb?<br>Femme au d\u00e9but du processus de la vie, femme dans le cours de la vie\u2026<br>Peut-\u00eatre analphab\u00e8tes, mais pas b\u00eates.<br>Femme \u00e9ducatrice, tes enfants gar\u00e7ons comme filles devront bien marcher dans les sillons que tu as trac\u00e9s de tes mains nues dans le sol rocailleux de l\u2019humanit\u00e9.<\/p>\n\n\n\n<figure class=\"wp-block-gallery columns-1 is-cropped\"><ul class=\"blocks-gallery-grid\"><li class=\"blocks-gallery-item\"><figure><img loading=\"lazy\" width=\"474\" height=\"460\" src=\"https:\/\/biscotteslitteraires.com\/2021\/wp-content\/uploads\/2022\/03\/273715f76d7dd0ab352d7041268729d3-curly-hair-girl-drawings-1.jpg\" alt=\"\" data-id=\"11276\" data-full-url=\"https:\/\/biscotteslitteraires.com\/2021\/wp-content\/uploads\/2022\/03\/273715f76d7dd0ab352d7041268729d3-curly-hair-girl-drawings-1.jpg\" data-link=\"https:\/\/biscotteslitteraires.com\/2021\/?attachment_id=11276\" class=\"wp-image-11276\" srcset=\"https:\/\/biscotteslitteraires.com\/2021\/wp-content\/uploads\/2022\/03\/273715f76d7dd0ab352d7041268729d3-curly-hair-girl-drawings-1.jpg 474w, https:\/\/biscotteslitteraires.com\/2021\/wp-content\/uploads\/2022\/03\/273715f76d7dd0ab352d7041268729d3-curly-hair-girl-drawings-1-300x291.jpg 300w\" sizes=\"(max-width: 474px) 100vw, 474px\" \/><\/figure><\/li><\/ul><\/figure>\n\n\n\n<p><br>Jeune fille, jeune homme, ouvrez l\u2019oreille aux conseils de la vie&nbsp;!<br>Jeune fille, tu es le sanctuaire de la vie et non de la mort&nbsp;!<br>Ne te laisse pas d\u00e9rober les richesses que le cr\u00e9ateur a mis en toi&nbsp;!<br>Ne te lasse pas de d\u00e9fendre les valeurs qui sont tes parures&nbsp;!<br>Jeune homme, prend soin du sacr\u00e9, la femme&nbsp;!<br>Jeune homme, prot\u00e8ge-la et tu auras longue vie&nbsp;!<\/p>\n\n\n\n<figure class=\"wp-block-gallery columns-1 is-cropped\"><ul class=\"blocks-gallery-grid\"><li class=\"blocks-gallery-item\"><figure><img loading=\"lazy\" width=\"863\" height=\"1024\" src=\"https:\/\/biscotteslitteraires.com\/2021\/wp-content\/uploads\/2022\/03\/Screenshot_20220307-190548-863x1024.png\" alt=\"\" data-id=\"11277\" data-full-url=\"https:\/\/biscotteslitteraires.com\/2021\/wp-content\/uploads\/2022\/03\/Screenshot_20220307-190548.png\" data-link=\"https:\/\/biscotteslitteraires.com\/2021\/?attachment_id=11277\" class=\"wp-image-11277\" srcset=\"https:\/\/biscotteslitteraires.com\/2021\/wp-content\/uploads\/2022\/03\/Screenshot_20220307-190548-863x1024.png 863w, https:\/\/biscotteslitteraires.com\/2021\/wp-content\/uploads\/2022\/03\/Screenshot_20220307-190548-253x300.png 253w, https:\/\/biscotteslitteraires.com\/2021\/wp-content\/uploads\/2022\/03\/Screenshot_20220307-190548-768x911.png 768w, https:\/\/biscotteslitteraires.com\/2021\/wp-content\/uploads\/2022\/03\/Screenshot_20220307-190548.png 1080w\" sizes=\"(max-width: 863px) 100vw, 863px\" \/><\/figure><\/li><\/ul><\/figure>\n\n\n\n<p><br>Oui, vous avez le droit de redresser les sillons qui vous semblent tordus, mais surtout vous avez le devoir de redresser les fronts en sueurs des femmes, de vos m\u00e8res, de vos s\u0153urs.<br>Essuyez leurs larmes, \u00e9clairer leurs beaux visages de sourires.<br>Ainsi, en retour, vos chemins seront \u00e9clair\u00e9s, parsem\u00e9s de belles senteurs et ruisselant de b\u00e9n\u00e9dictions.<br>L\u2019humanit\u00e9 s\u2019en porterait donc mieux&nbsp;!<\/p>\n\n\n\n<p><\/p>\n\n\n\n<figure class=\"wp-block-gallery columns-1 is-cropped\"><ul class=\"blocks-gallery-grid\"><li class=\"blocks-gallery-item\"><figure><img loading=\"lazy\" width=\"553\" height=\"1024\" src=\"https:\/\/biscotteslitteraires.com\/2021\/wp-content\/uploads\/2022\/03\/Screenshot_20220307-183738-553x1024.png\" alt=\"\" data-id=\"11271\" data-full-url=\"https:\/\/biscotteslitteraires.com\/2021\/wp-content\/uploads\/2022\/03\/Screenshot_20220307-183738.png\" data-link=\"https:\/\/biscotteslitteraires.com\/2021\/?attachment_id=11271\" class=\"wp-image-11271\" srcset=\"https:\/\/biscotteslitteraires.com\/2021\/wp-content\/uploads\/2022\/03\/Screenshot_20220307-183738-553x1024.png 553w, https:\/\/biscotteslitteraires.com\/2021\/wp-content\/uploads\/2022\/03\/Screenshot_20220307-183738-162x300.png 162w, https:\/\/biscotteslitteraires.com\/2021\/wp-content\/uploads\/2022\/03\/Screenshot_20220307-183738-768x1422.png 768w, https:\/\/biscotteslitteraires.com\/2021\/wp-content\/uploads\/2022\/03\/Screenshot_20220307-183738-830x1536.png 830w, https:\/\/biscotteslitteraires.com\/2021\/wp-content\/uploads\/2022\/03\/Screenshot_20220307-183738.png 896w\" sizes=\"(max-width: 553px) 100vw, 553px\" \/><\/figure><\/li><\/ul><\/figure>\n\n\n\n<p>Mme Viviane ANAGONOU \u00c9pouse ALIHONOU<\/p>\n","protected":false},"excerpt":{"rendered":"<p>Femme de toute nation, femme d\u2019Afrique, femme noire\u00a0! Inspirante\u00a0! oui, toi, toi, toi vous l\u2019\u00eates.<\/p>\n","protected":false},"author":1,"featured_media":11275,"comment_status":"open","ping_status":"closed","sticky":false,"template":"","format":"standard","meta":[],"categories":[8],"tags":[],"yoast_head":"<!-- This site is optimized with the Yoast SEO plugin v19.0 - https:\/\/yoast.com\/wordpress\/plugins\/seo\/ -->\n<title>Femme: Lumi\u00e8re du monde et de la vie! - Biscottes Litt\u00e9raires<\/title>\n<meta name=\"robots\" content=\"index, follow, max-snippet:-1, max-image-preview:large, max-video-preview:-1\" \/>\n<link rel=\"canonical\" href=\"https:\/\/biscotteslitteraires.com\/2021\/femme-merci\/\" \/>\n<meta property=\"og:locale\" content=\"fr_FR\" \/>\n<meta property=\"og:type\" content=\"article\" \/>\n<meta property=\"og:title\" content=\"Femme: Lumi\u00e8re du monde et de la vie! - Biscottes Litt\u00e9raires\" \/>\n<meta property=\"og:description\" content=\"Femme de toute nation, femme d\u2019Afrique, femme noire\u00a0! Inspirante\u00a0! oui, toi, toi, toi vous l\u2019\u00eates.\" \/>\n<meta property=\"og:url\" content=\"https:\/\/biscotteslitteraires.com\/2021\/femme-merci\/\" \/>\n<meta property=\"og:site_name\" content=\"Biscottes Litt\u00e9raires\" \/>\n<meta property=\"article:publisher\" content=\"https:\/\/facebook.com\/biscotteslitterairesbenin\" \/>\n<meta property=\"article:published_time\" content=\"2022-03-08T05:14:35+00:00\" \/>\n<meta property=\"article:modified_time\" content=\"2022-03-08T05:14:36+00:00\" \/>\n<meta property=\"og:image\" content=\"https:\/\/biscotteslitteraires.com\/2021\/wp-content\/uploads\/2022\/03\/Screenshot_20220307-190215.png\" \/>\n\t<meta property=\"og:image:width\" content=\"1080\" \/>\n\t<meta property=\"og:image:height\" content=\"1433\" \/>\n\t<meta property=\"og:image:type\" content=\"image\/png\" \/>\n<meta name=\"twitter:card\" content=\"summary\" \/>\n<meta name=\"twitter:label1\" content=\"\u00c9crit par\" \/>\n\t<meta name=\"twitter:data1\" content=\"biscotteslitteraires\" \/>\n\t<meta name=\"twitter:label2\" content=\"Dur\u00e9e de lecture estim\u00e9e\" \/>\n\t<meta name=\"twitter:data2\" content=\"1 minute\" \/>\n<script type=\"application\/ld+json\" class=\"yoast-schema-graph\">{\"@context\":\"https:\/\/schema.org\",\"@graph\":[{\"@type\":\"Organization\",\"@id\":\"https:\/\/biscotteslitteraires.com\/2021\/#organization\",\"name\":\"Biscottes Litt\u00e9raires\",\"url\":\"https:\/\/biscotteslitteraires.com\/2021\/\",\"sameAs\":[\"https:\/\/facebook.com\/biscotteslitterairesbenin\"],\"logo\":{\"@type\":\"ImageObject\",\"inLanguage\":\"fr-FR\",\"@id\":\"https:\/\/biscotteslitteraires.com\/2021\/#\/schema\/logo\/image\/\",\"url\":\"https:\/\/biscotteslitteraires.com\/2021\/wp-content\/uploads\/2018\/11\/cropped-LOGO-BL-e1630101307137.jpg\",\"contentUrl\":\"https:\/\/biscotteslitteraires.com\/2021\/wp-content\/uploads\/2018\/11\/cropped-LOGO-BL-e1630101307137.jpg\",\"width\":960,\"height\":960,\"caption\":\"Biscottes Litt\u00e9raires\"},\"image\":{\"@id\":\"https:\/\/biscotteslitteraires.com\/2021\/#\/schema\/logo\/image\/\"}},{\"@type\":\"WebSite\",\"@id\":\"https:\/\/biscotteslitteraires.com\/2021\/#website\",\"url\":\"https:\/\/biscotteslitteraires.com\/2021\/\",\"name\":\"Biscottes Litt\u00e9raires\",\"description\":\"Ici nous voyagerons dans les lignes, explorerons les interlignes.\",\"publisher\":{\"@id\":\"https:\/\/biscotteslitteraires.com\/2021\/#organization\"},\"potentialAction\":[{\"@type\":\"SearchAction\",\"target\":{\"@type\":\"EntryPoint\",\"urlTemplate\":\"https:\/\/biscotteslitteraires.com\/2021\/?s={search_term_string}\"},\"query-input\":\"required name=search_term_string\"}],\"inLanguage\":\"fr-FR\"},{\"@type\":\"ImageObject\",\"inLanguage\":\"fr-FR\",\"@id\":\"https:\/\/biscotteslitteraires.com\/2021\/femme-merci\/#primaryimage\",\"url\":\"https:\/\/biscotteslitteraires.com\/2021\/wp-content\/uploads\/2022\/03\/Screenshot_20220307-190215.png\",\"contentUrl\":\"https:\/\/biscotteslitteraires.com\/2021\/wp-content\/uploads\/2022\/03\/Screenshot_20220307-190215.png\",\"width\":1080,\"height\":1433},{\"@type\":\"WebPage\",\"@id\":\"https:\/\/biscotteslitteraires.com\/2021\/femme-merci\/#webpage\",\"url\":\"https:\/\/biscotteslitteraires.com\/2021\/femme-merci\/\",\"name\":\"Femme: Lumi\u00e8re du monde et de la vie! - Biscottes Litt\u00e9raires\",\"isPartOf\":{\"@id\":\"https:\/\/biscotteslitteraires.com\/2021\/#website\"},\"primaryImageOfPage\":{\"@id\":\"https:\/\/biscotteslitteraires.com\/2021\/femme-merci\/#primaryimage\"},\"datePublished\":\"2022-03-08T05:14:35+00:00\",\"dateModified\":\"2022-03-08T05:14:36+00:00\",\"breadcrumb\":{\"@id\":\"https:\/\/biscotteslitteraires.com\/2021\/femme-merci\/#breadcrumb\"},\"inLanguage\":\"fr-FR\",\"potentialAction\":[{\"@type\":\"ReadAction\",\"target\":[\"https:\/\/biscotteslitteraires.com\/2021\/femme-merci\/\"]}]},{\"@type\":\"BreadcrumbList\",\"@id\":\"https:\/\/biscotteslitteraires.com\/2021\/femme-merci\/#breadcrumb\",\"itemListElement\":[{\"@type\":\"ListItem\",\"position\":1,\"name\":\"Accueil\",\"item\":\"https:\/\/biscotteslitteraires.com\/2021\/\"},{\"@type\":\"ListItem\",\"position\":2,\"name\":\"Femme: Lumi\u00e8re du monde et de la vie!\"}]},{\"@type\":\"Article\",\"@id\":\"https:\/\/biscotteslitteraires.com\/2021\/femme-merci\/#article\",\"isPartOf\":{\"@id\":\"https:\/\/biscotteslitteraires.com\/2021\/femme-merci\/#webpage\"},\"author\":{\"@id\":\"https:\/\/biscotteslitteraires.com\/2021\/#\/schema\/person\/a7786cb98c76c568669b36d299731946\"},\"headline\":\"Femme: Lumi\u00e8re du monde et de la vie!\",\"datePublished\":\"2022-03-08T05:14:35+00:00\",\"dateModified\":\"2022-03-08T05:14:36+00:00\",\"mainEntityOfPage\":{\"@id\":\"https:\/\/biscotteslitteraires.com\/2021\/femme-merci\/#webpage\"},\"wordCount\":293,\"commentCount\":0,\"publisher\":{\"@id\":\"https:\/\/biscotteslitteraires.com\/2021\/#organization\"},\"image\":{\"@id\":\"https:\/\/biscotteslitteraires.com\/2021\/femme-merci\/#primaryimage\"},\"thumbnailUrl\":\"https:\/\/biscotteslitteraires.com\/2021\/wp-content\/uploads\/2022\/03\/Screenshot_20220307-190215.png\",\"articleSection\":[\"po\u00e8me\"],\"inLanguage\":\"fr-FR\",\"potentialAction\":[{\"@type\":\"CommentAction\",\"name\":\"Comment\",\"target\":[\"https:\/\/biscotteslitteraires.com\/2021\/femme-merci\/#respond\"]}]},{\"@type\":\"Person\",\"@id\":\"https:\/\/biscotteslitteraires.com\/2021\/#\/schema\/person\/a7786cb98c76c568669b36d299731946\",\"name\":\"biscotteslitteraires\",\"image\":{\"@type\":\"ImageObject\",\"inLanguage\":\"fr-FR\",\"@id\":\"https:\/\/biscotteslitteraires.com\/2021\/#\/schema\/person\/image\/\",\"url\":\"https:\/\/secure.gravatar.com\/avatar\/94320ea752b93453cb48b1b2d71ada12?s=96&d=mm&r=g\",\"contentUrl\":\"https:\/\/secure.gravatar.com\/avatar\/94320ea752b93453cb48b1b2d71ada12?s=96&d=mm&r=g\",\"caption\":\"biscotteslitteraires\"},\"url\":\"https:\/\/biscotteslitteraires.com\/2021\/author\/admin\/\"}]}<\/script>\n<!-- \/ Yoast SEO plugin. -->","yoast_head_json":{"title":"Femme: Lumi\u00e8re du monde et de la vie! - Biscottes Litt\u00e9raires","robots":{"index":"index","follow":"follow","max-snippet":"max-snippet:-1","max-image-preview":"max-image-preview:large","max-video-preview":"max-video-preview:-1"},"canonical":"https:\/\/biscotteslitteraires.com\/2021\/femme-merci\/","og_locale":"fr_FR","og_type":"article","og_title":"Femme: Lumi\u00e8re du monde et de la vie! - Biscottes Litt\u00e9raires","og_description":"Femme de toute nation, femme d\u2019Afrique, femme noire\u00a0! Inspirante\u00a0! oui, toi, toi, toi vous l\u2019\u00eates.","og_url":"https:\/\/biscotteslitteraires.com\/2021\/femme-merci\/","og_site_name":"Biscottes Litt\u00e9raires","article_publisher":"https:\/\/facebook.com\/biscotteslitterairesbenin","article_published_time":"2022-03-08T05:14:35+00:00","article_modified_time":"2022-03-08T05:14:36+00:00","og_image":[{"width":1080,"height":1433,"url":"https:\/\/biscotteslitteraires.com\/2021\/wp-content\/uploads\/2022\/03\/Screenshot_20220307-190215.png","type":"image\/png"}],"twitter_card":"summary","twitter_misc":{"\u00c9crit par":"biscotteslitteraires","Dur\u00e9e de lecture estim\u00e9e":"1 minute"},"schema":{"@context":"https:\/\/schema.org","@graph":[{"@type":"Organization","@id":"https:\/\/biscotteslitteraires.com\/2021\/#organization","name":"Biscottes Litt\u00e9raires","url":"https:\/\/biscotteslitteraires.com\/2021\/","sameAs":["https:\/\/facebook.com\/biscotteslitterairesbenin"],"logo":{"@type":"ImageObject","inLanguage":"fr-FR","@id":"https:\/\/biscotteslitteraires.com\/2021\/#\/schema\/logo\/image\/","url":"https:\/\/biscotteslitteraires.com\/2021\/wp-content\/uploads\/2018\/11\/cropped-LOGO-BL-e1630101307137.jpg","contentUrl":"https:\/\/biscotteslitteraires.com\/2021\/wp-content\/uploads\/2018\/11\/cropped-LOGO-BL-e1630101307137.jpg","width":960,"height":960,"caption":"Biscottes Litt\u00e9raires"},"image":{"@id":"https:\/\/biscotteslitteraires.com\/2021\/#\/schema\/logo\/image\/"}},{"@type":"WebSite","@id":"https:\/\/biscotteslitteraires.com\/2021\/#website","url":"https:\/\/biscotteslitteraires.com\/2021\/","name":"Biscottes Litt\u00e9raires","description":"Ici nous voyagerons dans les lignes, explorerons les interlignes.","publisher":{"@id":"https:\/\/biscotteslitteraires.com\/2021\/#organization"},"potentialAction":[{"@type":"SearchAction","target":{"@type":"EntryPoint","urlTemplate":"https:\/\/biscotteslitteraires.com\/2021\/?s={search_term_string}"},"query-input":"required name=search_term_string"}],"inLanguage":"fr-FR"},{"@type":"ImageObject","inLanguage":"fr-FR","@id":"https:\/\/biscotteslitteraires.com\/2021\/femme-merci\/#primaryimage","url":"https:\/\/biscotteslitteraires.com\/2021\/wp-content\/uploads\/2022\/03\/Screenshot_20220307-190215.png","contentUrl":"https:\/\/biscotteslitteraires.com\/2021\/wp-content\/uploads\/2022\/03\/Screenshot_20220307-190215.png","width":1080,"height":1433},{"@type":"WebPage","@id":"https:\/\/biscotteslitteraires.com\/2021\/femme-merci\/#webpage","url":"https:\/\/biscotteslitteraires.com\/2021\/femme-merci\/","name":"Femme: Lumi\u00e8re du monde et de la vie! - Biscottes Litt\u00e9raires","isPartOf":{"@id":"https:\/\/biscotteslitteraires.com\/2021\/#website"},"primaryImageOfPage":{"@id":"https:\/\/biscotteslitteraires.com\/2021\/femme-merci\/#primaryimage"},"datePublished":"2022-03-08T05:14:35+00:00","dateModified":"2022-03-08T05:14:36+00:00","breadcrumb":{"@id":"https:\/\/biscotteslitteraires.com\/2021\/femme-merci\/#breadcrumb"},"inLanguage":"fr-FR","potentialAction":[{"@type":"ReadAction","target":["https:\/\/biscotteslitteraires.com\/2021\/femme-merci\/"]}]},{"@type":"BreadcrumbList","@id":"https:\/\/biscotteslitteraires.com\/2021\/femme-merci\/#breadcrumb","itemListElement":[{"@type":"ListItem","position":1,"name":"Accueil","item":"https:\/\/biscotteslitteraires.com\/2021\/"},{"@type":"ListItem","position":2,"name":"Femme: Lumi\u00e8re du monde et de la vie!"}]},{"@type":"Article","@id":"https:\/\/biscotteslitteraires.com\/2021\/femme-merci\/#article","isPartOf":{"@id":"https:\/\/biscotteslitteraires.com\/2021\/femme-merci\/#webpage"},"author":{"@id":"https:\/\/biscotteslitteraires.com\/2021\/#\/schema\/person\/a7786cb98c76c568669b36d299731946"},"headline":"Femme: Lumi\u00e8re du monde et de la vie!","datePublished":"2022-03-08T05:14:35+00:00","dateModified":"2022-03-08T05:14:36+00:00","mainEntityOfPage":{"@id":"https:\/\/biscotteslitteraires.com\/2021\/femme-merci\/#webpage"},"wordCount":293,"commentCount":0,"publisher":{"@id":"https:\/\/biscotteslitteraires.com\/2021\/#organization"},"image":{"@id":"https:\/\/biscotteslitteraires.com\/2021\/femme-merci\/#primaryimage"},"thumbnailUrl":"https:\/\/biscotteslitteraires.com\/2021\/wp-content\/uploads\/2022\/03\/Screenshot_20220307-190215.png","articleSection":["po\u00e8me"],"inLanguage":"fr-FR","potentialAction":[{"@type":"CommentAction","name":"Comment","target":["https:\/\/biscotteslitteraires.com\/2021\/femme-merci\/#respond"]}]},{"@type":"Person","@id":"https:\/\/biscotteslitteraires.com\/2021\/#\/schema\/person\/a7786cb98c76c568669b36d299731946","name":"biscotteslitteraires","image":{"@type":"ImageObject","inLanguage":"fr-FR","@id":"https:\/\/biscotteslitteraires.com\/2021\/#\/schema\/person\/image\/","url":"https:\/\/secure.gravatar.com\/avatar\/94320ea752b93453cb48b1b2d71ada12?s=96&d=mm&r=g","contentUrl":"https:\/\/secure.gravatar.com\/avatar\/94320ea752b93453cb48b1b2d71ada12?s=96&d=mm&r=g","caption":"biscotteslitteraires"},"url":"https:\/\/biscotteslitteraires.com\/2021\/author\/admin\/"}]}},"_links":{"self":[{"href":"https:\/\/biscotteslitteraires.com\/2021\/wp-json\/wp\/v2\/posts\/11270"}],"collection":[{"href":"https:\/\/biscotteslitteraires.com\/2021\/wp-json\/wp\/v2\/posts"}],"about":[{"href":"https:\/\/biscotteslitteraires.com\/2021\/wp-json\/wp\/v2\/types\/post"}],"author":[{"embeddable":true,"href":"https:\/\/biscotteslitteraires.com\/2021\/wp-json\/wp\/v2\/users\/1"}],"replies":[{"embeddable":true,"href":"https:\/\/biscotteslitteraires.com\/2021\/wp-json\/wp\/v2\/comments?post=11270"}],"version-history":[{"count":3,"href":"https:\/\/biscotteslitteraires.com\/2021\/wp-json\/wp\/v2\/posts\/11270\/revisions"}],"predecessor-version":[{"id":11280,"href":"https:\/\/biscotteslitteraires.com\/2021\/wp-json\/wp\/v2\/posts\/11270\/revisions\/11280"}],"wp:featuredmedia":[{"embeddable":true,"href":"https:\/\/biscotteslitteraires.com\/2021\/wp-json\/wp\/v2\/media\/11275"}],"wp:attachment":[{"href":"https:\/\/biscotteslitteraires.com\/2021\/wp-json\/wp\/v2\/media?parent=11270"}],"wp:term":[{"taxonomy":"category","embeddable":true,"href":"https:\/\/biscotteslitteraires.com\/2021\/wp-json\/wp\/v2\/categories?post=11270"},{"taxonomy":"post_tag","embeddable":true,"href":"https:\/\/biscotteslitteraires.com\/2021\/wp-json\/wp\/v2\/tags?post=11270"}],"curies":[{"name":"wp","href":"https:\/\/api.w.org\/{rel}","templated":true}]}}