{"id":11416,"date":"2022-05-08T18:26:30","date_gmt":"2022-05-08T18:26:30","guid":{"rendered":"https:\/\/biscotteslitteraires.com\/2021\/?p=11416"},"modified":"2022-05-08T18:43:40","modified_gmt":"2022-05-08T18:43:40","slug":"palabre-autour-de-colorant-felix-livre-en-lice-du-pola-2022","status":"publish","type":"post","link":"https:\/\/biscotteslitteraires.com\/2021\/palabre-autour-de-colorant-felix-livre-en-lice-du-pola-2022\/","title":{"rendered":"PALABRE AUTOUR DE \u00ab\u00a0COLORANT FELIX\u00a0\u00bb, LIVRE EN LICE DU POLA 2022"},"content":{"rendered":"\n<p><\/p>\n\n\n\n<p>&nbsp;&nbsp;&nbsp;&nbsp;&nbsp;&nbsp; <\/p>\n\n\n\n<p>Ce samedi 07 mai 2022, la librairie Savoir d\u2019Afrique a abrit\u00e9 le caf\u00e9 litt\u00e9raire autour de<em> Colorant F\u00e9lix<\/em>. Cet \u00e9v\u00e9nement a connu la pr\u00e9sence d\u2019un parterre de passionn\u00e9s de lettres. Plusieurs \u00e9pris de la litt\u00e9rature \u00e9taient venus connaitre davantage l\u2019auteur et son \u0153uvre. Cette causerie livresque a eu pour th\u00e8me \u2018\u2019Palabre autour de Colorant F\u00e9lix\u00a0\u2018\u2019. Pour rappel, <em>Colorant F\u00e9lix<\/em> est un roman commis par un pr\u00eatre b\u00e9ninois du nom de Destin AKPO. Le livre est en lice pour le POLA (Prix Orange du Livre en Afrique) 2022. La rencontre peut-\u00eatre structur\u00e9e en trois phases.<\/p>\n\n\n\n<p><\/p>\n\n\n\n<figure class=\"wp-block-gallery columns-1 is-cropped\"><ul class=\"blocks-gallery-grid\"><li class=\"blocks-gallery-item\"><figure><img loading=\"lazy\" width=\"1024\" height=\"785\" src=\"https:\/\/biscotteslitteraires.com\/2021\/wp-content\/uploads\/2022\/05\/Screenshot_20220508-192830-1024x785.png\" alt=\"\" data-id=\"11418\" data-full-url=\"https:\/\/biscotteslitteraires.com\/2021\/wp-content\/uploads\/2022\/05\/Screenshot_20220508-192830.png\" data-link=\"https:\/\/biscotteslitteraires.com\/2021\/palabre-autour-de-colorant-felix-livre-en-lice-du-pola-2022\/screenshot_20220508-192830\/\" class=\"wp-image-11418\" srcset=\"https:\/\/biscotteslitteraires.com\/2021\/wp-content\/uploads\/2022\/05\/Screenshot_20220508-192830-1024x785.png 1024w, https:\/\/biscotteslitteraires.com\/2021\/wp-content\/uploads\/2022\/05\/Screenshot_20220508-192830-300x230.png 300w, https:\/\/biscotteslitteraires.com\/2021\/wp-content\/uploads\/2022\/05\/Screenshot_20220508-192830-768x589.png 768w, https:\/\/biscotteslitteraires.com\/2021\/wp-content\/uploads\/2022\/05\/Screenshot_20220508-192830.png 1079w\" sizes=\"(max-width: 1024px) 100vw, 1024px\" \/><\/figure><\/li><\/ul><\/figure>\n\n\n\n<p><strong>L&rsquo;ouverture<\/strong><\/p>\n\n\n\n<p>Les mots de bienvenue \u00e9taient ceux de Mme Prudencienne GBAGUIDI, la Pr\u00e9sidente de l&rsquo;ALPB (Association des Libraires Professionnels du B\u00e9nin), et promotrice de la librairie Savoir d&rsquo;Afrique. Elle a manifest\u00e9 toute sa joie de compter les amoureux de la chose litt\u00e9raire dans les locaux de sa librairie pour c\u00e9l\u00e9brer le livre. Elle s&rsquo;est sentie doublement heureuse parce que cette rencontre reste la toute premi\u00e8re organis\u00e9e autour d&rsquo;un livre au B\u00e9nin dans le cadre du P.O.L.A.<\/p>\n\n\n\n<p>Monsieur Jean Florentin AGBONA a succ\u00e9d\u00e9 \u00e0 la promotrice en faisant une brillante pr\u00e9sentation du PRIX ORANGE DU LIVRE EN AFRIQUE. Il a \u00e9galement partag\u00e9 ses notes de lecture des 6 livres finalistes de cette 4<sup>\u00e8me<\/sup> \u00e9dition du POLA. De son intervention, on retient que le Cameroun est le premier pays \u00e0 remporter le Prix de la premi\u00e8re \u00e9dition du POLA en 2019 avec <strong><em>Les larmes de la patience<\/em><\/strong> de Amal Amadou Dja\u00efli. Le Maroc impose sa supr\u00e9matie en raflant successivement les \u00e9ditions 2020 (<strong><em>C\u2019est beau, la guerre<\/em><\/strong> de Youssouf Amine ELALAMY) et 2021 (<strong><em>Pourvu qu\u2019il soit de bonne humeur <\/em><\/strong>de Loubna Serraj). En ce qui concerne cette 4<sup>\u00e8me<\/sup> \u00e9dition (2022), 6 livres sont retenus pour la phase finale. Il s&rsquo;agit de&nbsp;:<\/p>\n\n\n\n<p>1- <strong><em>Colorant F\u00e9lix<\/em><\/strong> de Destin Akpo (B\u00e9nin) ;<\/p>\n\n\n\n<p>2-&nbsp; <strong><em>Le silence des horizons <\/em><\/strong>de Beyrouk (Mauritanie)&nbsp;;<\/p>\n\n\n\n<p>3-&nbsp; <strong><em>Le livre d&rsquo;Elias<\/em><\/strong>&nbsp; de Chab (Mali) ;<\/p>\n\n\n\n<p>4- <strong><em>Le prix du cinqui\u00e8me jour <\/em><\/strong>de Khaoula Hosni;<\/p>\n\n\n\n<p>5- <strong><em>Maguia ou le prix de la libert\u00e9 <\/em><\/strong>de Lorance-K (Cameroun);<\/p>\n\n\n\n<p>6- <strong><em>Bel abime<\/em><\/strong> de Yamen Mana\u00ef (Tunisie).<\/p>\n\n\n\n<p>Le laur\u00e9at sera connu fin juin 2022. Le jury de cette 4<sup>\u00e8me<\/sup> \u00e9dition est pr\u00e9sid\u00e9 par l&rsquo;\u00e9crivaine internationale ivoirienne V\u00e9ronique Tadjo.<\/p>\n\n\n\n<figure class=\"wp-block-gallery columns-1 is-cropped\"><ul class=\"blocks-gallery-grid\"><li class=\"blocks-gallery-item\"><figure><img loading=\"lazy\" width=\"768\" height=\"1024\" src=\"https:\/\/biscotteslitteraires.com\/2021\/wp-content\/uploads\/2022\/05\/IMG_20220507_151314_112-768x1024.jpg\" alt=\"\" data-id=\"11420\" data-full-url=\"https:\/\/biscotteslitteraires.com\/2021\/wp-content\/uploads\/2022\/05\/IMG_20220507_151314_112-scaled.jpg\" data-link=\"https:\/\/biscotteslitteraires.com\/2021\/palabre-autour-de-colorant-felix-livre-en-lice-du-pola-2022\/img_20220507_151314_112\/\" class=\"wp-image-11420\" srcset=\"https:\/\/biscotteslitteraires.com\/2021\/wp-content\/uploads\/2022\/05\/IMG_20220507_151314_112-768x1024.jpg 768w, https:\/\/biscotteslitteraires.com\/2021\/wp-content\/uploads\/2022\/05\/IMG_20220507_151314_112-225x300.jpg 225w, https:\/\/biscotteslitteraires.com\/2021\/wp-content\/uploads\/2022\/05\/IMG_20220507_151314_112-1152x1536.jpg 1152w, https:\/\/biscotteslitteraires.com\/2021\/wp-content\/uploads\/2022\/05\/IMG_20220507_151314_112-1536x2048.jpg 1536w, https:\/\/biscotteslitteraires.com\/2021\/wp-content\/uploads\/2022\/05\/IMG_20220507_151314_112-scaled.jpg 1920w\" sizes=\"(max-width: 768px) 100vw, 768px\" \/><\/figure><\/li><\/ul><\/figure>\n\n\n\n<p>La pr\u00e9sentation de Colorant F\u00e9lix<\/p>\n\n\n\n<p>Le roman a \u00e9t\u00e9 ensuite brillamment pr\u00e9sent\u00e9 par Christophe AMOUSSOU (Chroniqueur litt\u00e9raire et Enseignant de fran\u00e7ais dans les lyc\u00e9es et coll\u00e8ges du B\u00e9nin). Pour l&rsquo;homme de lettres, <strong><em>Colorant F\u00e9lix<\/em><\/strong> est le souffle de l&rsquo;Afrique traditionnelle et contemporaine. Il a martel\u00e9 que \u00a0\u00bb Le continent africain et surtout la C\u00f4te d&rsquo;Ivoire ne doivent plus pleurer. Car nous avons enfin un autre Ahmadou Kourouma en la personne du p\u00e8re Destin AKPO.<\/p>\n\n\n\n<p>\u00c9change avec le public<\/p>\n\n\n\n<p>La troisi\u00e8me phase phare de cette rencontre reste celle de l&rsquo;\u00e9change. Le public, tr\u00e8s aguerri et tr\u00e8s pr\u00e9par\u00e9 pour avoir d\u00e9j\u00e0 lu le livre, a voulu conna\u00eetre davantage l&rsquo;auteur et son ouvrage. Il a expos\u00e9 ses pr\u00e9occupations et ses impressions par rapport \u00e0 <strong><em>Colorant F\u00e9lix<\/em><\/strong>. Comme le disait Senghor, ce fut un v\u00e9ritable moment de donner et de recevoir.<\/p>\n\n\n\n<p>L&rsquo;auteur se d\u00e9fend en ces termes face \u00e0 une question qui aborde l&rsquo;onomastique de l&rsquo;ouvrage : \u00ab&nbsp;le nom est sacr\u00e9. Ce n&rsquo;est pas anodin qu&rsquo;une fois en prison, on enl\u00e8ve au prisonnier son nom pour lui attribuer un num\u00e9ro. C&rsquo;est un premier coup psychologique. Autrement dit, ce dernier n&rsquo;existe plus. Le nom est donc tr\u00e8s important, parce ce que c&rsquo;est ce qui d\u00e9finit un individu. Je ne me g\u00eane pas pour trouver les noms de mes personnages. Ils sont en moi et nous partageons le quotidien ensemble. Je suis tr\u00e8s attach\u00e9 \u00e0 ma culture africaine. Et la culture, c&rsquo;est tout ce que nous pouvons encore entretenir aujourd&rsquo;hui en tant qu&rsquo;Africain.&nbsp;\u00bb<\/p>\n\n\n\n<p>L&rsquo;\u00e9crivaine Myrtille HAHO a su mod\u00e9rer cette s\u00e9ance avec une s\u00e9r\u00e9nit\u00e9 implacable. Elle a aussi partag\u00e9 avec le public son compte rendu de lecture du livre.<\/p>\n\n\n\n<p>Le caf\u00e9 litt\u00e9raire a donc connu son \u00e9pilogue dans une ambiance d\u00e9contract\u00e9e. Les \u00e9pris litt\u00e9raires \u00e9taient plus que satisfaits de cet \u00e9change qui leur a permis de mieux p\u00e9n\u00e9trer les m\u00e9andres de ce livre qu&rsquo;un lecteur a trait\u00e9 de \u00ab&nbsp;classique africain&nbsp;\u00bb.<\/p>\n\n\n\n<p>&nbsp;&nbsp;&nbsp;&nbsp;&nbsp;&nbsp;&nbsp;&nbsp;&nbsp;&nbsp;&nbsp;&nbsp;&nbsp;&nbsp;&nbsp;&nbsp;&nbsp;&nbsp;&nbsp;&nbsp;&nbsp;&nbsp;&nbsp;&nbsp;&nbsp;&nbsp;&nbsp;&nbsp;&nbsp;&nbsp;&nbsp;&nbsp;&nbsp;&nbsp;&nbsp;&nbsp;&nbsp;&nbsp;&nbsp;&nbsp;&nbsp;&nbsp;&nbsp;&nbsp;&nbsp;&nbsp;&nbsp;&nbsp;&nbsp;&nbsp;&nbsp;&nbsp;&nbsp;&nbsp;&nbsp;&nbsp;&nbsp;&nbsp;&nbsp;&nbsp;&nbsp;&nbsp;&nbsp;&nbsp;&nbsp;&nbsp;&nbsp;<strong> Ricardo AKPO<\/strong><\/p>\n","protected":false},"excerpt":{"rendered":"<p>L&rsquo;auteur se d\u00e9fend en ces termes face \u00e0 une question qui aborde l&rsquo;onomastique de l&rsquo;ouvrage : \u00ab\u00a0le nom est sacr\u00e9. Ce n&rsquo;est pas anodin qu&rsquo;une fois en prison, on enl\u00e8ve au prisonnier son nom pour lui attribuer un num\u00e9ro. C&rsquo;est un premier coup psychologique. Autrement dit, ce dernier n&rsquo;existe plus&#8230;.<\/p>\n","protected":false},"author":1,"featured_media":11418,"comment_status":"open","ping_status":"closed","sticky":false,"template":"","format":"standard","meta":[],"categories":[15],"tags":[],"yoast_head":"<!-- This site is optimized with the Yoast SEO plugin v19.0 - https:\/\/yoast.com\/wordpress\/plugins\/seo\/ -->\n<title>PALABRE AUTOUR DE &quot;COLORANT FELIX&quot;, LIVRE EN LICE DU POLA 2022 - Biscottes Litt\u00e9raires<\/title>\n<meta name=\"robots\" content=\"index, follow, max-snippet:-1, max-image-preview:large, max-video-preview:-1\" \/>\n<link rel=\"canonical\" href=\"https:\/\/biscotteslitteraires.com\/2021\/palabre-autour-de-colorant-felix-livre-en-lice-du-pola-2022\/\" \/>\n<meta property=\"og:locale\" content=\"fr_FR\" \/>\n<meta property=\"og:type\" content=\"article\" \/>\n<meta property=\"og:title\" content=\"PALABRE AUTOUR DE &quot;COLORANT FELIX&quot;, LIVRE EN LICE DU POLA 2022 - Biscottes Litt\u00e9raires\" \/>\n<meta property=\"og:description\" content=\"L&#039;auteur se d\u00e9fend en ces termes face \u00e0 une question qui aborde l&#039;onomastique de l&#039;ouvrage : \u00ab\u00a0le nom est sacr\u00e9. Ce n&#039;est pas anodin qu&#039;une fois en prison, on enl\u00e8ve au prisonnier son nom pour lui attribuer un num\u00e9ro. C&#039;est un premier coup psychologique. Autrement dit, ce dernier n&#039;existe plus....\" \/>\n<meta property=\"og:url\" content=\"https:\/\/biscotteslitteraires.com\/2021\/palabre-autour-de-colorant-felix-livre-en-lice-du-pola-2022\/\" \/>\n<meta property=\"og:site_name\" content=\"Biscottes Litt\u00e9raires\" \/>\n<meta property=\"article:publisher\" content=\"https:\/\/facebook.com\/biscotteslitterairesbenin\" \/>\n<meta property=\"article:published_time\" content=\"2022-05-08T18:26:30+00:00\" \/>\n<meta property=\"article:modified_time\" content=\"2022-05-08T18:43:40+00:00\" \/>\n<meta property=\"og:image\" content=\"https:\/\/biscotteslitteraires.com\/2021\/wp-content\/uploads\/2022\/05\/Screenshot_20220508-192830.png\" \/>\n\t<meta property=\"og:image:width\" content=\"1079\" \/>\n\t<meta property=\"og:image:height\" content=\"827\" \/>\n\t<meta property=\"og:image:type\" content=\"image\/png\" \/>\n<meta name=\"twitter:card\" content=\"summary\" \/>\n<meta name=\"twitter:label1\" content=\"\u00c9crit par\" \/>\n\t<meta name=\"twitter:data1\" content=\"biscotteslitteraires\" \/>\n\t<meta name=\"twitter:label2\" content=\"Dur\u00e9e de lecture estim\u00e9e\" \/>\n\t<meta name=\"twitter:data2\" content=\"4 minutes\" \/>\n<script type=\"application\/ld+json\" class=\"yoast-schema-graph\">{\"@context\":\"https:\/\/schema.org\",\"@graph\":[{\"@type\":\"Organization\",\"@id\":\"https:\/\/biscotteslitteraires.com\/2021\/#organization\",\"name\":\"Biscottes Litt\u00e9raires\",\"url\":\"https:\/\/biscotteslitteraires.com\/2021\/\",\"sameAs\":[\"https:\/\/facebook.com\/biscotteslitterairesbenin\"],\"logo\":{\"@type\":\"ImageObject\",\"inLanguage\":\"fr-FR\",\"@id\":\"https:\/\/biscotteslitteraires.com\/2021\/#\/schema\/logo\/image\/\",\"url\":\"https:\/\/biscotteslitteraires.com\/2021\/wp-content\/uploads\/2018\/11\/cropped-LOGO-BL-e1630101307137.jpg\",\"contentUrl\":\"https:\/\/biscotteslitteraires.com\/2021\/wp-content\/uploads\/2018\/11\/cropped-LOGO-BL-e1630101307137.jpg\",\"width\":960,\"height\":960,\"caption\":\"Biscottes Litt\u00e9raires\"},\"image\":{\"@id\":\"https:\/\/biscotteslitteraires.com\/2021\/#\/schema\/logo\/image\/\"}},{\"@type\":\"WebSite\",\"@id\":\"https:\/\/biscotteslitteraires.com\/2021\/#website\",\"url\":\"https:\/\/biscotteslitteraires.com\/2021\/\",\"name\":\"Biscottes Litt\u00e9raires\",\"description\":\"Ici nous voyagerons dans les lignes, explorerons les interlignes.\",\"publisher\":{\"@id\":\"https:\/\/biscotteslitteraires.com\/2021\/#organization\"},\"potentialAction\":[{\"@type\":\"SearchAction\",\"target\":{\"@type\":\"EntryPoint\",\"urlTemplate\":\"https:\/\/biscotteslitteraires.com\/2021\/?s={search_term_string}\"},\"query-input\":\"required name=search_term_string\"}],\"inLanguage\":\"fr-FR\"},{\"@type\":\"ImageObject\",\"inLanguage\":\"fr-FR\",\"@id\":\"https:\/\/biscotteslitteraires.com\/2021\/palabre-autour-de-colorant-felix-livre-en-lice-du-pola-2022\/#primaryimage\",\"url\":\"https:\/\/biscotteslitteraires.com\/2021\/wp-content\/uploads\/2022\/05\/Screenshot_20220508-192830.png\",\"contentUrl\":\"https:\/\/biscotteslitteraires.com\/2021\/wp-content\/uploads\/2022\/05\/Screenshot_20220508-192830.png\",\"width\":1079,\"height\":827},{\"@type\":\"WebPage\",\"@id\":\"https:\/\/biscotteslitteraires.com\/2021\/palabre-autour-de-colorant-felix-livre-en-lice-du-pola-2022\/#webpage\",\"url\":\"https:\/\/biscotteslitteraires.com\/2021\/palabre-autour-de-colorant-felix-livre-en-lice-du-pola-2022\/\",\"name\":\"PALABRE AUTOUR DE \\\"COLORANT FELIX\\\", LIVRE EN LICE DU POLA 2022 - Biscottes Litt\u00e9raires\",\"isPartOf\":{\"@id\":\"https:\/\/biscotteslitteraires.com\/2021\/#website\"},\"primaryImageOfPage\":{\"@id\":\"https:\/\/biscotteslitteraires.com\/2021\/palabre-autour-de-colorant-felix-livre-en-lice-du-pola-2022\/#primaryimage\"},\"datePublished\":\"2022-05-08T18:26:30+00:00\",\"dateModified\":\"2022-05-08T18:43:40+00:00\",\"breadcrumb\":{\"@id\":\"https:\/\/biscotteslitteraires.com\/2021\/palabre-autour-de-colorant-felix-livre-en-lice-du-pola-2022\/#breadcrumb\"},\"inLanguage\":\"fr-FR\",\"potentialAction\":[{\"@type\":\"ReadAction\",\"target\":[\"https:\/\/biscotteslitteraires.com\/2021\/palabre-autour-de-colorant-felix-livre-en-lice-du-pola-2022\/\"]}]},{\"@type\":\"BreadcrumbList\",\"@id\":\"https:\/\/biscotteslitteraires.com\/2021\/palabre-autour-de-colorant-felix-livre-en-lice-du-pola-2022\/#breadcrumb\",\"itemListElement\":[{\"@type\":\"ListItem\",\"position\":1,\"name\":\"Accueil\",\"item\":\"https:\/\/biscotteslitteraires.com\/2021\/\"},{\"@type\":\"ListItem\",\"position\":2,\"name\":\"PALABRE AUTOUR DE \u00ab\u00a0COLORANT FELIX\u00a0\u00bb, LIVRE EN LICE DU POLA 2022\"}]},{\"@type\":\"Article\",\"@id\":\"https:\/\/biscotteslitteraires.com\/2021\/palabre-autour-de-colorant-felix-livre-en-lice-du-pola-2022\/#article\",\"isPartOf\":{\"@id\":\"https:\/\/biscotteslitteraires.com\/2021\/palabre-autour-de-colorant-felix-livre-en-lice-du-pola-2022\/#webpage\"},\"author\":{\"@id\":\"https:\/\/biscotteslitteraires.com\/2021\/#\/schema\/person\/a7786cb98c76c568669b36d299731946\"},\"headline\":\"PALABRE AUTOUR DE \u00ab\u00a0COLORANT FELIX\u00a0\u00bb, LIVRE EN LICE DU POLA 2022\",\"datePublished\":\"2022-05-08T18:26:30+00:00\",\"dateModified\":\"2022-05-08T18:43:40+00:00\",\"mainEntityOfPage\":{\"@id\":\"https:\/\/biscotteslitteraires.com\/2021\/palabre-autour-de-colorant-felix-livre-en-lice-du-pola-2022\/#webpage\"},\"wordCount\":834,\"commentCount\":0,\"publisher\":{\"@id\":\"https:\/\/biscotteslitteraires.com\/2021\/#organization\"},\"image\":{\"@id\":\"https:\/\/biscotteslitteraires.com\/2021\/palabre-autour-de-colorant-felix-livre-en-lice-du-pola-2022\/#primaryimage\"},\"thumbnailUrl\":\"https:\/\/biscotteslitteraires.com\/2021\/wp-content\/uploads\/2022\/05\/Screenshot_20220508-192830.png\",\"articleSection\":[\"evenemlitter\"],\"inLanguage\":\"fr-FR\",\"potentialAction\":[{\"@type\":\"CommentAction\",\"name\":\"Comment\",\"target\":[\"https:\/\/biscotteslitteraires.com\/2021\/palabre-autour-de-colorant-felix-livre-en-lice-du-pola-2022\/#respond\"]}]},{\"@type\":\"Person\",\"@id\":\"https:\/\/biscotteslitteraires.com\/2021\/#\/schema\/person\/a7786cb98c76c568669b36d299731946\",\"name\":\"biscotteslitteraires\",\"image\":{\"@type\":\"ImageObject\",\"inLanguage\":\"fr-FR\",\"@id\":\"https:\/\/biscotteslitteraires.com\/2021\/#\/schema\/person\/image\/\",\"url\":\"https:\/\/secure.gravatar.com\/avatar\/94320ea752b93453cb48b1b2d71ada12?s=96&d=mm&r=g\",\"contentUrl\":\"https:\/\/secure.gravatar.com\/avatar\/94320ea752b93453cb48b1b2d71ada12?s=96&d=mm&r=g\",\"caption\":\"biscotteslitteraires\"},\"url\":\"https:\/\/biscotteslitteraires.com\/2021\/author\/admin\/\"}]}<\/script>\n<!-- \/ Yoast SEO plugin. -->","yoast_head_json":{"title":"PALABRE AUTOUR DE \"COLORANT FELIX\", LIVRE EN LICE DU POLA 2022 - Biscottes Litt\u00e9raires","robots":{"index":"index","follow":"follow","max-snippet":"max-snippet:-1","max-image-preview":"max-image-preview:large","max-video-preview":"max-video-preview:-1"},"canonical":"https:\/\/biscotteslitteraires.com\/2021\/palabre-autour-de-colorant-felix-livre-en-lice-du-pola-2022\/","og_locale":"fr_FR","og_type":"article","og_title":"PALABRE AUTOUR DE \"COLORANT FELIX\", LIVRE EN LICE DU POLA 2022 - Biscottes Litt\u00e9raires","og_description":"L'auteur se d\u00e9fend en ces termes face \u00e0 une question qui aborde l'onomastique de l'ouvrage : \u00ab\u00a0le nom est sacr\u00e9. Ce n'est pas anodin qu'une fois en prison, on enl\u00e8ve au prisonnier son nom pour lui attribuer un num\u00e9ro. C'est un premier coup psychologique. Autrement dit, ce dernier n'existe plus....","og_url":"https:\/\/biscotteslitteraires.com\/2021\/palabre-autour-de-colorant-felix-livre-en-lice-du-pola-2022\/","og_site_name":"Biscottes Litt\u00e9raires","article_publisher":"https:\/\/facebook.com\/biscotteslitterairesbenin","article_published_time":"2022-05-08T18:26:30+00:00","article_modified_time":"2022-05-08T18:43:40+00:00","og_image":[{"width":1079,"height":827,"url":"https:\/\/biscotteslitteraires.com\/2021\/wp-content\/uploads\/2022\/05\/Screenshot_20220508-192830.png","type":"image\/png"}],"twitter_card":"summary","twitter_misc":{"\u00c9crit par":"biscotteslitteraires","Dur\u00e9e de lecture estim\u00e9e":"4 minutes"},"schema":{"@context":"https:\/\/schema.org","@graph":[{"@type":"Organization","@id":"https:\/\/biscotteslitteraires.com\/2021\/#organization","name":"Biscottes Litt\u00e9raires","url":"https:\/\/biscotteslitteraires.com\/2021\/","sameAs":["https:\/\/facebook.com\/biscotteslitterairesbenin"],"logo":{"@type":"ImageObject","inLanguage":"fr-FR","@id":"https:\/\/biscotteslitteraires.com\/2021\/#\/schema\/logo\/image\/","url":"https:\/\/biscotteslitteraires.com\/2021\/wp-content\/uploads\/2018\/11\/cropped-LOGO-BL-e1630101307137.jpg","contentUrl":"https:\/\/biscotteslitteraires.com\/2021\/wp-content\/uploads\/2018\/11\/cropped-LOGO-BL-e1630101307137.jpg","width":960,"height":960,"caption":"Biscottes Litt\u00e9raires"},"image":{"@id":"https:\/\/biscotteslitteraires.com\/2021\/#\/schema\/logo\/image\/"}},{"@type":"WebSite","@id":"https:\/\/biscotteslitteraires.com\/2021\/#website","url":"https:\/\/biscotteslitteraires.com\/2021\/","name":"Biscottes Litt\u00e9raires","description":"Ici nous voyagerons dans les lignes, explorerons les interlignes.","publisher":{"@id":"https:\/\/biscotteslitteraires.com\/2021\/#organization"},"potentialAction":[{"@type":"SearchAction","target":{"@type":"EntryPoint","urlTemplate":"https:\/\/biscotteslitteraires.com\/2021\/?s={search_term_string}"},"query-input":"required name=search_term_string"}],"inLanguage":"fr-FR"},{"@type":"ImageObject","inLanguage":"fr-FR","@id":"https:\/\/biscotteslitteraires.com\/2021\/palabre-autour-de-colorant-felix-livre-en-lice-du-pola-2022\/#primaryimage","url":"https:\/\/biscotteslitteraires.com\/2021\/wp-content\/uploads\/2022\/05\/Screenshot_20220508-192830.png","contentUrl":"https:\/\/biscotteslitteraires.com\/2021\/wp-content\/uploads\/2022\/05\/Screenshot_20220508-192830.png","width":1079,"height":827},{"@type":"WebPage","@id":"https:\/\/biscotteslitteraires.com\/2021\/palabre-autour-de-colorant-felix-livre-en-lice-du-pola-2022\/#webpage","url":"https:\/\/biscotteslitteraires.com\/2021\/palabre-autour-de-colorant-felix-livre-en-lice-du-pola-2022\/","name":"PALABRE AUTOUR DE \"COLORANT FELIX\", LIVRE EN LICE DU POLA 2022 - Biscottes Litt\u00e9raires","isPartOf":{"@id":"https:\/\/biscotteslitteraires.com\/2021\/#website"},"primaryImageOfPage":{"@id":"https:\/\/biscotteslitteraires.com\/2021\/palabre-autour-de-colorant-felix-livre-en-lice-du-pola-2022\/#primaryimage"},"datePublished":"2022-05-08T18:26:30+00:00","dateModified":"2022-05-08T18:43:40+00:00","breadcrumb":{"@id":"https:\/\/biscotteslitteraires.com\/2021\/palabre-autour-de-colorant-felix-livre-en-lice-du-pola-2022\/#breadcrumb"},"inLanguage":"fr-FR","potentialAction":[{"@type":"ReadAction","target":["https:\/\/biscotteslitteraires.com\/2021\/palabre-autour-de-colorant-felix-livre-en-lice-du-pola-2022\/"]}]},{"@type":"BreadcrumbList","@id":"https:\/\/biscotteslitteraires.com\/2021\/palabre-autour-de-colorant-felix-livre-en-lice-du-pola-2022\/#breadcrumb","itemListElement":[{"@type":"ListItem","position":1,"name":"Accueil","item":"https:\/\/biscotteslitteraires.com\/2021\/"},{"@type":"ListItem","position":2,"name":"PALABRE AUTOUR DE \u00ab\u00a0COLORANT FELIX\u00a0\u00bb, LIVRE EN LICE DU POLA 2022"}]},{"@type":"Article","@id":"https:\/\/biscotteslitteraires.com\/2021\/palabre-autour-de-colorant-felix-livre-en-lice-du-pola-2022\/#article","isPartOf":{"@id":"https:\/\/biscotteslitteraires.com\/2021\/palabre-autour-de-colorant-felix-livre-en-lice-du-pola-2022\/#webpage"},"author":{"@id":"https:\/\/biscotteslitteraires.com\/2021\/#\/schema\/person\/a7786cb98c76c568669b36d299731946"},"headline":"PALABRE AUTOUR DE \u00ab\u00a0COLORANT FELIX\u00a0\u00bb, LIVRE EN LICE DU POLA 2022","datePublished":"2022-05-08T18:26:30+00:00","dateModified":"2022-05-08T18:43:40+00:00","mainEntityOfPage":{"@id":"https:\/\/biscotteslitteraires.com\/2021\/palabre-autour-de-colorant-felix-livre-en-lice-du-pola-2022\/#webpage"},"wordCount":834,"commentCount":0,"publisher":{"@id":"https:\/\/biscotteslitteraires.com\/2021\/#organization"},"image":{"@id":"https:\/\/biscotteslitteraires.com\/2021\/palabre-autour-de-colorant-felix-livre-en-lice-du-pola-2022\/#primaryimage"},"thumbnailUrl":"https:\/\/biscotteslitteraires.com\/2021\/wp-content\/uploads\/2022\/05\/Screenshot_20220508-192830.png","articleSection":["evenemlitter"],"inLanguage":"fr-FR","potentialAction":[{"@type":"CommentAction","name":"Comment","target":["https:\/\/biscotteslitteraires.com\/2021\/palabre-autour-de-colorant-felix-livre-en-lice-du-pola-2022\/#respond"]}]},{"@type":"Person","@id":"https:\/\/biscotteslitteraires.com\/2021\/#\/schema\/person\/a7786cb98c76c568669b36d299731946","name":"biscotteslitteraires","image":{"@type":"ImageObject","inLanguage":"fr-FR","@id":"https:\/\/biscotteslitteraires.com\/2021\/#\/schema\/person\/image\/","url":"https:\/\/secure.gravatar.com\/avatar\/94320ea752b93453cb48b1b2d71ada12?s=96&d=mm&r=g","contentUrl":"https:\/\/secure.gravatar.com\/avatar\/94320ea752b93453cb48b1b2d71ada12?s=96&d=mm&r=g","caption":"biscotteslitteraires"},"url":"https:\/\/biscotteslitteraires.com\/2021\/author\/admin\/"}]}},"_links":{"self":[{"href":"https:\/\/biscotteslitteraires.com\/2021\/wp-json\/wp\/v2\/posts\/11416"}],"collection":[{"href":"https:\/\/biscotteslitteraires.com\/2021\/wp-json\/wp\/v2\/posts"}],"about":[{"href":"https:\/\/biscotteslitteraires.com\/2021\/wp-json\/wp\/v2\/types\/post"}],"author":[{"embeddable":true,"href":"https:\/\/biscotteslitteraires.com\/2021\/wp-json\/wp\/v2\/users\/1"}],"replies":[{"embeddable":true,"href":"https:\/\/biscotteslitteraires.com\/2021\/wp-json\/wp\/v2\/comments?post=11416"}],"version-history":[{"count":2,"href":"https:\/\/biscotteslitteraires.com\/2021\/wp-json\/wp\/v2\/posts\/11416\/revisions"}],"predecessor-version":[{"id":11421,"href":"https:\/\/biscotteslitteraires.com\/2021\/wp-json\/wp\/v2\/posts\/11416\/revisions\/11421"}],"wp:featuredmedia":[{"embeddable":true,"href":"https:\/\/biscotteslitteraires.com\/2021\/wp-json\/wp\/v2\/media\/11418"}],"wp:attachment":[{"href":"https:\/\/biscotteslitteraires.com\/2021\/wp-json\/wp\/v2\/media?parent=11416"}],"wp:term":[{"taxonomy":"category","embeddable":true,"href":"https:\/\/biscotteslitteraires.com\/2021\/wp-json\/wp\/v2\/categories?post=11416"},{"taxonomy":"post_tag","embeddable":true,"href":"https:\/\/biscotteslitteraires.com\/2021\/wp-json\/wp\/v2\/tags?post=11416"}],"curies":[{"name":"wp","href":"https:\/\/api.w.org\/{rel}","templated":true}]}}