{"id":11489,"date":"2022-06-02T10:05:59","date_gmt":"2022-06-02T10:05:59","guid":{"rendered":"https:\/\/biscotteslitteraires.com\/2021\/?p=11489"},"modified":"2022-06-02T10:06:00","modified_gmt":"2022-06-02T10:06:00","slug":"ou-suis-je","status":"publish","type":"post","link":"https:\/\/biscotteslitteraires.com\/2021\/ou-suis-je\/","title":{"rendered":"O\u00f9 suis-je?"},"content":{"rendered":"\n<p><\/p>\n\n\n\n<p>Sur cette terre,<br>tout ici bas,<br>dans ces miasmes morbides,<br>sous le chaud soleil de midi et m\u00eame envelopp\u00e9e<br>des enfants au visage radieux<br>sur les sentiers de l&rsquo;\u00e9cole, je cogitai .<\/p>\n\n\n\n<figure class=\"wp-block-gallery columns-1 is-cropped\"><ul class=\"blocks-gallery-grid\"><li class=\"blocks-gallery-item\"><figure><img loading=\"lazy\" width=\"1024\" height=\"710\" src=\"https:\/\/biscotteslitteraires.com\/2021\/wp-content\/uploads\/2022\/06\/Screenshot_20220602-104921-1-1024x710.png\" alt=\"\" data-id=\"11491\" data-full-url=\"https:\/\/biscotteslitteraires.com\/2021\/wp-content\/uploads\/2022\/06\/Screenshot_20220602-104921-1.png\" data-link=\"https:\/\/biscotteslitteraires.com\/2021\/?attachment_id=11491\" class=\"wp-image-11491\" srcset=\"https:\/\/biscotteslitteraires.com\/2021\/wp-content\/uploads\/2022\/06\/Screenshot_20220602-104921-1-1024x710.png 1024w, https:\/\/biscotteslitteraires.com\/2021\/wp-content\/uploads\/2022\/06\/Screenshot_20220602-104921-1-300x208.png 300w, https:\/\/biscotteslitteraires.com\/2021\/wp-content\/uploads\/2022\/06\/Screenshot_20220602-104921-1-768x533.png 768w, https:\/\/biscotteslitteraires.com\/2021\/wp-content\/uploads\/2022\/06\/Screenshot_20220602-104921-1.png 1080w\" sizes=\"(max-width: 1024px) 100vw, 1024px\" \/><\/figure><\/li><\/ul><\/figure>\n\n\n\n<p><br>j&rsquo;entrai en transe. Oui !<br>dans le vent qui souffle,<br>sous l&rsquo;arbre \u00e0 palabres et m\u00eame en pleine foule, je r\u00e9fl\u00e9chis.<br>Dans la contemplation de la mer d&rsquo;Agou\u00e9, je nageai dans mes pens\u00e9es.<br>j&rsquo;ai pens\u00e9 toute seule dans le temps<br>j&rsquo;ai pens\u00e9 toute seule dans l&rsquo;espace<br>toute seule je songeai \u00e0 toutes les actions des \u00eatres vivants<br>qui inhibent la paix, la joie voire l&rsquo;\u00e9volution dans la soci\u00e9t\u00e9 .<br>Gbet\u00f4 !<br>Le devenir de l&rsquo;homme ne se d\u00e9finit que par ses actes dit-on.<br>dans cet espace, j&rsquo;ai torqu\u00e9 aux portes,<br>je dis j&rsquo;ai frapp\u00e9 aux portes des gens bien intentionn\u00e9s,<br>des amis, des fr\u00e8res et soeurs aim\u00e9s pour trouver un viatique, mais \u00e9golo !<br>c&rsquo;est avec une grande hardiesse que je d\u00e9cide de muer<br>mes pens\u00e9s, actions et paroles<br>pour que mes efforts, m\u00eame toute seule, soient aur\u00e9ol\u00e9s.<br>oui ! Je d\u00e9cidai dans le temps et dans l&rsquo;espace<br>de prendre mes courages \u00e0 deux mains.<br>oui ! Dans cette ar\u00e8ne, sur cette plan\u00e8te Terre,<br>il faut accepter de descendre dans l&rsquo;ar\u00e8ne et de croire<br>qu&rsquo;il y aura non loin de soi des \u00c9mules,<br>lesquelles \u00e9mules de part leurs actions m\u00eame dans l&rsquo;\u00e9pars<br>vont chercher \u00e0 te mettre \u00e0 terre .<br>mais il faut garder en esprit qu&rsquo;en toute \u00e9quit\u00e9,<br>toujours dans ce m\u00eame espace, il y a un salvateur, oui !<br>Que l&rsquo;on aura un diad\u00e8me.<\/p>\n\n\n\n<figure class=\"wp-block-gallery columns-1 is-cropped\"><ul class=\"blocks-gallery-grid\"><li class=\"blocks-gallery-item\"><figure><img loading=\"lazy\" width=\"1024\" height=\"683\" src=\"https:\/\/biscotteslitteraires.com\/2021\/wp-content\/uploads\/2022\/06\/eau_nature-1024x683.jpg\" alt=\"\" data-id=\"11492\" data-full-url=\"https:\/\/biscotteslitteraires.com\/2021\/wp-content\/uploads\/2022\/06\/eau_nature.jpg\" data-link=\"https:\/\/biscotteslitteraires.com\/2021\/?attachment_id=11492\" class=\"wp-image-11492\" srcset=\"https:\/\/biscotteslitteraires.com\/2021\/wp-content\/uploads\/2022\/06\/eau_nature-1024x683.jpg 1024w, https:\/\/biscotteslitteraires.com\/2021\/wp-content\/uploads\/2022\/06\/eau_nature-300x200.jpg 300w, https:\/\/biscotteslitteraires.com\/2021\/wp-content\/uploads\/2022\/06\/eau_nature-768x512.jpg 768w, https:\/\/biscotteslitteraires.com\/2021\/wp-content\/uploads\/2022\/06\/eau_nature.jpg 1200w\" sizes=\"(max-width: 1024px) 100vw, 1024px\" \/><\/figure><\/li><\/ul><\/figure>\n\n\n\n<p><br><strong>Sylvie Bohiki<\/strong><\/p>\n","protected":false},"excerpt":{"rendered":"<p>Le devenir de l&rsquo;homme ne se d\u00e9finit que par ses actes dit-on.<br \/>\ndans cet espace, j&rsquo;ai torqu\u00e9 aux portes,<br \/>\nje dis j&rsquo;ai frapp\u00e9 aux portes des gens bien intentionn\u00e9s,<br \/>\ndes amis, des fr\u00e8res et soeurs aim\u00e9s pour trouver un viatique, mais \u00e9golo !<\/p>\n","protected":false},"author":1,"featured_media":11492,"comment_status":"open","ping_status":"closed","sticky":false,"template":"","format":"standard","meta":[],"categories":[8],"tags":[],"yoast_head":"<!-- This site is optimized with the Yoast SEO plugin v19.0 - https:\/\/yoast.com\/wordpress\/plugins\/seo\/ -->\n<title>O\u00f9 suis-je? - Biscottes Litt\u00e9raires<\/title>\n<meta name=\"robots\" content=\"index, follow, max-snippet:-1, max-image-preview:large, max-video-preview:-1\" \/>\n<link rel=\"canonical\" href=\"https:\/\/biscotteslitteraires.com\/2021\/ou-suis-je\/\" \/>\n<meta property=\"og:locale\" content=\"fr_FR\" \/>\n<meta property=\"og:type\" content=\"article\" \/>\n<meta property=\"og:title\" content=\"O\u00f9 suis-je? - Biscottes Litt\u00e9raires\" \/>\n<meta property=\"og:description\" content=\"Le devenir de l&#039;homme ne se d\u00e9finit que par ses actes dit-on. dans cet espace, j&#039;ai torqu\u00e9 aux portes, je dis j&#039;ai frapp\u00e9 aux portes des gens bien intentionn\u00e9s, des amis, des fr\u00e8res et soeurs aim\u00e9s pour trouver un viatique, mais \u00e9golo !\" \/>\n<meta property=\"og:url\" content=\"https:\/\/biscotteslitteraires.com\/2021\/ou-suis-je\/\" \/>\n<meta property=\"og:site_name\" content=\"Biscottes Litt\u00e9raires\" \/>\n<meta property=\"article:publisher\" content=\"https:\/\/facebook.com\/biscotteslitterairesbenin\" \/>\n<meta property=\"article:published_time\" content=\"2022-06-02T10:05:59+00:00\" \/>\n<meta property=\"article:modified_time\" content=\"2022-06-02T10:06:00+00:00\" \/>\n<meta property=\"og:image\" content=\"https:\/\/biscotteslitteraires.com\/2021\/wp-content\/uploads\/2022\/06\/eau_nature.jpg\" \/>\n\t<meta property=\"og:image:width\" content=\"1200\" \/>\n\t<meta property=\"og:image:height\" content=\"800\" \/>\n\t<meta property=\"og:image:type\" content=\"image\/jpeg\" \/>\n<meta name=\"twitter:card\" content=\"summary\" \/>\n<meta name=\"twitter:label1\" content=\"\u00c9crit par\" \/>\n\t<meta name=\"twitter:data1\" content=\"biscotteslitteraires\" \/>\n\t<meta name=\"twitter:label2\" content=\"Dur\u00e9e de lecture estim\u00e9e\" \/>\n\t<meta name=\"twitter:data2\" content=\"1 minute\" \/>\n<script type=\"application\/ld+json\" class=\"yoast-schema-graph\">{\"@context\":\"https:\/\/schema.org\",\"@graph\":[{\"@type\":\"Organization\",\"@id\":\"https:\/\/biscotteslitteraires.com\/2021\/#organization\",\"name\":\"Biscottes Litt\u00e9raires\",\"url\":\"https:\/\/biscotteslitteraires.com\/2021\/\",\"sameAs\":[\"https:\/\/facebook.com\/biscotteslitterairesbenin\"],\"logo\":{\"@type\":\"ImageObject\",\"inLanguage\":\"fr-FR\",\"@id\":\"https:\/\/biscotteslitteraires.com\/2021\/#\/schema\/logo\/image\/\",\"url\":\"https:\/\/biscotteslitteraires.com\/2021\/wp-content\/uploads\/2018\/11\/cropped-LOGO-BL-e1630101307137.jpg\",\"contentUrl\":\"https:\/\/biscotteslitteraires.com\/2021\/wp-content\/uploads\/2018\/11\/cropped-LOGO-BL-e1630101307137.jpg\",\"width\":960,\"height\":960,\"caption\":\"Biscottes Litt\u00e9raires\"},\"image\":{\"@id\":\"https:\/\/biscotteslitteraires.com\/2021\/#\/schema\/logo\/image\/\"}},{\"@type\":\"WebSite\",\"@id\":\"https:\/\/biscotteslitteraires.com\/2021\/#website\",\"url\":\"https:\/\/biscotteslitteraires.com\/2021\/\",\"name\":\"Biscottes Litt\u00e9raires\",\"description\":\"Ici nous voyagerons dans les lignes, explorerons les interlignes.\",\"publisher\":{\"@id\":\"https:\/\/biscotteslitteraires.com\/2021\/#organization\"},\"potentialAction\":[{\"@type\":\"SearchAction\",\"target\":{\"@type\":\"EntryPoint\",\"urlTemplate\":\"https:\/\/biscotteslitteraires.com\/2021\/?s={search_term_string}\"},\"query-input\":\"required name=search_term_string\"}],\"inLanguage\":\"fr-FR\"},{\"@type\":\"ImageObject\",\"inLanguage\":\"fr-FR\",\"@id\":\"https:\/\/biscotteslitteraires.com\/2021\/ou-suis-je\/#primaryimage\",\"url\":\"https:\/\/biscotteslitteraires.com\/2021\/wp-content\/uploads\/2022\/06\/eau_nature.jpg\",\"contentUrl\":\"https:\/\/biscotteslitteraires.com\/2021\/wp-content\/uploads\/2022\/06\/eau_nature.jpg\",\"width\":1200,\"height\":800},{\"@type\":\"WebPage\",\"@id\":\"https:\/\/biscotteslitteraires.com\/2021\/ou-suis-je\/#webpage\",\"url\":\"https:\/\/biscotteslitteraires.com\/2021\/ou-suis-je\/\",\"name\":\"O\u00f9 suis-je? - Biscottes Litt\u00e9raires\",\"isPartOf\":{\"@id\":\"https:\/\/biscotteslitteraires.com\/2021\/#website\"},\"primaryImageOfPage\":{\"@id\":\"https:\/\/biscotteslitteraires.com\/2021\/ou-suis-je\/#primaryimage\"},\"datePublished\":\"2022-06-02T10:05:59+00:00\",\"dateModified\":\"2022-06-02T10:06:00+00:00\",\"breadcrumb\":{\"@id\":\"https:\/\/biscotteslitteraires.com\/2021\/ou-suis-je\/#breadcrumb\"},\"inLanguage\":\"fr-FR\",\"potentialAction\":[{\"@type\":\"ReadAction\",\"target\":[\"https:\/\/biscotteslitteraires.com\/2021\/ou-suis-je\/\"]}]},{\"@type\":\"BreadcrumbList\",\"@id\":\"https:\/\/biscotteslitteraires.com\/2021\/ou-suis-je\/#breadcrumb\",\"itemListElement\":[{\"@type\":\"ListItem\",\"position\":1,\"name\":\"Accueil\",\"item\":\"https:\/\/biscotteslitteraires.com\/2021\/\"},{\"@type\":\"ListItem\",\"position\":2,\"name\":\"O\u00f9 suis-je?\"}]},{\"@type\":\"Article\",\"@id\":\"https:\/\/biscotteslitteraires.com\/2021\/ou-suis-je\/#article\",\"isPartOf\":{\"@id\":\"https:\/\/biscotteslitteraires.com\/2021\/ou-suis-je\/#webpage\"},\"author\":{\"@id\":\"https:\/\/biscotteslitteraires.com\/2021\/#\/schema\/person\/a7786cb98c76c568669b36d299731946\"},\"headline\":\"O\u00f9 suis-je?\",\"datePublished\":\"2022-06-02T10:05:59+00:00\",\"dateModified\":\"2022-06-02T10:06:00+00:00\",\"mainEntityOfPage\":{\"@id\":\"https:\/\/biscotteslitteraires.com\/2021\/ou-suis-je\/#webpage\"},\"wordCount\":264,\"commentCount\":1,\"publisher\":{\"@id\":\"https:\/\/biscotteslitteraires.com\/2021\/#organization\"},\"image\":{\"@id\":\"https:\/\/biscotteslitteraires.com\/2021\/ou-suis-je\/#primaryimage\"},\"thumbnailUrl\":\"https:\/\/biscotteslitteraires.com\/2021\/wp-content\/uploads\/2022\/06\/eau_nature.jpg\",\"articleSection\":[\"po\u00e8me\"],\"inLanguage\":\"fr-FR\",\"potentialAction\":[{\"@type\":\"CommentAction\",\"name\":\"Comment\",\"target\":[\"https:\/\/biscotteslitteraires.com\/2021\/ou-suis-je\/#respond\"]}]},{\"@type\":\"Person\",\"@id\":\"https:\/\/biscotteslitteraires.com\/2021\/#\/schema\/person\/a7786cb98c76c568669b36d299731946\",\"name\":\"biscotteslitteraires\",\"image\":{\"@type\":\"ImageObject\",\"inLanguage\":\"fr-FR\",\"@id\":\"https:\/\/biscotteslitteraires.com\/2021\/#\/schema\/person\/image\/\",\"url\":\"https:\/\/secure.gravatar.com\/avatar\/94320ea752b93453cb48b1b2d71ada12?s=96&d=mm&r=g\",\"contentUrl\":\"https:\/\/secure.gravatar.com\/avatar\/94320ea752b93453cb48b1b2d71ada12?s=96&d=mm&r=g\",\"caption\":\"biscotteslitteraires\"},\"url\":\"https:\/\/biscotteslitteraires.com\/2021\/author\/admin\/\"}]}<\/script>\n<!-- \/ Yoast SEO plugin. -->","yoast_head_json":{"title":"O\u00f9 suis-je? - Biscottes Litt\u00e9raires","robots":{"index":"index","follow":"follow","max-snippet":"max-snippet:-1","max-image-preview":"max-image-preview:large","max-video-preview":"max-video-preview:-1"},"canonical":"https:\/\/biscotteslitteraires.com\/2021\/ou-suis-je\/","og_locale":"fr_FR","og_type":"article","og_title":"O\u00f9 suis-je? - Biscottes Litt\u00e9raires","og_description":"Le devenir de l'homme ne se d\u00e9finit que par ses actes dit-on. dans cet espace, j'ai torqu\u00e9 aux portes, je dis j'ai frapp\u00e9 aux portes des gens bien intentionn\u00e9s, des amis, des fr\u00e8res et soeurs aim\u00e9s pour trouver un viatique, mais \u00e9golo !","og_url":"https:\/\/biscotteslitteraires.com\/2021\/ou-suis-je\/","og_site_name":"Biscottes Litt\u00e9raires","article_publisher":"https:\/\/facebook.com\/biscotteslitterairesbenin","article_published_time":"2022-06-02T10:05:59+00:00","article_modified_time":"2022-06-02T10:06:00+00:00","og_image":[{"width":1200,"height":800,"url":"https:\/\/biscotteslitteraires.com\/2021\/wp-content\/uploads\/2022\/06\/eau_nature.jpg","type":"image\/jpeg"}],"twitter_card":"summary","twitter_misc":{"\u00c9crit par":"biscotteslitteraires","Dur\u00e9e de lecture estim\u00e9e":"1 minute"},"schema":{"@context":"https:\/\/schema.org","@graph":[{"@type":"Organization","@id":"https:\/\/biscotteslitteraires.com\/2021\/#organization","name":"Biscottes Litt\u00e9raires","url":"https:\/\/biscotteslitteraires.com\/2021\/","sameAs":["https:\/\/facebook.com\/biscotteslitterairesbenin"],"logo":{"@type":"ImageObject","inLanguage":"fr-FR","@id":"https:\/\/biscotteslitteraires.com\/2021\/#\/schema\/logo\/image\/","url":"https:\/\/biscotteslitteraires.com\/2021\/wp-content\/uploads\/2018\/11\/cropped-LOGO-BL-e1630101307137.jpg","contentUrl":"https:\/\/biscotteslitteraires.com\/2021\/wp-content\/uploads\/2018\/11\/cropped-LOGO-BL-e1630101307137.jpg","width":960,"height":960,"caption":"Biscottes Litt\u00e9raires"},"image":{"@id":"https:\/\/biscotteslitteraires.com\/2021\/#\/schema\/logo\/image\/"}},{"@type":"WebSite","@id":"https:\/\/biscotteslitteraires.com\/2021\/#website","url":"https:\/\/biscotteslitteraires.com\/2021\/","name":"Biscottes Litt\u00e9raires","description":"Ici nous voyagerons dans les lignes, explorerons les interlignes.","publisher":{"@id":"https:\/\/biscotteslitteraires.com\/2021\/#organization"},"potentialAction":[{"@type":"SearchAction","target":{"@type":"EntryPoint","urlTemplate":"https:\/\/biscotteslitteraires.com\/2021\/?s={search_term_string}"},"query-input":"required name=search_term_string"}],"inLanguage":"fr-FR"},{"@type":"ImageObject","inLanguage":"fr-FR","@id":"https:\/\/biscotteslitteraires.com\/2021\/ou-suis-je\/#primaryimage","url":"https:\/\/biscotteslitteraires.com\/2021\/wp-content\/uploads\/2022\/06\/eau_nature.jpg","contentUrl":"https:\/\/biscotteslitteraires.com\/2021\/wp-content\/uploads\/2022\/06\/eau_nature.jpg","width":1200,"height":800},{"@type":"WebPage","@id":"https:\/\/biscotteslitteraires.com\/2021\/ou-suis-je\/#webpage","url":"https:\/\/biscotteslitteraires.com\/2021\/ou-suis-je\/","name":"O\u00f9 suis-je? - Biscottes Litt\u00e9raires","isPartOf":{"@id":"https:\/\/biscotteslitteraires.com\/2021\/#website"},"primaryImageOfPage":{"@id":"https:\/\/biscotteslitteraires.com\/2021\/ou-suis-je\/#primaryimage"},"datePublished":"2022-06-02T10:05:59+00:00","dateModified":"2022-06-02T10:06:00+00:00","breadcrumb":{"@id":"https:\/\/biscotteslitteraires.com\/2021\/ou-suis-je\/#breadcrumb"},"inLanguage":"fr-FR","potentialAction":[{"@type":"ReadAction","target":["https:\/\/biscotteslitteraires.com\/2021\/ou-suis-je\/"]}]},{"@type":"BreadcrumbList","@id":"https:\/\/biscotteslitteraires.com\/2021\/ou-suis-je\/#breadcrumb","itemListElement":[{"@type":"ListItem","position":1,"name":"Accueil","item":"https:\/\/biscotteslitteraires.com\/2021\/"},{"@type":"ListItem","position":2,"name":"O\u00f9 suis-je?"}]},{"@type":"Article","@id":"https:\/\/biscotteslitteraires.com\/2021\/ou-suis-je\/#article","isPartOf":{"@id":"https:\/\/biscotteslitteraires.com\/2021\/ou-suis-je\/#webpage"},"author":{"@id":"https:\/\/biscotteslitteraires.com\/2021\/#\/schema\/person\/a7786cb98c76c568669b36d299731946"},"headline":"O\u00f9 suis-je?","datePublished":"2022-06-02T10:05:59+00:00","dateModified":"2022-06-02T10:06:00+00:00","mainEntityOfPage":{"@id":"https:\/\/biscotteslitteraires.com\/2021\/ou-suis-je\/#webpage"},"wordCount":264,"commentCount":1,"publisher":{"@id":"https:\/\/biscotteslitteraires.com\/2021\/#organization"},"image":{"@id":"https:\/\/biscotteslitteraires.com\/2021\/ou-suis-je\/#primaryimage"},"thumbnailUrl":"https:\/\/biscotteslitteraires.com\/2021\/wp-content\/uploads\/2022\/06\/eau_nature.jpg","articleSection":["po\u00e8me"],"inLanguage":"fr-FR","potentialAction":[{"@type":"CommentAction","name":"Comment","target":["https:\/\/biscotteslitteraires.com\/2021\/ou-suis-je\/#respond"]}]},{"@type":"Person","@id":"https:\/\/biscotteslitteraires.com\/2021\/#\/schema\/person\/a7786cb98c76c568669b36d299731946","name":"biscotteslitteraires","image":{"@type":"ImageObject","inLanguage":"fr-FR","@id":"https:\/\/biscotteslitteraires.com\/2021\/#\/schema\/person\/image\/","url":"https:\/\/secure.gravatar.com\/avatar\/94320ea752b93453cb48b1b2d71ada12?s=96&d=mm&r=g","contentUrl":"https:\/\/secure.gravatar.com\/avatar\/94320ea752b93453cb48b1b2d71ada12?s=96&d=mm&r=g","caption":"biscotteslitteraires"},"url":"https:\/\/biscotteslitteraires.com\/2021\/author\/admin\/"}]}},"_links":{"self":[{"href":"https:\/\/biscotteslitteraires.com\/2021\/wp-json\/wp\/v2\/posts\/11489"}],"collection":[{"href":"https:\/\/biscotteslitteraires.com\/2021\/wp-json\/wp\/v2\/posts"}],"about":[{"href":"https:\/\/biscotteslitteraires.com\/2021\/wp-json\/wp\/v2\/types\/post"}],"author":[{"embeddable":true,"href":"https:\/\/biscotteslitteraires.com\/2021\/wp-json\/wp\/v2\/users\/1"}],"replies":[{"embeddable":true,"href":"https:\/\/biscotteslitteraires.com\/2021\/wp-json\/wp\/v2\/comments?post=11489"}],"version-history":[{"count":1,"href":"https:\/\/biscotteslitteraires.com\/2021\/wp-json\/wp\/v2\/posts\/11489\/revisions"}],"predecessor-version":[{"id":11493,"href":"https:\/\/biscotteslitteraires.com\/2021\/wp-json\/wp\/v2\/posts\/11489\/revisions\/11493"}],"wp:featuredmedia":[{"embeddable":true,"href":"https:\/\/biscotteslitteraires.com\/2021\/wp-json\/wp\/v2\/media\/11492"}],"wp:attachment":[{"href":"https:\/\/biscotteslitteraires.com\/2021\/wp-json\/wp\/v2\/media?parent=11489"}],"wp:term":[{"taxonomy":"category","embeddable":true,"href":"https:\/\/biscotteslitteraires.com\/2021\/wp-json\/wp\/v2\/categories?post=11489"},{"taxonomy":"post_tag","embeddable":true,"href":"https:\/\/biscotteslitteraires.com\/2021\/wp-json\/wp\/v2\/tags?post=11489"}],"curies":[{"name":"wp","href":"https:\/\/api.w.org\/{rel}","templated":true}]}}