{"id":11924,"date":"2023-06-04T23:20:02","date_gmt":"2023-06-04T23:20:02","guid":{"rendered":"https:\/\/biscotteslitteraires.com\/2021\/?p=11924"},"modified":"2023-06-05T07:56:01","modified_gmt":"2023-06-05T07:56:01","slug":"je-me-suis-lance-dans-le-monde-editorial-pour-apporter-ma-contribution-a-la-litterature","status":"publish","type":"post","link":"https:\/\/biscotteslitteraires.com\/2021\/je-me-suis-lance-dans-le-monde-editorial-pour-apporter-ma-contribution-a-la-litterature\/","title":{"rendered":"\u00ab\u00a0(&#8230;) je me suis lanc\u00e9 dans le monde \u00e9ditorial pour apporter ma contribution \u00e0 la litt\u00e9rature.\u00a0\u00bb"},"content":{"rendered":"\t\t<div data-elementor-type=\"wp-post\" data-elementor-id=\"11924\" class=\"elementor elementor-11924\" data-elementor-settings=\"[]\">\n\t\t\t\t\t\t<div class=\"elementor-inner\">\n\t\t\t\t\t\t\t<div class=\"elementor-section-wrap\">\n\t\t\t\t\t\t\t<section class=\"elementor-section elementor-top-section elementor-element elementor-element-12c02cc0 elementor-section-boxed elementor-section-height-default elementor-section-height-default\" data-id=\"12c02cc0\" data-element_type=\"section\">\n\t\t\t\t\t\t<div class=\"elementor-container elementor-column-gap-default\">\n\t\t\t\t\t\t\t<div class=\"elementor-row\">\n\t\t\t\t\t<div class=\"elementor-column elementor-col-100 elementor-top-column elementor-element elementor-element-34aad520\" data-id=\"34aad520\" data-element_type=\"column\">\n\t\t\t<div class=\"elementor-column-wrap elementor-element-populated\">\n\t\t\t\t\t\t\t<div class=\"elementor-widget-wrap\">\n\t\t\t\t\t\t<div class=\"elementor-element elementor-element-a993a98 elementor-widget elementor-widget-text-editor\" data-id=\"a993a98\" data-element_type=\"widget\" data-widget_type=\"text-editor.default\">\n\t\t\t\t<div class=\"elementor-widget-container\">\n\t\t\t\t\t\t\t\t<div class=\"elementor-text-editor elementor-clearfix\">\n\t\t\t\t<p><!-- wp:paragraph --><\/p>\n<p><strong><em><u>BL\u00a0:<\/u><\/em><\/strong><strong><em> Bonjour Monsieur Ghislain. C\u2019est un r\u00e9el plaisir pour nous de vous recevoir sur notre blog. Vous \u00eates B\u00e9ninois, \u00e9diteur et amoureux des lettres. Que pouvons-nous savoir davantage sur vous pour \u00eatre s\u00fbr de mieux vous conna\u00eetre.<\/em><\/strong><\/p>\n<p><!-- \/wp:paragraph --><\/p>\n<p><!-- wp:paragraph --><\/p>\n<p><strong><u>GA<\/u>\u00a0: <\/strong>Bonjour \u00e0 vous et \u00e0 tous les internautes fid\u00e8les lecteurs de ce blog. Je suis Ghislain AHOUANSE, co-fondateur et responsable \u00e9ditorial des Editions L\u00e9gende. Socio-anthropologue de formation, je suis avant tout un assoiff\u00e9 de la connaissance, ce qui me condamne \u00e0 la lecture.<\/p>\n<p><!-- \/wp:paragraph --><\/p>\n<p><!-- wp:image {\"id\":11925,\"sizeSlug\":\"large\",\"linkDestination\":\"none\"} --><\/p>\n<figure class=\"wp-block-image size-large\"><img loading=\"lazy\" width=\"770\" height=\"1024\" class=\"wp-image-11925\" src=\"https:\/\/biscotteslitteraires.com\/2021\/wp-content\/uploads\/2023\/06\/ghislain-ahouanse-770x1024.jpg\" alt=\"\" srcset=\"https:\/\/biscotteslitteraires.com\/2021\/wp-content\/uploads\/2023\/06\/ghislain-ahouanse-770x1024.jpg 770w, https:\/\/biscotteslitteraires.com\/2021\/wp-content\/uploads\/2023\/06\/ghislain-ahouanse-226x300.jpg 226w, https:\/\/biscotteslitteraires.com\/2021\/wp-content\/uploads\/2023\/06\/ghislain-ahouanse-768x1021.jpg 768w, https:\/\/biscotteslitteraires.com\/2021\/wp-content\/uploads\/2023\/06\/ghislain-ahouanse.jpg 812w\" sizes=\"(max-width: 770px) 100vw, 770px\" \/>\n<p>\u00a0<\/p>\n<figcaption><br \/><strong><em><u>BL\u00a0:<\/u> Quand on est observateur de la vie litt\u00e9raire, on a certainement son mot \u00e0 dire sur l\u2019\u00e9tat de sant\u00e9 du secteur du livre au B\u00e9nin, compar\u00e9 \u00e0 ce qui se passe ailleurs.<\/em><\/strong><br \/><strong><u>GA<\/u>\u00a0:<\/strong> Je crois que le secteur du livre au B\u00e9nin a de beaux jours devant lui. Quand on regarde les diff\u00e9rentes publications de ces cinq derni\u00e8res ann\u00e9es, on se rend compte que le nombre d\u2019auteurs a explos\u00e9. De nouvelles maisons d\u2019\u00e9ditions \u00e9mergent \u00e9galement. Une preuve que notre litt\u00e9rature fait peau neuve.<br \/><strong><em><u>BL\u00a0:<\/u> Vous \u00eates \u00e9diteur. Et c\u2019est justement sous cette casquette que nous vous recevons. Comment cette vocation est-elle n\u00e9e\u00a0?<\/em><\/strong><br \/><strong><u>GA<\/u>\u00a0:<\/strong> Pour \u00eatre honn\u00eate, je ne peux dire que je suis \u00e9diteur par vocation. Par amour, peut-\u00eatre\u00a0! Mais une chose est s\u00fbre, je me suis lanc\u00e9 dans le monde \u00e9ditorial pour apporter ma contribution \u00e0 la litt\u00e9rature. Les critiques verbales sont bonnes. Mais se mettre \u00e0 l\u2019\u0153uvre pour apporter sa pierre \u00e0 la construction de l\u2019\u00e9difice, c\u2019est encore mieux.<br \/><strong><em><u>BL\u00a0:<\/u> Quelle est la vocation fondamentale que vous assignez aux Editions L\u00e9gende ?<\/em><\/strong><br \/><strong><u>GA<\/u>\u00a0:<\/strong> Puisque le monde et ses cultures sont en perp\u00e9tuelle mutation, nous nous sommes assign\u00e9 aux Editions L\u00e9gende la vocation de constituer un patrimoine artistique et culturel riche \u00e0 l\u00e9guer aux g\u00e9n\u00e9rations futures. C\u2019est pour cela que nous publions toutes les litt\u00e9ratures du monde qui entrent dans la droite ligne de la promotion des droits de l\u2019Homme et de l\u2019\u00e9ducation, des humanit\u00e9s et de la protection de l\u2019environnement. Ainsi, nous pourrions atteindre notre but qui se r\u00e9sume \u00e0 notre devise\u00a0:<em> le panth\u00e9on des cultures\u00a0!<\/em><br \/><strong><em><u>BL\u00a0:<\/u> Quel est le bilan \u00e0 mi-parcours que vous pourriez faire apr\u00e8s ces quelques ann\u00e9es dans le monde de l\u2019\u00e9dition\u00a0?<\/em><\/strong><br \/><strong><u>GA<\/u>\u00a0:<\/strong> Bient\u00f4t deux ans que nous existons. Nous avons publi\u00e9 sept ouvrages de sept auteurs diff\u00e9rents. Le bilan est plut\u00f4t satisfaisant.<br \/><strong><em><u>BL\u00a0:<\/u> La culture de la lecture dispara\u00eet peu \u00e0 peu avec pour corolaires la baisse drastique du niveau en fran\u00e7ais. Que faire pour que cette habitude en voie de disparition telle une esp\u00e8ce rare puisse faire son comeback, et, en tant qu&rsquo;un f\u00e9ru des Belles-lettres, que faites-vous d\u00e9j\u00e0 sur le terrain pour que le tir soit un tant soit peu corrig\u00e9 ?<\/em><\/strong><br \/><strong><u>GA<\/u>\u00a0:<\/strong> Personnellement, je ne pense pas que la culture de la lecture dispara\u00eet. Je crois au contraire qu\u2019avec la pouss\u00e9e d\u00e9mographique, le nombre de lecteurs a consid\u00e9rablement augment\u00e9. Et pareil pour le nombre de \u00ab\u00a0non-lecteurs\u00a0\u00bb. S\u2019il y a aujourd\u2019hui plus d\u2019\u00e9crivains qu\u2019il y a 10 ans, c\u2019est sans doute parce qu\u2019il y a plus de lecteurs. Il suffit de faire un tour dans les centres de documentation tels que les Biblioth\u00e8ques du r\u00e9seau du CAEB ou celles de l\u2019Association B\u00e9nin Excellence, de jeter un coup d\u2019\u0153il \u00e0 leurs registres, leurs archives. Les scores sont incroyables.<br \/>Mais \u00ab tant qu\u2019il reste \u00e0 faire, rien n\u2019est encore fait \u00bb. Et donc pour conqu\u00e9rir le c\u0153ur du reste qui ne lit pas encore, il faut multiplier des initiatives de promotion de livres : rapprocher le livre de la cible. Je salue ceux qui font d\u00e9j\u00e0 un effort consid\u00e9rable dans ce domaine : PromoLitt dans tout le B\u00e9nin, Beninlivres \u00e0 Porto-Novo, Baudelaire Avenon \u00e0 Lokossa, etc. Personnellement, aux Editions L\u00e9gende, nous essayons d\u2019accompagner des initiatives litt\u00e9raires en faisant participer nos auteurs \u00e0 des rencontres litt\u00e9raires.<br \/><strong><em><u>BL\u00a0:<\/u> Qu\u2019est-ce qui selon vous manque \u00e0 l\u2019actuelle g\u00e9n\u00e9ration d\u2019\u00e9crivains d\u2019\u00eatre autant percutante que celle des Paul Hazoum\u00e9, Jean Pliya, Olympe Bh\u00eali-Quenum\u00a0?<\/em><\/strong><br \/><strong><u>GA<\/u>\u00a0:<\/strong> Pour moi, il y a de tr\u00e8s bons auteurs dont les \u0153uvres sont aussi percutantes que celles des a\u00een\u00e9s dont vous avez cit\u00e9 les noms. Mais la plupart de ceux-ci ne sont pas connus du grand public. Il faut lire \u00ab\u00a0<strong><em>Le Colonel Zibotey<\/em><\/strong>\u00a0\u00bb de Hou\u00e9nou Kowanou ou \u00ab\u00a0<strong><em>Blues de boue<\/em><\/strong>\u00a0\u00bb de Gr\u00e9goire Folly pour comprendre qu\u2019il y a de tr\u00e8s bons auteurs avec des plumes magiques.<\/figcaption>\n<\/figure>\n<p><!-- \/wp:image --><\/p>\n<p><!-- wp:image {\"id\":11926,\"sizeSlug\":\"large\",\"linkDestination\":\"none\"} --><\/p>\n<figure class=\"wp-block-image size-large\"><img loading=\"lazy\" width=\"1024\" height=\"1024\" class=\"wp-image-11926\" src=\"https:\/\/biscotteslitteraires.com\/2021\/wp-content\/uploads\/2023\/06\/IMG-20220129-WA0003-1024x1024.jpg\" alt=\"\" srcset=\"https:\/\/biscotteslitteraires.com\/2021\/wp-content\/uploads\/2023\/06\/IMG-20220129-WA0003-1024x1024.jpg 1024w, https:\/\/biscotteslitteraires.com\/2021\/wp-content\/uploads\/2023\/06\/IMG-20220129-WA0003-300x300.jpg 300w, https:\/\/biscotteslitteraires.com\/2021\/wp-content\/uploads\/2023\/06\/IMG-20220129-WA0003-150x150.jpg 150w, https:\/\/biscotteslitteraires.com\/2021\/wp-content\/uploads\/2023\/06\/IMG-20220129-WA0003-768x768.jpg 768w, https:\/\/biscotteslitteraires.com\/2021\/wp-content\/uploads\/2023\/06\/IMG-20220129-WA0003.jpg 1080w\" sizes=\"(max-width: 1024px) 100vw, 1024px\" \/><\/figure>\n<p><!-- \/wp:image --><\/p>\n<p><!-- wp:paragraph --><\/p>\n<p><strong><em><u>BL\u00a0:<\/u><\/em><\/strong><strong><em> L\u2019une des remarques les plus r\u00e9currentes que l\u2019on fait de nos jours aux livres \u00e9dit\u00e9s sous nos cieux, c\u2019est malheureusement l\u2019aspect des livres que certaines maisons d\u2019\u00e9dition mettent sur le march\u00e9. Vous convenez avec nous qu\u2019il existe sur le march\u00e9 beaucoup de livres sont mal pr\u00e9sent\u00e9s, aussi bien dans la forme que dans le fond. Voici d\u2019ailleurs ce qu\u2019en dit Dat\u00e9-Barnab\u00e9 Akayi\u00a0: \u00ab\u00a0<\/em><\/strong><em>Quand ils ont la bonne volont\u00e9 de prendre en charge enti\u00e8rement le livre, lorsqu\u2019ils (les \u00e9diteurs) l\u2019envoient \u00e0 \u00a0l\u2019imprimerie, le livre ne revient pas toujours en de bonne qualit\u00e9\u00a0: c\u2019est comme si nos imprimeurs (ou leurs machines) ont une dent pourrie contre l\u2019esth\u00e9tique du produit physique qu\u2019est le livre. Eh bien, le livre\u00a0 n\u2019est pas, sur le march\u00e9, attirant\u00a0!\u00a0<\/em><strong><em>\u00bb Que pensez-vous, en tant qu\u2019\u00e9diteur, de cette remarque\u00a0?<\/em><\/strong><\/p>\n<p><!-- \/wp:paragraph --><\/p>\n<p><!-- wp:paragraph --><\/p>\n<p><strong><u>GA<\/u><\/strong><strong>\u00a0:<\/strong> Je pense que cette remarque traduit la r\u00e9alit\u00e9 de ce que nous vivons ici au B\u00e9nin. L\u2019\u00e9diteur n\u2019est pas un imprimeur. Et l\u2019imprimeur n\u2019est pas un \u00e9diteur. Mais ils font tous partie de la cha\u00eene du livre. Il suffit que l\u2019un d\u2019entre eux passe \u00e0 c\u00f4t\u00e9 pour que le produit final qu\u2019est le livre soit de mauvaise qualit\u00e9 physique. Quand l\u2019\u00e9diteur envoie sa maquette et que l\u2019imprimeur rogne la marge qu\u2019il ne devrait pas toucher, le livre ne ressemble plus \u00e0 ce qu\u2019il devrait \u00eatre.<\/p>\n<p><!-- \/wp:paragraph --><\/p>\n<p><!-- wp:paragraph --><\/p>\n<p><strong><em><u>BL\u00a0:<\/u><\/em><\/strong><strong><em> Toute la faute revient-elle vraiment \u00e0 l\u2019imprimeur\u00a0? Ce dernier est-il aussi comptable des montages affreux, des couvertures o\u00f9 l\u2019on lit difficilement le titre du livre ou le nom de l\u2019auteur et des tonnes de fautes que l\u2019on rencontre dans certains livres\u00a0?<\/em><\/strong><\/p>\n<p><!-- \/wp:paragraph --><\/p>\n<p><!-- wp:paragraph --><\/p>\n<p><strong><u>GA<\/u><\/strong><strong>\u00a0:<\/strong> Non, l\u2019imprimeur n\u2019est pas toujours le seul fautif. D\u2019ailleurs, l\u2019imprimeur n\u2019est pas le responsable de ses propres erreurs. C\u2019est \u00e0 l&rsquo;\u00e9diteur qu\u2019on fait tout le proc\u00e8s puisqu\u2019il coordonne toutes les activit\u00e9s entrant dans le compte de l\u2019\u00e9dition du livre. Les montages mal faits et les couvertures moins agr\u00e9ables sont, par exemple l\u2019\u0153uvre, de l\u2019infographiste et du graphiste. Mais ceux-ci travaillent sous la supervision de l\u2019\u00e9diteur. Pour ce qui est des fautes, l\u2019\u00e9diteur est toujours responsable, car, la correction du manuscrit est dans son cahier de charge.<\/p>\n<p><!-- \/wp:paragraph --><\/p>\n<p><!-- wp:paragraph --><\/p>\n<p><strong><em><u>BL\u00a0:<\/u><\/em><\/strong> <strong><em>Nous allons rebondir sur la question: Entre l\u2019auteur et l\u2019\u00e9diteur, qui est vraiment comptable des fautes qui subsistent dans le livre publi\u00e9 \u00e9tant attendu que le travail de l\u2019auteur finit d\u00e8s qu\u2019il a soumis son manuscrit et qu\u2019il l\u2019a retravaill\u00e9 sur instruction de l\u2019\u00e9diteur qui, de concert avec son \u00e9quipe, doit \u00e9purer le manuscrit et publier un texte propre?<\/em><\/strong><\/p>\n<p><!-- \/wp:paragraph --><\/p>\n<p><!-- wp:paragraph --><\/p>\n<p><strong><u>GA<\/u><\/strong><strong>\u00a0:<\/strong> L\u2019\u00e9diteur et l\u2019auteur sont tous deux coupables. Si l\u2019\u00e9diteur est le principal coupable, l\u2019auteur est son complice. Car, il a donn\u00e9 son \u00ab\u00a0Bon A Tirer\u00a0\u00bb sans s\u2019assurer que l\u2019\u00e9diteur a fait le n\u00e9cessaire pour \u00e9liminer les fautes.<\/p>\n<p><!-- \/wp:paragraph --><\/p>\n<p><!-- wp:paragraph --><\/p>\n<p><strong><em><u>BL\u00a0:<\/u><\/em><\/strong> <strong><em>Est-ce m\u00e9chant de dire que le livre au B\u00e9nin est \u00e0 l\u2019image des maisons d\u2019\u00e9dition qui ne prennent pas toujours le temps d\u2019accompagner l\u2019\u00e9crivain afin qu\u2019il r\u00e9\u00e9crive son manuscrit, ou qui publient le manuscrit d\u00e8s que l\u2019auteur paie la facture \u00e0 lui adress\u00e9e par l\u2019\u00e9diteur\u00a0?<\/em><\/strong><\/p>\n<p><!-- \/wp:paragraph --><\/p>\n<p><!-- wp:paragraph --><\/p>\n<p><strong><u>GA<\/u><\/strong><strong>\u00a0:<\/strong> Il faut travailler avec mon \u00e9quipe pour comprendre qu\u2019il n\u2019y a pas de manuscrit abouti a priori. Le comit\u00e9 de lecture des Editions L\u00e9gende exige la plupart du temps de l\u2019auteur qu\u2019il r\u00e9\u00e9crive certaines parties de son texte. D\u2019ailleurs, nous n\u2019acceptons v\u00e9ritablement aucun manuscrit avant de nous assurer que l\u2019auteur a fait ce qu\u2019il faut pour porter le titre d\u2019\u00e9crivain.<\/p>\n<p><!-- \/wp:paragraph --><\/p>\n<p><!-- wp:paragraph --><\/p>\n<p><strong><em><u>BL\u00a0:<\/u><\/em><\/strong> <strong><em>Pensez-vous que les \u00e9diteurs b\u00e9ninois aident vraiment les auteurs en ce qui concerne la promotion et la visibilit\u00e9 ?<\/em><\/strong><\/p>\n<p><!-- \/wp:paragraph --><\/p>\n<p><!-- wp:paragraph --><\/p>\n<p><strong><u>GA<\/u><\/strong><strong>\u00a0:<\/strong> Bien s\u00fbr que oui. Les Editions Beninlivres par exemple font assez de communication autour des \u0153uvres qu\u2019elles publient. De notre c\u00f4t\u00e9, nous essayons \u00e9galement de faire passer nos auteurs sur des plateaux de t\u00e9l\u00e9vision, sur des cha\u00eenes radio, des blogs et m\u00eame dans des centres de documentation.<\/p>\n<p><!-- \/wp:paragraph --><\/p>\n<p><!-- wp:paragraph --><\/p>\n<p><strong><em><u>BL\u00a0:<\/u><\/em><\/strong> <strong><em>Comment pensez-vous donner au livre sa place dans l\u2019univers qui est le n\u00f4tre aujourd\u2019hui?<\/em><\/strong><\/p>\n<p><!-- \/wp:paragraph --><\/p>\n<p><!-- wp:paragraph --><\/p>\n<p><strong><u>GA<\/u><\/strong><strong>\u00a0:<\/strong> Je dirai, d\u2019abord, en rendant disponibles ici au B\u00e9nin les livres des auteurs b\u00e9ninois. Puisque pour donner une place au livre, il faudrait d\u2019abord que le livre soit disponible et accessible. Ensuite, accompagner le livre et son auteur afin de toucher la cible. Et les promoteurs litt\u00e9raires, le lectorat feront le reste.<\/p>\n<p><!-- \/wp:paragraph --><\/p>\n<p><!-- wp:paragraph --><\/p>\n<p><strong><em><u>BL\u00a0:<\/u><\/em><\/strong> <strong><em>\u00c9diteur, vous avez certainement votre mot \u00e0 dire sur les diff\u00e9rents contrats d\u2019\u00e9dition\u2026<\/em><\/strong><\/p>\n<p><!-- \/wp:paragraph --><\/p>\n<p><!-- wp:paragraph --><\/p>\n<p><strong><u>GA<\/u><\/strong><strong>\u00a0:<\/strong> Tous les types de contrat existent ici au B\u00e9nin. Contrairement \u00e0 ce que certaines personnes peuvent croire, il y a des \u00e9diteurs b\u00e9ninois qui font des publications \u00e0 compte d\u2019\u00e9diteur. Nous avons plus de titres \u00e0 compte d\u2019\u00e9diteur que de titres \u00e0 compte d\u2019auteur dans nous notre catalogue. Et m\u00eame pour ceux qui sont \u00e0 compte d\u2019auteur, ce sont les auteurs qui choisissent cette option.<\/p>\n<p><!-- \/wp:paragraph --><\/p>\n<p><!-- wp:paragraph --><\/p>\n<p><strong><em><u>BL\u00a0:<\/u><\/em><\/strong> <strong><em>Que pensez-vous essentiellement de l\u2019auto\u00e9dition?<\/em><\/strong><\/p>\n<p><!-- \/wp:paragraph --><\/p>\n<p><!-- wp:paragraph --><\/p>\n<p><strong><u>GA<\/u><\/strong><strong>\u00a0:<\/strong> Tous les auteurs m\u00e9ritent d\u2019\u00eatre lus. Je ne peux donc condamner un auteur qui s\u2019auto\u00e9dite apr\u00e8s plusieurs tentatives chez des \u00e9diteurs qui estiment que le manuscrit n\u2019entre pas dans leurs lignes \u00e9ditoriales.<\/p>\n<p><!-- \/wp:paragraph --><\/p>\n<p><!-- wp:paragraph --><\/p>\n<p><strong><em><u>BL\u00a0:<\/u><\/em><\/strong> <strong><em>La litt\u00e9rature jeunesse peine \u00e0 s\u2019imposer sur le march\u00e9 local. Cette assertion est-celle juste\u00a0? Si oui, qu\u2019est-ce qui l\u2019explique selon vous?<\/em><\/strong><\/p>\n<p><!-- \/wp:paragraph --><\/p>\n<p><!-- wp:paragraph --><\/p>\n<p><strong><u>GA<\/u><\/strong><strong>\u00a0:<\/strong> Non, je ne pense pas que la litt\u00e9rature jeunesse peine \u00e0 s\u2019imposer sur le march\u00e9 local. Je le dis parce que j\u2019ai publi\u00e9 des titres de jeunesse qui n\u2019ont rencontr\u00e9 aucune difficult\u00e9 sur le march\u00e9.<\/p>\n<p><!-- \/wp:paragraph --><\/p>\n<p><!-- wp:paragraph --><\/p>\n<p><strong><em><u>BL\u00a0:<\/u><\/em><\/strong> <strong><em>A quoi un auteur doit-il s\u2019attendre lorsqu\u2019il soumet son manuscrit aux Editions L\u00e9gende\u00a0?<\/em><\/strong><\/p>\n<p><!-- \/wp:paragraph --><\/p>\n<p><!-- wp:paragraph --><\/p>\n<p><strong><u>GA<\/u><\/strong><strong>\u00a0:<\/strong> A toutes les \u00e9ventualit\u00e9s. Un refus comme une acceptation. Mais dans l\u2019un ou l\u2019autre des cas, notre comit\u00e9 lui adresse des critiques constructives afin de lui permettre d\u2019am\u00e9liorer la qualit\u00e9 de son manuscrit.<\/p>\n<p><!-- \/wp:paragraph --><\/p>\n<p><!-- wp:paragraph --><\/p>\n<p><strong><em><u>BL\u00a0:<\/u><\/em><\/strong> <strong><em>Quels sont vos projets \u00e0 court et moyen termes?<\/em><\/strong><\/p>\n<p><!-- \/wp:paragraph --><\/p>\n<p><!-- wp:paragraph --><\/p>\n<p><strong><u>GA<\/u><\/strong><strong>\u00a0:<\/strong> A court terme, nous voudrions organiser une r\u00e9sidence d\u2019\u00e9criture pour accompagner quelques auteurs \u00e0 travailler sur leurs projets d\u2019\u00e9criture. A long terme, nous cr\u00e9erons un prix litt\u00e9raire pour r\u00e9compenser la cr\u00e9ation des auteurs.<\/p>\n<p><!-- \/wp:paragraph --><\/p>\n<p><!-- wp:paragraph --><\/p>\n<p><strong><em><u>BL\u00a0:<\/u><\/em><\/strong> <strong><em>Votre mot de la fin<\/em><\/strong><\/p>\n<p><!-- \/wp:paragraph --><\/p>\n<p><!-- wp:paragraph --><\/p>\n<p><strong><u>GA<\/u><\/strong><strong>\u00a0:<\/strong> Je tiens \u00e0 remercier toute l\u2019\u00e9quipe de Biscottes Litt\u00e9raires pour ce qu\u2019elle fait pour la promotion de la litt\u00e9rature. Je remercie \u00e9galement toute l\u2019\u00e9quipe des Editions L\u00e9gende.<\/p>\n<p><!-- \/wp:paragraph --><\/p>\t\t\t\t\t<\/div>\n\t\t\t\t\t\t<\/div>\n\t\t\t\t<\/div>\n\t\t\t\t\t\t<\/div>\n\t\t\t\t\t<\/div>\n\t\t<\/div>\n\t\t\t\t\t\t\t\t<\/div>\n\t\t\t\t\t<\/div>\n\t\t<\/section>\n\t\t\t\t\t\t<\/div>\n\t\t\t\t\t\t<\/div>\n\t\t\t\t\t<\/div>\n\t\t","protected":false},"excerpt":{"rendered":"<p>BL\u00a0: Bonjour Monsieur Ghislain. C\u2019est un r\u00e9el plaisir pour nous de vous recevoir sur notre blog. Vous \u00eates B\u00e9ninois, \u00e9diteur et amoureux des lettres. Que pouvons-nous savoir davantage sur vous pour \u00eatre s\u00fbr de mieux vous conna\u00eetre. GA\u00a0: Bonjour \u00e0 vous et \u00e0 tous les internautes fid\u00e8les lecteurs de ce blog. Je suis Ghislain AHOUANSE, [&hellip;]<\/p>\n","protected":false},"author":1,"featured_media":0,"comment_status":"open","ping_status":"closed","sticky":false,"template":"","format":"standard","meta":[],"categories":[14],"tags":[],"yoast_head":"<!-- This site is optimized with the Yoast SEO plugin v19.0 - https:\/\/yoast.com\/wordpress\/plugins\/seo\/ -->\n<title>&quot;(...) je me suis lanc\u00e9 dans le monde \u00e9ditorial pour apporter ma contribution \u00e0 la litt\u00e9rature.&quot; - Biscottes Litt\u00e9raires<\/title>\n<meta name=\"robots\" content=\"index, follow, max-snippet:-1, max-image-preview:large, max-video-preview:-1\" \/>\n<link rel=\"canonical\" href=\"https:\/\/biscotteslitteraires.com\/2021\/je-me-suis-lance-dans-le-monde-editorial-pour-apporter-ma-contribution-a-la-litterature\/\" \/>\n<meta property=\"og:locale\" content=\"fr_FR\" \/>\n<meta property=\"og:type\" content=\"article\" \/>\n<meta property=\"og:title\" content=\"&quot;(...) je me suis lanc\u00e9 dans le monde \u00e9ditorial pour apporter ma contribution \u00e0 la litt\u00e9rature.&quot; - Biscottes Litt\u00e9raires\" \/>\n<meta property=\"og:description\" content=\"BL\u00a0: Bonjour Monsieur Ghislain. C\u2019est un r\u00e9el plaisir pour nous de vous recevoir sur notre blog. Vous \u00eates B\u00e9ninois, \u00e9diteur et amoureux des lettres. Que pouvons-nous savoir davantage sur vous pour \u00eatre s\u00fbr de mieux vous conna\u00eetre. GA\u00a0: Bonjour \u00e0 vous et \u00e0 tous les internautes fid\u00e8les lecteurs de ce blog. Je suis Ghislain AHOUANSE, [&hellip;]\" \/>\n<meta property=\"og:url\" content=\"https:\/\/biscotteslitteraires.com\/2021\/je-me-suis-lance-dans-le-monde-editorial-pour-apporter-ma-contribution-a-la-litterature\/\" \/>\n<meta property=\"og:site_name\" content=\"Biscottes Litt\u00e9raires\" \/>\n<meta property=\"article:publisher\" content=\"https:\/\/facebook.com\/biscotteslitterairesbenin\" \/>\n<meta property=\"article:published_time\" content=\"2023-06-04T23:20:02+00:00\" \/>\n<meta property=\"article:modified_time\" content=\"2023-06-05T07:56:01+00:00\" \/>\n<meta property=\"og:image\" content=\"https:\/\/biscotteslitteraires.com\/2021\/wp-content\/uploads\/2023\/06\/ghislain-ahouanse-770x1024.jpg\" \/>\n<meta name=\"twitter:card\" content=\"summary\" \/>\n<meta name=\"twitter:label1\" content=\"\u00c9crit par\" \/>\n\t<meta name=\"twitter:data1\" content=\"biscotteslitteraires\" \/>\n\t<meta name=\"twitter:label2\" content=\"Dur\u00e9e de lecture estim\u00e9e\" \/>\n\t<meta name=\"twitter:data2\" content=\"10 minutes\" \/>\n<script type=\"application\/ld+json\" class=\"yoast-schema-graph\">{\"@context\":\"https:\/\/schema.org\",\"@graph\":[{\"@type\":\"Organization\",\"@id\":\"https:\/\/biscotteslitteraires.com\/2021\/#organization\",\"name\":\"Biscottes Litt\u00e9raires\",\"url\":\"https:\/\/biscotteslitteraires.com\/2021\/\",\"sameAs\":[\"https:\/\/facebook.com\/biscotteslitterairesbenin\"],\"logo\":{\"@type\":\"ImageObject\",\"inLanguage\":\"fr-FR\",\"@id\":\"https:\/\/biscotteslitteraires.com\/2021\/#\/schema\/logo\/image\/\",\"url\":\"https:\/\/biscotteslitteraires.com\/2021\/wp-content\/uploads\/2018\/11\/cropped-LOGO-BL-e1630101307137.jpg\",\"contentUrl\":\"https:\/\/biscotteslitteraires.com\/2021\/wp-content\/uploads\/2018\/11\/cropped-LOGO-BL-e1630101307137.jpg\",\"width\":960,\"height\":960,\"caption\":\"Biscottes Litt\u00e9raires\"},\"image\":{\"@id\":\"https:\/\/biscotteslitteraires.com\/2021\/#\/schema\/logo\/image\/\"}},{\"@type\":\"WebSite\",\"@id\":\"https:\/\/biscotteslitteraires.com\/2021\/#website\",\"url\":\"https:\/\/biscotteslitteraires.com\/2021\/\",\"name\":\"Biscottes Litt\u00e9raires\",\"description\":\"Ici nous voyagerons dans les lignes, explorerons les interlignes.\",\"publisher\":{\"@id\":\"https:\/\/biscotteslitteraires.com\/2021\/#organization\"},\"potentialAction\":[{\"@type\":\"SearchAction\",\"target\":{\"@type\":\"EntryPoint\",\"urlTemplate\":\"https:\/\/biscotteslitteraires.com\/2021\/?s={search_term_string}\"},\"query-input\":\"required name=search_term_string\"}],\"inLanguage\":\"fr-FR\"},{\"@type\":\"ImageObject\",\"inLanguage\":\"fr-FR\",\"@id\":\"https:\/\/biscotteslitteraires.com\/2021\/je-me-suis-lance-dans-le-monde-editorial-pour-apporter-ma-contribution-a-la-litterature\/#primaryimage\",\"url\":\"https:\/\/biscotteslitteraires.com\/2021\/wp-content\/uploads\/2023\/06\/ghislain-ahouanse.jpg\",\"contentUrl\":\"https:\/\/biscotteslitteraires.com\/2021\/wp-content\/uploads\/2023\/06\/ghislain-ahouanse.jpg\",\"width\":812,\"height\":1080},{\"@type\":\"WebPage\",\"@id\":\"https:\/\/biscotteslitteraires.com\/2021\/je-me-suis-lance-dans-le-monde-editorial-pour-apporter-ma-contribution-a-la-litterature\/#webpage\",\"url\":\"https:\/\/biscotteslitteraires.com\/2021\/je-me-suis-lance-dans-le-monde-editorial-pour-apporter-ma-contribution-a-la-litterature\/\",\"name\":\"\\\"(...) je me suis lanc\u00e9 dans le monde \u00e9ditorial pour apporter ma contribution \u00e0 la litt\u00e9rature.\\\" - Biscottes Litt\u00e9raires\",\"isPartOf\":{\"@id\":\"https:\/\/biscotteslitteraires.com\/2021\/#website\"},\"primaryImageOfPage\":{\"@id\":\"https:\/\/biscotteslitteraires.com\/2021\/je-me-suis-lance-dans-le-monde-editorial-pour-apporter-ma-contribution-a-la-litterature\/#primaryimage\"},\"datePublished\":\"2023-06-04T23:20:02+00:00\",\"dateModified\":\"2023-06-05T07:56:01+00:00\",\"breadcrumb\":{\"@id\":\"https:\/\/biscotteslitteraires.com\/2021\/je-me-suis-lance-dans-le-monde-editorial-pour-apporter-ma-contribution-a-la-litterature\/#breadcrumb\"},\"inLanguage\":\"fr-FR\",\"potentialAction\":[{\"@type\":\"ReadAction\",\"target\":[\"https:\/\/biscotteslitteraires.com\/2021\/je-me-suis-lance-dans-le-monde-editorial-pour-apporter-ma-contribution-a-la-litterature\/\"]}]},{\"@type\":\"BreadcrumbList\",\"@id\":\"https:\/\/biscotteslitteraires.com\/2021\/je-me-suis-lance-dans-le-monde-editorial-pour-apporter-ma-contribution-a-la-litterature\/#breadcrumb\",\"itemListElement\":[{\"@type\":\"ListItem\",\"position\":1,\"name\":\"Accueil\",\"item\":\"https:\/\/biscotteslitteraires.com\/2021\/\"},{\"@type\":\"ListItem\",\"position\":2,\"name\":\"\u00ab\u00a0(&#8230;) je me suis lanc\u00e9 dans le monde \u00e9ditorial pour apporter ma contribution \u00e0 la litt\u00e9rature.\u00a0\u00bb\"}]},{\"@type\":\"Article\",\"@id\":\"https:\/\/biscotteslitteraires.com\/2021\/je-me-suis-lance-dans-le-monde-editorial-pour-apporter-ma-contribution-a-la-litterature\/#article\",\"isPartOf\":{\"@id\":\"https:\/\/biscotteslitteraires.com\/2021\/je-me-suis-lance-dans-le-monde-editorial-pour-apporter-ma-contribution-a-la-litterature\/#webpage\"},\"author\":{\"@id\":\"https:\/\/biscotteslitteraires.com\/2021\/#\/schema\/person\/a7786cb98c76c568669b36d299731946\"},\"headline\":\"\u00ab\u00a0(&#8230;) je me suis lanc\u00e9 dans le monde \u00e9ditorial pour apporter ma contribution \u00e0 la litt\u00e9rature.\u00a0\u00bb\",\"datePublished\":\"2023-06-04T23:20:02+00:00\",\"dateModified\":\"2023-06-05T07:56:01+00:00\",\"mainEntityOfPage\":{\"@id\":\"https:\/\/biscotteslitteraires.com\/2021\/je-me-suis-lance-dans-le-monde-editorial-pour-apporter-ma-contribution-a-la-litterature\/#webpage\"},\"wordCount\":1925,\"commentCount\":0,\"publisher\":{\"@id\":\"https:\/\/biscotteslitteraires.com\/2021\/#organization\"},\"image\":{\"@id\":\"https:\/\/biscotteslitteraires.com\/2021\/je-me-suis-lance-dans-le-monde-editorial-pour-apporter-ma-contribution-a-la-litterature\/#primaryimage\"},\"thumbnailUrl\":\"https:\/\/biscotteslitteraires.com\/2021\/wp-content\/uploads\/2023\/06\/ghislain-ahouanse-770x1024.jpg\",\"articleSection\":[\"interview\"],\"inLanguage\":\"fr-FR\",\"potentialAction\":[{\"@type\":\"CommentAction\",\"name\":\"Comment\",\"target\":[\"https:\/\/biscotteslitteraires.com\/2021\/je-me-suis-lance-dans-le-monde-editorial-pour-apporter-ma-contribution-a-la-litterature\/#respond\"]}]},{\"@type\":\"Person\",\"@id\":\"https:\/\/biscotteslitteraires.com\/2021\/#\/schema\/person\/a7786cb98c76c568669b36d299731946\",\"name\":\"biscotteslitteraires\",\"image\":{\"@type\":\"ImageObject\",\"inLanguage\":\"fr-FR\",\"@id\":\"https:\/\/biscotteslitteraires.com\/2021\/#\/schema\/person\/image\/\",\"url\":\"https:\/\/secure.gravatar.com\/avatar\/94320ea752b93453cb48b1b2d71ada12?s=96&d=mm&r=g\",\"contentUrl\":\"https:\/\/secure.gravatar.com\/avatar\/94320ea752b93453cb48b1b2d71ada12?s=96&d=mm&r=g\",\"caption\":\"biscotteslitteraires\"},\"url\":\"https:\/\/biscotteslitteraires.com\/2021\/author\/admin\/\"}]}<\/script>\n<!-- \/ Yoast SEO plugin. -->","yoast_head_json":{"title":"\"(...) je me suis lanc\u00e9 dans le monde \u00e9ditorial pour apporter ma contribution \u00e0 la litt\u00e9rature.\" - Biscottes Litt\u00e9raires","robots":{"index":"index","follow":"follow","max-snippet":"max-snippet:-1","max-image-preview":"max-image-preview:large","max-video-preview":"max-video-preview:-1"},"canonical":"https:\/\/biscotteslitteraires.com\/2021\/je-me-suis-lance-dans-le-monde-editorial-pour-apporter-ma-contribution-a-la-litterature\/","og_locale":"fr_FR","og_type":"article","og_title":"\"(...) je me suis lanc\u00e9 dans le monde \u00e9ditorial pour apporter ma contribution \u00e0 la litt\u00e9rature.\" - Biscottes Litt\u00e9raires","og_description":"BL\u00a0: Bonjour Monsieur Ghislain. C\u2019est un r\u00e9el plaisir pour nous de vous recevoir sur notre blog. Vous \u00eates B\u00e9ninois, \u00e9diteur et amoureux des lettres. Que pouvons-nous savoir davantage sur vous pour \u00eatre s\u00fbr de mieux vous conna\u00eetre. GA\u00a0: Bonjour \u00e0 vous et \u00e0 tous les internautes fid\u00e8les lecteurs de ce blog. Je suis Ghislain AHOUANSE, [&hellip;]","og_url":"https:\/\/biscotteslitteraires.com\/2021\/je-me-suis-lance-dans-le-monde-editorial-pour-apporter-ma-contribution-a-la-litterature\/","og_site_name":"Biscottes Litt\u00e9raires","article_publisher":"https:\/\/facebook.com\/biscotteslitterairesbenin","article_published_time":"2023-06-04T23:20:02+00:00","article_modified_time":"2023-06-05T07:56:01+00:00","og_image":[{"url":"https:\/\/biscotteslitteraires.com\/2021\/wp-content\/uploads\/2023\/06\/ghislain-ahouanse-770x1024.jpg"}],"twitter_card":"summary","twitter_misc":{"\u00c9crit par":"biscotteslitteraires","Dur\u00e9e de lecture estim\u00e9e":"10 minutes"},"schema":{"@context":"https:\/\/schema.org","@graph":[{"@type":"Organization","@id":"https:\/\/biscotteslitteraires.com\/2021\/#organization","name":"Biscottes Litt\u00e9raires","url":"https:\/\/biscotteslitteraires.com\/2021\/","sameAs":["https:\/\/facebook.com\/biscotteslitterairesbenin"],"logo":{"@type":"ImageObject","inLanguage":"fr-FR","@id":"https:\/\/biscotteslitteraires.com\/2021\/#\/schema\/logo\/image\/","url":"https:\/\/biscotteslitteraires.com\/2021\/wp-content\/uploads\/2018\/11\/cropped-LOGO-BL-e1630101307137.jpg","contentUrl":"https:\/\/biscotteslitteraires.com\/2021\/wp-content\/uploads\/2018\/11\/cropped-LOGO-BL-e1630101307137.jpg","width":960,"height":960,"caption":"Biscottes Litt\u00e9raires"},"image":{"@id":"https:\/\/biscotteslitteraires.com\/2021\/#\/schema\/logo\/image\/"}},{"@type":"WebSite","@id":"https:\/\/biscotteslitteraires.com\/2021\/#website","url":"https:\/\/biscotteslitteraires.com\/2021\/","name":"Biscottes Litt\u00e9raires","description":"Ici nous voyagerons dans les lignes, explorerons les interlignes.","publisher":{"@id":"https:\/\/biscotteslitteraires.com\/2021\/#organization"},"potentialAction":[{"@type":"SearchAction","target":{"@type":"EntryPoint","urlTemplate":"https:\/\/biscotteslitteraires.com\/2021\/?s={search_term_string}"},"query-input":"required name=search_term_string"}],"inLanguage":"fr-FR"},{"@type":"ImageObject","inLanguage":"fr-FR","@id":"https:\/\/biscotteslitteraires.com\/2021\/je-me-suis-lance-dans-le-monde-editorial-pour-apporter-ma-contribution-a-la-litterature\/#primaryimage","url":"https:\/\/biscotteslitteraires.com\/2021\/wp-content\/uploads\/2023\/06\/ghislain-ahouanse.jpg","contentUrl":"https:\/\/biscotteslitteraires.com\/2021\/wp-content\/uploads\/2023\/06\/ghislain-ahouanse.jpg","width":812,"height":1080},{"@type":"WebPage","@id":"https:\/\/biscotteslitteraires.com\/2021\/je-me-suis-lance-dans-le-monde-editorial-pour-apporter-ma-contribution-a-la-litterature\/#webpage","url":"https:\/\/biscotteslitteraires.com\/2021\/je-me-suis-lance-dans-le-monde-editorial-pour-apporter-ma-contribution-a-la-litterature\/","name":"\"(...) je me suis lanc\u00e9 dans le monde \u00e9ditorial pour apporter ma contribution \u00e0 la litt\u00e9rature.\" - Biscottes Litt\u00e9raires","isPartOf":{"@id":"https:\/\/biscotteslitteraires.com\/2021\/#website"},"primaryImageOfPage":{"@id":"https:\/\/biscotteslitteraires.com\/2021\/je-me-suis-lance-dans-le-monde-editorial-pour-apporter-ma-contribution-a-la-litterature\/#primaryimage"},"datePublished":"2023-06-04T23:20:02+00:00","dateModified":"2023-06-05T07:56:01+00:00","breadcrumb":{"@id":"https:\/\/biscotteslitteraires.com\/2021\/je-me-suis-lance-dans-le-monde-editorial-pour-apporter-ma-contribution-a-la-litterature\/#breadcrumb"},"inLanguage":"fr-FR","potentialAction":[{"@type":"ReadAction","target":["https:\/\/biscotteslitteraires.com\/2021\/je-me-suis-lance-dans-le-monde-editorial-pour-apporter-ma-contribution-a-la-litterature\/"]}]},{"@type":"BreadcrumbList","@id":"https:\/\/biscotteslitteraires.com\/2021\/je-me-suis-lance-dans-le-monde-editorial-pour-apporter-ma-contribution-a-la-litterature\/#breadcrumb","itemListElement":[{"@type":"ListItem","position":1,"name":"Accueil","item":"https:\/\/biscotteslitteraires.com\/2021\/"},{"@type":"ListItem","position":2,"name":"\u00ab\u00a0(&#8230;) je me suis lanc\u00e9 dans le monde \u00e9ditorial pour apporter ma contribution \u00e0 la litt\u00e9rature.\u00a0\u00bb"}]},{"@type":"Article","@id":"https:\/\/biscotteslitteraires.com\/2021\/je-me-suis-lance-dans-le-monde-editorial-pour-apporter-ma-contribution-a-la-litterature\/#article","isPartOf":{"@id":"https:\/\/biscotteslitteraires.com\/2021\/je-me-suis-lance-dans-le-monde-editorial-pour-apporter-ma-contribution-a-la-litterature\/#webpage"},"author":{"@id":"https:\/\/biscotteslitteraires.com\/2021\/#\/schema\/person\/a7786cb98c76c568669b36d299731946"},"headline":"\u00ab\u00a0(&#8230;) je me suis lanc\u00e9 dans le monde \u00e9ditorial pour apporter ma contribution \u00e0 la litt\u00e9rature.\u00a0\u00bb","datePublished":"2023-06-04T23:20:02+00:00","dateModified":"2023-06-05T07:56:01+00:00","mainEntityOfPage":{"@id":"https:\/\/biscotteslitteraires.com\/2021\/je-me-suis-lance-dans-le-monde-editorial-pour-apporter-ma-contribution-a-la-litterature\/#webpage"},"wordCount":1925,"commentCount":0,"publisher":{"@id":"https:\/\/biscotteslitteraires.com\/2021\/#organization"},"image":{"@id":"https:\/\/biscotteslitteraires.com\/2021\/je-me-suis-lance-dans-le-monde-editorial-pour-apporter-ma-contribution-a-la-litterature\/#primaryimage"},"thumbnailUrl":"https:\/\/biscotteslitteraires.com\/2021\/wp-content\/uploads\/2023\/06\/ghislain-ahouanse-770x1024.jpg","articleSection":["interview"],"inLanguage":"fr-FR","potentialAction":[{"@type":"CommentAction","name":"Comment","target":["https:\/\/biscotteslitteraires.com\/2021\/je-me-suis-lance-dans-le-monde-editorial-pour-apporter-ma-contribution-a-la-litterature\/#respond"]}]},{"@type":"Person","@id":"https:\/\/biscotteslitteraires.com\/2021\/#\/schema\/person\/a7786cb98c76c568669b36d299731946","name":"biscotteslitteraires","image":{"@type":"ImageObject","inLanguage":"fr-FR","@id":"https:\/\/biscotteslitteraires.com\/2021\/#\/schema\/person\/image\/","url":"https:\/\/secure.gravatar.com\/avatar\/94320ea752b93453cb48b1b2d71ada12?s=96&d=mm&r=g","contentUrl":"https:\/\/secure.gravatar.com\/avatar\/94320ea752b93453cb48b1b2d71ada12?s=96&d=mm&r=g","caption":"biscotteslitteraires"},"url":"https:\/\/biscotteslitteraires.com\/2021\/author\/admin\/"}]}},"_links":{"self":[{"href":"https:\/\/biscotteslitteraires.com\/2021\/wp-json\/wp\/v2\/posts\/11924"}],"collection":[{"href":"https:\/\/biscotteslitteraires.com\/2021\/wp-json\/wp\/v2\/posts"}],"about":[{"href":"https:\/\/biscotteslitteraires.com\/2021\/wp-json\/wp\/v2\/types\/post"}],"author":[{"embeddable":true,"href":"https:\/\/biscotteslitteraires.com\/2021\/wp-json\/wp\/v2\/users\/1"}],"replies":[{"embeddable":true,"href":"https:\/\/biscotteslitteraires.com\/2021\/wp-json\/wp\/v2\/comments?post=11924"}],"version-history":[{"count":13,"href":"https:\/\/biscotteslitteraires.com\/2021\/wp-json\/wp\/v2\/posts\/11924\/revisions"}],"predecessor-version":[{"id":11940,"href":"https:\/\/biscotteslitteraires.com\/2021\/wp-json\/wp\/v2\/posts\/11924\/revisions\/11940"}],"wp:attachment":[{"href":"https:\/\/biscotteslitteraires.com\/2021\/wp-json\/wp\/v2\/media?parent=11924"}],"wp:term":[{"taxonomy":"category","embeddable":true,"href":"https:\/\/biscotteslitteraires.com\/2021\/wp-json\/wp\/v2\/categories?post=11924"},{"taxonomy":"post_tag","embeddable":true,"href":"https:\/\/biscotteslitteraires.com\/2021\/wp-json\/wp\/v2\/tags?post=11924"}],"curies":[{"name":"wp","href":"https:\/\/api.w.org\/{rel}","templated":true}]}}