{"id":12111,"date":"2023-11-10T11:24:19","date_gmt":"2023-11-10T11:24:19","guid":{"rendered":"https:\/\/biscotteslitteraires.com\/2021\/?p=12111"},"modified":"2023-11-10T11:25:20","modified_gmt":"2023-11-10T11:25:20","slug":"samba-bathily-et-myster-ezin-le-duo-qui-donne-la-lumiere-a-espoirs-west-africa-tour","status":"publish","type":"post","link":"https:\/\/biscotteslitteraires.com\/2021\/samba-bathily-et-myster-ezin-le-duo-qui-donne-la-lumiere-a-espoirs-west-africa-tour\/","title":{"rendered":"Samba Bathily et Myster Ezin : le duo qui donne la lumi\u00e8re \u00e0 EspoirS West Africa tour"},"content":{"rendered":"\n<p>A Abidjan (C\u00f4te d&rsquo;Ivoire) le 03 novembre dernier, l&rsquo;artiste-musicien Myster Ezin \u00e9tait sur la sc\u00e8ne du Slamcase organis\u00e9 par Abidjan Po\u00e9sie club. Sa prestation \u00e9poustouflante dans ce cadre, marque le d\u00e9but en grande pompe de sa tourn\u00e9e d\u00e9nomm\u00e9e EspoirS West Africa tour pour laquelle il b\u00e9n\u00e9ficie du soutien de l&rsquo;homme d&rsquo;affaires malien Samba Bathily. Ce dernier, dont la r\u00e9ussite dans les affaires est de notori\u00e9t\u00e9 publique est l&rsquo;alli\u00e9 de poids de Myster Ezin pour le mettre en lumi\u00e8re.<\/p>\n\n\n\n<figure class=\"wp-block-image size-large\"><img loading=\"lazy\" width=\"768\" height=\"1024\" src=\"https:\/\/biscotteslitteraires.com\/2021\/wp-content\/uploads\/2023\/11\/IMG-20231108-WA0019-768x1024.jpg\" alt=\"\" class=\"wp-image-12112\" srcset=\"https:\/\/biscotteslitteraires.com\/2021\/wp-content\/uploads\/2023\/11\/IMG-20231108-WA0019-768x1024.jpg 768w, https:\/\/biscotteslitteraires.com\/2021\/wp-content\/uploads\/2023\/11\/IMG-20231108-WA0019-225x300.jpg 225w, https:\/\/biscotteslitteraires.com\/2021\/wp-content\/uploads\/2023\/11\/IMG-20231108-WA0019-1152x1536.jpg 1152w, https:\/\/biscotteslitteraires.com\/2021\/wp-content\/uploads\/2023\/11\/IMG-20231108-WA0019.jpg 1200w\" sizes=\"(max-width: 768px) 100vw, 768px\" \/><\/figure>\n\n\n\n<p>EspoirS West Africa tour, c&rsquo;est Myster Ezin mais aussi Samba Bathily. Le premier a mis en septembre 2022 sur le march\u00e9 du disque en France, un album d\u00e9nomm\u00e9 EspoirS et richement garni par neuf titres. Quant au second, il est le Pr\u00e9sident directeur g\u00e9n\u00e9ral (Pdg) d&rsquo;Africa Development Solutions, avec \u00e0 son actif plusieurs distinctions majeures notamment celle de la \u00ab\u00a0Personnalit\u00e9 africaine de l&rsquo;ann\u00e9e 2021\u00a0\u00bb. Entrepreneur \u00e0 succ\u00e8s, il s&rsquo;investit dans le secteur de l&rsquo;\u00e9lectricit\u00e9 pour sortir les r\u00e9gions africaines encore dans le noir de l&rsquo;obscurit\u00e9. C&rsquo;est dans cette optique, qu&rsquo;il est tr\u00e8s actif dans le d\u00e9veloppement du photovolta\u00efque comme solution rapide et pragmatique pour \u00e9lectrifier le continent. Reconnu \u00ab\u00a0Monsieur Solutions\u00a0\u00bb par le magazine Forbes Afrique, Samba Bathily allie le sens des affaires avec une discr\u00e9tion particuli\u00e8re.<\/p>\n\n\n\n<figure class=\"wp-block-image size-full\"><img loading=\"lazy\" width=\"682\" height=\"1024\" src=\"https:\/\/biscotteslitteraires.com\/2021\/wp-content\/uploads\/2023\/11\/IMG-20231108-WA0020.jpg\" alt=\"\" class=\"wp-image-12113\" srcset=\"https:\/\/biscotteslitteraires.com\/2021\/wp-content\/uploads\/2023\/11\/IMG-20231108-WA0020.jpg 682w, https:\/\/biscotteslitteraires.com\/2021\/wp-content\/uploads\/2023\/11\/IMG-20231108-WA0020-200x300.jpg 200w\" sizes=\"(max-width: 682px) 100vw, 682px\" \/><\/figure>\n\n\n\n<p>EspoirS West Africa tour<\/p>\n\n\n\n<p>Samba Bathily, est le parrain de cette initiative. Avec Myster Ezin, c&rsquo;est un tandem qu&rsquo;il forme avec un artiste-musicien, pour pousser le slam vers le public du B\u00e9nin et celui de trois autres pays de l&rsquo;Afrique de l&rsquo;Ouest \u00e0 savoir la C\u00f4te d&rsquo;Ivoire, le Togo et le S\u00e9n\u00e9gal. Elle se d\u00e9cline notamment en 05 spectacles sur plusieurs sc\u00e8nes artistiques du B\u00e9nin du 10 au 18 novembre. Avec brio, Myster Ezin a fait le 03 novembre dernier \u00e0 Abidjan en C\u00f4te d&rsquo;Ivoire sa premi\u00e8re date pour le compte du West Africa tour, et il est d\u00e9j\u00e0 tourn\u00e9 vers son premier spectacle au B\u00e9nin qui aura lieu le 10 novembre prochain \u00e0 Artistik Africa \u00e0 Cotonou.<\/p>\n\n\n\n<p>Bernado Mariano HOUENOUSSI<\/p>\n","protected":false},"excerpt":{"rendered":"<p>A Abidjan (C\u00f4te d&rsquo;Ivoire) le 03 novembre dernier, l&rsquo;artiste-musicien Myster Ezin \u00e9tait sur la sc\u00e8ne du Slamcase organis\u00e9 par Abidjan Po\u00e9sie club. Sa prestation \u00e9poustouflante dans ce cadre, marque le d\u00e9but en grande pompe de sa tourn\u00e9e d\u00e9nomm\u00e9e EspoirS West Africa tour pour laquelle il b\u00e9n\u00e9ficie du soutien de l&rsquo;homme d&rsquo;affaires malien Samba Bathily. Ce [&hellip;]<\/p>\n","protected":false},"author":1,"featured_media":0,"comment_status":"open","ping_status":"closed","sticky":false,"template":"","format":"standard","meta":[],"categories":[18],"tags":[],"yoast_head":"<!-- This site is optimized with the Yoast SEO plugin v19.0 - https:\/\/yoast.com\/wordpress\/plugins\/seo\/ -->\n<title>Samba Bathily et Myster Ezin : le duo qui donne la lumi\u00e8re \u00e0 EspoirS West Africa tour - Biscottes Litt\u00e9raires<\/title>\n<meta name=\"robots\" content=\"index, follow, max-snippet:-1, max-image-preview:large, max-video-preview:-1\" \/>\n<link rel=\"canonical\" href=\"https:\/\/biscotteslitteraires.com\/2021\/samba-bathily-et-myster-ezin-le-duo-qui-donne-la-lumiere-a-espoirs-west-africa-tour\/\" \/>\n<meta property=\"og:locale\" content=\"fr_FR\" \/>\n<meta property=\"og:type\" content=\"article\" \/>\n<meta property=\"og:title\" content=\"Samba Bathily et Myster Ezin : le duo qui donne la lumi\u00e8re \u00e0 EspoirS West Africa tour - Biscottes Litt\u00e9raires\" \/>\n<meta property=\"og:description\" content=\"A Abidjan (C\u00f4te d&rsquo;Ivoire) le 03 novembre dernier, l&rsquo;artiste-musicien Myster Ezin \u00e9tait sur la sc\u00e8ne du Slamcase organis\u00e9 par Abidjan Po\u00e9sie club. Sa prestation \u00e9poustouflante dans ce cadre, marque le d\u00e9but en grande pompe de sa tourn\u00e9e d\u00e9nomm\u00e9e EspoirS West Africa tour pour laquelle il b\u00e9n\u00e9ficie du soutien de l&rsquo;homme d&rsquo;affaires malien Samba Bathily. Ce [&hellip;]\" \/>\n<meta property=\"og:url\" content=\"https:\/\/biscotteslitteraires.com\/2021\/samba-bathily-et-myster-ezin-le-duo-qui-donne-la-lumiere-a-espoirs-west-africa-tour\/\" \/>\n<meta property=\"og:site_name\" content=\"Biscottes Litt\u00e9raires\" \/>\n<meta property=\"article:publisher\" content=\"https:\/\/facebook.com\/biscotteslitterairesbenin\" \/>\n<meta property=\"article:published_time\" content=\"2023-11-10T11:24:19+00:00\" \/>\n<meta property=\"article:modified_time\" content=\"2023-11-10T11:25:20+00:00\" \/>\n<meta property=\"og:image\" content=\"https:\/\/biscotteslitteraires.com\/2021\/wp-content\/uploads\/2023\/11\/IMG-20231108-WA0019-768x1024.jpg\" \/>\n<meta name=\"twitter:card\" content=\"summary\" \/>\n<meta name=\"twitter:label1\" content=\"\u00c9crit par\" \/>\n\t<meta name=\"twitter:data1\" content=\"biscotteslitteraires\" \/>\n\t<meta name=\"twitter:label2\" content=\"Dur\u00e9e de lecture estim\u00e9e\" \/>\n\t<meta name=\"twitter:data2\" content=\"3 minutes\" \/>\n<script type=\"application\/ld+json\" class=\"yoast-schema-graph\">{\"@context\":\"https:\/\/schema.org\",\"@graph\":[{\"@type\":\"Organization\",\"@id\":\"https:\/\/biscotteslitteraires.com\/2021\/#organization\",\"name\":\"Biscottes Litt\u00e9raires\",\"url\":\"https:\/\/biscotteslitteraires.com\/2021\/\",\"sameAs\":[\"https:\/\/facebook.com\/biscotteslitterairesbenin\"],\"logo\":{\"@type\":\"ImageObject\",\"inLanguage\":\"fr-FR\",\"@id\":\"https:\/\/biscotteslitteraires.com\/2021\/#\/schema\/logo\/image\/\",\"url\":\"https:\/\/biscotteslitteraires.com\/2021\/wp-content\/uploads\/2018\/11\/cropped-LOGO-BL-e1630101307137.jpg\",\"contentUrl\":\"https:\/\/biscotteslitteraires.com\/2021\/wp-content\/uploads\/2018\/11\/cropped-LOGO-BL-e1630101307137.jpg\",\"width\":960,\"height\":960,\"caption\":\"Biscottes Litt\u00e9raires\"},\"image\":{\"@id\":\"https:\/\/biscotteslitteraires.com\/2021\/#\/schema\/logo\/image\/\"}},{\"@type\":\"WebSite\",\"@id\":\"https:\/\/biscotteslitteraires.com\/2021\/#website\",\"url\":\"https:\/\/biscotteslitteraires.com\/2021\/\",\"name\":\"Biscottes Litt\u00e9raires\",\"description\":\"Ici nous voyagerons dans les lignes, explorerons les interlignes.\",\"publisher\":{\"@id\":\"https:\/\/biscotteslitteraires.com\/2021\/#organization\"},\"potentialAction\":[{\"@type\":\"SearchAction\",\"target\":{\"@type\":\"EntryPoint\",\"urlTemplate\":\"https:\/\/biscotteslitteraires.com\/2021\/?s={search_term_string}\"},\"query-input\":\"required name=search_term_string\"}],\"inLanguage\":\"fr-FR\"},{\"@type\":\"ImageObject\",\"inLanguage\":\"fr-FR\",\"@id\":\"https:\/\/biscotteslitteraires.com\/2021\/samba-bathily-et-myster-ezin-le-duo-qui-donne-la-lumiere-a-espoirs-west-africa-tour\/#primaryimage\",\"url\":\"https:\/\/biscotteslitteraires.com\/2021\/wp-content\/uploads\/2023\/11\/IMG-20231108-WA0019.jpg\",\"contentUrl\":\"https:\/\/biscotteslitteraires.com\/2021\/wp-content\/uploads\/2023\/11\/IMG-20231108-WA0019.jpg\",\"width\":1200,\"height\":1600},{\"@type\":\"WebPage\",\"@id\":\"https:\/\/biscotteslitteraires.com\/2021\/samba-bathily-et-myster-ezin-le-duo-qui-donne-la-lumiere-a-espoirs-west-africa-tour\/#webpage\",\"url\":\"https:\/\/biscotteslitteraires.com\/2021\/samba-bathily-et-myster-ezin-le-duo-qui-donne-la-lumiere-a-espoirs-west-africa-tour\/\",\"name\":\"Samba Bathily et Myster Ezin : le duo qui donne la lumi\u00e8re \u00e0 EspoirS West Africa tour - Biscottes Litt\u00e9raires\",\"isPartOf\":{\"@id\":\"https:\/\/biscotteslitteraires.com\/2021\/#website\"},\"primaryImageOfPage\":{\"@id\":\"https:\/\/biscotteslitteraires.com\/2021\/samba-bathily-et-myster-ezin-le-duo-qui-donne-la-lumiere-a-espoirs-west-africa-tour\/#primaryimage\"},\"datePublished\":\"2023-11-10T11:24:19+00:00\",\"dateModified\":\"2023-11-10T11:25:20+00:00\",\"breadcrumb\":{\"@id\":\"https:\/\/biscotteslitteraires.com\/2021\/samba-bathily-et-myster-ezin-le-duo-qui-donne-la-lumiere-a-espoirs-west-africa-tour\/#breadcrumb\"},\"inLanguage\":\"fr-FR\",\"potentialAction\":[{\"@type\":\"ReadAction\",\"target\":[\"https:\/\/biscotteslitteraires.com\/2021\/samba-bathily-et-myster-ezin-le-duo-qui-donne-la-lumiere-a-espoirs-west-africa-tour\/\"]}]},{\"@type\":\"BreadcrumbList\",\"@id\":\"https:\/\/biscotteslitteraires.com\/2021\/samba-bathily-et-myster-ezin-le-duo-qui-donne-la-lumiere-a-espoirs-west-africa-tour\/#breadcrumb\",\"itemListElement\":[{\"@type\":\"ListItem\",\"position\":1,\"name\":\"Accueil\",\"item\":\"https:\/\/biscotteslitteraires.com\/2021\/\"},{\"@type\":\"ListItem\",\"position\":2,\"name\":\"Samba Bathily et Myster Ezin : le duo qui donne la lumi\u00e8re \u00e0 EspoirS West Africa tour\"}]},{\"@type\":\"Article\",\"@id\":\"https:\/\/biscotteslitteraires.com\/2021\/samba-bathily-et-myster-ezin-le-duo-qui-donne-la-lumiere-a-espoirs-west-africa-tour\/#article\",\"isPartOf\":{\"@id\":\"https:\/\/biscotteslitteraires.com\/2021\/samba-bathily-et-myster-ezin-le-duo-qui-donne-la-lumiere-a-espoirs-west-africa-tour\/#webpage\"},\"author\":{\"@id\":\"https:\/\/biscotteslitteraires.com\/2021\/#\/schema\/person\/a7786cb98c76c568669b36d299731946\"},\"headline\":\"Samba Bathily et Myster Ezin : le duo qui donne la lumi\u00e8re \u00e0 EspoirS West Africa tour\",\"datePublished\":\"2023-11-10T11:24:19+00:00\",\"dateModified\":\"2023-11-10T11:25:20+00:00\",\"mainEntityOfPage\":{\"@id\":\"https:\/\/biscotteslitteraires.com\/2021\/samba-bathily-et-myster-ezin-le-duo-qui-donne-la-lumiere-a-espoirs-west-africa-tour\/#webpage\"},\"wordCount\":363,\"commentCount\":0,\"publisher\":{\"@id\":\"https:\/\/biscotteslitteraires.com\/2021\/#organization\"},\"image\":{\"@id\":\"https:\/\/biscotteslitteraires.com\/2021\/samba-bathily-et-myster-ezin-le-duo-qui-donne-la-lumiere-a-espoirs-west-africa-tour\/#primaryimage\"},\"thumbnailUrl\":\"https:\/\/biscotteslitteraires.com\/2021\/wp-content\/uploads\/2023\/11\/IMG-20231108-WA0019-768x1024.jpg\",\"articleSection\":[\"Vous et nous\"],\"inLanguage\":\"fr-FR\",\"potentialAction\":[{\"@type\":\"CommentAction\",\"name\":\"Comment\",\"target\":[\"https:\/\/biscotteslitteraires.com\/2021\/samba-bathily-et-myster-ezin-le-duo-qui-donne-la-lumiere-a-espoirs-west-africa-tour\/#respond\"]}]},{\"@type\":\"Person\",\"@id\":\"https:\/\/biscotteslitteraires.com\/2021\/#\/schema\/person\/a7786cb98c76c568669b36d299731946\",\"name\":\"biscotteslitteraires\",\"image\":{\"@type\":\"ImageObject\",\"inLanguage\":\"fr-FR\",\"@id\":\"https:\/\/biscotteslitteraires.com\/2021\/#\/schema\/person\/image\/\",\"url\":\"https:\/\/secure.gravatar.com\/avatar\/94320ea752b93453cb48b1b2d71ada12?s=96&d=mm&r=g\",\"contentUrl\":\"https:\/\/secure.gravatar.com\/avatar\/94320ea752b93453cb48b1b2d71ada12?s=96&d=mm&r=g\",\"caption\":\"biscotteslitteraires\"},\"url\":\"https:\/\/biscotteslitteraires.com\/2021\/author\/admin\/\"}]}<\/script>\n<!-- \/ Yoast SEO plugin. -->","yoast_head_json":{"title":"Samba Bathily et Myster Ezin : le duo qui donne la lumi\u00e8re \u00e0 EspoirS West Africa tour - Biscottes Litt\u00e9raires","robots":{"index":"index","follow":"follow","max-snippet":"max-snippet:-1","max-image-preview":"max-image-preview:large","max-video-preview":"max-video-preview:-1"},"canonical":"https:\/\/biscotteslitteraires.com\/2021\/samba-bathily-et-myster-ezin-le-duo-qui-donne-la-lumiere-a-espoirs-west-africa-tour\/","og_locale":"fr_FR","og_type":"article","og_title":"Samba Bathily et Myster Ezin : le duo qui donne la lumi\u00e8re \u00e0 EspoirS West Africa tour - Biscottes Litt\u00e9raires","og_description":"A Abidjan (C\u00f4te d&rsquo;Ivoire) le 03 novembre dernier, l&rsquo;artiste-musicien Myster Ezin \u00e9tait sur la sc\u00e8ne du Slamcase organis\u00e9 par Abidjan Po\u00e9sie club. Sa prestation \u00e9poustouflante dans ce cadre, marque le d\u00e9but en grande pompe de sa tourn\u00e9e d\u00e9nomm\u00e9e EspoirS West Africa tour pour laquelle il b\u00e9n\u00e9ficie du soutien de l&rsquo;homme d&rsquo;affaires malien Samba Bathily. Ce [&hellip;]","og_url":"https:\/\/biscotteslitteraires.com\/2021\/samba-bathily-et-myster-ezin-le-duo-qui-donne-la-lumiere-a-espoirs-west-africa-tour\/","og_site_name":"Biscottes Litt\u00e9raires","article_publisher":"https:\/\/facebook.com\/biscotteslitterairesbenin","article_published_time":"2023-11-10T11:24:19+00:00","article_modified_time":"2023-11-10T11:25:20+00:00","og_image":[{"url":"https:\/\/biscotteslitteraires.com\/2021\/wp-content\/uploads\/2023\/11\/IMG-20231108-WA0019-768x1024.jpg"}],"twitter_card":"summary","twitter_misc":{"\u00c9crit par":"biscotteslitteraires","Dur\u00e9e de lecture estim\u00e9e":"3 minutes"},"schema":{"@context":"https:\/\/schema.org","@graph":[{"@type":"Organization","@id":"https:\/\/biscotteslitteraires.com\/2021\/#organization","name":"Biscottes Litt\u00e9raires","url":"https:\/\/biscotteslitteraires.com\/2021\/","sameAs":["https:\/\/facebook.com\/biscotteslitterairesbenin"],"logo":{"@type":"ImageObject","inLanguage":"fr-FR","@id":"https:\/\/biscotteslitteraires.com\/2021\/#\/schema\/logo\/image\/","url":"https:\/\/biscotteslitteraires.com\/2021\/wp-content\/uploads\/2018\/11\/cropped-LOGO-BL-e1630101307137.jpg","contentUrl":"https:\/\/biscotteslitteraires.com\/2021\/wp-content\/uploads\/2018\/11\/cropped-LOGO-BL-e1630101307137.jpg","width":960,"height":960,"caption":"Biscottes Litt\u00e9raires"},"image":{"@id":"https:\/\/biscotteslitteraires.com\/2021\/#\/schema\/logo\/image\/"}},{"@type":"WebSite","@id":"https:\/\/biscotteslitteraires.com\/2021\/#website","url":"https:\/\/biscotteslitteraires.com\/2021\/","name":"Biscottes Litt\u00e9raires","description":"Ici nous voyagerons dans les lignes, explorerons les interlignes.","publisher":{"@id":"https:\/\/biscotteslitteraires.com\/2021\/#organization"},"potentialAction":[{"@type":"SearchAction","target":{"@type":"EntryPoint","urlTemplate":"https:\/\/biscotteslitteraires.com\/2021\/?s={search_term_string}"},"query-input":"required name=search_term_string"}],"inLanguage":"fr-FR"},{"@type":"ImageObject","inLanguage":"fr-FR","@id":"https:\/\/biscotteslitteraires.com\/2021\/samba-bathily-et-myster-ezin-le-duo-qui-donne-la-lumiere-a-espoirs-west-africa-tour\/#primaryimage","url":"https:\/\/biscotteslitteraires.com\/2021\/wp-content\/uploads\/2023\/11\/IMG-20231108-WA0019.jpg","contentUrl":"https:\/\/biscotteslitteraires.com\/2021\/wp-content\/uploads\/2023\/11\/IMG-20231108-WA0019.jpg","width":1200,"height":1600},{"@type":"WebPage","@id":"https:\/\/biscotteslitteraires.com\/2021\/samba-bathily-et-myster-ezin-le-duo-qui-donne-la-lumiere-a-espoirs-west-africa-tour\/#webpage","url":"https:\/\/biscotteslitteraires.com\/2021\/samba-bathily-et-myster-ezin-le-duo-qui-donne-la-lumiere-a-espoirs-west-africa-tour\/","name":"Samba Bathily et Myster Ezin : le duo qui donne la lumi\u00e8re \u00e0 EspoirS West Africa tour - Biscottes Litt\u00e9raires","isPartOf":{"@id":"https:\/\/biscotteslitteraires.com\/2021\/#website"},"primaryImageOfPage":{"@id":"https:\/\/biscotteslitteraires.com\/2021\/samba-bathily-et-myster-ezin-le-duo-qui-donne-la-lumiere-a-espoirs-west-africa-tour\/#primaryimage"},"datePublished":"2023-11-10T11:24:19+00:00","dateModified":"2023-11-10T11:25:20+00:00","breadcrumb":{"@id":"https:\/\/biscotteslitteraires.com\/2021\/samba-bathily-et-myster-ezin-le-duo-qui-donne-la-lumiere-a-espoirs-west-africa-tour\/#breadcrumb"},"inLanguage":"fr-FR","potentialAction":[{"@type":"ReadAction","target":["https:\/\/biscotteslitteraires.com\/2021\/samba-bathily-et-myster-ezin-le-duo-qui-donne-la-lumiere-a-espoirs-west-africa-tour\/"]}]},{"@type":"BreadcrumbList","@id":"https:\/\/biscotteslitteraires.com\/2021\/samba-bathily-et-myster-ezin-le-duo-qui-donne-la-lumiere-a-espoirs-west-africa-tour\/#breadcrumb","itemListElement":[{"@type":"ListItem","position":1,"name":"Accueil","item":"https:\/\/biscotteslitteraires.com\/2021\/"},{"@type":"ListItem","position":2,"name":"Samba Bathily et Myster Ezin : le duo qui donne la lumi\u00e8re \u00e0 EspoirS West Africa tour"}]},{"@type":"Article","@id":"https:\/\/biscotteslitteraires.com\/2021\/samba-bathily-et-myster-ezin-le-duo-qui-donne-la-lumiere-a-espoirs-west-africa-tour\/#article","isPartOf":{"@id":"https:\/\/biscotteslitteraires.com\/2021\/samba-bathily-et-myster-ezin-le-duo-qui-donne-la-lumiere-a-espoirs-west-africa-tour\/#webpage"},"author":{"@id":"https:\/\/biscotteslitteraires.com\/2021\/#\/schema\/person\/a7786cb98c76c568669b36d299731946"},"headline":"Samba Bathily et Myster Ezin : le duo qui donne la lumi\u00e8re \u00e0 EspoirS West Africa tour","datePublished":"2023-11-10T11:24:19+00:00","dateModified":"2023-11-10T11:25:20+00:00","mainEntityOfPage":{"@id":"https:\/\/biscotteslitteraires.com\/2021\/samba-bathily-et-myster-ezin-le-duo-qui-donne-la-lumiere-a-espoirs-west-africa-tour\/#webpage"},"wordCount":363,"commentCount":0,"publisher":{"@id":"https:\/\/biscotteslitteraires.com\/2021\/#organization"},"image":{"@id":"https:\/\/biscotteslitteraires.com\/2021\/samba-bathily-et-myster-ezin-le-duo-qui-donne-la-lumiere-a-espoirs-west-africa-tour\/#primaryimage"},"thumbnailUrl":"https:\/\/biscotteslitteraires.com\/2021\/wp-content\/uploads\/2023\/11\/IMG-20231108-WA0019-768x1024.jpg","articleSection":["Vous et nous"],"inLanguage":"fr-FR","potentialAction":[{"@type":"CommentAction","name":"Comment","target":["https:\/\/biscotteslitteraires.com\/2021\/samba-bathily-et-myster-ezin-le-duo-qui-donne-la-lumiere-a-espoirs-west-africa-tour\/#respond"]}]},{"@type":"Person","@id":"https:\/\/biscotteslitteraires.com\/2021\/#\/schema\/person\/a7786cb98c76c568669b36d299731946","name":"biscotteslitteraires","image":{"@type":"ImageObject","inLanguage":"fr-FR","@id":"https:\/\/biscotteslitteraires.com\/2021\/#\/schema\/person\/image\/","url":"https:\/\/secure.gravatar.com\/avatar\/94320ea752b93453cb48b1b2d71ada12?s=96&d=mm&r=g","contentUrl":"https:\/\/secure.gravatar.com\/avatar\/94320ea752b93453cb48b1b2d71ada12?s=96&d=mm&r=g","caption":"biscotteslitteraires"},"url":"https:\/\/biscotteslitteraires.com\/2021\/author\/admin\/"}]}},"_links":{"self":[{"href":"https:\/\/biscotteslitteraires.com\/2021\/wp-json\/wp\/v2\/posts\/12111"}],"collection":[{"href":"https:\/\/biscotteslitteraires.com\/2021\/wp-json\/wp\/v2\/posts"}],"about":[{"href":"https:\/\/biscotteslitteraires.com\/2021\/wp-json\/wp\/v2\/types\/post"}],"author":[{"embeddable":true,"href":"https:\/\/biscotteslitteraires.com\/2021\/wp-json\/wp\/v2\/users\/1"}],"replies":[{"embeddable":true,"href":"https:\/\/biscotteslitteraires.com\/2021\/wp-json\/wp\/v2\/comments?post=12111"}],"version-history":[{"count":1,"href":"https:\/\/biscotteslitteraires.com\/2021\/wp-json\/wp\/v2\/posts\/12111\/revisions"}],"predecessor-version":[{"id":12114,"href":"https:\/\/biscotteslitteraires.com\/2021\/wp-json\/wp\/v2\/posts\/12111\/revisions\/12114"}],"wp:attachment":[{"href":"https:\/\/biscotteslitteraires.com\/2021\/wp-json\/wp\/v2\/media?parent=12111"}],"wp:term":[{"taxonomy":"category","embeddable":true,"href":"https:\/\/biscotteslitteraires.com\/2021\/wp-json\/wp\/v2\/categories?post=12111"},{"taxonomy":"post_tag","embeddable":true,"href":"https:\/\/biscotteslitteraires.com\/2021\/wp-json\/wp\/v2\/tags?post=12111"}],"curies":[{"name":"wp","href":"https:\/\/api.w.org\/{rel}","templated":true}]}}