{"id":12262,"date":"2024-07-16T10:40:09","date_gmt":"2024-07-16T10:40:09","guid":{"rendered":"https:\/\/biscotteslitteraires.com\/2021\/?p=12262"},"modified":"2025-09-07T22:23:15","modified_gmt":"2025-09-07T22:23:15","slug":"un-peu-de-feu-une-satire-sociale","status":"publish","type":"post","link":"https:\/\/biscotteslitteraires.com\/2021\/un-peu-de-feu-une-satire-sociale\/","title":{"rendered":"\u00ab\u00a0Un peu de feu\u00a0\u00bb: une satire sociale"},"content":{"rendered":"\n<p><strong>Le recueil de nouvelles \u00a0\u00bb <em>Un peu de feu<\/em> \u00a0\u00bb est une \u0153uvre qui s&rsquo;inscrit dans la r\u00e9alit\u00e9 des faits sociaux. \u00c0 travers ces nouvelles souvent pleines d&rsquo;humour, l&rsquo;auteur Claude Kouassi OBOE embarque le lecteur dans un voyage sans retour dans les m\u00e9andres de la vie.<\/strong><\/p>\n\n\n\n<p><\/p>\n\n\n\n<p>L&rsquo;\u00e9crivain est cette personne qui aime les d\u00e9tails. L&rsquo;\u0153uvre <strong><em>Un peu de feu<\/em><\/strong> de Kouassi Claude OBO\u00c9 est un recueil de neuf (09) nouvelles interconnect\u00e9s qui plongent le lecteur dans l&rsquo;univers de la petite enfance, l&rsquo;adolescence et de l&rsquo;\u00e2ge adulte entre rire, joie, larmes, pleurs, et bien d&rsquo;autres encore. C&rsquo;est un ensemble coh\u00e9rent d&rsquo;histoire tr\u00e8s int\u00e9ressant qui captive l&rsquo;attention du lecteur d\u00e8s la premi\u00e8re lecture.<\/p>\n\n\n\n<figure class=\"wp-block-gallery columns-1 is-cropped\"><ul class=\"blocks-gallery-grid\"><li class=\"blocks-gallery-item\"><figure><img loading=\"lazy\" width=\"818\" height=\"1024\" src=\"https:\/\/biscotteslitteraires.com\/2021\/wp-content\/uploads\/2024\/06\/FB_IMG_1700413285849-818x1024.jpg\" alt=\"\" data-id=\"12235\" data-full-url=\"https:\/\/biscotteslitteraires.com\/2021\/wp-content\/uploads\/2024\/06\/FB_IMG_1700413285849.jpg\" data-link=\"https:\/\/biscotteslitteraires.com\/2021\/le-point-virgule-de-albert-apeti-assiakoley\/fb_img_1700413285849\/\" class=\"wp-image-12235\" srcset=\"https:\/\/biscotteslitteraires.com\/2021\/wp-content\/uploads\/2024\/06\/FB_IMG_1700413285849-818x1024.jpg 818w, https:\/\/biscotteslitteraires.com\/2021\/wp-content\/uploads\/2024\/06\/FB_IMG_1700413285849-240x300.jpg 240w, https:\/\/biscotteslitteraires.com\/2021\/wp-content\/uploads\/2024\/06\/FB_IMG_1700413285849-768x961.jpg 768w, https:\/\/biscotteslitteraires.com\/2021\/wp-content\/uploads\/2024\/06\/FB_IMG_1700413285849.jpg 1080w\" sizes=\"(max-width: 818px) 100vw, 818px\" \/><\/figure><\/li><\/ul><\/figure>\n\n\n\n<p>Dans la premi\u00e8re nouvelle intitul\u00e9e \u00ab <strong>Amour \u00e0 toute \u00e9preuve<\/strong> \u00bb, Vigbl\u00e9 est un enfant r\u00e9calcitrant qui ne fait qu&rsquo;\u00e0 sa t\u00eate et devient un v\u00e9ritable poids lourd pour les habitants de son village. Il est \u00e9perdument amoureux d&rsquo;Ay\u00e9l\u00e9, la fille la plus belle du village. Malheureusement pour lui, les parents de cette derni\u00e8re ne voyaient pas de bon oeil leur union, mais finissent par accepter \u00e0 la suite de l&rsquo;annonce de la grossesse de leur fille dont l&rsquo;auteur n&rsquo;est rien d&rsquo;autre que vigbl\u00e9.<\/p>\n\n\n\n<p>Dans la deuxi\u00e8me nouvelle \u00ab <strong>Dondon klili<\/strong><strong> <\/strong>\u00bb, l\u2019auteur nous plonge dans certaines pratiques traditionnelles occultes. En effet, un terrible match de football doit opposer deux \u00e9quipes \u00ab&nbsp;<em>Les scorpions m\u00e9chants<\/em>&nbsp;\u00bb d&rsquo;Ahanoukop\u00e9 et \u00ab&nbsp;<em>L<\/em><em>es<\/em><em>&nbsp;Cobras bless\u00e9s<\/em>&nbsp;\u00bb de Waba&nbsp;, qui de m\u00e9moire des villageois ne sont jamais all\u00e9es en finale. Un \u00e9v\u00e9nement important pour les deux villages, qui chacun, va disposer des forces en pr\u00e9sence pour gagner ce match<\/p>\n\n\n\n<p>Dans la troisi\u00e8me nouvelle \u00ab <strong>La foire aux miracles<\/strong> \u00bb, un long et rude d\u00e9bat sur la polygamie est men\u00e9 entre Yaovi et le vendeur des produits de la pharmacop\u00e9e africaine. Si Yaovi est contre la polygamie et le vendeur pour, on imagine vraiment les arguments avanc\u00e9s par l\u2019un ou l\u2019autre pour convaincre son interlocuteur.<\/p>\n\n\n\n<p>La quatri\u00e8me nouvelle \u00ab <strong>Les petits d\u00e9mons de <\/strong><strong>Robert<\/strong><strong> <\/strong>\u00bb nous plonge dans le milieu scolaire. Robert est l\u2019\u00e9l\u00e8ve le plus r\u00e9calcitrant de sa classe. Il d\u00e9fiait son ma\u00eetre Podogan. Ce dernier, compte tenu de son examen du CAP \u00e0 pr\u00e9parer, ne tol\u00e9rait aucun manquement&nbsp;: ce qui donne une situation explosive entre ce ma\u00eetre et ses apprenants.<\/p>\n\n\n\n<p>La cinqui\u00e8me nouvelle \u00ab <strong>Morsure profonde<\/strong> \u00bb nous am\u00e8ne dans l&rsquo;univers de deux tourtereaux&nbsp;: Madod\u00e9 et Alice.&nbsp; Madod\u00e9 qui souffrait du d\u00e9sint\u00e9r\u00eat de sa femme \u00e0 son \u00e9gard, jeta son d\u00e9volu sur sa secr\u00e9taire Rachelle qui n\u2019avait jamais cess\u00e9 de lui faire des avances. Quelques temps apr\u00e8s cet acte, Alice la femme de Madot\u00e9 lui annonce une nouvelle devant laquelle il resta p\u00e9trifi\u00e9. P.101.<\/p>\n\n\n\n<figure class=\"wp-block-gallery columns-1 is-cropped\"><ul class=\"blocks-gallery-grid\"><li class=\"blocks-gallery-item\"><figure><img loading=\"lazy\" width=\"1024\" height=\"1024\" src=\"https:\/\/biscotteslitteraires.com\/2021\/wp-content\/uploads\/2024\/07\/1702495530996-1024x1024.jpg\" alt=\"\" data-id=\"12263\" data-full-url=\"https:\/\/biscotteslitteraires.com\/2021\/wp-content\/uploads\/2024\/07\/1702495530996.jpg\" data-link=\"https:\/\/biscotteslitteraires.com\/2021\/?attachment_id=12263\" class=\"wp-image-12263\" srcset=\"https:\/\/biscotteslitteraires.com\/2021\/wp-content\/uploads\/2024\/07\/1702495530996-1024x1024.jpg 1024w, https:\/\/biscotteslitteraires.com\/2021\/wp-content\/uploads\/2024\/07\/1702495530996-300x300.jpg 300w, https:\/\/biscotteslitteraires.com\/2021\/wp-content\/uploads\/2024\/07\/1702495530996-150x150.jpg 150w, https:\/\/biscotteslitteraires.com\/2021\/wp-content\/uploads\/2024\/07\/1702495530996-768x768.jpg 768w, https:\/\/biscotteslitteraires.com\/2021\/wp-content\/uploads\/2024\/07\/1702495530996-1536x1536.jpg 1536w, https:\/\/biscotteslitteraires.com\/2021\/wp-content\/uploads\/2024\/07\/1702495530996.jpg 2048w\" sizes=\"(max-width: 1024px) 100vw, 1024px\" \/><\/figure><\/li><\/ul><\/figure>\n\n\n\n<p>La sixi\u00e8me nouvelle \u00ab <strong>Face au destin<\/strong> \u00bb, nous ram\u00e8ne en milieu universitaire, o\u00f9 Mant\u00e8gnon le professeur de Lettres Modernes fait vivre un v\u00e9ritable enfer \u00e0 ses \u00e9tudiants except\u00e9es les filles qui se donnaient \u00e0 lui. D\u00e9go\u00fbt\u00e9, Claver apr\u00e8s l&rsquo;obtention de sa licence d\u00e9cida d\u2019abandonner ce d\u00e9partement de Lettres Modernes. Mais une terrible nouvelle l\u2019attendait&#8230;<\/p>\n\n\n\n<p>La septi\u00e8me nouvelle \u00ab <strong>Le coffi de ma m\u00e8re<\/strong><strong> <\/strong>\u00bb aborde la th\u00e9matique du COVID-19 qui gr\u00e2ce aux mesures de pr\u00e9ventions prises rapprocha une m\u00e8re et son fils qui ne se voient que rarement. Un moment qui permit au fils de se replonger dans son enfance.<\/p>\n\n\n\n<p>La huiti\u00e8me nouvelle \u00ab <strong>Nadine<\/strong> \u00bb, retrace le v\u00e9cu d&rsquo;une jeune fille nomm\u00e9e Nadine en classe de 3\u00e8 qui, ayant refus\u00e9 les avances de son professeur de SVT, M. Sakabo, subit les railleries, les humiliations des professeurs de la classe ainsi que de certains de ses camarades. Une situation que l\u2019administration de l\u2019\u00e9cole couvrit et qui vira au drame.<\/p>\n\n\n\n<p>\u00ab&nbsp;<strong>Un peu de feu<\/strong>&nbsp;\u00bb, la derni\u00e8re nouvelle, et nouvelle \u00e9ponyme du livre met en exergue les aventures du petit Finangon qui suite \u00e0 la gr\u00e8ve des enseignants dans son pays, partit pr\u00e8s de son oncle \u00e0 Conakry fut confront\u00e9 cette fois-ci au m\u00eame ph\u00e9nom\u00e8ne accompagn\u00e9 d&rsquo;une tendance \u00e0 fumer chez les jeunes \u00e0 partir de 13 ans. Une nouvelle o\u00f9 le narrateur d\u00e9couvre autres r\u00e9alit\u00e9s scolaires que celles de chez lui.<\/p>\n\n\n\n<p><strong>Quelques th\u00e8mes ont \u00e9t\u00e9 abord\u00e9s dans l&rsquo;ouvrage.<\/strong><\/p>\n\n\n\n<p>\u25aa <strong>L&rsquo;amour<\/strong> : Ce th\u00e8me est beaucoup d\u00e9velopp\u00e9 dans les nouvelles 1 et 5. On retient donc que l&rsquo;amour est un sentiment tr\u00e8s profond et puissant qui est capable d&rsquo;unir autant que de diviser. De Vigbl\u00e9 et Ay\u00e9l\u00e9, passant par Madod\u00e9 et Alice, on voit plusieurs facettes de l\u2019amour.<\/p>\n\n\n\n<p>\u25aa <strong>Les pratiques traditionnelles<\/strong> : \u00c0 travers l&rsquo;\u0153uvre, on note que bien qu&rsquo;\u00e9tant utilis\u00e9es comme moyen de r\u00e9soudre certaines situations et surtout pour gu\u00e9rir des maladies, ces pratiques servent aussi \u00e0 faire le mal et \u00e0 cr\u00e9er autour de soi, le chaos. Le cas du vieux Takanon qui pour gagner un match de football enterre les maillots au cimeti\u00e8re (p.14) et du vendeur du <em>zoy\u00e8y\u00e8 sotchadoutcha<\/em> (p.49).<\/p>\n\n\n\n<p>\u25aa <strong>La violence<\/strong> : Elle fait partie des maux qui minent la soci\u00e9t\u00e9 d&rsquo;aujourd&rsquo;hui et touche en grande partie les jeunes filles et les femmes et peut \u00eatre parfois est source de mort. Cette violence verbale ou physique se manifeste dans le livre avec les personnages comme Vigbl\u00e9, Nadine, Robert\u2026<\/p>\n\n\n\n<p><strong>Impression<\/strong><\/p>\n\n\n\n<p>Le recueil de nouvelles <strong><em>Un peu de feu<\/em><\/strong> est une \u0153uvre qui s&rsquo;inscrit dans la r\u00e9alit\u00e9 des faits sociaux. \u00c0 travers ces nouvelles souvent pleines d&rsquo;humour, l&rsquo;auteur Claude Kouassi OBOE embarque le lecteur dans un voyage sans retour dans les m\u00e9andres de la vie. Il cherche \u00e0 d\u00e9voiler au lecteur, certaines r\u00e9alit\u00e9s quotidiennes de la vie qui paraissent banales et qui lui \u00e9chappent.<\/p>\n\n\n\n<p>L&rsquo;ouvrage est \u00e9crit dans un style tr\u00e8s simple. On note \u00e9galement l&rsquo;utilisation des proc\u00e9d\u00e9s stylistiques, tels que des figures de style et quelques mots emprunt\u00e9s \u00e0 la langue mina : <em>\u00ab Vigbl\u00e9, Yaovi<\/em><em>, sodabi, lio kambla, tchoukoutou<\/em>&#8230;\u00bb qui rendent l&rsquo;\u0153uvre plus vivante et captivante. Cela permet \u00e9galement au lecteur africain plus pr\u00e9cis\u00e9ment b\u00e9ninois de se sentir chez lui.<\/p>\n\n\n\n<p>Kouassi Claude OBO\u00c9 est un \u00e9crivain b\u00e9ninois originaire de Com\u00e9. Il est l&rsquo;un des membres fondateurs du blog litt\u00e9raire b\u00e9ninois Biscottes litt\u00e9raires.<\/p>\n\n\n\n<figure class=\"wp-block-gallery columns-1 is-cropped\"><ul class=\"blocks-gallery-grid\"><li class=\"blocks-gallery-item\"><figure><img loading=\"lazy\" width=\"768\" height=\"1024\" src=\"https:\/\/biscotteslitteraires.com\/2021\/wp-content\/uploads\/2024\/07\/IMG-20240716-WA0075-768x1024.jpg\" alt=\"\" data-id=\"12266\" data-full-url=\"https:\/\/biscotteslitteraires.com\/2021\/wp-content\/uploads\/2024\/07\/IMG-20240716-WA0075.jpg\" data-link=\"https:\/\/biscotteslitteraires.com\/2021\/un-peu-de-feu-une-satire-sociale\/img-20240716-wa0075\/\" class=\"wp-image-12266\" srcset=\"https:\/\/biscotteslitteraires.com\/2021\/wp-content\/uploads\/2024\/07\/IMG-20240716-WA0075-768x1024.jpg 768w, https:\/\/biscotteslitteraires.com\/2021\/wp-content\/uploads\/2024\/07\/IMG-20240716-WA0075-225x300.jpg 225w, https:\/\/biscotteslitteraires.com\/2021\/wp-content\/uploads\/2024\/07\/IMG-20240716-WA0075.jpg 810w\" sizes=\"(max-width: 768px) 100vw, 768px\" \/><\/figure><\/li><\/ul><\/figure>\n\n\n\n<p><strong>Josiane Murielle S. CHIDIKOFAN<\/strong><\/p>\n","protected":false},"excerpt":{"rendered":"<p>Le recueil de nouvelles Un peu de feu est une \u0153uvre qui s&rsquo;inscrit dans la r\u00e9alit\u00e9 des faits sociaux. \u00c0 travers ces nouvelles souvent pleines d&rsquo;humour, l&rsquo;auteur Claude Kouassi OBOE embarque le lecteur dans un voyage sans retour dans les m\u00e9andres de la vie. <\/p>\n","protected":false},"author":1,"featured_media":12263,"comment_status":"open","ping_status":"closed","sticky":false,"template":"","format":"standard","meta":[],"categories":[10],"tags":[],"yoast_head":"<!-- This site is optimized with the Yoast SEO plugin v19.0 - https:\/\/yoast.com\/wordpress\/plugins\/seo\/ -->\n<title>&quot;Un peu de feu&quot;: une satire sociale - Biscottes Litt\u00e9raires<\/title>\n<meta name=\"robots\" content=\"index, follow, max-snippet:-1, max-image-preview:large, max-video-preview:-1\" \/>\n<link rel=\"canonical\" href=\"https:\/\/biscotteslitteraires.com\/2021\/un-peu-de-feu-une-satire-sociale\/\" \/>\n<meta property=\"og:locale\" content=\"fr_FR\" \/>\n<meta property=\"og:type\" content=\"article\" \/>\n<meta property=\"og:title\" content=\"&quot;Un peu de feu&quot;: une satire sociale - Biscottes Litt\u00e9raires\" \/>\n<meta property=\"og:description\" content=\"Le recueil de nouvelles Un peu de feu est une \u0153uvre qui s&#039;inscrit dans la r\u00e9alit\u00e9 des faits sociaux. \u00c0 travers ces nouvelles souvent pleines d&#039;humour, l&#039;auteur Claude Kouassi OBOE embarque le lecteur dans un voyage sans retour dans les m\u00e9andres de la vie.\" \/>\n<meta property=\"og:url\" content=\"https:\/\/biscotteslitteraires.com\/2021\/un-peu-de-feu-une-satire-sociale\/\" \/>\n<meta property=\"og:site_name\" content=\"Biscottes Litt\u00e9raires\" \/>\n<meta property=\"article:publisher\" content=\"https:\/\/facebook.com\/biscotteslitterairesbenin\" \/>\n<meta property=\"article:published_time\" content=\"2024-07-16T10:40:09+00:00\" \/>\n<meta property=\"article:modified_time\" content=\"2025-09-07T22:23:15+00:00\" \/>\n<meta property=\"og:image\" content=\"https:\/\/biscotteslitteraires.com\/2021\/wp-content\/uploads\/2024\/07\/1702495530996.jpg\" \/>\n\t<meta property=\"og:image:width\" content=\"2048\" \/>\n\t<meta property=\"og:image:height\" content=\"2048\" \/>\n\t<meta property=\"og:image:type\" content=\"image\/jpeg\" \/>\n<meta name=\"twitter:card\" content=\"summary\" \/>\n<meta name=\"twitter:label1\" content=\"\u00c9crit par\" \/>\n\t<meta name=\"twitter:data1\" content=\"biscotteslitteraires\" \/>\n\t<meta name=\"twitter:label2\" content=\"Dur\u00e9e de lecture estim\u00e9e\" \/>\n\t<meta name=\"twitter:data2\" content=\"6 minutes\" \/>\n<script type=\"application\/ld+json\" class=\"yoast-schema-graph\">{\"@context\":\"https:\/\/schema.org\",\"@graph\":[{\"@type\":\"Organization\",\"@id\":\"https:\/\/biscotteslitteraires.com\/2021\/#organization\",\"name\":\"Biscottes Litt\u00e9raires\",\"url\":\"https:\/\/biscotteslitteraires.com\/2021\/\",\"sameAs\":[\"https:\/\/facebook.com\/biscotteslitterairesbenin\"],\"logo\":{\"@type\":\"ImageObject\",\"inLanguage\":\"fr-FR\",\"@id\":\"https:\/\/biscotteslitteraires.com\/2021\/#\/schema\/logo\/image\/\",\"url\":\"https:\/\/biscotteslitteraires.com\/2021\/wp-content\/uploads\/2018\/11\/cropped-LOGO-BL-e1630101307137.jpg\",\"contentUrl\":\"https:\/\/biscotteslitteraires.com\/2021\/wp-content\/uploads\/2018\/11\/cropped-LOGO-BL-e1630101307137.jpg\",\"width\":960,\"height\":960,\"caption\":\"Biscottes Litt\u00e9raires\"},\"image\":{\"@id\":\"https:\/\/biscotteslitteraires.com\/2021\/#\/schema\/logo\/image\/\"}},{\"@type\":\"WebSite\",\"@id\":\"https:\/\/biscotteslitteraires.com\/2021\/#website\",\"url\":\"https:\/\/biscotteslitteraires.com\/2021\/\",\"name\":\"Biscottes Litt\u00e9raires\",\"description\":\"Ici nous voyagerons dans les lignes, explorerons les interlignes.\",\"publisher\":{\"@id\":\"https:\/\/biscotteslitteraires.com\/2021\/#organization\"},\"potentialAction\":[{\"@type\":\"SearchAction\",\"target\":{\"@type\":\"EntryPoint\",\"urlTemplate\":\"https:\/\/biscotteslitteraires.com\/2021\/?s={search_term_string}\"},\"query-input\":\"required name=search_term_string\"}],\"inLanguage\":\"fr-FR\"},{\"@type\":\"ImageObject\",\"inLanguage\":\"fr-FR\",\"@id\":\"https:\/\/biscotteslitteraires.com\/2021\/un-peu-de-feu-une-satire-sociale\/#primaryimage\",\"url\":\"https:\/\/biscotteslitteraires.com\/2021\/wp-content\/uploads\/2024\/07\/1702495530996.jpg\",\"contentUrl\":\"https:\/\/biscotteslitteraires.com\/2021\/wp-content\/uploads\/2024\/07\/1702495530996.jpg\",\"width\":2048,\"height\":2048},{\"@type\":\"WebPage\",\"@id\":\"https:\/\/biscotteslitteraires.com\/2021\/un-peu-de-feu-une-satire-sociale\/#webpage\",\"url\":\"https:\/\/biscotteslitteraires.com\/2021\/un-peu-de-feu-une-satire-sociale\/\",\"name\":\"\\\"Un peu de feu\\\": une satire sociale - Biscottes Litt\u00e9raires\",\"isPartOf\":{\"@id\":\"https:\/\/biscotteslitteraires.com\/2021\/#website\"},\"primaryImageOfPage\":{\"@id\":\"https:\/\/biscotteslitteraires.com\/2021\/un-peu-de-feu-une-satire-sociale\/#primaryimage\"},\"datePublished\":\"2024-07-16T10:40:09+00:00\",\"dateModified\":\"2025-09-07T22:23:15+00:00\",\"breadcrumb\":{\"@id\":\"https:\/\/biscotteslitteraires.com\/2021\/un-peu-de-feu-une-satire-sociale\/#breadcrumb\"},\"inLanguage\":\"fr-FR\",\"potentialAction\":[{\"@type\":\"ReadAction\",\"target\":[\"https:\/\/biscotteslitteraires.com\/2021\/un-peu-de-feu-une-satire-sociale\/\"]}]},{\"@type\":\"BreadcrumbList\",\"@id\":\"https:\/\/biscotteslitteraires.com\/2021\/un-peu-de-feu-une-satire-sociale\/#breadcrumb\",\"itemListElement\":[{\"@type\":\"ListItem\",\"position\":1,\"name\":\"Accueil\",\"item\":\"https:\/\/biscotteslitteraires.com\/2021\/\"},{\"@type\":\"ListItem\",\"position\":2,\"name\":\"\u00ab\u00a0Un peu de feu\u00a0\u00bb: une satire sociale\"}]},{\"@type\":\"Article\",\"@id\":\"https:\/\/biscotteslitteraires.com\/2021\/un-peu-de-feu-une-satire-sociale\/#article\",\"isPartOf\":{\"@id\":\"https:\/\/biscotteslitteraires.com\/2021\/un-peu-de-feu-une-satire-sociale\/#webpage\"},\"author\":{\"@id\":\"https:\/\/biscotteslitteraires.com\/2021\/#\/schema\/person\/a7786cb98c76c568669b36d299731946\"},\"headline\":\"\u00ab\u00a0Un peu de feu\u00a0\u00bb: une satire sociale\",\"datePublished\":\"2024-07-16T10:40:09+00:00\",\"dateModified\":\"2025-09-07T22:23:15+00:00\",\"mainEntityOfPage\":{\"@id\":\"https:\/\/biscotteslitteraires.com\/2021\/un-peu-de-feu-une-satire-sociale\/#webpage\"},\"wordCount\":1078,\"commentCount\":0,\"publisher\":{\"@id\":\"https:\/\/biscotteslitteraires.com\/2021\/#organization\"},\"image\":{\"@id\":\"https:\/\/biscotteslitteraires.com\/2021\/un-peu-de-feu-une-satire-sociale\/#primaryimage\"},\"thumbnailUrl\":\"https:\/\/biscotteslitteraires.com\/2021\/wp-content\/uploads\/2024\/07\/1702495530996.jpg\",\"articleSection\":[\"lupourvous\"],\"inLanguage\":\"fr-FR\",\"potentialAction\":[{\"@type\":\"CommentAction\",\"name\":\"Comment\",\"target\":[\"https:\/\/biscotteslitteraires.com\/2021\/un-peu-de-feu-une-satire-sociale\/#respond\"]}]},{\"@type\":\"Person\",\"@id\":\"https:\/\/biscotteslitteraires.com\/2021\/#\/schema\/person\/a7786cb98c76c568669b36d299731946\",\"name\":\"biscotteslitteraires\",\"image\":{\"@type\":\"ImageObject\",\"inLanguage\":\"fr-FR\",\"@id\":\"https:\/\/biscotteslitteraires.com\/2021\/#\/schema\/person\/image\/\",\"url\":\"https:\/\/secure.gravatar.com\/avatar\/94320ea752b93453cb48b1b2d71ada12?s=96&d=mm&r=g\",\"contentUrl\":\"https:\/\/secure.gravatar.com\/avatar\/94320ea752b93453cb48b1b2d71ada12?s=96&d=mm&r=g\",\"caption\":\"biscotteslitteraires\"},\"url\":\"https:\/\/biscotteslitteraires.com\/2021\/author\/admin\/\"}]}<\/script>\n<!-- \/ Yoast SEO plugin. -->","yoast_head_json":{"title":"\"Un peu de feu\": une satire sociale - Biscottes Litt\u00e9raires","robots":{"index":"index","follow":"follow","max-snippet":"max-snippet:-1","max-image-preview":"max-image-preview:large","max-video-preview":"max-video-preview:-1"},"canonical":"https:\/\/biscotteslitteraires.com\/2021\/un-peu-de-feu-une-satire-sociale\/","og_locale":"fr_FR","og_type":"article","og_title":"\"Un peu de feu\": une satire sociale - Biscottes Litt\u00e9raires","og_description":"Le recueil de nouvelles Un peu de feu est une \u0153uvre qui s'inscrit dans la r\u00e9alit\u00e9 des faits sociaux. \u00c0 travers ces nouvelles souvent pleines d'humour, l'auteur Claude Kouassi OBOE embarque le lecteur dans un voyage sans retour dans les m\u00e9andres de la vie.","og_url":"https:\/\/biscotteslitteraires.com\/2021\/un-peu-de-feu-une-satire-sociale\/","og_site_name":"Biscottes Litt\u00e9raires","article_publisher":"https:\/\/facebook.com\/biscotteslitterairesbenin","article_published_time":"2024-07-16T10:40:09+00:00","article_modified_time":"2025-09-07T22:23:15+00:00","og_image":[{"width":2048,"height":2048,"url":"https:\/\/biscotteslitteraires.com\/2021\/wp-content\/uploads\/2024\/07\/1702495530996.jpg","type":"image\/jpeg"}],"twitter_card":"summary","twitter_misc":{"\u00c9crit par":"biscotteslitteraires","Dur\u00e9e de lecture estim\u00e9e":"6 minutes"},"schema":{"@context":"https:\/\/schema.org","@graph":[{"@type":"Organization","@id":"https:\/\/biscotteslitteraires.com\/2021\/#organization","name":"Biscottes Litt\u00e9raires","url":"https:\/\/biscotteslitteraires.com\/2021\/","sameAs":["https:\/\/facebook.com\/biscotteslitterairesbenin"],"logo":{"@type":"ImageObject","inLanguage":"fr-FR","@id":"https:\/\/biscotteslitteraires.com\/2021\/#\/schema\/logo\/image\/","url":"https:\/\/biscotteslitteraires.com\/2021\/wp-content\/uploads\/2018\/11\/cropped-LOGO-BL-e1630101307137.jpg","contentUrl":"https:\/\/biscotteslitteraires.com\/2021\/wp-content\/uploads\/2018\/11\/cropped-LOGO-BL-e1630101307137.jpg","width":960,"height":960,"caption":"Biscottes Litt\u00e9raires"},"image":{"@id":"https:\/\/biscotteslitteraires.com\/2021\/#\/schema\/logo\/image\/"}},{"@type":"WebSite","@id":"https:\/\/biscotteslitteraires.com\/2021\/#website","url":"https:\/\/biscotteslitteraires.com\/2021\/","name":"Biscottes Litt\u00e9raires","description":"Ici nous voyagerons dans les lignes, explorerons les interlignes.","publisher":{"@id":"https:\/\/biscotteslitteraires.com\/2021\/#organization"},"potentialAction":[{"@type":"SearchAction","target":{"@type":"EntryPoint","urlTemplate":"https:\/\/biscotteslitteraires.com\/2021\/?s={search_term_string}"},"query-input":"required name=search_term_string"}],"inLanguage":"fr-FR"},{"@type":"ImageObject","inLanguage":"fr-FR","@id":"https:\/\/biscotteslitteraires.com\/2021\/un-peu-de-feu-une-satire-sociale\/#primaryimage","url":"https:\/\/biscotteslitteraires.com\/2021\/wp-content\/uploads\/2024\/07\/1702495530996.jpg","contentUrl":"https:\/\/biscotteslitteraires.com\/2021\/wp-content\/uploads\/2024\/07\/1702495530996.jpg","width":2048,"height":2048},{"@type":"WebPage","@id":"https:\/\/biscotteslitteraires.com\/2021\/un-peu-de-feu-une-satire-sociale\/#webpage","url":"https:\/\/biscotteslitteraires.com\/2021\/un-peu-de-feu-une-satire-sociale\/","name":"\"Un peu de feu\": une satire sociale - Biscottes Litt\u00e9raires","isPartOf":{"@id":"https:\/\/biscotteslitteraires.com\/2021\/#website"},"primaryImageOfPage":{"@id":"https:\/\/biscotteslitteraires.com\/2021\/un-peu-de-feu-une-satire-sociale\/#primaryimage"},"datePublished":"2024-07-16T10:40:09+00:00","dateModified":"2025-09-07T22:23:15+00:00","breadcrumb":{"@id":"https:\/\/biscotteslitteraires.com\/2021\/un-peu-de-feu-une-satire-sociale\/#breadcrumb"},"inLanguage":"fr-FR","potentialAction":[{"@type":"ReadAction","target":["https:\/\/biscotteslitteraires.com\/2021\/un-peu-de-feu-une-satire-sociale\/"]}]},{"@type":"BreadcrumbList","@id":"https:\/\/biscotteslitteraires.com\/2021\/un-peu-de-feu-une-satire-sociale\/#breadcrumb","itemListElement":[{"@type":"ListItem","position":1,"name":"Accueil","item":"https:\/\/biscotteslitteraires.com\/2021\/"},{"@type":"ListItem","position":2,"name":"\u00ab\u00a0Un peu de feu\u00a0\u00bb: une satire sociale"}]},{"@type":"Article","@id":"https:\/\/biscotteslitteraires.com\/2021\/un-peu-de-feu-une-satire-sociale\/#article","isPartOf":{"@id":"https:\/\/biscotteslitteraires.com\/2021\/un-peu-de-feu-une-satire-sociale\/#webpage"},"author":{"@id":"https:\/\/biscotteslitteraires.com\/2021\/#\/schema\/person\/a7786cb98c76c568669b36d299731946"},"headline":"\u00ab\u00a0Un peu de feu\u00a0\u00bb: une satire sociale","datePublished":"2024-07-16T10:40:09+00:00","dateModified":"2025-09-07T22:23:15+00:00","mainEntityOfPage":{"@id":"https:\/\/biscotteslitteraires.com\/2021\/un-peu-de-feu-une-satire-sociale\/#webpage"},"wordCount":1078,"commentCount":0,"publisher":{"@id":"https:\/\/biscotteslitteraires.com\/2021\/#organization"},"image":{"@id":"https:\/\/biscotteslitteraires.com\/2021\/un-peu-de-feu-une-satire-sociale\/#primaryimage"},"thumbnailUrl":"https:\/\/biscotteslitteraires.com\/2021\/wp-content\/uploads\/2024\/07\/1702495530996.jpg","articleSection":["lupourvous"],"inLanguage":"fr-FR","potentialAction":[{"@type":"CommentAction","name":"Comment","target":["https:\/\/biscotteslitteraires.com\/2021\/un-peu-de-feu-une-satire-sociale\/#respond"]}]},{"@type":"Person","@id":"https:\/\/biscotteslitteraires.com\/2021\/#\/schema\/person\/a7786cb98c76c568669b36d299731946","name":"biscotteslitteraires","image":{"@type":"ImageObject","inLanguage":"fr-FR","@id":"https:\/\/biscotteslitteraires.com\/2021\/#\/schema\/person\/image\/","url":"https:\/\/secure.gravatar.com\/avatar\/94320ea752b93453cb48b1b2d71ada12?s=96&d=mm&r=g","contentUrl":"https:\/\/secure.gravatar.com\/avatar\/94320ea752b93453cb48b1b2d71ada12?s=96&d=mm&r=g","caption":"biscotteslitteraires"},"url":"https:\/\/biscotteslitteraires.com\/2021\/author\/admin\/"}]}},"_links":{"self":[{"href":"https:\/\/biscotteslitteraires.com\/2021\/wp-json\/wp\/v2\/posts\/12262"}],"collection":[{"href":"https:\/\/biscotteslitteraires.com\/2021\/wp-json\/wp\/v2\/posts"}],"about":[{"href":"https:\/\/biscotteslitteraires.com\/2021\/wp-json\/wp\/v2\/types\/post"}],"author":[{"embeddable":true,"href":"https:\/\/biscotteslitteraires.com\/2021\/wp-json\/wp\/v2\/users\/1"}],"replies":[{"embeddable":true,"href":"https:\/\/biscotteslitteraires.com\/2021\/wp-json\/wp\/v2\/comments?post=12262"}],"version-history":[{"count":3,"href":"https:\/\/biscotteslitteraires.com\/2021\/wp-json\/wp\/v2\/posts\/12262\/revisions"}],"predecessor-version":[{"id":12268,"href":"https:\/\/biscotteslitteraires.com\/2021\/wp-json\/wp\/v2\/posts\/12262\/revisions\/12268"}],"wp:featuredmedia":[{"embeddable":true,"href":"https:\/\/biscotteslitteraires.com\/2021\/wp-json\/wp\/v2\/media\/12263"}],"wp:attachment":[{"href":"https:\/\/biscotteslitteraires.com\/2021\/wp-json\/wp\/v2\/media?parent=12262"}],"wp:term":[{"taxonomy":"category","embeddable":true,"href":"https:\/\/biscotteslitteraires.com\/2021\/wp-json\/wp\/v2\/categories?post=12262"},{"taxonomy":"post_tag","embeddable":true,"href":"https:\/\/biscotteslitteraires.com\/2021\/wp-json\/wp\/v2\/tags?post=12262"}],"curies":[{"name":"wp","href":"https:\/\/api.w.org\/{rel}","templated":true}]}}