{"id":12387,"date":"2025-03-07T14:15:29","date_gmt":"2025-03-07T14:15:29","guid":{"rendered":"https:\/\/biscotteslitteraires.com\/2021\/?p=12387"},"modified":"2025-09-07T22:20:13","modified_gmt":"2025-09-07T22:20:13","slug":"jai-ressenti-le-besoin-decrire-des-mon-plus-jeune-age-gino-dossou-aminon","status":"publish","type":"post","link":"https:\/\/biscotteslitteraires.com\/2021\/jai-ressenti-le-besoin-decrire-des-mon-plus-jeune-age-gino-dossou-aminon\/","title":{"rendered":"\u00ab\u00a0J&rsquo;ai ressenti le besoin d&rsquo;\u00e9crire d\u00e8s mon plus jeune \u00e2ge\u00a0\u00bb Gino DOSSOU-AMINON"},"content":{"rendered":"\t\t<div data-elementor-type=\"wp-post\" data-elementor-id=\"12387\" class=\"elementor elementor-12387\" data-elementor-settings=\"[]\">\n\t\t\t\t\t\t<div class=\"elementor-inner\">\n\t\t\t\t\t\t\t<div class=\"elementor-section-wrap\">\n\t\t\t\t\t\t\t<section class=\"elementor-section elementor-top-section elementor-element elementor-element-6b4dc00e elementor-section-boxed elementor-section-height-default elementor-section-height-default\" data-id=\"6b4dc00e\" data-element_type=\"section\">\n\t\t\t\t\t\t<div class=\"elementor-container elementor-column-gap-default\">\n\t\t\t\t\t\t\t<div class=\"elementor-row\">\n\t\t\t\t\t<div class=\"elementor-column elementor-col-100 elementor-top-column elementor-element elementor-element-68c43516\" data-id=\"68c43516\" data-element_type=\"column\">\n\t\t\t<div class=\"elementor-column-wrap elementor-element-populated\">\n\t\t\t\t\t\t\t<div class=\"elementor-widget-wrap\">\n\t\t\t\t\t\t<div class=\"elementor-element elementor-element-3df1ebc2 elementor-widget elementor-widget-text-editor\" data-id=\"3df1ebc2\" data-element_type=\"widget\" data-widget_type=\"text-editor.default\">\n\t\t\t\t<div class=\"elementor-widget-container\">\n\t\t\t\t\t\t\t\t<div class=\"elementor-text-editor elementor-clearfix\">\n\t\t\t\t<p><!-- wp:paragraph --><\/p>\n<p><strong><em><u>BL<\/u><\/em><\/strong><strong><em>&nbsp;: Gino DOSSOU-AMINON<\/em><\/strong><strong><em> (<\/em><\/strong><strong>G.D.-A)<em>, bienvenu sur Biscottes Litt\u00e9raires<\/em><\/strong><strong><em> <u>(BL<\/u>&nbsp;). Nous nous int\u00e9ressons \u00e0 votre nouvelle parution litt\u00e9raire \u00ab\u00a0<\/em>Denise ou l&rsquo;envol de la femme<em>\u00ab\u00a0. Avant d&rsquo;aller dans le vif du sujet, bien que nous vous savons sensible aux d\u00e9fis de la jeunesse puis laur\u00e9at des concours \u00ab\u00a0<\/em>Lovers poetry<em>\u00a0\u00bb et \u00ab\u00a0Biova\u00a0\u00bb en 2023, \u00ab\u00a0<\/em>Ma plume au service de ma communaut\u00e9<em>\u00ab\u00a0, \u00ab\u00a0<\/em>\u00c9tincelle des vers<em>\u00a0\u00bb en 2024, qu&rsquo;est-ce que nos lecteurs devraient savoir sur vous ?<\/em><\/strong><\/p>\n<p><!-- \/wp:paragraph --><\/p>\n<p><!-- wp:paragraph --><\/p>\n<p><strong><u>G.D.-A<\/u><\/strong> :&nbsp; Merci de m\u2019accueillir sur Biscottes Litt\u00e9raires. Je suis Gino DOSSOU-AMINON, s\u00e9minariste au S\u00e9minaire Notre-Dame de Fatima de Parakou, et la litt\u00e9rature est bien plus qu&rsquo;une passion pour moi ; c&rsquo;est un v\u00e9ritable moyen d&rsquo;expression. Gr\u00e2ce \u00e0 mes exp\u00e9riences et observations, j&rsquo;ai compris \u00e0 quel point il est crucial de donner une voix \u00e0 ceux qui se sentent souvent invisibles. C&rsquo;est pour cela, qu&rsquo;\u00e0 travers ma page facebook \u00a0\u00bbWoman Your Dignity\u00a0\u00bb, je m&rsquo;efforce de cr\u00e9er un espace o\u00f9 les femmes peuvent prendre conscience de leur dignit\u00e9 et de leur potentiel. C&rsquo;est un projet qui me tient \u00e0 c\u0153ur, car je crois fermement que chaque femme m\u00e9rite d&rsquo;\u00eatre reconnue et valoris\u00e9e. Je collabore \u00e9galement avec plusieurs \u00e9quipes litt\u00e9raires, car je pense que la lecture est une cl\u00e9 pour ouvrir des portes de connaissances et \u00e9largir nos horizons.<\/p>\n<p><br><\/p>\n<p><!-- \/wp:paragraph --><\/p>\n<p><!-- wp:image {\"id\":12388,\"sizeSlug\":\"full\",\"linkDestination\":\"none\"} --><\/p>\n<figure class=\"wp-block-image size-full\">&nbsp; &nbsp; &nbsp; &nbsp; &nbsp; &nbsp; &nbsp; &nbsp; &nbsp; &nbsp; &nbsp;<img loading=\"lazy\" width=\"715\" height=\"715\" src=\"https:\/\/biscotteslitteraires.com\/2021\/wp-content\/uploads\/2025\/03\/IMG-20250307-WA0002.jpg\" alt=\"\" class=\"wp-image-12388\" srcset=\"https:\/\/biscotteslitteraires.com\/2021\/wp-content\/uploads\/2025\/03\/IMG-20250307-WA0002.jpg 715w, https:\/\/biscotteslitteraires.com\/2021\/wp-content\/uploads\/2025\/03\/IMG-20250307-WA0002-300x300.jpg 300w, https:\/\/biscotteslitteraires.com\/2021\/wp-content\/uploads\/2025\/03\/IMG-20250307-WA0002-150x150.jpg 150w\" sizes=\"(max-width: 715px) 100vw, 715px\" \/><\/figure>\n<p><!-- \/wp:image --><\/p>\n<p><!-- wp:paragraph --><\/p>\n<p><strong><em><u>BL<\/u><\/em><\/strong><strong><em>&nbsp;: &nbsp;Dans votre pi\u00e8ce de th\u00e9\u00e2tre \u00ab\u00a0Denise ou l&rsquo;envol de la femme\u00a0\u00bb, il est question de l&rsquo;\u00e9mancipation de la femme et de mariage forc\u00e9, entre autres sujets abord\u00e9s. Pourquoi avoir choisi la dramaturgie pour dire votre cr\u00e9ativit\u00e9 ?<\/em><\/strong><\/p>\n<p><!-- \/wp:paragraph --><\/p>\n<p><!-- wp:paragraph --><\/p>\n<p><strong><u>G. D.-A.<\/u><\/strong> : J&rsquo;ai choisi le genre de la dramaturgie pour \u00ab\u00a0Denise ou l&rsquo;envol de la femme\u00a0\u00bb car le th\u00e9\u00e2tre a cette capacit\u00e9 unique de capturer les \u00e9motions humaines et de les transmettre de mani\u00e8re vivante. La sc\u00e8ne permet une interaction directe avec le public, ce qui rend les th\u00e8mes d&rsquo;\u00e9mancipation et de mariage forc\u00e9 encore plus percutants. La dramaturgie offre un espace o\u00f9 les personnages peuvent \u00e9voluer et o\u00f9 les spectateurs peuvent r\u00e9fl\u00e9chir \u00e0 des enjeux sociaux cruciaux qui nous touchent tous.<\/p>\n<p><!-- \/wp:paragraph --><\/p>\n<p><!-- wp:paragraph --><\/p>\n<p><strong><em><u>BL&nbsp;<\/u><\/em><\/strong><strong><em>: La question de la femme est tr\u00e8s actuelle et fait r\u00e9fl\u00e9chir plus d&rsquo;un. Est-ce que choisir de d\u00e9noncer certains revers de la soci\u00e9t\u00e9 que vivent les femmes ne vous rend pas paternaliste et f\u00e9ministe ? Assumez-vous cette position ?<\/em><\/strong><\/p>\n<p><!-- \/wp:paragraph --><\/p>\n<p><!-- wp:paragraph --><\/p>\n<p><strong><u>G. D.-A<\/u><\/strong>. : Aborder la question de la femme dans ma pi\u00e8ce n&rsquo;est signe ni de paternaliste ni de f\u00e9ministe, mais plut\u00f4t une ouverture sur les injustices qui persistent. Je me positionne comme un alli\u00e9, cherchant \u00e0 mettre en lumi\u00e8re les luttes et les triomphes des femmes. Je suis convaincu que d\u00e9noncer ces r\u00e9alit\u00e9s est essentiel pour encourager le changement et promouvoir l&rsquo;\u00e9galit\u00e9 des sexes.&nbsp; Mon but est de soutenir la cause des femmes et d&rsquo;encourager un dialogue constructif autour de ces questions.<\/p>\n<p><!-- \/wp:paragraph --><\/p>\n<p><!-- wp:paragraph --><\/p>\n<p><strong><em><u>BL<\/u><\/em><\/strong><strong><em>&nbsp;: A la page 19, vous \u00e9crivez : \u00ab\u00a0Une m\u00e8re connait mieux le fruit de ses entrailles que quiconque\u00a0\u00bb. Quel regard portez-vous sur les familles monoparentales o\u00f9 le r\u00f4le de p\u00e8re et de m\u00e8re est jou\u00e9 par une seule personne ?<\/em><\/strong><\/p>\n<p><!-- \/wp:paragraph --><\/p>\n<p><!-- wp:paragraph --><\/p>\n<p><strong><u>G. D.-A.<\/u><\/strong> : La citation \u00ab\u00a0Une m\u00e8re conna\u00eet mieux le fruit de ses entrailles que quiconque\u00a0\u00bb que j&rsquo;ai incluse dans mon livre, souligne l&rsquo;importance des liens familiaux, en particulier celui qui unit une m\u00e8re \u00e0 son enfant.&nbsp; Il est \u00e9galement essentiel de reconna\u00eetre la force des familles monoparentales, o\u00f9 le parent unique joue un r\u00f4le fondamental, souvent en assumant \u00e0 la fois les responsabilit\u00e9s de p\u00e8re et de m\u00e8re. Cela illustre la r\u00e9silience et l&rsquo;amour inconditionnel qui peuvent exister, m\u00eame dans des structures familiales non traditionnelles. Cependant, il reste pr\u00e9f\u00e9rable de promouvoir des familles o\u00f9 l&rsquo;enfant peut s&rsquo;\u00e9panouir avec la pr\u00e9sence de ses deux parents.<\/p><p><br><\/p>\n<p><!-- \/wp:paragraph --><\/p>\n<p><!-- wp:image {\"id\":12389,\"sizeSlug\":\"full\",\"linkDestination\":\"none\"} --><\/p>\n<figure class=\"wp-block-image size-full\">&nbsp; &nbsp; &nbsp; &nbsp; &nbsp; &nbsp; &nbsp; &nbsp; &nbsp; &nbsp; &nbsp;<img loading=\"lazy\" width=\"707\" height=\"1000\" src=\"https:\/\/biscotteslitteraires.com\/2021\/wp-content\/uploads\/2025\/03\/IMG-20250307-WA0001.jpg\" alt=\"\" class=\"wp-image-12389\" srcset=\"https:\/\/biscotteslitteraires.com\/2021\/wp-content\/uploads\/2025\/03\/IMG-20250307-WA0001.jpg 707w, https:\/\/biscotteslitteraires.com\/2021\/wp-content\/uploads\/2025\/03\/IMG-20250307-WA0001-212x300.jpg 212w\" sizes=\"(max-width: 707px) 100vw, 707px\" \/><\/figure>\n<p><!-- \/wp:image --><\/p>\n<p><!-- wp:paragraph --><\/p>\n<p><strong><em><u>BL<\/u><\/em><\/strong><strong><em>&nbsp;: &nbsp;En bonus de la pi\u00e8ce de th\u00e9\u00e2tre, vous avez \u00e9crit des po\u00e8mes. Que vous inspire la po\u00e9sie en g\u00e9n\u00e9ral ? Selon vous, qu&rsquo;est-ce qui fait un bon po\u00e8te ?<\/em><\/strong><\/p>\n<p><!-- \/wp:paragraph --><\/p>\n<p><!-- wp:paragraph --><\/p>\n<p><strong><u>G. D.-A<\/u><\/strong>. : La po\u00e9sie est pour moi une forme d&rsquo;expression intime et profonde. Elle permet de capturer des \u00e9motions et des id\u00e9es en quelques mots, souvent avec une musicalit\u00e9 qui touche l&rsquo;\u00e2me. Un bon po\u00e8te, selon moi, est celui qui sait jouer avec les mots, cr\u00e9er des images puissantes et susciter des \u00e9motions chez le lecteur. La sinc\u00e9rit\u00e9 et l&rsquo;authenticit\u00e9 dans l&rsquo;\u00e9criture sont \u00e9galement des qualit\u00e9s essentielles.<\/p>\n<p><!-- \/wp:paragraph --><\/p>\n<p><!-- wp:paragraph --><\/p>\n<p><strong><em><u>BL<\/u><\/em><\/strong><strong><em>&nbsp;: Est-ce qu&rsquo;il y a un lien entre le th\u00e9\u00e2tre et la po\u00e9sie et plus pr\u00e9cis\u00e9ment dans votre livre ?<\/em><\/strong><\/p>\n<p><!-- \/wp:paragraph --><\/p>\n<p><!-- wp:paragraph --><\/p>\n<p><strong><u>G. D.-A.<\/u><\/strong> : Il existe effectivement un lien entre le th\u00e9\u00e2tre et la po\u00e9sie dans mon livre. Ces deux formes d&rsquo;art partagent une sensibilit\u00e9 \u00e0 la langue et une attention \u00e0 la structure. Dans ma pi\u00e8ce, j&rsquo;ai int\u00e9gr\u00e9 des \u00e9l\u00e9ments po\u00e9tiques pour enrichir le dialogue et apporter une profondeur \u00e9motionnelle aux personnages ainsi qu&rsquo;aux th\u00e9matiques abord\u00e9es. Cela permet d&rsquo;explorer les sujets de mani\u00e8re plus lyrique et&nbsp; \u00e9vocatrice.<\/p>\n<p><!-- \/wp:paragraph --><\/p>\n<p><!-- wp:paragraph --><\/p>\n<p><strong><em><u>BL<\/u><\/em><\/strong><strong><em>&nbsp;: Le personnage principal Denise a d\u00fb faire face \u00e0 des emb\u00fbches et oppositions pour avoir gain de cause. L&rsquo; \u00e9ducation des filles en 2025 pose-t-elle toujours un probl\u00e8me majeur ?<\/em><\/strong><\/p>\n<p><!-- \/wp:paragraph --><\/p>\n<p><!-- wp:paragraph --><\/p>\n<p><strong><u>G. D.-A.<\/u><\/strong> : Oui, l&rsquo;\u00e9ducation des filles en 2025 reste un probl\u00e8me majeur dans de nombreuses r\u00e9gions du monde. Malgr\u00e9 les progr\u00e8s r\u00e9alis\u00e9s, des obstacles tels que la pauvret\u00e9, les st\u00e9r\u00e9otypes de genres et les traditions culturelles continuent d&rsquo;entraver l&rsquo;acc\u00e8s \u00e0 une \u00e9ducation de qualit\u00e9 pour les filles. Dans certaines soci\u00e9t\u00e9s, les mariages pr\u00e9coces et les attentes soci\u00e9tales limitent encore leur potentiel. Mon personnage, Denise, incarne cette lutte, et \u00e0 travers son parcours, je souhaite sensibiliser le public aux d\u00e9fis persistants auxquels ces jeunes filles sont confront\u00e9es.<\/p>\n<p><!-- \/wp:paragraph --><\/p>\n<p><!-- wp:paragraph --><\/p>\n<p><strong><em><u>BL<\/u><\/em><\/strong><strong><em>&nbsp;: &nbsp;\u00c0 quel moment, vous avez ressenti ce besoin d&rsquo;\u00e9crire et quelles sont vos influences en mati\u00e8re de lectures ?<\/em><\/strong><\/p>\n<p><!-- \/wp:paragraph --><\/p>\n<p><!-- wp:paragraph --><\/p>\n<p><strong><u>G. D.-A<\/u><\/strong>. : J&rsquo;ai ressenti le besoin d&rsquo;\u00e9crire d\u00e8s mon plus jeune \u00e2ge, particuli\u00e8rement lorsque j&rsquo;ai d\u00e9couvert le pouvoir des mots pour exprimer des \u00e9motions et des id\u00e9es. Cela a commenc\u00e9 en classe de 5\u00e8me. Mes influences litt\u00e9raires viennent d&rsquo;auteurs tels que Pierre Corneille, L\u00e9opold S\u00e9dar Senghor, Olympe Bh\u00ealy Quenum, Victor Hugo, Amadou Kon\u00e9 et Camara Lay\u00e9. Leurs \u0153uvres ont eu un impact significatif sur moi, m&rsquo;incitant \u00e0 utiliser ma voix pour d\u00e9fendre des causes qui me tiennent \u00e0 c\u0153ur.<\/p>\n<p><!-- \/wp:paragraph --><\/p>\n<p><!-- wp:paragraph --><\/p>\n<p><strong><em><u>BL<\/u><\/em><\/strong><strong><em>&nbsp;: Quels sont vos projets litt\u00e9raires futurs ?<\/em><\/strong><\/p>\n<p><!-- \/wp:paragraph --><\/p>\n<p><!-- wp:paragraph --><\/p>\n<p><strong><u>G.-D.-A.<\/u><\/strong> : Pour l&rsquo;avenir, je souhaite explorer de nouveaux genres litt\u00e9raires, notamment le roman et la po\u00e9sie engag\u00e9e. J&rsquo;ai \u00e9galement des projets de collaborations avec d&rsquo;autres auteurs pour cr\u00e9er des \u0153uvres qui abordent des probl\u00e9matiques sociales contemporaines. Mon objectif est de continuer \u00e0 sensibiliser \u00e0 travers l&rsquo;\u00e9criture et d&rsquo;encourager le dialogue sur des sujets importants, tout en promouvant la lecture et l&rsquo;\u00e9ducation \u00e0 travers le monde entier.<\/p>\n<p><!-- \/wp:paragraph --><\/p>\n<p><!-- wp:paragraph --><\/p>\n<p><strong><em><u>BL&nbsp;<\/u><\/em><\/strong><strong><em>: Votre mot de fin pour cet entretien.<\/em><\/strong><\/p>\n<p><!-- \/wp:paragraph --><\/p>\n<p><!-- wp:paragraph --><\/p>\n<p><strong><u>G. D.-A<\/u><\/strong> : En conclusion, je tiens \u00e0 exprimer ma profonde gratitude \u00e0 \u00a0\u00bbBiscottes Litt\u00e9raires\u00a0\u00bb pour cette opportunit\u00e9 d&rsquo;\u00e9changer autour de ma passion pour l&rsquo;\u00e9criture et les enjeux sociaux qui me sont chers. J&rsquo;esp\u00e8re que mon travail saura susciter d&rsquo;autres \u00e0 s&rsquo;engager, \u00e0 faire entendre leur voix et \u00e0 contribuer \u00e0 des changements significatifs. La litt\u00e9rature poss\u00e8de un pouvoir immense : celui de transformer les vies et d&rsquo;\u00e9veiller les consciences. C&rsquo;est avec cette conviction que je m&rsquo;investis pleinement, car lire, c&rsquo;est avant tout vivre et vivre autrement.<\/p>\n<p><!-- \/wp:paragraph --><\/p>\t\t\t\t\t<\/div>\n\t\t\t\t\t\t<\/div>\n\t\t\t\t<\/div>\n\t\t\t\t\t\t<\/div>\n\t\t\t\t\t<\/div>\n\t\t<\/div>\n\t\t\t\t\t\t\t\t<\/div>\n\t\t\t\t\t<\/div>\n\t\t<\/section>\n\t\t\t\t\t\t<\/div>\n\t\t\t\t\t\t<\/div>\n\t\t\t\t\t<\/div>\n\t\t","protected":false},"excerpt":{"rendered":"<p>BL&nbsp;: Gino DOSSOU-AMINON (G.D.-A), bienvenu sur Biscottes Litt\u00e9raires (BL&nbsp;). Nous nous int\u00e9ressons \u00e0 votre nouvelle parution litt\u00e9raire \u00ab\u00a0Denise ou l&rsquo;envol de la femme\u00ab\u00a0. Avant d&rsquo;aller dans le vif du sujet, bien que nous vous savons sensible aux d\u00e9fis de la jeunesse puis laur\u00e9at des concours \u00ab\u00a0Lovers poetry\u00a0\u00bb et \u00ab\u00a0Biova\u00a0\u00bb en 2023, \u00ab\u00a0Ma plume au service [&hellip;]<\/p>\n","protected":false},"author":1,"featured_media":0,"comment_status":"open","ping_status":"closed","sticky":false,"template":"","format":"standard","meta":[],"categories":[14],"tags":[],"yoast_head":"<!-- This site is optimized with the Yoast SEO plugin v19.0 - https:\/\/yoast.com\/wordpress\/plugins\/seo\/ -->\n<title>&quot;J&#039;ai ressenti le besoin d&#039;\u00e9crire d\u00e8s mon plus jeune \u00e2ge&quot; Gino DOSSOU-AMINON - Biscottes Litt\u00e9raires<\/title>\n<meta name=\"description\" content=\"J&#039;ai ressenti le besoin d&#039;\u00e9crire d\u00e8s mon plus jeune \u00e2ge, particuli\u00e8rement lorsque j&#039;ai d\u00e9couvert le pouvoir des mots pour exprimer des \u00e9motions et des id\u00e9es.\" \/>\n<meta name=\"robots\" content=\"index, follow, max-snippet:-1, max-image-preview:large, max-video-preview:-1\" \/>\n<link rel=\"canonical\" href=\"https:\/\/biscotteslitteraires.com\/2021\/jai-ressenti-le-besoin-decrire-des-mon-plus-jeune-age-gino-dossou-aminon\/\" \/>\n<meta property=\"og:locale\" content=\"fr_FR\" \/>\n<meta property=\"og:type\" content=\"article\" \/>\n<meta property=\"og:title\" content=\"&quot;J&#039;ai ressenti le besoin d&#039;\u00e9crire d\u00e8s mon plus jeune \u00e2ge&quot; Gino DOSSOU-AMINON - Biscottes Litt\u00e9raires\" \/>\n<meta property=\"og:description\" content=\"J&#039;ai ressenti le besoin d&#039;\u00e9crire d\u00e8s mon plus jeune \u00e2ge, particuli\u00e8rement lorsque j&#039;ai d\u00e9couvert le pouvoir des mots pour exprimer des \u00e9motions et des id\u00e9es.\" \/>\n<meta property=\"og:url\" content=\"https:\/\/biscotteslitteraires.com\/2021\/jai-ressenti-le-besoin-decrire-des-mon-plus-jeune-age-gino-dossou-aminon\/\" \/>\n<meta property=\"og:site_name\" content=\"Biscottes Litt\u00e9raires\" \/>\n<meta property=\"article:publisher\" content=\"https:\/\/facebook.com\/biscotteslitterairesbenin\" \/>\n<meta property=\"article:published_time\" content=\"2025-03-07T14:15:29+00:00\" \/>\n<meta property=\"article:modified_time\" content=\"2025-09-07T22:20:13+00:00\" \/>\n<meta property=\"og:image\" content=\"https:\/\/biscotteslitteraires.com\/2021\/wp-content\/uploads\/2025\/03\/IMG-20250307-WA0002.jpg\" \/>\n<meta name=\"twitter:card\" content=\"summary\" \/>\n<meta name=\"twitter:label1\" content=\"\u00c9crit par\" \/>\n\t<meta name=\"twitter:data1\" content=\"biscotteslitteraires\" \/>\n\t<meta name=\"twitter:label2\" content=\"Dur\u00e9e de lecture estim\u00e9e\" \/>\n\t<meta name=\"twitter:data2\" content=\"7 minutes\" \/>\n<script type=\"application\/ld+json\" class=\"yoast-schema-graph\">{\"@context\":\"https:\/\/schema.org\",\"@graph\":[{\"@type\":\"Organization\",\"@id\":\"https:\/\/biscotteslitteraires.com\/2021\/#organization\",\"name\":\"Biscottes Litt\u00e9raires\",\"url\":\"https:\/\/biscotteslitteraires.com\/2021\/\",\"sameAs\":[\"https:\/\/facebook.com\/biscotteslitterairesbenin\"],\"logo\":{\"@type\":\"ImageObject\",\"inLanguage\":\"fr-FR\",\"@id\":\"https:\/\/biscotteslitteraires.com\/2021\/#\/schema\/logo\/image\/\",\"url\":\"https:\/\/biscotteslitteraires.com\/2021\/wp-content\/uploads\/2018\/11\/cropped-LOGO-BL-e1630101307137.jpg\",\"contentUrl\":\"https:\/\/biscotteslitteraires.com\/2021\/wp-content\/uploads\/2018\/11\/cropped-LOGO-BL-e1630101307137.jpg\",\"width\":960,\"height\":960,\"caption\":\"Biscottes Litt\u00e9raires\"},\"image\":{\"@id\":\"https:\/\/biscotteslitteraires.com\/2021\/#\/schema\/logo\/image\/\"}},{\"@type\":\"WebSite\",\"@id\":\"https:\/\/biscotteslitteraires.com\/2021\/#website\",\"url\":\"https:\/\/biscotteslitteraires.com\/2021\/\",\"name\":\"Biscottes Litt\u00e9raires\",\"description\":\"Ici nous voyagerons dans les lignes, explorerons les interlignes.\",\"publisher\":{\"@id\":\"https:\/\/biscotteslitteraires.com\/2021\/#organization\"},\"potentialAction\":[{\"@type\":\"SearchAction\",\"target\":{\"@type\":\"EntryPoint\",\"urlTemplate\":\"https:\/\/biscotteslitteraires.com\/2021\/?s={search_term_string}\"},\"query-input\":\"required name=search_term_string\"}],\"inLanguage\":\"fr-FR\"},{\"@type\":\"ImageObject\",\"inLanguage\":\"fr-FR\",\"@id\":\"https:\/\/biscotteslitteraires.com\/2021\/jai-ressenti-le-besoin-decrire-des-mon-plus-jeune-age-gino-dossou-aminon\/#primaryimage\",\"url\":\"https:\/\/biscotteslitteraires.com\/2021\/wp-content\/uploads\/2025\/03\/IMG-20250307-WA0002.jpg\",\"contentUrl\":\"https:\/\/biscotteslitteraires.com\/2021\/wp-content\/uploads\/2025\/03\/IMG-20250307-WA0002.jpg\",\"width\":715,\"height\":715},{\"@type\":\"WebPage\",\"@id\":\"https:\/\/biscotteslitteraires.com\/2021\/jai-ressenti-le-besoin-decrire-des-mon-plus-jeune-age-gino-dossou-aminon\/#webpage\",\"url\":\"https:\/\/biscotteslitteraires.com\/2021\/jai-ressenti-le-besoin-decrire-des-mon-plus-jeune-age-gino-dossou-aminon\/\",\"name\":\"\\\"J'ai ressenti le besoin d'\u00e9crire d\u00e8s mon plus jeune \u00e2ge\\\" Gino DOSSOU-AMINON - Biscottes Litt\u00e9raires\",\"isPartOf\":{\"@id\":\"https:\/\/biscotteslitteraires.com\/2021\/#website\"},\"primaryImageOfPage\":{\"@id\":\"https:\/\/biscotteslitteraires.com\/2021\/jai-ressenti-le-besoin-decrire-des-mon-plus-jeune-age-gino-dossou-aminon\/#primaryimage\"},\"datePublished\":\"2025-03-07T14:15:29+00:00\",\"dateModified\":\"2025-09-07T22:20:13+00:00\",\"description\":\"J'ai ressenti le besoin d'\u00e9crire d\u00e8s mon plus jeune \u00e2ge, particuli\u00e8rement lorsque j'ai d\u00e9couvert le pouvoir des mots pour exprimer des \u00e9motions et des id\u00e9es.\",\"breadcrumb\":{\"@id\":\"https:\/\/biscotteslitteraires.com\/2021\/jai-ressenti-le-besoin-decrire-des-mon-plus-jeune-age-gino-dossou-aminon\/#breadcrumb\"},\"inLanguage\":\"fr-FR\",\"potentialAction\":[{\"@type\":\"ReadAction\",\"target\":[\"https:\/\/biscotteslitteraires.com\/2021\/jai-ressenti-le-besoin-decrire-des-mon-plus-jeune-age-gino-dossou-aminon\/\"]}]},{\"@type\":\"BreadcrumbList\",\"@id\":\"https:\/\/biscotteslitteraires.com\/2021\/jai-ressenti-le-besoin-decrire-des-mon-plus-jeune-age-gino-dossou-aminon\/#breadcrumb\",\"itemListElement\":[{\"@type\":\"ListItem\",\"position\":1,\"name\":\"Accueil\",\"item\":\"https:\/\/biscotteslitteraires.com\/2021\/\"},{\"@type\":\"ListItem\",\"position\":2,\"name\":\"\u00ab\u00a0J&rsquo;ai ressenti le besoin d&rsquo;\u00e9crire d\u00e8s mon plus jeune \u00e2ge\u00a0\u00bb Gino DOSSOU-AMINON\"}]},{\"@type\":\"Article\",\"@id\":\"https:\/\/biscotteslitteraires.com\/2021\/jai-ressenti-le-besoin-decrire-des-mon-plus-jeune-age-gino-dossou-aminon\/#article\",\"isPartOf\":{\"@id\":\"https:\/\/biscotteslitteraires.com\/2021\/jai-ressenti-le-besoin-decrire-des-mon-plus-jeune-age-gino-dossou-aminon\/#webpage\"},\"author\":{\"@id\":\"https:\/\/biscotteslitteraires.com\/2021\/#\/schema\/person\/a7786cb98c76c568669b36d299731946\"},\"headline\":\"\u00ab\u00a0J&rsquo;ai ressenti le besoin d&rsquo;\u00e9crire d\u00e8s mon plus jeune \u00e2ge\u00a0\u00bb Gino DOSSOU-AMINON\",\"datePublished\":\"2025-03-07T14:15:29+00:00\",\"dateModified\":\"2025-09-07T22:20:13+00:00\",\"mainEntityOfPage\":{\"@id\":\"https:\/\/biscotteslitteraires.com\/2021\/jai-ressenti-le-besoin-decrire-des-mon-plus-jeune-age-gino-dossou-aminon\/#webpage\"},\"wordCount\":1321,\"commentCount\":0,\"publisher\":{\"@id\":\"https:\/\/biscotteslitteraires.com\/2021\/#organization\"},\"image\":{\"@id\":\"https:\/\/biscotteslitteraires.com\/2021\/jai-ressenti-le-besoin-decrire-des-mon-plus-jeune-age-gino-dossou-aminon\/#primaryimage\"},\"thumbnailUrl\":\"https:\/\/biscotteslitteraires.com\/2021\/wp-content\/uploads\/2025\/03\/IMG-20250307-WA0002.jpg\",\"articleSection\":[\"interview\"],\"inLanguage\":\"fr-FR\",\"potentialAction\":[{\"@type\":\"CommentAction\",\"name\":\"Comment\",\"target\":[\"https:\/\/biscotteslitteraires.com\/2021\/jai-ressenti-le-besoin-decrire-des-mon-plus-jeune-age-gino-dossou-aminon\/#respond\"]}]},{\"@type\":\"Person\",\"@id\":\"https:\/\/biscotteslitteraires.com\/2021\/#\/schema\/person\/a7786cb98c76c568669b36d299731946\",\"name\":\"biscotteslitteraires\",\"image\":{\"@type\":\"ImageObject\",\"inLanguage\":\"fr-FR\",\"@id\":\"https:\/\/biscotteslitteraires.com\/2021\/#\/schema\/person\/image\/\",\"url\":\"https:\/\/secure.gravatar.com\/avatar\/94320ea752b93453cb48b1b2d71ada12?s=96&d=mm&r=g\",\"contentUrl\":\"https:\/\/secure.gravatar.com\/avatar\/94320ea752b93453cb48b1b2d71ada12?s=96&d=mm&r=g\",\"caption\":\"biscotteslitteraires\"},\"url\":\"https:\/\/biscotteslitteraires.com\/2021\/author\/admin\/\"}]}<\/script>\n<!-- \/ Yoast SEO plugin. -->","yoast_head_json":{"title":"\"J'ai ressenti le besoin d'\u00e9crire d\u00e8s mon plus jeune \u00e2ge\" Gino DOSSOU-AMINON - Biscottes Litt\u00e9raires","description":"J'ai ressenti le besoin d'\u00e9crire d\u00e8s mon plus jeune \u00e2ge, particuli\u00e8rement lorsque j'ai d\u00e9couvert le pouvoir des mots pour exprimer des \u00e9motions et des id\u00e9es.","robots":{"index":"index","follow":"follow","max-snippet":"max-snippet:-1","max-image-preview":"max-image-preview:large","max-video-preview":"max-video-preview:-1"},"canonical":"https:\/\/biscotteslitteraires.com\/2021\/jai-ressenti-le-besoin-decrire-des-mon-plus-jeune-age-gino-dossou-aminon\/","og_locale":"fr_FR","og_type":"article","og_title":"\"J'ai ressenti le besoin d'\u00e9crire d\u00e8s mon plus jeune \u00e2ge\" Gino DOSSOU-AMINON - Biscottes Litt\u00e9raires","og_description":"J'ai ressenti le besoin d'\u00e9crire d\u00e8s mon plus jeune \u00e2ge, particuli\u00e8rement lorsque j'ai d\u00e9couvert le pouvoir des mots pour exprimer des \u00e9motions et des id\u00e9es.","og_url":"https:\/\/biscotteslitteraires.com\/2021\/jai-ressenti-le-besoin-decrire-des-mon-plus-jeune-age-gino-dossou-aminon\/","og_site_name":"Biscottes Litt\u00e9raires","article_publisher":"https:\/\/facebook.com\/biscotteslitterairesbenin","article_published_time":"2025-03-07T14:15:29+00:00","article_modified_time":"2025-09-07T22:20:13+00:00","og_image":[{"url":"https:\/\/biscotteslitteraires.com\/2021\/wp-content\/uploads\/2025\/03\/IMG-20250307-WA0002.jpg"}],"twitter_card":"summary","twitter_misc":{"\u00c9crit par":"biscotteslitteraires","Dur\u00e9e de lecture estim\u00e9e":"7 minutes"},"schema":{"@context":"https:\/\/schema.org","@graph":[{"@type":"Organization","@id":"https:\/\/biscotteslitteraires.com\/2021\/#organization","name":"Biscottes Litt\u00e9raires","url":"https:\/\/biscotteslitteraires.com\/2021\/","sameAs":["https:\/\/facebook.com\/biscotteslitterairesbenin"],"logo":{"@type":"ImageObject","inLanguage":"fr-FR","@id":"https:\/\/biscotteslitteraires.com\/2021\/#\/schema\/logo\/image\/","url":"https:\/\/biscotteslitteraires.com\/2021\/wp-content\/uploads\/2018\/11\/cropped-LOGO-BL-e1630101307137.jpg","contentUrl":"https:\/\/biscotteslitteraires.com\/2021\/wp-content\/uploads\/2018\/11\/cropped-LOGO-BL-e1630101307137.jpg","width":960,"height":960,"caption":"Biscottes Litt\u00e9raires"},"image":{"@id":"https:\/\/biscotteslitteraires.com\/2021\/#\/schema\/logo\/image\/"}},{"@type":"WebSite","@id":"https:\/\/biscotteslitteraires.com\/2021\/#website","url":"https:\/\/biscotteslitteraires.com\/2021\/","name":"Biscottes Litt\u00e9raires","description":"Ici nous voyagerons dans les lignes, explorerons les interlignes.","publisher":{"@id":"https:\/\/biscotteslitteraires.com\/2021\/#organization"},"potentialAction":[{"@type":"SearchAction","target":{"@type":"EntryPoint","urlTemplate":"https:\/\/biscotteslitteraires.com\/2021\/?s={search_term_string}"},"query-input":"required name=search_term_string"}],"inLanguage":"fr-FR"},{"@type":"ImageObject","inLanguage":"fr-FR","@id":"https:\/\/biscotteslitteraires.com\/2021\/jai-ressenti-le-besoin-decrire-des-mon-plus-jeune-age-gino-dossou-aminon\/#primaryimage","url":"https:\/\/biscotteslitteraires.com\/2021\/wp-content\/uploads\/2025\/03\/IMG-20250307-WA0002.jpg","contentUrl":"https:\/\/biscotteslitteraires.com\/2021\/wp-content\/uploads\/2025\/03\/IMG-20250307-WA0002.jpg","width":715,"height":715},{"@type":"WebPage","@id":"https:\/\/biscotteslitteraires.com\/2021\/jai-ressenti-le-besoin-decrire-des-mon-plus-jeune-age-gino-dossou-aminon\/#webpage","url":"https:\/\/biscotteslitteraires.com\/2021\/jai-ressenti-le-besoin-decrire-des-mon-plus-jeune-age-gino-dossou-aminon\/","name":"\"J'ai ressenti le besoin d'\u00e9crire d\u00e8s mon plus jeune \u00e2ge\" Gino DOSSOU-AMINON - Biscottes Litt\u00e9raires","isPartOf":{"@id":"https:\/\/biscotteslitteraires.com\/2021\/#website"},"primaryImageOfPage":{"@id":"https:\/\/biscotteslitteraires.com\/2021\/jai-ressenti-le-besoin-decrire-des-mon-plus-jeune-age-gino-dossou-aminon\/#primaryimage"},"datePublished":"2025-03-07T14:15:29+00:00","dateModified":"2025-09-07T22:20:13+00:00","description":"J'ai ressenti le besoin d'\u00e9crire d\u00e8s mon plus jeune \u00e2ge, particuli\u00e8rement lorsque j'ai d\u00e9couvert le pouvoir des mots pour exprimer des \u00e9motions et des id\u00e9es.","breadcrumb":{"@id":"https:\/\/biscotteslitteraires.com\/2021\/jai-ressenti-le-besoin-decrire-des-mon-plus-jeune-age-gino-dossou-aminon\/#breadcrumb"},"inLanguage":"fr-FR","potentialAction":[{"@type":"ReadAction","target":["https:\/\/biscotteslitteraires.com\/2021\/jai-ressenti-le-besoin-decrire-des-mon-plus-jeune-age-gino-dossou-aminon\/"]}]},{"@type":"BreadcrumbList","@id":"https:\/\/biscotteslitteraires.com\/2021\/jai-ressenti-le-besoin-decrire-des-mon-plus-jeune-age-gino-dossou-aminon\/#breadcrumb","itemListElement":[{"@type":"ListItem","position":1,"name":"Accueil","item":"https:\/\/biscotteslitteraires.com\/2021\/"},{"@type":"ListItem","position":2,"name":"\u00ab\u00a0J&rsquo;ai ressenti le besoin d&rsquo;\u00e9crire d\u00e8s mon plus jeune \u00e2ge\u00a0\u00bb Gino DOSSOU-AMINON"}]},{"@type":"Article","@id":"https:\/\/biscotteslitteraires.com\/2021\/jai-ressenti-le-besoin-decrire-des-mon-plus-jeune-age-gino-dossou-aminon\/#article","isPartOf":{"@id":"https:\/\/biscotteslitteraires.com\/2021\/jai-ressenti-le-besoin-decrire-des-mon-plus-jeune-age-gino-dossou-aminon\/#webpage"},"author":{"@id":"https:\/\/biscotteslitteraires.com\/2021\/#\/schema\/person\/a7786cb98c76c568669b36d299731946"},"headline":"\u00ab\u00a0J&rsquo;ai ressenti le besoin d&rsquo;\u00e9crire d\u00e8s mon plus jeune \u00e2ge\u00a0\u00bb Gino DOSSOU-AMINON","datePublished":"2025-03-07T14:15:29+00:00","dateModified":"2025-09-07T22:20:13+00:00","mainEntityOfPage":{"@id":"https:\/\/biscotteslitteraires.com\/2021\/jai-ressenti-le-besoin-decrire-des-mon-plus-jeune-age-gino-dossou-aminon\/#webpage"},"wordCount":1321,"commentCount":0,"publisher":{"@id":"https:\/\/biscotteslitteraires.com\/2021\/#organization"},"image":{"@id":"https:\/\/biscotteslitteraires.com\/2021\/jai-ressenti-le-besoin-decrire-des-mon-plus-jeune-age-gino-dossou-aminon\/#primaryimage"},"thumbnailUrl":"https:\/\/biscotteslitteraires.com\/2021\/wp-content\/uploads\/2025\/03\/IMG-20250307-WA0002.jpg","articleSection":["interview"],"inLanguage":"fr-FR","potentialAction":[{"@type":"CommentAction","name":"Comment","target":["https:\/\/biscotteslitteraires.com\/2021\/jai-ressenti-le-besoin-decrire-des-mon-plus-jeune-age-gino-dossou-aminon\/#respond"]}]},{"@type":"Person","@id":"https:\/\/biscotteslitteraires.com\/2021\/#\/schema\/person\/a7786cb98c76c568669b36d299731946","name":"biscotteslitteraires","image":{"@type":"ImageObject","inLanguage":"fr-FR","@id":"https:\/\/biscotteslitteraires.com\/2021\/#\/schema\/person\/image\/","url":"https:\/\/secure.gravatar.com\/avatar\/94320ea752b93453cb48b1b2d71ada12?s=96&d=mm&r=g","contentUrl":"https:\/\/secure.gravatar.com\/avatar\/94320ea752b93453cb48b1b2d71ada12?s=96&d=mm&r=g","caption":"biscotteslitteraires"},"url":"https:\/\/biscotteslitteraires.com\/2021\/author\/admin\/"}]}},"_links":{"self":[{"href":"https:\/\/biscotteslitteraires.com\/2021\/wp-json\/wp\/v2\/posts\/12387"}],"collection":[{"href":"https:\/\/biscotteslitteraires.com\/2021\/wp-json\/wp\/v2\/posts"}],"about":[{"href":"https:\/\/biscotteslitteraires.com\/2021\/wp-json\/wp\/v2\/types\/post"}],"author":[{"embeddable":true,"href":"https:\/\/biscotteslitteraires.com\/2021\/wp-json\/wp\/v2\/users\/1"}],"replies":[{"embeddable":true,"href":"https:\/\/biscotteslitteraires.com\/2021\/wp-json\/wp\/v2\/comments?post=12387"}],"version-history":[{"count":6,"href":"https:\/\/biscotteslitteraires.com\/2021\/wp-json\/wp\/v2\/posts\/12387\/revisions"}],"predecessor-version":[{"id":12396,"href":"https:\/\/biscotteslitteraires.com\/2021\/wp-json\/wp\/v2\/posts\/12387\/revisions\/12396"}],"wp:attachment":[{"href":"https:\/\/biscotteslitteraires.com\/2021\/wp-json\/wp\/v2\/media?parent=12387"}],"wp:term":[{"taxonomy":"category","embeddable":true,"href":"https:\/\/biscotteslitteraires.com\/2021\/wp-json\/wp\/v2\/categories?post=12387"},{"taxonomy":"post_tag","embeddable":true,"href":"https:\/\/biscotteslitteraires.com\/2021\/wp-json\/wp\/v2\/tags?post=12387"}],"curies":[{"name":"wp","href":"https:\/\/api.w.org\/{rel}","templated":true}]}}