{"id":12468,"date":"2025-09-06T20:01:47","date_gmt":"2025-09-06T20:01:47","guid":{"rendered":"https:\/\/biscotteslitteraires.com\/2021\/?p=12468"},"modified":"2025-09-08T09:13:52","modified_gmt":"2025-09-08T09:13:52","slug":"le-benin-et-le-livre-sous-patrice-talon-bilan-de-neuf-annees-de-politique-de-lecture-publique-2016-2025","status":"publish","type":"post","link":"https:\/\/biscotteslitteraires.com\/2021\/le-benin-et-le-livre-sous-patrice-talon-bilan-de-neuf-annees-de-politique-de-lecture-publique-2016-2025\/","title":{"rendered":"Le B\u00e9nin et le livre sous Patrice Talon : Bilan de neuf ann\u00e9es de politique de lecture publique (2016-2025)"},"content":{"rendered":"\t\t<div data-elementor-type=\"wp-post\" data-elementor-id=\"12468\" class=\"elementor elementor-12468\" data-elementor-settings=\"[]\">\n\t\t\t\t\t\t<div class=\"elementor-inner\">\n\t\t\t\t\t\t\t<div class=\"elementor-section-wrap\">\n\t\t\t\t\t\t\t<section class=\"elementor-section elementor-top-section elementor-element elementor-element-61d8d412 elementor-section-boxed elementor-section-height-default elementor-section-height-default\" data-id=\"61d8d412\" data-element_type=\"section\">\n\t\t\t\t\t\t<div class=\"elementor-container elementor-column-gap-default\">\n\t\t\t\t\t\t\t<div class=\"elementor-row\">\n\t\t\t\t\t<div class=\"elementor-column elementor-col-100 elementor-top-column elementor-element elementor-element-79f68153\" data-id=\"79f68153\" data-element_type=\"column\">\n\t\t\t<div class=\"elementor-column-wrap elementor-element-populated\">\n\t\t\t\t\t\t\t<div class=\"elementor-widget-wrap\">\n\t\t\t\t\t\t<div class=\"elementor-element elementor-element-93b5c62 elementor-widget elementor-widget-text-editor\" data-id=\"93b5c62\" data-element_type=\"widget\" data-widget_type=\"text-editor.default\">\n\t\t\t\t<div class=\"elementor-widget-container\">\n\t\t\t\t\t\t\t\t<div class=\"elementor-text-editor elementor-clearfix\">\n\t\t\t\t<p><!-- wp:paragraph --><\/p>\n<p><!-- \/wp:paragraph --><\/p>\n<p><!-- wp:paragraph --><\/p>\n<p>\u00c0 l\u2019approche de la fin du second mandat de Patrice Talon en 2026, j\u2019ai jug\u00e9 utile d\u2019examiner les mutations observ\u00e9es dans le domaine du livre et de la lecture publique au B\u00e9nin entre 2016 et 2025. &nbsp;<\/p>\n<p><!-- \/wp:paragraph --><\/p>\n<p><!-- wp:paragraph --><\/p>\n<p>Cette p\u00e9riode t\u00e9moigne d\u2019un ensemble de r\u00e9formes et d\u2019initiatives qui ont progressivement conf\u00e9r\u00e9 une importance accrue \u00e0 un secteur initialement marginal dans les priorit\u00e9s du leader de la \u00ab\u2009rupture\u2009\u00bb.<\/p>\n<p><!-- \/wp:paragraph --><\/p>\n<p><!-- wp:paragraph --><\/p>\n<p><em>Par Eurydoce D\u00e9sir\u00e9 Godonou<\/em><\/p>\n<p><!-- \/wp:paragraph --><\/p>\n<p><!-- wp:paragraph --><\/p>\n<p><em>Sp\u00e9cialiste de l\u2019\u00e9dition et de la lecture publique<\/em><\/p>\n<p><!-- \/wp:paragraph --><\/p>\n<p><!-- wp:paragraph --><\/p>\n<p><!-- \/wp:paragraph --><\/p>\n<p><!-- wp:gallery {\"ids\":[12473],\"linkTo\":\"none\"} --><\/p>\n<figure class=\"wp-block-gallery columns-1 is-cropped\">\n<ul class=\"blocks-gallery-grid\">\n<li class=\"blocks-gallery-item\">\n<figure><img loading=\"lazy\" width=\"1024\" height=\"683\" src=\"https:\/\/biscotteslitteraires.com\/2021\/wp-content\/uploads\/2025\/09\/IMG-20250907-WA0027-1024x683.jpg\" alt=\"\" data-id=\"12473\" data-full-url=\"https:\/\/biscotteslitteraires.com\/2021\/wp-content\/uploads\/2025\/09\/IMG-20250907-WA0027.jpg\" data-link=\"https:\/\/biscotteslitteraires.com\/2021\/le-benin-et-le-livre-sous-patrice-talon-bilan-de-neuf-annees-de-politique-de-lecture-publique-2016-2025\/img-20250907-wa0027\/\" class=\"wp-image-12473\" srcset=\"https:\/\/biscotteslitteraires.com\/2021\/wp-content\/uploads\/2025\/09\/IMG-20250907-WA0027-1024x683.jpg 1024w, https:\/\/biscotteslitteraires.com\/2021\/wp-content\/uploads\/2025\/09\/IMG-20250907-WA0027-300x200.jpg 300w, https:\/\/biscotteslitteraires.com\/2021\/wp-content\/uploads\/2025\/09\/IMG-20250907-WA0027-768x512.jpg 768w, https:\/\/biscotteslitteraires.com\/2021\/wp-content\/uploads\/2025\/09\/IMG-20250907-WA0027.jpg 1080w\" sizes=\"(max-width: 1024px) 100vw, 1024px\" \/><\/figure>\n<\/li>\n<\/ul>\n<\/figure>\n<p><!-- \/wp:gallery --><\/p>\n<p><!-- wp:paragraph --><\/p>\n<p><!-- \/wp:paragraph --><\/p>\n<p><!-- wp:heading --><\/p>\n<h2>Un secteur absent des projets de soci\u00e9t\u00e9<\/h2>\n<p><!-- \/wp:heading --><\/p>\n<p><!-- wp:paragraph --><\/p>\n<p>L\u2019analyse des programmes \u00e9lectoraux de Patrice Talon lors des scrutins de 2016 et 2021 r\u00e9v\u00e8le une \u00e9volution remarquable.<\/p>\n<p><!-- \/wp:paragraph --><\/p>\n<p><!-- wp:paragraph --><\/p>\n<p>Mes analyses sur le blog <a href=\"https:\/\/saveurslivresques.wordpress.com\/2016\/03\/04\/beninpolitique-du-livre-et-de-la-lecture-ce-que-proposent-les-candidats-a-lelection-presidentielle-de-mars-2016\/\">Saveurs Livresques<\/a>, montrent que ni le livre, ni les biblioth\u00e8ques, ni m\u00eame la lecture publique ne figuraient explicitement dans ses projets de soci\u00e9t\u00e9. Pourtant, cette absence initiale a \u00e9t\u00e9 largement compens\u00e9e par d\u2019importantes r\u00e9alisations ult\u00e9rieures. Ce qui t\u00e9moigne d\u2019une capacit\u00e9 d\u2019adaptation aux besoins culturels du pays.<\/p>\n<p><!-- \/wp:paragraph --><\/p>\n<p><!-- wp:paragraph --><\/p>\n<p>Il faut reconnaitre que cette omission refl\u00e8te une tendance g\u00e9n\u00e9rale \u00e0 l\u2019\u00e9chelle continentale. En effet, <a href=\"https:\/\/unesdoc.unesco.org\/ark:\/48223\/pf0000394051\">le rapport de l\u2019UNESCO sur l\u2019industrie du livre en Afrique<\/a> souligne que les politiques publiques dans ce domaine demeurent souvent fragmentaires et insuffisamment dot\u00e9es en ressources financi\u00e8res.<\/p>\n<p><!-- \/wp:paragraph --><\/p>\n<p><!-- wp:paragraph --><\/p>\n<p>Au niveau national, les donn\u00e9es issues du m\u00eame rapport mettent en lumi\u00e8re un secteur \u00e9ditorial jug\u00e9 modeste, avec seulement 48&nbsp;maisons d\u2019\u00e9dition ayant produit 125&nbsp;titres entre 2021 et 2023, pour une population estim\u00e9e \u00e0 14,1&nbsp;millions d\u2019habitants. Le B\u00e9nin dispose par ailleurs de 34&nbsp;biblioth\u00e8ques publiques, soit une biblioth\u00e8que pour 414\u2009700&nbsp;habitants, ce qui repr\u00e9sente un ratio assez faible. Le secteur mobilise environ 500&nbsp;professionnels.<\/p>\n<p><!-- \/wp:paragraph --><\/p>\n<p><!-- wp:heading --><\/p>\n<h2>R\u00e9formes institutionnelles&nbsp;: Une dynamique in\u00e9dite<\/h2>\n<p><!-- \/wp:heading --><\/p>\n<p><!-- wp:paragraph --><\/p>\n<p>Dans le cadre des r\u00e9formes institutionnelles, l\u2019\u00e9volution majeure r\u00e9side dans la <a href=\"https:\/\/www.gouv.bj\/article\/1441\/modernisation-dispositif-national-lecture-publique-bibliotheque-nationale-benin-dotee-conseil-administration\/\">restructuration de la Biblioth\u00e8que nationale du B\u00e9nin<\/a>. Cette institution s\u2019est vue dot\u00e9e d\u2019un conseil d\u2019administration par <a href=\"https:\/\/sgg.gouv.bj\/doc\/decret-2021-224\/\">d\u00e9cret pr\u00e9sidentiel<\/a> en date du 12&nbsp;mai 2021. Ce changement a entra\u00een\u00e9 une red\u00e9finition de ses missions, et a \u00e9largi son r\u00f4le au-del\u00e0 de la gestion du d\u00e9p\u00f4t l\u00e9gal pour inclure la coordination du r\u00e9seau national de lecture publique.<\/p>\n<p><!-- \/wp:paragraph --><\/p>\n<p><!-- wp:paragraph --><\/p>\n<p>De plus, deux initiatives compl\u00e9mentaires ont \u00e9t\u00e9 adopt\u00e9es&nbsp;: l\u2019introduction du d\u00e9p\u00f4t l\u00e9gal num\u00e9rique et l\u2019exon\u00e9ration de la taxe sur la valeur ajout\u00e9e appliqu\u00e9e au livre, visant \u00e0 moderniser le secteur tout en facilitant son accessibilit\u00e9.<\/p>\n<p><!-- \/wp:paragraph --><\/p>\n<p><!-- wp:heading --><\/p>\n<h2>L\u2019\u00e9cole, vecteur de promotion de la litt\u00e9rature b\u00e9ninoise<\/h2>\n<p><!-- \/wp:heading --><\/p>\n<p><!-- wp:paragraph --><\/p>\n<p>La liste des <a href=\"https:\/\/saveurslivresques.wordpress.com\/2018\/09\/27\/mon-avis-sur-la-nouvelle-liste-des-oeuvres-litteraires-au-programme-de-francais\/\">\u0153uvres litt\u00e9raires au programme scolaire<\/a> a \u00e9t\u00e9 r\u00e9guli\u00e8rement mise \u00e0 jour. Cette r\u00e9vision accorde une part belle aux livres b\u00e9ninois\u2009; l\u2019essentiel des \u0153uvres litt\u00e9raires au programme vient dor\u00e9navant de plumes d\u2019\u00e9crivains b\u00e9ninois, ce qui a permis de valoriser la litt\u00e9rature nationale dans l\u2019enseignement avec des auteurs comme Jean Pliya, Florent Couao-Zotti, Ad\u00e9la\u00efde Fassinou ou Mahougnon Kakpo.<\/p>\n<p><!-- \/wp:paragraph --><\/p>\n<p><!-- wp:heading --><\/p>\n<h2>L\u2019institutionnalisation des \u00e9v\u00e9nements litt\u00e9raires<\/h2>\n<p><!-- \/wp:heading --><\/p>\n<p><!-- wp:paragraph --><\/p>\n<p>Sous le leadership de Patrice Talon, <a href=\"https:\/\/www.gouv.bj\/article\/2843\/organisation-edition-2024-salon-national-livre-gouvernement-renforce-engagement-litterature\/\">le Salon national du livre<\/a> a gagn\u00e9 en visibilit\u00e9, et s\u2019est impos\u00e9 comme un \u00e9v\u00e9nement r\u00e9current dans le paysage culturel b\u00e9ninois. Parall\u00e8lement, le <a href=\"https:\/\/www.gouv.bj\/opportunite\/133\/appel-candidatures-grand-prix-litteraire-benin-edition-2025\/\">Grand Prix litt\u00e9raire du B\u00e9nin<\/a> a \u00e9galement pris de l\u2019ampleur. Initi\u00e9 avant son mandat, ce prix a \u00e9volu\u00e9 jusqu\u2019\u00e0 sa sixi\u00e8me \u00e9dition pr\u00e9vue en 2025 et a renforc\u00e9 la reconnaissance institutionnelle des \u0153uvres litt\u00e9raires et des talents locaux. Contrairement \u00e0 son anc\u00eatre \u00ab\u2009Prix du Pr\u00e9sident de la R\u00e9publique\u2009\u00bb, le Grand prix litt\u00e9raire du B\u00e9nin ne r\u00e9compense pas que des auteurs. Il salue aussi le travail des \u00e9diteurs et des chroniqueurs litt\u00e9raires.<\/p>\n<p><!-- \/wp:paragraph --><\/p>\n<p><!-- wp:heading --><\/p>\n<h2>&nbsp;Modernisation des infrastructures de lecture publique<\/h2>\n<p><!-- \/wp:heading --><\/p>\n<p><!-- wp:paragraph --><\/p>\n<p>Les Centres de Lecture et d\u2019Animation Culturelle (CLAC) ont b\u00e9n\u00e9fici\u00e9 de travaux de r\u00e9habilitation dans une perspective plus large de d\u00e9centralisation culturelle. En outre, le <a href=\"https:\/\/www.gouv.bj\/article\/178\/strategie-de-relance-du-secteur-des-arts-culture-du-benin\/\">d\u00e9veloppement des biblioth\u00e8ques communales<\/a> s\u2019est inscrit dans une logique visant \u00e0 rapprocher les services culturels des populations locales.<\/p>\n<p><!-- \/wp:paragraph --><\/p>\n<p><!-- wp:paragraph --><\/p>\n<p>Pr\u00e9sent\u00e9e en 2018, <a href=\"https:\/\/www.gouv.bj\/article\/178\/strategie-de-relance-du-secteur-des-arts-culture-du-benin\/\">la strat\u00e9gie de relance des arts et de la culture<\/a> a d\u00e9fini un programme ambitieux incluant la modernisation des Centres de lecture et d\u2019animations culturels (CLAC), la cr\u00e9ation et la r\u00e9habilitation des espaces de lecture (biblioth\u00e8ques de proximit\u00e9) dans chaque Commune, l\u2019appui \u00e0 l\u2019\u00e9dition et \u00e0 la promotion litt\u00e9raire, ainsi que la relance des clubs de lecture. L\u2019objectif \u00e9tait d\u2019<a href=\"https:\/\/tourisme.gouv.bj\/projects\/8\/projets-phares__autres-projets\/culture\">assurer la couverture nationale en espaces de lecture publique<\/a> avec des biblioth\u00e8ques d\u00e9partementales, communales, de quartier et centres de lecture sur tout le territoire. Bien que cette vision strat\u00e9gique ait pos\u00e9 les bases importantes, sa mise en \u0153uvre reste un d\u00e9fi en cours de r\u00e9alisation.<\/p>\n<p><!-- \/wp:paragraph --><\/p>\n<p><!-- wp:heading --><\/p>\n<h2>Le Fonds de D\u00e9veloppement des Arts et de la Culture (FDAC)&nbsp;: Une innovation strat\u00e9gique<\/h2>\n<p><!-- \/wp:heading --><\/p>\n<p><!-- wp:paragraph --><\/p>\n<p>L\u2019un des faits marquants de cette p\u00e9riode reste le <a href=\"https:\/\/www.gouv.bj\/article\/2811\/lancement-officiel-fonds-developpement-arts-culture-nouveau-levier-creativite-active\/\">lancement officiel du Fonds de D\u00e9veloppement des Arts et de la Culture<\/a> (FDAC) le 11&nbsp;octobre 2024. Ce m\u00e9canisme remplace l\u2019ancien Fonds des arts et de la culture et s\u2019inscrit dans une s\u00e9rie de r\u00e9formes strat\u00e9giques qui font de la culture un levier central du d\u00e9veloppement \u00e9conomique national.<\/p>\n<p><!-- \/wp:paragraph --><\/p>\n<p><!-- wp:paragraph --><\/p>\n<p>Institu\u00e9 par <a href=\"https:\/\/sgg.gouv.bj\/doc\/decret-2022-575\/\">d\u00e9cret<\/a> en octobre 2022, le FDAC est pilot\u00e9 par l\u2019Agence de D\u00e9veloppement des Arts et de la Culture (ADAC), avec une couverture qui embrasse diverses disciplines artistiques, y compris la litt\u00e9rature. Les projets soutenus peuvent \u00eatre financ\u00e9s jusqu\u2019\u00e0 hauteur de 30&nbsp;millions de francs CFA, avec une contribution plafonn\u00e9e \u00e0 70&nbsp;% du budget global par l\u2019ADAC. Les porteurs de projet doivent mobiliser les 30&nbsp;% restants via des partenariats ou des apports personnels, un dispositif con\u00e7u pour stimuler leur engagement et encourager la collaboration.<\/p>\n<p><!-- \/wp:paragraph --><\/p>\n<p><!-- wp:paragraph --><\/p>\n<p>Bien que les livres ne constituent pas l\u2019unique cible du FDAC, cet instrument offre des opportunit\u00e9s cons\u00e9quentes pour les \u00e9diteurs, diffuseurs et promoteurs \u0153uvrant dans le secteur litt\u00e9raire. Ainsi, gr\u00e2ce au <a href=\"https:\/\/www.gouv.bj\/article\/3005\/resultats-appel-projets-fonds-developpement-arts-culture-fdac-\/\">premier appel \u00e0 projets du fonds<\/a>, cinq (5)projets dans la cat\u00e9gorie \u00ab\u2009livre et lecture\u2009\u00bb ont \u00e9t\u00e9 retenus comme potentiels b\u00e9n\u00e9ficiaires.<\/p>\n<p><!-- \/wp:paragraph --><\/p>\n<p><!-- wp:heading --><\/p>\n<h2>&nbsp;Investissements publics et contraintes budg\u00e9taires<\/h2>\n<p><!-- \/wp:heading --><\/p>\n<p><!-- wp:paragraph --><\/p>\n<p>Selon le rapport UNESCO sur l\u2019industrie du livre en Afrique, les investissements publics consacr\u00e9s au secteur au B\u00e9nin en 2023 se sont \u00e9lev\u00e9s \u00e0 2\u2009019\u2009040&nbsp;USD.<\/p>\n<p><!-- \/wp:paragraph --><\/p>\n<p><!-- wp:paragraph --><\/p>\n<p>Un budget de 238\u2009095&nbsp;USD (150\u2009000\u2009000 FCFA) a \u00e9t\u00e9 allou\u00e9 \u00e0 la Direction nationale de la culture, tandis qu\u2019une somme de 1\u2009349\u2009162&nbsp;USD (850\u2009000\u2009000 FCFA) est destin\u00e9e \u00e0 un projet visant la modernisation des biblioth\u00e8ques et centres de lecture publique. Par ailleurs, la Biblioth\u00e8que nationale du B\u00e9nin a lanc\u00e9 des appels d\u2019offres pour l\u2019acquisition de nouveaux ouvrages destin\u00e9s aux biblioth\u00e8ques publiques. &nbsp;<\/p>\n<p><!-- \/wp:paragraph --><\/p>\n<p><!-- wp:heading --><\/p>\n<h2>Le r\u00f4le du secteur priv\u00e9<\/h2>\n<p><!-- \/wp:heading --><\/p>\n<p><!-- wp:paragraph --><\/p>\n<p>Concernant le secteur priv\u00e9, celui-ci joue un r\u00f4le essentiel dans la lecture publique au B\u00e9nin, port\u00e9 principalement par deux organisations soutenues par la Fondation Vallet de&nbsp;France.<\/p>\n<p><!-- \/wp:paragraph --><\/p>\n<p><!-- wp:paragraph --><\/p>\n<p>Le Conseil des Activit\u00e9s \u00c9ducatives du B\u00e9nin (CAEB), ONG fond\u00e9e en 1975, g\u00e8re huit centres de documentation r\u00e9partis dans six villes. En 2023, ces \u00e9tablissements ont accueilli <a href=\"https:\/\/media.eduactions.bj\/caeb-des-bibliotheques-ultramodernes-offertes-au-public\/\">1,5&nbsp;million de visiteurs<\/a>, avec des abonnements annuels fix\u00e9s entre 500 et 1\u2009500&nbsp;FCFA.<\/p>\n<p><!-- \/wp:paragraph --><\/p>\n<p><!-- wp:paragraph --><\/p>\n<p>De son c\u00f4t\u00e9, l\u2019ONG <a href=\"https:\/\/www.beninexcellence.org\/nos-activites\/bibliotheques\/\">B\u00e9nin Excellence<\/a> exploite trois centres situ\u00e9s \u00e0 Abomey-Calavi, Godomey et Cotonou FSS. Avec un fonds documentaire de plus de 50\u2009000&nbsp;ouvrages, ces centres figurent parmi les plus grandes biblioth\u00e8ques d\u2019Afrique francophone en termes de capacit\u00e9 d\u2019accueil et ont totalis\u00e9 3\u2009220\u2009870&nbsp;visites en 2024.<\/p>\n<p><!-- \/wp:paragraph --><\/p>\n<p><!-- wp:paragraph --><\/p>\n<p>Ces initiatives priv\u00e9es enregistrent plus de 4,7&nbsp;millions de visites par an, un chiffre qui d\u00e9passe largement la fr\u00e9quentation des structures publiques de lecture.<\/p>\n<p><!-- \/wp:paragraph --><\/p>\n<p><!-- wp:paragraph --><\/p>\n<p>En outre, dans le domaine priv\u00e9, de nombreuses initiatives sont organis\u00e9es par des ONG locales ou des personnes physiques&nbsp;: concours d\u2019\u00e9criture, collecte de livres et organisation d\u2019\u00e9v\u00e8nements litt\u00e9raires.<\/p>\n<p><!-- \/wp:paragraph --><\/p>\n<p><!-- wp:paragraph --><\/p>\n<p>Ces \u00e9v\u00e8nements priv\u00e9s mettent en avant le livre depuis le B\u00e9nin. &nbsp;L&rsquo;on peut citer le concours <a href=\"https:\/\/ekinamag.com\/2025\/07\/28\/miss-litterature-afrique-un-evenement-unique-qui-met-en-avant-la-beaute-intellectuelle-des-jeunes-filles\/\"><strong><em>Miss Litt\u00e9rature Afrique<\/em><\/strong><\/a>, cr\u00e9\u00e9 en 2016 par l\u2019autrice b\u00e9ninoise Carmen Fifam\u00e8 Toudonou pour encourager les jeunes filles africaines \u00e0 la lecture et \u00e0 l\u2019\u00e9criture. La finale de l\u2019\u00e9dition 2025 s\u2019est tenue \u00e0 Cotonou avec neuf pays participants.<\/p>\n<p><!-- \/wp:paragraph --><\/p>\n<p><!-- wp:paragraph --><\/p>\n<p>L&rsquo;on peut aussi mettre en exergue la troisi\u00e8me \u00e9dition du <a href=\"https:\/\/matinlibre.com\/2025\/07\/22\/filab-2025-un-moment-unique-de-celebration-du-livre-sannonce-au-benin\/\"><strong><em>Festival International du Livre et des Arts Assimil\u00e9s du B\u00e9nin<\/em><\/strong><\/a><strong><em> <\/em><\/strong>(FILAB) qui se d\u00e9roulera du 09 au 11&nbsp;octobre 2025 sous le th\u00e8me \u00ab\u00a0L\u2019industrie culturelle \u00e0 l\u2019\u00e8re du num\u00e9rique\u00a0\u00bb.<\/p>\n<p><!-- \/wp:paragraph --><\/p>\n<p><!-- wp:paragraph --><\/p>\n<p>L\u2019apport des acteurs priv\u00e9s, qu\u2019il s\u2019agisse d\u2019organisations \u00e0 but non lucratif ou d\u2019entreprises, s\u2019est particuli\u00e8rement renforc\u00e9 sous les deux mandats du pr\u00e9sident Patrice Talon et est d\u00e9sormais bien pr\u00e9sent \u00e0 chaque \u00e9tape de la cha\u00eene du livre au B\u00e9nin.<\/p>\n<p><!-- \/wp:paragraph --><\/p>\n<p><!-- wp:paragraph --><\/p>\n<p>J\u2019aurais pu \u00e9voquer des blogs tr\u00e8s actifs comme <a href=\"https:\/\/biscotteslitteraires.com\/2021\/a-propos-de-nous\/\"><strong><em>Biscottes litt\u00e9raires<\/em><\/strong><\/a>, des solutions de diffusion comme <a href=\"https:\/\/bookconekt.com\/\"><strong><em>Bookconekt<\/em><\/strong><\/a><strong><em> <\/em><\/strong>ou encore l\u2019acc\u00e8s au livre par le num\u00e9rique avec <a href=\"https:\/\/www.liretama.com\/\"><strong><em>Tama<\/em><\/strong><\/a>. Mais il faudrait sans doute tout un article pour d\u00e9velopper pleinement ce sujet et rendre compte de la richesse de cet \u00e9cosyst\u00e8me priv\u00e9 du livre b\u00e9ninois.<\/p>\n<p><!-- \/wp:paragraph --><\/p>\n<p><!-- wp:heading --><\/p>\n<h2>L\u2019\u00e9cosyst\u00e8me \u00e9ditorial au B\u00e9nin&nbsp;: entre d\u00e9fis et opportunit\u00e9s<\/h2>\n<p><!-- \/wp:heading --><\/p>\n<p><!-- wp:paragraph --><\/p>\n<p>D\u2019apr\u00e8s les donn\u00e9es de l\u2019UNESCO, le B\u00e9nin dispose de sa propre agence ISBN, g\u00e9r\u00e9e par la Biblioth\u00e8que nationale, ce qui simplifie ainsi l\u2019enregistrement des publications.<\/p>\n<p><!-- \/wp:paragraph --><\/p>\n<p><!-- wp:paragraph --><\/p>\n<p>Entre 2021 et 2023, la production \u00e9ditoriale annuelle du B\u00e9nin oscillait entre 100 et 150&nbsp;ouvrages, si l\u2019on consid\u00e8re les demandes d\u2019ISBN. Les secteurs les plus repr\u00e9sent\u00e9s restent la litt\u00e9rature, les ouvrages p\u00e9dagogiques ainsi que les publications scolaires et universitaires. Par ailleurs, le Plan sectoriel de l\u2019\u00c9ducation (PSE) 2018-2030 fixe comme objectif de porter le taux d\u2019alphab\u00e9tisation \u00e0 83,1&nbsp;% d\u2019ici 2030, offrant ainsi de belles perspectives pour le march\u00e9 de l\u2019\u00e9dition scolaire.<\/p>\n<p><!-- \/wp:paragraph --><\/p>\n<p><!-- wp:heading --><\/p>\n<h2>&nbsp;Les biblioth\u00e8ques scolaires&nbsp;: un enjeu majeur encore \u00e0 construire<\/h2>\n<p><!-- \/wp:heading --><\/p>\n<p><!-- wp:paragraph --><\/p>\n<p>Malgr\u00e9 ces opportunit\u00e9s, les biblioth\u00e8ques scolaires restent insuffisamment d\u00e9velopp\u00e9es. Leur manque d\u2019\u00e9quipement, l\u2019absence de personnel qualifi\u00e9 et l\u2019absence de politique structur\u00e9e freinent l\u2019acc\u00e8s des \u00e9l\u00e8ves \u00e0 la lecture. Ces lacunes compromettent l\u2019efficacit\u00e9 des autres initiatives dans le domaine de l\u2019\u00e9ducation et de l\u2019\u00e9dition.<\/p>\n<p><!-- \/wp:paragraph --><\/p>\n<p><!-- wp:heading --><\/p>\n<h2>Synth\u00e8se des r\u00e9alisations et des d\u00e9fis persistants<\/h2>\n<p><!-- \/wp:heading --><\/p>\n<p><!-- wp:heading {\"level\":3} --><\/p>\n<h3>Avanc\u00e9es r\u00e9centes&nbsp;:<\/h3>\n<p><!-- \/wp:heading --><\/p>\n<p><!-- wp:paragraph --><\/p>\n<p>&#8211; Modernisation institutionnelle avec l\u2019introduction du d\u00e9p\u00f4t l\u00e9gal num\u00e9rique au sein de la Biblioth\u00e8que nationale<\/p>\n<p><!-- \/wp:paragraph --><\/p>\n<p><!-- wp:paragraph --><\/p>\n<p>&#8211; Mise en place d\u2019un cadre fiscal favorable aux acteurs du livre<\/p>\n<p><!-- \/wp:paragraph --><\/p>\n<p><!-- wp:paragraph --><\/p>\n<p>&#8211; Cr\u00e9ation du Fonds de D\u00e9veloppement des Arts et de la Culture (FDAC) pour financer des projets<\/p>\n<p><!-- \/wp:paragraph --><\/p>\n<p><!-- wp:paragraph --><\/p>\n<p>&nbsp;&#8211; Institutionnalisation du Salon national du livre et du Grand Prix litt\u00e9raire<\/p>\n<p><!-- \/wp:paragraph --><\/p>\n<p><!-- wp:paragraph --><\/p>\n<p>&#8211; R\u00e9habilitation des Centres de Lecture et d\u2019Animation Culturelle (CLAC) et d\u00e9veloppement des biblioth\u00e8ques communales<\/p>\n<p><!-- \/wp:paragraph --><\/p>\n<p><!-- wp:heading {\"level\":3} --><\/p>\n<h3>D\u00e9fis en suspens&nbsp;:<\/h3>\n<p><!-- \/wp:heading --><\/p>\n<p><!-- wp:paragraph --><\/p>\n<p>&#8211; Absence d\u2019une politique globale int\u00e9gr\u00e9e sur le livre<\/p>\n<p><!-- \/wp:paragraph --><\/p>\n<p><!-- wp:paragraph --><\/p>\n<p>&#8211; Forte d\u00e9pendance \u00e0 l\u2019initiative priv\u00e9e pour le d\u00e9veloppement de la lecture publique<\/p>\n<p><!-- \/wp:paragraph --><\/p>\n<p><!-- wp:paragraph --><\/p>\n<p>&#8211; D\u00e9veloppement limit\u00e9 des biblioth\u00e8ques scolaires<\/p>\n<p><!-- \/wp:paragraph --><\/p>\n<p><!-- wp:paragraph --><\/p>\n<p>L\u2019\u00e9cosyst\u00e8me \u00e9ditorial b\u00e9ninois avance, mais reste confront\u00e9 \u00e0 des d\u00e9fis structurels qui n\u00e9cessitent des solutions concert\u00e9es pour garantir son plein essor et r\u00e9pondre aux besoins croissants du lectorat national.<\/p>\n<p><!-- \/wp:paragraph --><\/p>\n<p><!-- wp:heading --><\/p>\n<h2>Perspectives d\u2019\u00e9volution<\/h2>\n<p><!-- \/wp:heading --><\/p>\n<p><!-- wp:heading {\"level\":3} --><\/p>\n<h3>Consolidation institutionnelle<\/h3>\n<p><!-- \/wp:heading --><\/p>\n<p><!-- wp:paragraph --><\/p>\n<p>L\u2019adoption de la politique nationale du livre repr\u00e9senterait un levier strat\u00e9gique pour mieux structurer ce secteur, tout en offrant une orientation durable et coh\u00e9rente \u00e0 sa politique globale. &nbsp;<\/p>\n<p><!-- \/wp:paragraph --><\/p>\n<p><!-- wp:paragraph --><\/p>\n<p>D\u00e9veloppement territorial<\/p>\n<p><!-- \/wp:paragraph --><\/p>\n<p><!-- wp:paragraph --><\/p>\n<p>Pour \u00e9tendre le r\u00e9seau de biblioth\u00e8ques publiques, des efforts substantiels en mati\u00e8re d\u2019investissements seraient n\u00e9cessaires. Cela impliquerait aussi une coordination accrue entre les diff\u00e9rents \u00e9chelons des collectivit\u00e9s territoriales.<\/p>\n<p><!-- \/wp:paragraph --><\/p>\n<p><!-- wp:heading {\"level\":3} --><\/p>\n<h3>&nbsp;Modernisation num\u00e9rique<\/h3>\n<p><!-- \/wp:heading --><\/p>\n<p><!-- wp:paragraph --><\/p>\n<p>Les progr\u00e8s initiaux r\u00e9alis\u00e9s avec le d\u00e9p\u00f4t l\u00e9gal num\u00e9rique pourraient \u00eatre approfondis, notamment \u00e0 travers la cr\u00e9ation d\u2019une biblioth\u00e8que num\u00e9rique nationale, ouvrant ainsi davantage d\u2019acc\u00e8s aux ressources culturelles en ligne.<\/p>\n<p><!-- \/wp:paragraph --><\/p>\n<p><!-- wp:heading --><\/p>\n<h2>Conclusion<\/h2>\n<p><!-- \/wp:heading --><\/p>\n<p><!-- wp:paragraph --><\/p>\n<p>Au cours des deux mandats de Patrice Talon, des avanc\u00e9es notables ont marqu\u00e9 le domaine du livre et de la lecture publique, en particulier sur le plan institutionnel. Parmi les r\u00e9ussites majeures figurent les r\u00e9formes de la Biblioth\u00e8que nationale, l\u2019introduction de mesures fiscales avantageuses et la mise en place d\u2019\u00e9v\u00e9nements litt\u00e9raires r\u00e9currents. Malgr\u00e9 ces progr\u00e8s, des limites subsistent, comme la forte d\u00e9pendance aux initiatives priv\u00e9es pour garantir l\u2019acc\u00e8s \u00e0 la lecture publique et le faible d\u00e9veloppement des biblioth\u00e8ques scolaires. Ces enjeux mettent en lumi\u00e8re l\u2019insuffisance de l\u2019action publique dans certains domaines. Cependant, les bases institutionnelles d\u00e9sormais solides pourraient retenir l\u2019attention des futurs dirigeants, pour peu qu\u2019ils int\u00e8grent cette th\u00e9matique dans leurs priorit\u00e9s politiques. L\u2019avenir de ce secteur repose sur une capacit\u00e9 \u00e0 adopter une approche globale et syst\u00e9mique. Cela implique de valoriser l\u2019ensemble de la cha\u00eene du livre et de la lecture \u2014 allant de la cr\u00e9ation \u00e0 la diffusion, tout en renfor\u00e7ant la m\u00e9diation \u00e9ducative au sein des \u00e9tablissements scolaires.<\/p>\n<p><!-- \/wp:paragraph --><\/p>\n<p><!-- wp:paragraph --><\/p>\n<p><strong>Eurydoce D\u00e9sir\u00e9 Godonou<\/strong>, titulaire d\u2019un Master M\u00e9tiers du livre et de l\u2019\u00e9dition (Universit\u00e9 Rennes&nbsp;2), \u0153uvre dans l\u2019\u00e9dition et la lecture publique. Fort de dix ann\u00e9es d\u2019exp\u00e9rience dans l\u2019univers du livre et la m\u00e9diation culturelle, il plaide pour une meilleure prise en compte du secteur du livre dans les politiques publiques des pays d\u2019Afrique francophone.<\/p>\n<p><!-- \/wp:paragraph --><\/p>\n<p><!-- wp:image {\"id\":12470,\"sizeSlug\":\"full\",\"linkDestination\":\"none\"} --><\/p>\n<figure class=\"wp-block-image size-full\"><img loading=\"lazy\" width=\"500\" height=\"500\" src=\"https:\/\/biscotteslitteraires.com\/2021\/wp-content\/uploads\/2025\/09\/desyray.jpg\" alt=\"\" class=\"wp-image-12470\" srcset=\"https:\/\/biscotteslitteraires.com\/2021\/wp-content\/uploads\/2025\/09\/desyray.jpg 500w, https:\/\/biscotteslitteraires.com\/2021\/wp-content\/uploads\/2025\/09\/desyray-300x300.jpg 300w, https:\/\/biscotteslitteraires.com\/2021\/wp-content\/uploads\/2025\/09\/desyray-150x150.jpg 150w\" sizes=\"(max-width: 500px) 100vw, 500px\" \/><\/figure>\n<p><!-- \/wp:image --><\/p>\n<p><!-- wp:paragraph --><\/p>\n<p><!-- \/wp:paragraph --><\/p>\n<p><!-- wp:heading --><\/p>\n<h2>Bibliographie<\/h2>\n<p><!-- \/wp:heading --><\/p>\n<p><!-- wp:paragraph --><\/p>\n<p><strong>Sources officielles gouvernementales<\/strong><br>Gouvernement de la R\u00e9publique du B\u00e9nin. (s.d.). <em>Strat\u00e9gie de relance du secteur des arts \/ culture du B\u00e9nin<\/em>. Consult\u00e9 sur <a href=\"https:\/\/www.gouv.bj\">https:\/\/www.gouv.bj<\/a><br>Gouvernement de la R\u00e9publique du B\u00e9nin. (s.d.). <em>Modernisation du dispositif national de lecture publique&nbsp;: la Biblioth\u00e8que nationale du B\u00e9nin dot\u00e9e d\u2019un conseil d\u2019administration<\/em>. Consult\u00e9 sur <a href=\"https:\/\/www.gouv.bj\">https:\/\/www.gouv.bj<\/a><br>Gouvernement de la R\u00e9publique du B\u00e9nin. (s.d.). <em>Organisation de l\u2019\u00e9dition&nbsp;2024 du Salon national du livre&nbsp;: le gouvernement renforce son engagement pour la litt\u00e9rature<\/em>. Consult\u00e9 sur <a href=\"https:\/\/www.gouv.bj\">https:\/\/www.gouv.bj<\/a><br>Gouvernement de la R\u00e9publique du B\u00e9nin. (s.d.). <em>Appel \u00e0 candidatures Grand Prix litt\u00e9raire du B\u00e9nin \u2014 \u00e9dition&nbsp;2025<\/em>. Consult\u00e9 sur <a href=\"https:\/\/www.gouv.bj\">https:\/\/www.gouv.bj<\/a><br>Gouvernement de la R\u00e9publique du B\u00e9nin. (s.d.). <em>Lancement officiel du Fonds de D\u00e9veloppement des Arts et de la Culture&nbsp;: un nouveau levier pour une cr\u00e9ativit\u00e9 active<\/em>. Consult\u00e9 sur <a href=\"https:\/\/www.gouv.bj\">https:\/\/www.gouv.bj<\/a><br>Gouvernement de la R\u00e9publique du B\u00e9nin. (s.d.). <em>R\u00e9sultats de l\u2019appel \u00e0 projets du Fonds de D\u00e9veloppement des Arts et de la Culture (FDAC)<\/em>. Consult\u00e9 sur <a href=\"https:\/\/www.gouv.bj\">https:\/\/www.gouv.bj<\/a><\/p>\n<p><!-- \/wp:paragraph --><\/p>\n<p><!-- wp:paragraph --><\/p>\n<p>Secr\u00e9tariat g\u00e9n\u00e9ral du gouvernement. (2021, 12&nbsp;mai). <em>D\u00e9cret&nbsp;2021-224<\/em>. Consult\u00e9 sur <a href=\"https:\/\/sgg.gouv.bj\">https:\/\/sgg.gouv.bj<\/a><br>Secr\u00e9tariat g\u00e9n\u00e9ral du gouvernement. (2022, octobre). <em>D\u00e9cret&nbsp;2022-575<\/em>. Consult\u00e9 sur <a href=\"https:\/\/sgg.gouv.bj\">https:\/\/sgg.gouv.bj<\/a><\/p>\n<p><!-- \/wp:paragraph --><\/p>\n<p><!-- wp:paragraph --><\/p>\n<p>Minist\u00e8re du Tourisme, de la Culture et des Arts. (s.d.). <em>Projet de Modernisation des Biblioth\u00e8ques et Centres de Lecture Publique<\/em>. Consult\u00e9 sur <a href=\"https:\/\/tourisme.gouv.bj\">https:\/\/tourisme.gouv.bj<\/a><\/p>\n<p><!-- \/wp:paragraph --><\/p>\n<p><!-- wp:paragraph --><\/p>\n<p><strong>Sources internationales<\/strong><br>UNESCO. (2023). <em>Rapport sur l\u2019industrie du livre en Afrique<\/em>. Consult\u00e9 sur https:\/\/unesdoc.unesco.org\/ark:\/48223\/pf0000394051<\/p>\n<p><!-- \/wp:paragraph --><\/p>\n<p><!-- wp:paragraph --><\/p>\n<p><strong>Sources m\u00e9diatiques et blogs sp\u00e9cialis\u00e9s<\/strong><br>Saveurs Livresques. (2016, 4&nbsp;mars). <em>B\u00e9nin\/Politique du livre et de la lecture&nbsp;: ce que proposent les candidats \u00e0 l\u2019\u00e9lection pr\u00e9sidentielle de mars 2016<\/em>. <a href=\"https:\/\/saveurslivresques.wordpress.com\">https:\/\/saveurslivresques.wordpress.com<\/a><br>Saveurs Livresques. (2018, 27&nbsp;septembre). <em>Mon avis sur la Nouvelle liste des \u0152uvres litt\u00e9raires au programme de Fran\u00e7ais<\/em>. <a href=\"https:\/\/saveurslivresques.wordpress.com\">https:\/\/saveurslivresques.wordpress.com<\/a><br>EkinaMag. (2025, 28&nbsp;juillet). <em>Miss Litt\u00e9rature Afrique&nbsp;: un \u00e9v\u00e8nement unique qui met en avant la beaut\u00e9 intellectuelle des jeunes filles<\/em>.<br>Matin Libre. (2025, 22&nbsp;juillet). <em>FILAB&nbsp;2025&nbsp;: Un moment unique de c\u00e9l\u00e9bration du livre s\u2019annonce au B\u00e9nin<\/em>.<br>media.eduactions.bj. (2023). <em>CAEB&nbsp;: des biblioth\u00e8ques ultramodernes offertes au public<\/em>.<\/p>\n<p><!-- \/wp:paragraph --><\/p>\n<p><!-- wp:paragraph --><\/p>\n<p>Biscottes litt\u00e9raires. (2021). <em>\u00c0 propos de nous<\/em>. <a href=\"https:\/\/biscotteslitteraires.com\">https:\/\/biscotteslitteraires.com<\/a><\/p>\n<p><!-- \/wp:paragraph --><\/p>\n<p><!-- wp:paragraph --><\/p>\n<p><strong>Sources organisationnelles<\/strong><br>ONG B\u00e9nin Excellence. (s.d.). <em>Biblioth\u00e8ques<\/em>. Consult\u00e9 sur <a href=\"https:\/\/www.beninexcellence.org\">https:\/\/www.beninexcellence.org<\/a><br><br>Bookconekt. (s.d.). Site officiel. <a href=\"https:\/\/bookconekt.com\">https:\/\/bookconekt.com<\/a><br>Tama. (s.d.). <em>Plateforme de lecture num\u00e9rique<\/em>. <a href=\"https:\/\/www.liretama.com\">https:\/\/www.liretama.com<\/a><\/p>\n<p><!-- \/wp:paragraph --><\/p>\t\t\t\t\t<\/div>\n\t\t\t\t\t\t<\/div>\n\t\t\t\t<\/div>\n\t\t\t\t\t\t<\/div>\n\t\t\t\t\t<\/div>\n\t\t<\/div>\n\t\t\t\t\t\t\t\t<\/div>\n\t\t\t\t\t<\/div>\n\t\t<\/section>\n\t\t\t\t\t\t<\/div>\n\t\t\t\t\t\t<\/div>\n\t\t\t\t\t<\/div>\n\t\t","protected":false},"excerpt":{"rendered":"<p>\u00c0 l\u2019approche de la fin du second mandat de Patrice Talon en 2026, j\u2019ai jug\u00e9 utile d\u2019examiner les mutations observ\u00e9es dans le domaine du livre et de la lecture publique au B\u00e9nin entre 2016 et 2025. &nbsp; Cette p\u00e9riode t\u00e9moigne d\u2019un ensemble de r\u00e9formes et d\u2019initiatives qui ont progressivement conf\u00e9r\u00e9 une importance accrue \u00e0 un [&hellip;]<\/p>\n","protected":false},"author":1,"featured_media":0,"comment_status":"open","ping_status":"closed","sticky":false,"template":"","format":"standard","meta":[],"categories":[18],"tags":[],"yoast_head":"<!-- This site is optimized with the Yoast SEO plugin v19.0 - https:\/\/yoast.com\/wordpress\/plugins\/seo\/ -->\n<title>Le B\u00e9nin et le livre sous Patrice Talon : Bilan de neuf ann\u00e9es de politique de lecture publique (2016-2025) - Biscottes Litt\u00e9raires<\/title>\n<meta name=\"robots\" content=\"index, follow, max-snippet:-1, max-image-preview:large, max-video-preview:-1\" \/>\n<link rel=\"canonical\" href=\"https:\/\/biscotteslitteraires.com\/2021\/le-benin-et-le-livre-sous-patrice-talon-bilan-de-neuf-annees-de-politique-de-lecture-publique-2016-2025\/\" \/>\n<meta property=\"og:locale\" content=\"fr_FR\" \/>\n<meta property=\"og:type\" content=\"article\" \/>\n<meta property=\"og:title\" content=\"Le B\u00e9nin et le livre sous Patrice Talon : Bilan de neuf ann\u00e9es de politique de lecture publique (2016-2025) - Biscottes Litt\u00e9raires\" \/>\n<meta property=\"og:description\" content=\"\u00c0 l\u2019approche de la fin du second mandat de Patrice Talon en 2026, j\u2019ai jug\u00e9 utile d\u2019examiner les mutations observ\u00e9es dans le domaine du livre et de la lecture publique au B\u00e9nin entre 2016 et 2025. &nbsp; Cette p\u00e9riode t\u00e9moigne d\u2019un ensemble de r\u00e9formes et d\u2019initiatives qui ont progressivement conf\u00e9r\u00e9 une importance accrue \u00e0 un [&hellip;]\" \/>\n<meta property=\"og:url\" content=\"https:\/\/biscotteslitteraires.com\/2021\/le-benin-et-le-livre-sous-patrice-talon-bilan-de-neuf-annees-de-politique-de-lecture-publique-2016-2025\/\" \/>\n<meta property=\"og:site_name\" content=\"Biscottes Litt\u00e9raires\" \/>\n<meta property=\"article:publisher\" content=\"https:\/\/facebook.com\/biscotteslitterairesbenin\" \/>\n<meta property=\"article:published_time\" content=\"2025-09-06T20:01:47+00:00\" \/>\n<meta property=\"article:modified_time\" content=\"2025-09-08T09:13:52+00:00\" \/>\n<meta property=\"og:image\" content=\"https:\/\/biscotteslitteraires.com\/2021\/wp-content\/uploads\/2025\/09\/IMG-20250907-WA0027-1024x683.jpg\" \/>\n<meta name=\"twitter:card\" content=\"summary\" \/>\n<meta name=\"twitter:label1\" content=\"\u00c9crit par\" \/>\n\t<meta name=\"twitter:data1\" content=\"biscotteslitteraires\" \/>\n\t<meta name=\"twitter:label2\" content=\"Dur\u00e9e de lecture estim\u00e9e\" \/>\n\t<meta name=\"twitter:data2\" content=\"13 minutes\" \/>\n<script type=\"application\/ld+json\" class=\"yoast-schema-graph\">{\"@context\":\"https:\/\/schema.org\",\"@graph\":[{\"@type\":\"Organization\",\"@id\":\"https:\/\/biscotteslitteraires.com\/2021\/#organization\",\"name\":\"Biscottes Litt\u00e9raires\",\"url\":\"https:\/\/biscotteslitteraires.com\/2021\/\",\"sameAs\":[\"https:\/\/facebook.com\/biscotteslitterairesbenin\"],\"logo\":{\"@type\":\"ImageObject\",\"inLanguage\":\"fr-FR\",\"@id\":\"https:\/\/biscotteslitteraires.com\/2021\/#\/schema\/logo\/image\/\",\"url\":\"https:\/\/biscotteslitteraires.com\/2021\/wp-content\/uploads\/2018\/11\/cropped-LOGO-BL-e1630101307137.jpg\",\"contentUrl\":\"https:\/\/biscotteslitteraires.com\/2021\/wp-content\/uploads\/2018\/11\/cropped-LOGO-BL-e1630101307137.jpg\",\"width\":960,\"height\":960,\"caption\":\"Biscottes Litt\u00e9raires\"},\"image\":{\"@id\":\"https:\/\/biscotteslitteraires.com\/2021\/#\/schema\/logo\/image\/\"}},{\"@type\":\"WebSite\",\"@id\":\"https:\/\/biscotteslitteraires.com\/2021\/#website\",\"url\":\"https:\/\/biscotteslitteraires.com\/2021\/\",\"name\":\"Biscottes Litt\u00e9raires\",\"description\":\"Ici nous voyagerons dans les lignes, explorerons les interlignes.\",\"publisher\":{\"@id\":\"https:\/\/biscotteslitteraires.com\/2021\/#organization\"},\"potentialAction\":[{\"@type\":\"SearchAction\",\"target\":{\"@type\":\"EntryPoint\",\"urlTemplate\":\"https:\/\/biscotteslitteraires.com\/2021\/?s={search_term_string}\"},\"query-input\":\"required name=search_term_string\"}],\"inLanguage\":\"fr-FR\"},{\"@type\":\"ImageObject\",\"inLanguage\":\"fr-FR\",\"@id\":\"https:\/\/biscotteslitteraires.com\/2021\/le-benin-et-le-livre-sous-patrice-talon-bilan-de-neuf-annees-de-politique-de-lecture-publique-2016-2025\/#primaryimage\",\"url\":\"https:\/\/biscotteslitteraires.com\/2021\/wp-content\/uploads\/2025\/09\/IMG-20250907-WA0027.jpg\",\"contentUrl\":\"https:\/\/biscotteslitteraires.com\/2021\/wp-content\/uploads\/2025\/09\/IMG-20250907-WA0027.jpg\",\"width\":1080,\"height\":720},{\"@type\":\"WebPage\",\"@id\":\"https:\/\/biscotteslitteraires.com\/2021\/le-benin-et-le-livre-sous-patrice-talon-bilan-de-neuf-annees-de-politique-de-lecture-publique-2016-2025\/#webpage\",\"url\":\"https:\/\/biscotteslitteraires.com\/2021\/le-benin-et-le-livre-sous-patrice-talon-bilan-de-neuf-annees-de-politique-de-lecture-publique-2016-2025\/\",\"name\":\"Le B\u00e9nin et le livre sous Patrice Talon : Bilan de neuf ann\u00e9es de politique de lecture publique (2016-2025) - Biscottes Litt\u00e9raires\",\"isPartOf\":{\"@id\":\"https:\/\/biscotteslitteraires.com\/2021\/#website\"},\"primaryImageOfPage\":{\"@id\":\"https:\/\/biscotteslitteraires.com\/2021\/le-benin-et-le-livre-sous-patrice-talon-bilan-de-neuf-annees-de-politique-de-lecture-publique-2016-2025\/#primaryimage\"},\"datePublished\":\"2025-09-06T20:01:47+00:00\",\"dateModified\":\"2025-09-08T09:13:52+00:00\",\"breadcrumb\":{\"@id\":\"https:\/\/biscotteslitteraires.com\/2021\/le-benin-et-le-livre-sous-patrice-talon-bilan-de-neuf-annees-de-politique-de-lecture-publique-2016-2025\/#breadcrumb\"},\"inLanguage\":\"fr-FR\",\"potentialAction\":[{\"@type\":\"ReadAction\",\"target\":[\"https:\/\/biscotteslitteraires.com\/2021\/le-benin-et-le-livre-sous-patrice-talon-bilan-de-neuf-annees-de-politique-de-lecture-publique-2016-2025\/\"]}]},{\"@type\":\"BreadcrumbList\",\"@id\":\"https:\/\/biscotteslitteraires.com\/2021\/le-benin-et-le-livre-sous-patrice-talon-bilan-de-neuf-annees-de-politique-de-lecture-publique-2016-2025\/#breadcrumb\",\"itemListElement\":[{\"@type\":\"ListItem\",\"position\":1,\"name\":\"Accueil\",\"item\":\"https:\/\/biscotteslitteraires.com\/2021\/\"},{\"@type\":\"ListItem\",\"position\":2,\"name\":\"Le B\u00e9nin et le livre sous Patrice Talon : Bilan de neuf ann\u00e9es de politique de lecture publique (2016-2025)\"}]},{\"@type\":\"Article\",\"@id\":\"https:\/\/biscotteslitteraires.com\/2021\/le-benin-et-le-livre-sous-patrice-talon-bilan-de-neuf-annees-de-politique-de-lecture-publique-2016-2025\/#article\",\"isPartOf\":{\"@id\":\"https:\/\/biscotteslitteraires.com\/2021\/le-benin-et-le-livre-sous-patrice-talon-bilan-de-neuf-annees-de-politique-de-lecture-publique-2016-2025\/#webpage\"},\"author\":{\"@id\":\"https:\/\/biscotteslitteraires.com\/2021\/#\/schema\/person\/a7786cb98c76c568669b36d299731946\"},\"headline\":\"Le B\u00e9nin et le livre sous Patrice Talon : Bilan de neuf ann\u00e9es de politique de lecture publique (2016-2025)\",\"datePublished\":\"2025-09-06T20:01:47+00:00\",\"dateModified\":\"2025-09-08T09:13:52+00:00\",\"mainEntityOfPage\":{\"@id\":\"https:\/\/biscotteslitteraires.com\/2021\/le-benin-et-le-livre-sous-patrice-talon-bilan-de-neuf-annees-de-politique-de-lecture-publique-2016-2025\/#webpage\"},\"wordCount\":2765,\"commentCount\":6,\"publisher\":{\"@id\":\"https:\/\/biscotteslitteraires.com\/2021\/#organization\"},\"image\":{\"@id\":\"https:\/\/biscotteslitteraires.com\/2021\/le-benin-et-le-livre-sous-patrice-talon-bilan-de-neuf-annees-de-politique-de-lecture-publique-2016-2025\/#primaryimage\"},\"thumbnailUrl\":\"https:\/\/biscotteslitteraires.com\/2021\/wp-content\/uploads\/2025\/09\/IMG-20250907-WA0027-1024x683.jpg\",\"articleSection\":[\"Vous et nous\"],\"inLanguage\":\"fr-FR\",\"potentialAction\":[{\"@type\":\"CommentAction\",\"name\":\"Comment\",\"target\":[\"https:\/\/biscotteslitteraires.com\/2021\/le-benin-et-le-livre-sous-patrice-talon-bilan-de-neuf-annees-de-politique-de-lecture-publique-2016-2025\/#respond\"]}]},{\"@type\":\"Person\",\"@id\":\"https:\/\/biscotteslitteraires.com\/2021\/#\/schema\/person\/a7786cb98c76c568669b36d299731946\",\"name\":\"biscotteslitteraires\",\"image\":{\"@type\":\"ImageObject\",\"inLanguage\":\"fr-FR\",\"@id\":\"https:\/\/biscotteslitteraires.com\/2021\/#\/schema\/person\/image\/\",\"url\":\"https:\/\/secure.gravatar.com\/avatar\/94320ea752b93453cb48b1b2d71ada12?s=96&d=mm&r=g\",\"contentUrl\":\"https:\/\/secure.gravatar.com\/avatar\/94320ea752b93453cb48b1b2d71ada12?s=96&d=mm&r=g\",\"caption\":\"biscotteslitteraires\"},\"url\":\"https:\/\/biscotteslitteraires.com\/2021\/author\/admin\/\"}]}<\/script>\n<!-- \/ Yoast SEO plugin. -->","yoast_head_json":{"title":"Le B\u00e9nin et le livre sous Patrice Talon : Bilan de neuf ann\u00e9es de politique de lecture publique (2016-2025) - Biscottes Litt\u00e9raires","robots":{"index":"index","follow":"follow","max-snippet":"max-snippet:-1","max-image-preview":"max-image-preview:large","max-video-preview":"max-video-preview:-1"},"canonical":"https:\/\/biscotteslitteraires.com\/2021\/le-benin-et-le-livre-sous-patrice-talon-bilan-de-neuf-annees-de-politique-de-lecture-publique-2016-2025\/","og_locale":"fr_FR","og_type":"article","og_title":"Le B\u00e9nin et le livre sous Patrice Talon : Bilan de neuf ann\u00e9es de politique de lecture publique (2016-2025) - Biscottes Litt\u00e9raires","og_description":"\u00c0 l\u2019approche de la fin du second mandat de Patrice Talon en 2026, j\u2019ai jug\u00e9 utile d\u2019examiner les mutations observ\u00e9es dans le domaine du livre et de la lecture publique au B\u00e9nin entre 2016 et 2025. &nbsp; Cette p\u00e9riode t\u00e9moigne d\u2019un ensemble de r\u00e9formes et d\u2019initiatives qui ont progressivement conf\u00e9r\u00e9 une importance accrue \u00e0 un [&hellip;]","og_url":"https:\/\/biscotteslitteraires.com\/2021\/le-benin-et-le-livre-sous-patrice-talon-bilan-de-neuf-annees-de-politique-de-lecture-publique-2016-2025\/","og_site_name":"Biscottes Litt\u00e9raires","article_publisher":"https:\/\/facebook.com\/biscotteslitterairesbenin","article_published_time":"2025-09-06T20:01:47+00:00","article_modified_time":"2025-09-08T09:13:52+00:00","og_image":[{"url":"https:\/\/biscotteslitteraires.com\/2021\/wp-content\/uploads\/2025\/09\/IMG-20250907-WA0027-1024x683.jpg"}],"twitter_card":"summary","twitter_misc":{"\u00c9crit par":"biscotteslitteraires","Dur\u00e9e de lecture estim\u00e9e":"13 minutes"},"schema":{"@context":"https:\/\/schema.org","@graph":[{"@type":"Organization","@id":"https:\/\/biscotteslitteraires.com\/2021\/#organization","name":"Biscottes Litt\u00e9raires","url":"https:\/\/biscotteslitteraires.com\/2021\/","sameAs":["https:\/\/facebook.com\/biscotteslitterairesbenin"],"logo":{"@type":"ImageObject","inLanguage":"fr-FR","@id":"https:\/\/biscotteslitteraires.com\/2021\/#\/schema\/logo\/image\/","url":"https:\/\/biscotteslitteraires.com\/2021\/wp-content\/uploads\/2018\/11\/cropped-LOGO-BL-e1630101307137.jpg","contentUrl":"https:\/\/biscotteslitteraires.com\/2021\/wp-content\/uploads\/2018\/11\/cropped-LOGO-BL-e1630101307137.jpg","width":960,"height":960,"caption":"Biscottes Litt\u00e9raires"},"image":{"@id":"https:\/\/biscotteslitteraires.com\/2021\/#\/schema\/logo\/image\/"}},{"@type":"WebSite","@id":"https:\/\/biscotteslitteraires.com\/2021\/#website","url":"https:\/\/biscotteslitteraires.com\/2021\/","name":"Biscottes Litt\u00e9raires","description":"Ici nous voyagerons dans les lignes, explorerons les interlignes.","publisher":{"@id":"https:\/\/biscotteslitteraires.com\/2021\/#organization"},"potentialAction":[{"@type":"SearchAction","target":{"@type":"EntryPoint","urlTemplate":"https:\/\/biscotteslitteraires.com\/2021\/?s={search_term_string}"},"query-input":"required name=search_term_string"}],"inLanguage":"fr-FR"},{"@type":"ImageObject","inLanguage":"fr-FR","@id":"https:\/\/biscotteslitteraires.com\/2021\/le-benin-et-le-livre-sous-patrice-talon-bilan-de-neuf-annees-de-politique-de-lecture-publique-2016-2025\/#primaryimage","url":"https:\/\/biscotteslitteraires.com\/2021\/wp-content\/uploads\/2025\/09\/IMG-20250907-WA0027.jpg","contentUrl":"https:\/\/biscotteslitteraires.com\/2021\/wp-content\/uploads\/2025\/09\/IMG-20250907-WA0027.jpg","width":1080,"height":720},{"@type":"WebPage","@id":"https:\/\/biscotteslitteraires.com\/2021\/le-benin-et-le-livre-sous-patrice-talon-bilan-de-neuf-annees-de-politique-de-lecture-publique-2016-2025\/#webpage","url":"https:\/\/biscotteslitteraires.com\/2021\/le-benin-et-le-livre-sous-patrice-talon-bilan-de-neuf-annees-de-politique-de-lecture-publique-2016-2025\/","name":"Le B\u00e9nin et le livre sous Patrice Talon : Bilan de neuf ann\u00e9es de politique de lecture publique (2016-2025) - Biscottes Litt\u00e9raires","isPartOf":{"@id":"https:\/\/biscotteslitteraires.com\/2021\/#website"},"primaryImageOfPage":{"@id":"https:\/\/biscotteslitteraires.com\/2021\/le-benin-et-le-livre-sous-patrice-talon-bilan-de-neuf-annees-de-politique-de-lecture-publique-2016-2025\/#primaryimage"},"datePublished":"2025-09-06T20:01:47+00:00","dateModified":"2025-09-08T09:13:52+00:00","breadcrumb":{"@id":"https:\/\/biscotteslitteraires.com\/2021\/le-benin-et-le-livre-sous-patrice-talon-bilan-de-neuf-annees-de-politique-de-lecture-publique-2016-2025\/#breadcrumb"},"inLanguage":"fr-FR","potentialAction":[{"@type":"ReadAction","target":["https:\/\/biscotteslitteraires.com\/2021\/le-benin-et-le-livre-sous-patrice-talon-bilan-de-neuf-annees-de-politique-de-lecture-publique-2016-2025\/"]}]},{"@type":"BreadcrumbList","@id":"https:\/\/biscotteslitteraires.com\/2021\/le-benin-et-le-livre-sous-patrice-talon-bilan-de-neuf-annees-de-politique-de-lecture-publique-2016-2025\/#breadcrumb","itemListElement":[{"@type":"ListItem","position":1,"name":"Accueil","item":"https:\/\/biscotteslitteraires.com\/2021\/"},{"@type":"ListItem","position":2,"name":"Le B\u00e9nin et le livre sous Patrice Talon : Bilan de neuf ann\u00e9es de politique de lecture publique (2016-2025)"}]},{"@type":"Article","@id":"https:\/\/biscotteslitteraires.com\/2021\/le-benin-et-le-livre-sous-patrice-talon-bilan-de-neuf-annees-de-politique-de-lecture-publique-2016-2025\/#article","isPartOf":{"@id":"https:\/\/biscotteslitteraires.com\/2021\/le-benin-et-le-livre-sous-patrice-talon-bilan-de-neuf-annees-de-politique-de-lecture-publique-2016-2025\/#webpage"},"author":{"@id":"https:\/\/biscotteslitteraires.com\/2021\/#\/schema\/person\/a7786cb98c76c568669b36d299731946"},"headline":"Le B\u00e9nin et le livre sous Patrice Talon : Bilan de neuf ann\u00e9es de politique de lecture publique (2016-2025)","datePublished":"2025-09-06T20:01:47+00:00","dateModified":"2025-09-08T09:13:52+00:00","mainEntityOfPage":{"@id":"https:\/\/biscotteslitteraires.com\/2021\/le-benin-et-le-livre-sous-patrice-talon-bilan-de-neuf-annees-de-politique-de-lecture-publique-2016-2025\/#webpage"},"wordCount":2765,"commentCount":6,"publisher":{"@id":"https:\/\/biscotteslitteraires.com\/2021\/#organization"},"image":{"@id":"https:\/\/biscotteslitteraires.com\/2021\/le-benin-et-le-livre-sous-patrice-talon-bilan-de-neuf-annees-de-politique-de-lecture-publique-2016-2025\/#primaryimage"},"thumbnailUrl":"https:\/\/biscotteslitteraires.com\/2021\/wp-content\/uploads\/2025\/09\/IMG-20250907-WA0027-1024x683.jpg","articleSection":["Vous et nous"],"inLanguage":"fr-FR","potentialAction":[{"@type":"CommentAction","name":"Comment","target":["https:\/\/biscotteslitteraires.com\/2021\/le-benin-et-le-livre-sous-patrice-talon-bilan-de-neuf-annees-de-politique-de-lecture-publique-2016-2025\/#respond"]}]},{"@type":"Person","@id":"https:\/\/biscotteslitteraires.com\/2021\/#\/schema\/person\/a7786cb98c76c568669b36d299731946","name":"biscotteslitteraires","image":{"@type":"ImageObject","inLanguage":"fr-FR","@id":"https:\/\/biscotteslitteraires.com\/2021\/#\/schema\/person\/image\/","url":"https:\/\/secure.gravatar.com\/avatar\/94320ea752b93453cb48b1b2d71ada12?s=96&d=mm&r=g","contentUrl":"https:\/\/secure.gravatar.com\/avatar\/94320ea752b93453cb48b1b2d71ada12?s=96&d=mm&r=g","caption":"biscotteslitteraires"},"url":"https:\/\/biscotteslitteraires.com\/2021\/author\/admin\/"}]}},"_links":{"self":[{"href":"https:\/\/biscotteslitteraires.com\/2021\/wp-json\/wp\/v2\/posts\/12468"}],"collection":[{"href":"https:\/\/biscotteslitteraires.com\/2021\/wp-json\/wp\/v2\/posts"}],"about":[{"href":"https:\/\/biscotteslitteraires.com\/2021\/wp-json\/wp\/v2\/types\/post"}],"author":[{"embeddable":true,"href":"https:\/\/biscotteslitteraires.com\/2021\/wp-json\/wp\/v2\/users\/1"}],"replies":[{"embeddable":true,"href":"https:\/\/biscotteslitteraires.com\/2021\/wp-json\/wp\/v2\/comments?post=12468"}],"version-history":[{"count":5,"href":"https:\/\/biscotteslitteraires.com\/2021\/wp-json\/wp\/v2\/posts\/12468\/revisions"}],"predecessor-version":[{"id":12505,"href":"https:\/\/biscotteslitteraires.com\/2021\/wp-json\/wp\/v2\/posts\/12468\/revisions\/12505"}],"wp:attachment":[{"href":"https:\/\/biscotteslitteraires.com\/2021\/wp-json\/wp\/v2\/media?parent=12468"}],"wp:term":[{"taxonomy":"category","embeddable":true,"href":"https:\/\/biscotteslitteraires.com\/2021\/wp-json\/wp\/v2\/categories?post=12468"},{"taxonomy":"post_tag","embeddable":true,"href":"https:\/\/biscotteslitteraires.com\/2021\/wp-json\/wp\/v2\/tags?post=12468"}],"curies":[{"name":"wp","href":"https:\/\/api.w.org\/{rel}","templated":true}]}}