{"id":12611,"date":"2026-03-08T23:27:24","date_gmt":"2026-03-08T23:27:24","guid":{"rendered":"https:\/\/biscotteslitteraires.com\/2021\/?p=12611"},"modified":"2026-03-08T23:28:17","modified_gmt":"2026-03-08T23:28:17","slug":"safia-un-conte-de-fees-republicain-de-safia-otokore-ce-que-le-couteau-na-pas-pu-taire","status":"publish","type":"post","link":"https:\/\/biscotteslitteraires.com\/2021\/safia-un-conte-de-fees-republicain-de-safia-otokore-ce-que-le-couteau-na-pas-pu-taire\/","title":{"rendered":"Safia, un conte de f\u00e9es r\u00e9publicain de Safia Otokor\u00e9 : Ce que le couteau n\u2019a pas pu taire !"},"content":{"rendered":"\t\t<div data-elementor-type=\"wp-post\" data-elementor-id=\"12611\" class=\"elementor elementor-12611\" data-elementor-settings=\"[]\">\n\t\t\t\t\t\t<div class=\"elementor-inner\">\n\t\t\t\t\t\t\t<div class=\"elementor-section-wrap\">\n\t\t\t\t\t\t\t<section class=\"elementor-section elementor-top-section elementor-element elementor-element-79f72542 elementor-section-boxed elementor-section-height-default elementor-section-height-default\" data-id=\"79f72542\" data-element_type=\"section\">\n\t\t\t\t\t\t<div class=\"elementor-container elementor-column-gap-default\">\n\t\t\t\t\t\t\t<div class=\"elementor-row\">\n\t\t\t\t\t<div class=\"elementor-column elementor-col-100 elementor-top-column elementor-element elementor-element-610fb264\" data-id=\"610fb264\" data-element_type=\"column\">\n\t\t\t<div class=\"elementor-column-wrap elementor-element-populated\">\n\t\t\t\t\t\t\t<div class=\"elementor-widget-wrap\">\n\t\t\t\t\t\t<div class=\"elementor-element elementor-element-3f8f471f elementor-widget elementor-widget-text-editor\" data-id=\"3f8f471f\" data-element_type=\"widget\" data-widget_type=\"text-editor.default\">\n\t\t\t\t<div class=\"elementor-widget-container\">\n\t\t\t\t\t\t\t\t<div class=\"elementor-text-editor elementor-clearfix\">\n\t\t\t\t<!-- wp:paragraph -->\n<p><strong><em>Safia, un conte de f\u00e9es r\u00e9publicain<\/em>, co-\u00e9crit par <\/strong><a href=\"https:\/\/en.wikipedia.org\/wiki\/Safia_Otokor%C3%A9\"><strong>Safia Otokor\u00e9<\/strong><\/a><strong> et la journaliste <\/strong><a href=\"https:\/\/www.babelio.com\/livres\/Otokore-Safia-Un-conte-de-fees-republicain\/205353\"><strong>Pauline Gu\u00e9na<\/strong><\/a><strong>, a paru chez Robert Laffont en 2005, avant d\u2019\u00eatre r\u00e9\u00e9dit\u00e9 en poche chez J\u2019ai Lu en 2006. N\u00e9 dans un bidonville de Djibouti, excis\u00e9 et infibul\u00e9 \u00e0 sept ans, le corps de Safia Ibrahim est d\u2019abord un territoire conquis. Ce qu\u2019elle en fera \u2014 championne d\u2019athl\u00e9tisme, \u00e9lue locale, militante \u2014 est la mati\u00e8re d\u2019un r\u00e9cit qui refuse \u00e0 la fois le roman de la volont\u00e9 triomphante et la complainte victimaire. Dans un paysage \u00e9ditorial qui parle souvent <em>sur<\/em> les femmes du Sud plut\u00f4t que de les laisser parler, ce livre tient \u00e0 la fois du t\u00e9moignage intime, du plaidoyer politique et d\u2019un document analytique d\u2019une actualit\u00e9 br\u00fblante. Sa publication co\u00efncide avec la <\/strong><a href=\"https:\/\/www.un.org\/fr\/observances\/womens-day\"><strong>Journ\u00e9e internationale des droits de la femme<\/strong><\/a><strong> du 8\u00a0mars, dont l\u2019\u00e9dition 2026 rappelle que les violences faites aux filles et aux femmes demeurent un fait mondial, persistant et structurel. Ce que Safia avait nomm\u00e9 depuis son bidonville djiboutien, les commissions onusiennes et les tribunaux continuent de le documenter.<\/strong><\/p>\n<!-- \/wp:paragraph -->\n\n<!-- wp:image {\"id\":12612,\"sizeSlug\":\"large\",\"linkDestination\":\"none\"} -->\n<figure class=\"wp-block-image size-large\"><img loading=\"lazy\" width=\"697\" height=\"1024\" src=\"https:\/\/biscotteslitteraires.com\/2021\/wp-content\/uploads\/2026\/03\/Screenshot_20260228-120712-697x1024.jpg\" alt=\"\" class=\"wp-image-12612\" srcset=\"https:\/\/biscotteslitteraires.com\/2021\/wp-content\/uploads\/2026\/03\/Screenshot_20260228-120712-697x1024.jpg 697w, https:\/\/biscotteslitteraires.com\/2021\/wp-content\/uploads\/2026\/03\/Screenshot_20260228-120712-204x300.jpg 204w, https:\/\/biscotteslitteraires.com\/2021\/wp-content\/uploads\/2026\/03\/Screenshot_20260228-120712.jpg 715w\" sizes=\"(max-width: 697px) 100vw, 697px\" \/><\/figure>\n<!-- \/wp:image -->\n\n<!-- wp:paragraph -->\n<p><em>\u00ab&nbsp;Je suis n\u00e9e femme. Je suis n\u00e9e musulmane. Je suis n\u00e9e noire. Je suis n\u00e9e pauvre.<\/em><\/p>\n<!-- \/wp:paragraph -->\n\n<!-- wp:paragraph -->\n<p><em>Je ne sais pas dans quel ordre je dois classer ces propositions.<\/em><\/p>\n<!-- \/wp:paragraph -->\n\n<!-- wp:paragraph -->\n<p><em>Mais sur elles, parfois contre elles aussi, j\u2019ai b\u00e2ti ma vie.&nbsp;\u00bb<\/em><\/p>\n<!-- \/wp:paragraph -->\n\n<!-- wp:paragraph -->\n<p><em>\u2014 Safia Otokor\u00e9, incipit<\/em><\/p>\n<!-- \/wp:paragraph -->\n\n<!-- wp:paragraph -->\n<p><strong>Un titre oxymore, un programme politique<\/strong><\/p>\n<!-- \/wp:paragraph -->\n\n<!-- wp:paragraph -->\n<p>Il existe des titres qui se contentent d\u2019annoncer. Celui-ci se contredit, et c\u2019est l\u00e0 que tout commence. <em>Safia, un conte de f\u00e9es r\u00e9publicain<\/em> est un oxymore si dense qu\u2019on pourrait l\u2019entendre craquer sous la pression de ses propres termes. Le \u00ab&nbsp;conte de f\u00e9es&nbsp;\u00bb convoque l\u2019improbable, le merveilleux, la bienveillance ext\u00e9rieure qui surgit de nulle part pour changer un destin. L\u2019adjectif \u00ab&nbsp;r\u00e9publicain&nbsp;\u00bb l\u2019ancre aussit\u00f4t dans le politique, l\u2019institutionnel, le la\u00efc, le r\u00e9el administratif. Ces deux mots ne devraient pas cohabiter. Ils le font pourtant, et cette tension irrigue le livre de la premi\u00e8re \u00e0 la derni\u00e8re page, posant d\u2019embl\u00e9e la question centrale que l\u2019auteure ne tranche jamais tout \u00e0 fait, parce qu\u2019elle est sans r\u00e9ponse simple : la R\u00e9publique fran\u00e7aise est-elle un syst\u00e8me de droit ou une promesse encore \u00e0 tenir? Pour une femme noire, musulmane, issue d\u2019un bidonville de Djibouti, la r\u00e9ponse n\u2019est pas donn\u00e9e d\u2019avance.<\/p>\n<!-- \/wp:paragraph -->\n\n<!-- wp:paragraph -->\n<p><a href=\"https:\/\/en.wikipedia.org\/wiki\/Safia_Otokor%C3%A9\">Safia Otokor\u00e9<\/a>, n\u00e9e Ibrahim le 17 octobre 1969 \u00e0 Djibouti, co-\u00e9crit avec la journaliste Pauline Gu\u00e9na un texte qui tient \u00e0 la fois du t\u00e9moignage intime, du plaidoyer politique et de ce que les sciences sociales nomment un <em>mat\u00e9riau emic<\/em>, soit un r\u00e9cit de l\u2019int\u00e9rieur, par celle qui a v\u00e9cu ce qu\u2019elle d\u00e9crit, non reconstitu\u00e9 par un regard savant ext\u00e9rieur. Ce choix d\u2019\u00e9nonciation n\u2019est pas anodin dans un paysage acad\u00e9mique qui parle souvent <em>sur<\/em> les femmes du Sud plut\u00f4t que de les laisser parler. Il y a dans cette d\u00e9cision de prendre la plume \u00e0 la premi\u00e8re personne quelque chose qui d\u00e9passe le choix narratif : c\u2019est un acte \u00e9pist\u00e9mologique. La d\u00e9marche rappelle ce que <a href=\"https:\/\/fr.wikipedia.org\/wiki\/Bell_hooks\">bell hooks<\/a> appelait l\u2019exigence de prendre la parole depuis la marge plut\u00f4t que d\u2019en accepter la repr\u00e9sentation par le centre, non pas parce que la marge serait romantique, mais parce qu\u2019elle offre un point de vue que le centre, structurellement, ne peut pas produire. Quatri\u00e8me enfant d\u2019une fratrie de dix, fille de r\u00e9fugi\u00e9s somaliens d\u2019ethnie issak install\u00e9s dans le bidonville du Quartier-3 de Djibouti, <em>\u00ab&nbsp;sans \u00e9lectricit\u00e9&nbsp;\u00bb<\/em> pr\u00e9cise-t-elle avec cette \u00e9conomie de d\u00e9tail qui dit tout, Safia na\u00eet dans un monde o\u00f9 son destin est d\u00e9j\u00e0 \u00e9crit. P\u00e8re employ\u00e9 de l\u2019arm\u00e9e fran\u00e7aise, m\u00e8re femme du foyer qui incarne \u00e0 la fois la r\u00e9signation au sort prescrit et, parfois, une r\u00e9sistance silencieuse que l\u2019auteure lira r\u00e9trospectivement comme un mod\u00e8le ambigu. C\u2019est dans ces interstices, entre le sort prescrit et la r\u00e9sistance possible, que le livre commence vraiment.<\/p>\n<!-- \/wp:paragraph -->\n\n<!-- wp:paragraph -->\n<p><strong>L\u2019incipit comme \u00e9quation politique<\/strong><\/p>\n<!-- \/wp:paragraph -->\n\n<!-- wp:paragraph -->\n<p>L\u2019ouverture est saisissante d\u2019une simplicit\u00e9 trompeuse. Quatre propositions courtes. Femme. Musulmane. Noire. Pauvre. Et cette phrase qui les suit&nbsp;: <em>\u00ab&nbsp;Je ne sais pas dans quel ordre je dois classer ces propositions.&nbsp;\u00bb<\/em> Ce n\u2019est pas une h\u00e9sitation rh\u00e9torique mais une pens\u00e9e. Une pens\u00e9e dense, rigoureuse, qui refuse la hi\u00e9rarchie facile des oppressions. Avant la lettre et sans le vocabulaire acad\u00e9mique, Safia Otokor\u00e9 formule ici ce que <a href=\"https:\/\/fr.wikipedia.org\/wiki\/Kimberl%C3%A9_Crenshaw\">Kimberl\u00e9 Crenshaw<\/a> th\u00e9orisera en 1989 sous le nom d\u2019<a href=\"https:\/\/fr.wikipedia.org\/wiki\/Intersectionnalit%C3%A9\">intersectionnalit\u00e9<\/a>, soit l\u2019impossibilit\u00e9 de hi\u00e9rarchiser des oppressions qui s\u2019imbriquent et se renforcent mutuellement, produisant ensemble une vuln\u00e9rabilit\u00e9 qualitativement diff\u00e9rente de chacun de ses composants pris s\u00e9par\u00e9ment. Ce qui opprime Safia n\u2019est ni seulement le genre, ni seulement la race, ni seulement la pauvret\u00e9, mais le syst\u00e8me que ces trois r\u00e9alit\u00e9s forment ensemble, dans un contexte sp\u00e9cifique, \u00e0 un moment historique pr\u00e9cis.<\/p>\n<!-- \/wp:paragraph -->\n\n<!-- wp:paragraph -->\n<p>Cette lucidit\u00e9 inaugurale n\u2019est pas un acc\u00e8s de vertige intellectuel. Elle correspond \u00e0 une exp\u00e9rience concr\u00e8te. Safia a appris tr\u00e8s t\u00f4t que les syst\u00e8mes qui la contraignaient se renforcent mutuellement. Sa f\u00e9minit\u00e9 la rendait vuln\u00e9rable \u00e0 l\u2019<a href=\"https:\/\/fr.wikipedia.org\/wiki\/Mutilation_g%C3%A9nitale_f%C3%A9minine\">excision<\/a> et au <a href=\"https:\/\/fr.wikipedia.org\/wiki\/Mariage_forc%C3%A9\">mariage forc\u00e9<\/a>. Sa noirceur l\u2019exposait au m\u00e9pris colonial. Sa pauvret\u00e9 la privait des ressources n\u00e9cessaires pour fuir. Son appartenance \u00e0 l\u2019islam la pla\u00e7ait sous une forme d\u2019autorit\u00e9 religieuse qui l\u00e9gitimait les pr\u00e9c\u00e9dentes. Aucune de ces conditions n\u2019aurait eu, isol\u00e9ment, le m\u00eame effet. Quand on songe aux d\u00e9bats contemporains sur la pluralit\u00e9 des discriminations, notamment relanc\u00e9s par les affaires Pelicot et <a href=\"https:\/\/fr.wikipedia.org\/wiki\/Affaire_Epstein\">Epstein<\/a> qui ont mis en lumi\u00e8re, selon le Haut-Commissaire de l\u2019ONU <a href=\"https:\/\/www.ohchr.org\/fr\/about-us\/high-commissioner\/volker-turk\">Volker T\u00fcrk<\/a>, des syst\u00e8mes sociaux qui r\u00e9duisent au silence les femmes et prot\u00e8gent les hommes puissants, on mesure \u00e0 quel point ce livre d\u2019apparence autobiographique est aussi un document politique d\u2019une br\u00fblante actualit\u00e9. Vingt ans avant que ces syst\u00e8mes deviennent visibles dans les pr\u00e9toires, Safia les avait cartographi\u00e9s depuis l\u2019int\u00e9rieur.<\/p>\n<!-- \/wp:paragraph -->\n\n<!-- wp:paragraph -->\n<p><strong>Le corps comme sc\u00e8ne premi\u00e8re<\/strong><\/p>\n<!-- \/wp:paragraph -->\n\n<!-- wp:paragraph -->\n<p>Il faut s\u2019arr\u00eater plus longtemps que sur tout autre passage \u00e0 celui de l\u2019\u00e9t\u00e9 de ses sept ans. Safia est excis\u00e9e et infibul\u00e9e. Elle le raconte avec une pr\u00e9cision clinique d\u00e9lib\u00e9r\u00e9e qui n\u2019a rien de voyeuriste, pr\u00e9cis\u00e9ment parce qu\u2019elle ne cherche ni \u00e0 provoquer ni \u00e0 \u00e9mouvoir par le pathos. Nommer exactement ce qui a \u00e9t\u00e9 fait \u00e0 son corps, c\u2019est refuser l\u2019euph\u00e9misme, cette rh\u00e9torique de protection qui prot\u00e8ge la pratique davantage que la victime. C\u2019est aussi un acte p\u00e9dagogique au sens fort du terme, car la langue ne peut commencer \u00e0 d\u00e9sobliger que lorsqu\u2019elle nomme ce qu\u2019elle refuse.<\/p>\n<!-- \/wp:paragraph -->\n\n<!-- wp:paragraph -->\n<p>\u00c0 Djibouti, la pr\u00e9valence des <a href=\"https:\/\/fr.wikipedia.org\/wiki\/Mutilation_g%C3%A9nitale_f%C3%A9minine\">mutilations g\u00e9nitales f\u00e9minines<\/a> atteint 93&nbsp;% des femmes de 15 \u00e0 49 ans selon les donn\u00e9es les plus r\u00e9centes. Malgr\u00e9 une loi d\u2019interdiction promulgu\u00e9e en 1994 et renforc\u00e9e en 2009, les chercheurs de <a href=\"https:\/\/shs.hal.science\/halshs-02113380\/document\">HAL-SHS<\/a> ont document\u00e9 une incoh\u00e9rence fondamentale&nbsp;: la loi est promulgu\u00e9e mais non appliqu\u00e9e, et cette impunit\u00e9 structurelle nourrit les r\u00e9sistances au changement. Le droit \u00e9crit et la r\u00e9alit\u00e9 des corps vivent ainsi dans deux pays diff\u00e9rents. En juillet 2025, Djibouti est devenu le premier \u00c9tat \u00e0 signer la <a href=\"https:\/\/www.lanation.dj\/djibouti-ouvre-la-voie-pour-une-afrique-sans-violence-faite-aux-femmes-et-aux-filles\/\">Convention de l\u2019Union africaine sur l\u2019\u00e9limination de la violence \u00e0 l\u2019\u00e9gard des femmes et des filles<\/a>, signal fort dont on peut esp\u00e9rer qu\u2019il commence \u00e0 refermer cette distance. Le livre de Safia Otokor\u00e9 avait cartographi\u00e9 cette distance vingt ans plus t\u00f4t, depuis l\u2019int\u00e9rieur.<\/p>\n<!-- \/wp:paragraph -->\n\n<!-- wp:paragraph -->\n<p><em>L\u2019infibulation que Safia d\u00e9crit comme une \u00ab&nbsp;ceinture de chastet\u00e9 naturelle&nbsp;\u00bb dit tout d\u2019un rapport de propri\u00e9t\u00e9 que la soci\u00e9t\u00e9 exerce sur le corps des femmes. Ce corps n\u2019appartient pas \u00e0 celle qui le porte : il est le d\u00e9positaire de l\u2019honneur familial, la garantie d\u2019une virginit\u00e9 commercialisable.<\/em><\/p>\n<!-- \/wp:paragraph -->\n\n<!-- wp:paragraph -->\n<p>Ce que l\u2019auteure fera ensuite avec ce corps mutil\u00e9 constitue l\u2019une des dialectiques les plus saisissantes de l\u2019ouvrage. Elle court, d\u2019abord \u00ab\u00a0en tant que gar\u00e7on\u00a0\u00bb parce que sa m\u00e8re lui avait interdit de courir comme une fille, et c\u2019est dans cet espace de jeu sur les codes du genre qu\u2019elle devient championne d\u2019athl\u00e9tisme djiboutienne. Le corps, sc\u00e8ne premi\u00e8re de la domination, devient ainsi le levier premier de la subversion. Corps-domination, corps-\u00e9mancipation\u00a0: cette conversion m\u00e9rite d\u2019\u00eatre lue comme l\u2019une des lignes de force les plus originales du r\u00e9cit. On pense in\u00e9vitablement \u00e0 <a href=\"https:\/\/www.cairn.info\/revue-autrepart-2009-4-page-13.htm\">\u00c9lise Fonteneau<\/a> qui avait montr\u00e9 comment les pratiques sportives peuvent, dans certains contextes africains, constituer des espaces de r\u00e9sistance au genre impos\u00e9. Ce qui est remarquable chez Safia, c\u2019est qu\u2019elle ne th\u00e9orise pas ce renversement. Elle le vit, et c\u2019est pr\u00e9cis\u00e9ment parce qu\u2019elle le vit qu\u2019il fait preuve.<\/p>\n<!-- \/wp:paragraph -->\n\n<!-- wp:image {\"id\":12613,\"sizeSlug\":\"large\",\"linkDestination\":\"none\"} -->\n<figure class=\"wp-block-image size-large\"><img loading=\"lazy\" width=\"697\" height=\"1024\" src=\"https:\/\/biscotteslitteraires.com\/2021\/wp-content\/uploads\/2026\/03\/1306249-safia-otokore-soiree-de-levee-de-fond-1200x0-1-697x1024.jpg\" alt=\"\" class=\"wp-image-12613\" srcset=\"https:\/\/biscotteslitteraires.com\/2021\/wp-content\/uploads\/2026\/03\/1306249-safia-otokore-soiree-de-levee-de-fond-1200x0-1-697x1024.jpg 697w, https:\/\/biscotteslitteraires.com\/2021\/wp-content\/uploads\/2026\/03\/1306249-safia-otokore-soiree-de-levee-de-fond-1200x0-1-204x300.jpg 204w, https:\/\/biscotteslitteraires.com\/2021\/wp-content\/uploads\/2026\/03\/1306249-safia-otokore-soiree-de-levee-de-fond-1200x0-1-768x1128.jpg 768w, https:\/\/biscotteslitteraires.com\/2021\/wp-content\/uploads\/2026\/03\/1306249-safia-otokore-soiree-de-levee-de-fond-1200x0-1-1045x1536.jpg 1045w, https:\/\/biscotteslitteraires.com\/2021\/wp-content\/uploads\/2026\/03\/1306249-safia-otokore-soiree-de-levee-de-fond-1200x0-1.jpg 1200w\" sizes=\"(max-width: 697px) 100vw, 697px\" \/><\/figure>\n<!-- \/wp:image -->\n\n<!-- wp:paragraph -->\n<p><strong>Le roman qui n\u2019a pas eu lieu<\/strong><\/p>\n<!-- \/wp:paragraph -->\n\n<!-- wp:paragraph -->\n<p>Il y a un personnage secondaire dans ce livre qui hante plus longtemps que n\u2019importe quel protagoniste de roman. La s\u0153ur a\u00een\u00e9e de Safia. Mari\u00e9e de force. Viol\u00e9e par un premier mari. Livr\u00e9e \u00e0 un second, m\u00e9decin de surcro\u00eet. Morte d\u2019une appendicite non soign\u00e9e. Cette mort porte une charge symbolique que la simple biographie ne suffit pas \u00e0 contenir. Mourir d\u2019un mal curable entre les mains d\u2019un homme dont le m\u00e9tier est de gu\u00e9rir est une sentence qui dit tout sur la fa\u00e7on dont certaines femmes n\u2019existent pas, m\u00eame dans la maladie. La m\u00e9decine, comme le droit, est un syst\u00e8me qui peut dispenser ses soins ou les retenir selon les corps qu\u2019il a d\u00e9cid\u00e9 de traiter comme dignes de protection.<\/p>\n<!-- \/wp:paragraph -->\n\n<!-- wp:paragraph -->\n<p>La s\u0153ur a\u00een\u00e9e est la figure-miroir, ce que Safia aurait pu \u00eatre, ce que des milliers de femmes dans ce contexte ont effectivement \u00e9t\u00e9 et sont encore. La diff\u00e9rence entre les deux trajectoires n\u2019est pas morale, ni m\u00eame une question de caract\u00e8re. Elle tient \u00e0 des \u00e9v\u00e9nements ext\u00e9rieurs d\u2019une contingence radicale&nbsp;: une ONG qui remarque une s\u0153ur handicap\u00e9e, une responsable d\u2019association qui convainc une m\u00e8re r\u00e9ticente, un professeur de sport qui d\u00e9tecte un don. Des hasards. Des gr\u00e2ces profanes. C\u2019est pr\u00e9cis\u00e9ment ce que l\u2019auteure refuse d\u2019habiller en m\u00e9rite pur, et cette honn\u00eatet\u00e9-l\u00e0 est l\u2019un des gestes intellectuels les plus courageux du livre. Elle disqualifie d\u2019avance toute lecture qui ferait de son parcours une le\u00e7on de volontarisme. On pense \u00e0 <a href=\"https:\/\/fr.wikipedia.org\/wiki\/Chimamanda_Ngozi_Adichie\">Chimamanda Ngozi Adichie<\/a> et \u00e0 sa mise en garde contre le <a href=\"https:\/\/www.ted.com\/talks\/chimamanda_ngozi_adichie_the_danger_of_a_single_story\/transcript?language=fr\">danger de l\u2019histoire unique<\/a>, soit le risque, en lisant un destin exceptionnel, d\u2019oublier la masse de celles qui n\u2019ont pas eu la bourse, le professeur, l\u2019ONG. La s\u0153ur morte est l\u00e0 pour \u00e7a. Elle est le rappel permanent que l\u2019exception ne vaut que si l\u2019on garde la r\u00e8gle en vue.<\/p>\n<!-- \/wp:paragraph -->\n\n<!-- wp:paragraph -->\n<p><strong>L\u2019\u00e9ducation comme br\u00e8che, non comme garantie<\/strong><\/p>\n<!-- \/wp:paragraph -->\n\n<!-- wp:paragraph -->\n<p>Safia obtient le baccalaur\u00e9at. Elle d\u00e9croche une bourse pour \u00e9tudier \u00e0 l\u2019Institut National de la Jeunesse et des Sports de Dakar, puis en C\u00f4te d\u2019Ivoire. Cette s\u00e9quence illustre avec une rare efficacit\u00e9 la th\u00e8se des <a href=\"https:\/\/fr.wikipedia.org\/wiki\/Approche_par_les_capabilit%C3%A9s\">capabilit\u00e9s<\/a> d\u00e9velopp\u00e9e par <a href=\"https:\/\/fr.wikipedia.org\/wiki\/Amartya_Sen\">Amartya Sen<\/a> et <a href=\"https:\/\/fr.wikipedia.org\/wiki\/Martha_Nussbaum\">Martha Nussbaum<\/a>, \u00e0 savoir la capacit\u00e9 effective des individus \u00e0 mener la vie qu\u2019ils ont des raisons de valoriser, ind\u00e9pendamment des obstacles structurels qui la rendent th\u00e9oriquement impossible. Safia d\u00e9veloppe des capabilit\u00e9s sportives, intellectuelles, relationnelles que des structures hostiles auraient d\u00fb rendre inaccessibles. Elle les d\u00e9veloppe malgr\u00e9 elles, mais aussi, partiellement, gr\u00e2ce \u00e0 des failles dans ces m\u00eames structures&nbsp;: cette bourse qui existe, ce prof qui voit, cette association qui agit.<\/p>\n<!-- \/wp:paragraph -->\n\n<!-- wp:paragraph -->\n<p>Mais il y a dans ce livre une honn\u00eatet\u00e9 intellectuelle rare qui m\u00e9rite d\u2019\u00eatre soulign\u00e9e et pr\u00e9serv\u00e9e de toute lecture na\u00efve. L\u2019auteure ne construit pas r\u00e9trospectivement un roman de la <a href=\"https:\/\/fr.wikipedia.org\/wiki\/M%C3%A9ritocratie\">m\u00e9ritocratie<\/a> pure, o\u00f9 le travail et la volont\u00e9 suffiraient \u00e0 triompher des structures. Elle nomme les rencontres providentielles, assume la part de chance et distingue entre ce qu\u2019elle a fait et ce qui lui a \u00e9t\u00e9 donn\u00e9. Ce faisant, elle soul\u00e8ve implicitement la question que toute politique d\u2019inclusion doit affronter sans d\u00e9tour&nbsp;: combien de Safia n\u2019ont pas eu cette chance&nbsp;? Les travaux de <a href=\"https:\/\/fr.wikipedia.org\/wiki\/Pierre_Bourdieu\">Pierre Bourdieu<\/a> sur la <a href=\"https:\/\/fr.wikipedia.org\/wiki\/La_Reproduction_(sociologie)\">reproduction sociale<\/a> avaient th\u00e9oris\u00e9 cette tension. L\u2019\u00e9mancipation individuelle traverse les structures, parfois les brise localement, mais ne les abolit pas. Elle peut m\u00eame, dans certains cas, les l\u00e9gitimer en donnant l\u2019illusion que le syst\u00e8me r\u00e9compense au m\u00e9rite. Safia Otokor\u00e9 a compris ce risque avant de l\u2019avoir lu. Elle le d\u00e9joue en refusant de se pr\u00e9senter comme la preuve que le syst\u00e8me fonctionne.<\/p>\n<!-- \/wp:paragraph -->\n\n<!-- wp:paragraph -->\n<p><strong>La domesticit\u00e9 n\u2019a pas besoin de la mis\u00e8re<\/strong><\/p>\n<!-- \/wp:paragraph -->\n\n<!-- wp:paragraph -->\n<p>Le passage le plus subtilement troublant du livre n\u2019est pas celui de l\u2019excision. C\u2019est celui o\u00f9 Safia d\u00e9crit sa vie de femme de footballeur \u00e0 Auxerre, apr\u00e8s avoir rejoint en 1993 <a href=\"https:\/\/fr.wikipedia.org\/wiki\/Didier_Otokor%C3%A9\">Didier Otokor\u00e9<\/a>, vedette de l\u2019AJ Auxerre. Non pas parce que cette vie serait dramatique, mais parce qu\u2019il r\u00e9v\u00e8le une v\u00e9rit\u00e9 que les f\u00e9minismes bourgeois ont parfois du mal \u00e0 formuler sans se d\u00e9juger&nbsp;: les m\u00e9canismes d\u2019assignation \u00e0 la domesticit\u00e9 n\u2019ont pas besoin de la mis\u00e8re pour op\u00e9rer. Le luxe ne lib\u00e8re pas. Il enveloppe la cage d\u2019un tissu plus doux.<\/p>\n<!-- \/wp:paragraph -->\n\n<!-- wp:paragraph -->\n<p>La \u00ab&nbsp;vie casani\u00e8re de femme de sportif&nbsp;\u00bb qu\u2019on attend d\u2019elle \u00e0 Auxerre est structurellement identique \u00e0 ce qu\u2019on attendait d\u2019une fille du Quartier-3 de Djibouti. Se taire, servir, attendre. Les d\u00e9cors changent, les meubles aussi, le quartier aussi, mais la logique demeure. L\u2019attente sociale ne varie pas avec le revenu et se r\u00e9ajuste \u00e0 chaque environnement. C\u2019est cette continuit\u00e9 entre deux formes radicalement diff\u00e9rentes d\u2019oppression qui constitue l\u2019une des d\u00e9monstrations analytiques les plus saisissantes du livre, d\u2019autant plus forte qu\u2019elle n\u2019est jamais formul\u00e9e comme telle ni sold\u00e9e dans un \u00e9nonc\u00e9 th\u00e9orique. C\u2019est le propre des grands r\u00e9cits que de prouver par l\u2019exp\u00e9rience ce que la th\u00e9orie ne fait qu\u2019\u00e9noncer. La sociologue <a href=\"https:\/\/fr.wikipedia.org\/wiki\/Elsa_Dorlin\">Elsa Dorlin<\/a> dans <a href=\"https:\/\/www.editionsladecouverte.fr\/se_defendre-9782348034824\">Se d\u00e9fendre<\/a> a montr\u00e9 comment la s\u00e9curit\u00e9 de certains corps est construite sur l\u2019exposition permanente d\u2019autres corps, femmes, racis\u00e9es, pauvres. Le livre de Safia Otokor\u00e9 l\u2019illustre \u00e0 travers deux g\u00e9ographies qui n\u2019ont en apparence rien en commun&nbsp;: la cour de terre de Djibouti et le pavillon bourgeois d\u2019Auxerre sont, fonctionnellement, le m\u00eame espace pour une femme qui n\u2019a pas le droit d\u2019en sortir.<\/p>\n<!-- \/wp:paragraph -->\n\n<!-- wp:paragraph -->\n<p>Son refus de cette assignation est fondateur. Elle obtient un dipl\u00f4me de professeure d\u2019EPS, cr\u00e9e l\u2019Association pour mieux conna\u00eetre l\u2019Afrique (AMCA), adh\u00e8re au Parti socialiste en 1999, est \u00e9lue adjointe au maire d\u2019Auxerre en 2001, puis conseill\u00e8re r\u00e9gionale de Bourgogne en 2004 et vice-pr\u00e9sidente de la r\u00e9gion. Sa r\u00e9vocation en 2005 pour \u00ab\u00a0absentisme et probl\u00e8mes de comportement\u00a0\u00bb soul\u00e8ve des questions que le livre n\u2019\u00e9lude pas\u00a0: dans quelle mesure une femme noire, musulmane, d\u2019origine africaine se heurte-t-elle \u00e0 des standards de comportement politique diff\u00e9renci\u00e9s\u00a0? L\u2019injonction \u00e0 la \u00ab\u00a0bonne conduite\u00a0\u00bb est-elle neutre en termes de genre et de race\u00a0? Aucune r\u00e9ponse d\u00e9finitive n\u2019est donn\u00e9e, et c\u2019est pr\u00e9cis\u00e9ment la bonne fa\u00e7on de poser la question.<\/p>\n<!-- \/wp:paragraph -->\n\n<!-- wp:gallery {\"ids\":[12614],\"linkTo\":\"none\"} -->\n<figure class=\"wp-block-gallery columns-1 is-cropped\"><ul class=\"blocks-gallery-grid\"><li class=\"blocks-gallery-item\"><figure><img loading=\"lazy\" width=\"724\" height=\"787\" src=\"https:\/\/biscotteslitteraires.com\/2021\/wp-content\/uploads\/2026\/03\/GSNiSc5WEAA8RlF.jpg\" alt=\"\" data-id=\"12614\" data-full-url=\"https:\/\/biscotteslitteraires.com\/2021\/wp-content\/uploads\/2026\/03\/GSNiSc5WEAA8RlF.jpg\" data-link=\"https:\/\/biscotteslitteraires.com\/2021\/?attachment_id=12614\" class=\"wp-image-12614\" srcset=\"https:\/\/biscotteslitteraires.com\/2021\/wp-content\/uploads\/2026\/03\/GSNiSc5WEAA8RlF.jpg 724w, https:\/\/biscotteslitteraires.com\/2021\/wp-content\/uploads\/2026\/03\/GSNiSc5WEAA8RlF-276x300.jpg 276w\" sizes=\"(max-width: 724px) 100vw, 724px\" \/><\/figure><\/li><\/ul><\/figure>\n<!-- \/wp:gallery -->\n\n<!-- wp:paragraph -->\n<p><strong>Entre deux int\u00e9grismes, le voile comme \u00e9preuve de nuance<\/strong><\/p>\n<!-- \/wp:paragraph -->\n\n<!-- wp:paragraph -->\n<p>L\u2019un des passages les plus fins du livre, et les moins comment\u00e9s, est celui o\u00f9 Safia aborde la question du <a href=\"https:\/\/fr.wikipedia.org\/wiki\/Voile_islamique_en_France\">voile islamique<\/a>. Dans la France des ann\u00e9es 2000, ce sujet avait la propri\u00e9t\u00e9 d\u2019appauvrir le d\u00e9bat en for\u00e7ant les interlocuteurs \u00e0 choisir entre deux manich\u00e9ismes \u00e9galement r\u00e9ducteurs&nbsp;: le relativisme culturaliste d\u2019un c\u00f4t\u00e9, qui refusait de voir dans certains ports du voile une forme de contrainte, et l\u2019injonction assimilatrice de l\u2019autre, qui ne voulait pas entendre que l\u2019exclusion scolaire pouvait produire exactement l\u2019effet contraire \u00e0 celui recherch\u00e9. La <a href=\"https:\/\/fr.wikipedia.org\/wiki\/Loi_du_15_mars_2004\">loi de 2004 sur les signes religieux \u00e0 l\u2019\u00e9cole<\/a> cristallisait cette tension que les d\u00e9bats n\u2019avaient pas la finesse d\u2019absorber.<\/p>\n<!-- \/wp:paragraph -->\n\n<!-- wp:paragraph -->\n<p>Safia occupe un tiers-chemin beaucoup plus exigeant. Elle dit que l\u2019exclusion <em>\u00ab&nbsp;ne doit \u00eatre utilis\u00e9e qu\u2019en tout dernier recours, quand tout a \u00e9t\u00e9 essay\u00e9&nbsp;\u00bb<\/em>. Ce n\u2019est pas une capitulation devant le communautarisme, ni une na\u00efvet\u00e9 sur ce que certaines lectures int\u00e9gristes de l\u2019islam font aux corps des femmes, elle en a \u00e9t\u00e9 elle-m\u00eame la cible. C\u2019est une p\u00e9dagogie du dialogue fond\u00e9e sur l\u2019exp\u00e9rience concr\u00e8te de ce que l\u2019exclusion produit sur les femmes concern\u00e9es. Elle sait que l\u2019exclusion sans accompagnement abandonne des femmes \u00e0 des r\u00e9seaux qui, eux, savent les accueillir et savent ce qu\u2019ils font de cet accueil. Cette position, en 2005, \u00e9tait rare. Elle reste rare en 2026, dans un contexte o\u00f9 le d\u00e9bat sur la <a href=\"https:\/\/fr.wikipedia.org\/wiki\/La%C3%AFcit%C3%A9_en_France\">la\u00efcit\u00e9<\/a> s\u2019est encore durci sans s\u2019\u00eatre affin\u00e9.<\/p>\n<!-- \/wp:paragraph -->\n\n<!-- wp:paragraph -->\n<p><strong>La grammaire invariante de la domination<\/strong><\/p>\n<!-- \/wp:paragraph -->\n\n<!-- wp:paragraph -->\n<p>Lire ce livre en 2026, c\u2019est le lire dans un contexte satur\u00e9 d\u2019affaires qui \u00e9clairent r\u00e9trospectivement chacune de ses pages et qui montrent, s\u2019il en \u00e9tait encore besoin, que la domination masculine ne se d\u00e9cline pas selon les latitudes mais selon les ressources disponibles pour l\u2019exercer. L\u2019affaire <a href=\"https:\/\/fr.wikipedia.org\/wiki\/Affaire_Epstein\">Epstein<\/a> a mis en lumi\u00e8re, selon <a href=\"https:\/\/www.ohchr.org\/fr\/about-us\/high-commissioner\/volker-turk\">Volker T\u00fcrk<\/a>, Haut-Commissaire de l\u2019ONU aux droits de l\u2019homme, que ces abus sont rendus possibles par des syst\u00e8mes sociaux qui r\u00e9duisent au silence les femmes et prot\u00e8gent les hommes puissants de toute responsabilit\u00e9. L\u2019enqu\u00eate sur les <a href=\"https:\/\/www.20min.ch\/fr\/story\/affaire-mohammed-al-fayed-ces-jeunes-femmes-etaient-comme-de-la-viande-a-consommer-103514788\">Al-Fayed<\/a> en France, ouverte depuis 2025, dessine les contours d\u2019un syst\u00e8me similaire&nbsp;: s\u00e9lection de jeunes femmes vuln\u00e9rables, isolement, argent comme instrument d\u2019intimidation et de silence. Le sch\u00e9ma ne varie pas selon les latitudes. Il s\u2019adapte aux d\u00e9cors, Djibouti, Auxerre, les yachts de la C\u00f4te d\u2019Azur, mais la grammaire reste la m\u00eame. C\u2019est cette grammaire que Safia Otokor\u00e9 avait identifi\u00e9e depuis son bidonville djiboutien, et que les tribunaux internationaux et les commissions onusiennes continuent de documenter deux d\u00e9cennies plus tard.<\/p>\n<!-- \/wp:paragraph -->\n\n<!-- wp:paragraph -->\n<p>La <a href=\"https:\/\/revueladeferlante.fr\/mieux-comprendre-laffaire-epstein\/\">Revue La D\u00e9ferlante<\/a> a montr\u00e9 comment le brouhaha m\u00e9diatique des grandes affaires rend souvent inaudible la parole des victimes ordinaires, celles qui n\u2019ont ni avocat c\u00e9l\u00e8bre ni documentaire BBC ni forum international. Ce sont pr\u00e9cis\u00e9ment ces femmes-l\u00e0 que ce livre repr\u00e9sente. Non pas les victimes d\u2019\u00e9lites fortun\u00e9es dont les noms circulent, mais les millions de filles pour qui la violence n\u2019a pas de nom parce qu\u2019elle est la norme, la norme de la famille, la norme du quartier, la norme du corps. \u00c0 l\u2019\u00e9chelle africaine, la dynamique est tout aussi parlante. En juillet 2025, Djibouti est devenu le premier \u00c9tat signataire de la <a href=\"https:\/\/www.lanation.dj\/djibouti-ouvre-la-voie-pour-une-afrique-sans-violence-faite-aux-femmes-et-aux-filles\/\">Convention de l\u2019UA sur l\u2019\u00e9limination de la violence \u00e0 l\u2019\u00e9gard des femmes<\/a>. Vingt ans apr\u00e8s la publication de ce livre, le pays natal de Safia Otokor\u00e9 signe un texte dont elle avait, en quelque sorte, \u00e9crit les attendus depuis sa propre chair. Le droit finit parfois par rejoindre le t\u00e9moignage, mais toujours trop lentement.<\/p>\n<!-- \/wp:paragraph -->\n\n<!-- wp:paragraph -->\n<p><strong>Ce que la R\u00e9publique promet et ce qu\u2019elle doit encore tenir<\/strong><\/p>\n<!-- \/wp:paragraph -->\n\n<!-- wp:paragraph -->\n<p>Le livre a une dimension proprement fran\u00e7aise qui m\u00e9rite d\u2019\u00eatre lue sans complaisance et sans la condescendance sym\u00e9trique. Quand Safia arrive en France en 1993, elle entre dans un syst\u00e8me qui lui offre des ressources in\u00e9dites, acc\u00e8s \u00e0 la formation, \u00e0 la vie politique, \u00e0 la citoyennet\u00e9 pleine et enti\u00e8re, et qui, simultan\u00e9ment, lui oppose des r\u00e9sistances que la R\u00e9publique peine \u00e0 nommer parce qu\u2019elles contredisent son r\u00e9cit fondateur. La question de la r\u00e9vocation de son mandat d\u2019adjointe en 2005 reste ouverte&nbsp;: dans quelle mesure les femmes noires en politique sont-elles soumises \u00e0 un <a href=\"https:\/\/fr.wikipedia.org\/wiki\/Double_standard\">double standard<\/a> de comportement&nbsp;? L\u2019\u00e9l\u00e9gance institutionnelle avec laquelle on peut \u00e9carter une \u00e9lue \u00ab&nbsp;difficile&nbsp;\u00bb sans jamais prononcer le mot de race ou de genre n\u2019est pas de la neutralit\u00e9. C\u2019est une forme plus sophistiqu\u00e9e de la m\u00eame logique.<\/p>\n<!-- \/wp:paragraph -->\n\n<!-- wp:paragraph -->\n<p>On pense ici aux travaux de <a href=\"https:\/\/fr.wikipedia.org\/wiki\/Fatou_Diome\">Fatou Diome<\/a>, notamment dans <a href=\"https:\/\/fr.wikipedia.org\/wiki\/Le_Ventre_de_l%27Atlantique\">Le Ventre de l\u2019Atlantique<\/a>, qui avait explor\u00e9 depuis la fiction cette question de la femme africaine confront\u00e9e \u00e0 une France qui promet l\u2019\u00e9galit\u00e9 et dispense la condescendance. Safia l\u2019explore depuis le fait. Elle n\u2019est pas dans la fiction&nbsp;: elle a \u00e9t\u00e9 \u00e9lue, elle a si\u00e9g\u00e9, elle a \u00e9t\u00e9 r\u00e9voqu\u00e9e. Et le fait est que la <a href=\"https:\/\/fr.wikipedia.org\/wiki\/Parit%C3%A9_en_politique_en_France\">parit\u00e9 r\u00e9publicaine<\/a> n\u2019efface pas le regard qui toise une femme noire et musulmane \u00e0 la tribune d\u2019un conseil municipal. L\u2019auteure ne se pose pas en victime syst\u00e9matique, ce serait trop simple et trop commode pour ses adversaires, mais elle ne passe pas ces asp\u00e9rit\u00e9s sous silence non plus, ce qui serait na\u00efvet\u00e9. Elle les signale avec la m\u00eame pr\u00e9cision clinique qu\u2019elle avait appliqu\u00e9e \u00e0 la description de son excision. Dans les deux cas, le geste est le m\u00eame&nbsp;: nommer, exactement.<\/p>\n<!-- \/wp:paragraph -->\n\n<!-- wp:paragraph -->\n<p><strong>L\u2019h\u00e9ro\u00efsme ne devrait pas \u00eatre le prix d\u2019entr\u00e9e dans l\u2019\u00e9galit\u00e9<\/strong><\/p>\n<!-- \/wp:paragraph -->\n\n<!-- wp:paragraph -->\n<p>Il faut terminer sur ce qui est peut-\u00eatre le message le plus subversif de ce livre, celui qu\u2019on n\u2019entend vraiment qu\u2019\u00e0 la derni\u00e8re page, mais qui \u00e9tait l\u00e0 depuis la premi\u00e8re ligne, inscrit dans l\u2019ambigu\u00eft\u00e9 du titre lui-m\u00eame. Safia Otokor\u00e9 ne dit pas qu\u2019il suffit de vouloir pour pouvoir. Elle ne construit pas un roman de la volont\u00e9 individuelle triomphant des structures. Elle dit quelque chose de beaucoup plus d\u00e9rangeant&nbsp;: les syst\u00e8mes d\u2019oppression ne sont pas absolument \u00e9tanches. Ils comportent des failles, des interstices, des contradictions internes que des femmes d\u00e9termin\u00e9es et lucides peuvent exploiter. Mais ces femmes ne devraient pas avoir \u00e0 \u00eatre h\u00e9ro\u00efques pour m\u00e9riter une vie digne. <strong>L\u2019h\u00e9ro\u00efsme ne devrait pas \u00eatre le prix d\u2019entr\u00e9e dans l\u2019\u00e9galit\u00e9&nbsp;!<\/strong><\/p>\n<!-- \/wp:paragraph -->\n\n<!-- wp:paragraph -->\n<p>C\u2019est en cela que ce texte d\u00e9passe l\u2019autobiographie pour devenir politique, non parce que l\u2019auteure a eu une carri\u00e8re politique, mais parce qu\u2019il pose, avec la force du vrai, la question \u00e0 laquelle aucune politique de genre et d\u2019inclusion ne peut faire l\u2019\u00e9conomie de r\u00e9pondre&nbsp;: combien de Safia n\u2019ont pas eu la bourse, le professeur, la responsable d\u2019ONG pour irriguer la source de leur d\u00e9termination&nbsp;? Et quel est le co\u00fbt collectif de ce g\u00e2chis syst\u00e9mique de potentiels&nbsp;? Cette question, pour un lecteur form\u00e9 \u00e0 l\u2019analyse de genre, est vertigineuse. Pour un d\u00e9cideur public, elle devrait \u00eatre urgente. Pour un lecteur ordinaire, elle est simplement n\u00e9cessaire. C\u2019est la marque des livres qui durent&nbsp;: ils r\u00e9pondent \u00e0 leur \u00e9poque en posant des questions que l\u2019\u00e9poque n\u2019avait pas encore formul\u00e9es. Safia l\u2019a fait&nbsp;!<\/p>\n<!-- \/wp:paragraph -->\n\n<!-- wp:paragraph -->\n<p><strong>Baltazar ATANGANA<\/strong><\/p>\n<!-- \/wp:paragraph -->\n\n<!-- wp:paragraph -->\n<p>Expert en genre\/ inclusion, d\u00e9veloppement et critique litt\u00e9raire<\/p>\n<!-- \/wp:paragraph -->\n\n<!-- wp:paragraph -->\n<p><a href=\"mailto:noahatango@yahoo.ca\">noahatango@yahoo.ca<\/a><\/p>\n<!-- \/wp:paragraph -->\t\t\t\t\t<\/div>\n\t\t\t\t\t\t<\/div>\n\t\t\t\t<\/div>\n\t\t\t\t\t\t<\/div>\n\t\t\t\t\t<\/div>\n\t\t<\/div>\n\t\t\t\t\t\t\t\t<\/div>\n\t\t\t\t\t<\/div>\n\t\t<\/section>\n\t\t\t\t\t\t<\/div>\n\t\t\t\t\t\t<\/div>\n\t\t\t\t\t<\/div>\n\t\t","protected":false},"excerpt":{"rendered":"<p>Safia, un conte de f\u00e9es r\u00e9publicain, co-\u00e9crit par Safia Otokor\u00e9 et la journaliste Pauline Gu\u00e9na, a paru chez Robert Laffont en 2005, avant d\u2019\u00eatre r\u00e9\u00e9dit\u00e9 en poche chez J\u2019ai Lu en 2006. N\u00e9 dans un bidonville de Djibouti, excis\u00e9 et infibul\u00e9 \u00e0 sept ans, le corps de Safia Ibrahim est d\u2019abord un territoire conquis. Ce qu\u2019elle en fera \u2014 championne d\u2019athl\u00e9tisme, \u00e9lue locale, militante \u2014 est la mati\u00e8re d\u2019un r\u00e9cit qui refuse \u00e0 la fois le roman de la volont\u00e9 triomphante et la complainte victimaire. Dans un paysage \u00e9ditorial qui parle souvent sur les femmes du Sud plut\u00f4t que de les laisser parler, ce livre tient \u00e0 la fois du t\u00e9moignage intime, du plaidoyer politique et d\u2019un document analytique d\u2019une actualit\u00e9 br\u00fblante. Sa publication co\u00efncide avec la Journ\u00e9e internationale des droits de la femme du 8 mars, dont l\u2019\u00e9dition 2026 rappelle que les violences faites aux filles et aux femmes demeurent un fait mondial, persistant et structurel. Ce que Safia avait nomm\u00e9 depuis son bidonville djiboutien, les commissions onusiennes et les tribunaux continuent de le documenter.<\/p>\n","protected":false},"author":1,"featured_media":12612,"comment_status":"open","ping_status":"closed","sticky":true,"template":"","format":"standard","meta":[],"categories":[10],"tags":[],"yoast_head":"<!-- This site is optimized with the Yoast SEO plugin v19.0 - https:\/\/yoast.com\/wordpress\/plugins\/seo\/ -->\n<title>Safia, un conte de f\u00e9es r\u00e9publicain de Safia Otokor\u00e9 : Ce que le couteau n\u2019a pas pu taire ! - Biscottes Litt\u00e9raires<\/title>\n<meta name=\"robots\" content=\"index, follow, max-snippet:-1, max-image-preview:large, max-video-preview:-1\" \/>\n<link rel=\"canonical\" href=\"https:\/\/biscotteslitteraires.com\/2021\/safia-un-conte-de-fees-republicain-de-safia-otokore-ce-que-le-couteau-na-pas-pu-taire\/\" \/>\n<meta property=\"og:locale\" content=\"fr_FR\" \/>\n<meta property=\"og:type\" content=\"article\" \/>\n<meta property=\"og:title\" content=\"Safia, un conte de f\u00e9es r\u00e9publicain de Safia Otokor\u00e9 : Ce que le couteau n\u2019a pas pu taire ! - Biscottes Litt\u00e9raires\" \/>\n<meta property=\"og:description\" content=\"Safia, un conte de f\u00e9es r\u00e9publicain, co-\u00e9crit par Safia Otokor\u00e9 et la journaliste Pauline Gu\u00e9na, a paru chez Robert Laffont en 2005, avant d\u2019\u00eatre r\u00e9\u00e9dit\u00e9 en poche chez J\u2019ai Lu en 2006. N\u00e9 dans un bidonville de Djibouti, excis\u00e9 et infibul\u00e9 \u00e0 sept ans, le corps de Safia Ibrahim est d\u2019abord un territoire conquis. Ce qu\u2019elle en fera \u2014 championne d\u2019athl\u00e9tisme, \u00e9lue locale, militante \u2014 est la mati\u00e8re d\u2019un r\u00e9cit qui refuse \u00e0 la fois le roman de la volont\u00e9 triomphante et la complainte victimaire. Dans un paysage \u00e9ditorial qui parle souvent sur les femmes du Sud plut\u00f4t que de les laisser parler, ce livre tient \u00e0 la fois du t\u00e9moignage intime, du plaidoyer politique et d\u2019un document analytique d\u2019une actualit\u00e9 br\u00fblante. Sa publication co\u00efncide avec la Journ\u00e9e internationale des droits de la femme du 8 mars, dont l\u2019\u00e9dition 2026 rappelle que les violences faites aux filles et aux femmes demeurent un fait mondial, persistant et structurel. Ce que Safia avait nomm\u00e9 depuis son bidonville djiboutien, les commissions onusiennes et les tribunaux continuent de le documenter.\" \/>\n<meta property=\"og:url\" content=\"https:\/\/biscotteslitteraires.com\/2021\/safia-un-conte-de-fees-republicain-de-safia-otokore-ce-que-le-couteau-na-pas-pu-taire\/\" \/>\n<meta property=\"og:site_name\" content=\"Biscottes Litt\u00e9raires\" \/>\n<meta property=\"article:publisher\" content=\"https:\/\/facebook.com\/biscotteslitterairesbenin\" \/>\n<meta property=\"article:published_time\" content=\"2026-03-08T23:27:24+00:00\" \/>\n<meta property=\"article:modified_time\" content=\"2026-03-08T23:28:17+00:00\" \/>\n<meta property=\"og:image\" content=\"https:\/\/biscotteslitteraires.com\/2021\/wp-content\/uploads\/2026\/03\/Screenshot_20260228-120712.jpg\" \/>\n\t<meta property=\"og:image:width\" content=\"715\" \/>\n\t<meta property=\"og:image:height\" content=\"1051\" \/>\n\t<meta property=\"og:image:type\" content=\"image\/jpeg\" \/>\n<meta name=\"twitter:card\" content=\"summary\" \/>\n<meta name=\"twitter:label1\" content=\"\u00c9crit par\" \/>\n\t<meta name=\"twitter:data1\" content=\"biscotteslitteraires\" \/>\n\t<meta name=\"twitter:label2\" content=\"Dur\u00e9e de lecture estim\u00e9e\" \/>\n\t<meta name=\"twitter:data2\" content=\"19 minutes\" \/>\n<script type=\"application\/ld+json\" class=\"yoast-schema-graph\">{\"@context\":\"https:\/\/schema.org\",\"@graph\":[{\"@type\":\"Organization\",\"@id\":\"https:\/\/biscotteslitteraires.com\/2021\/#organization\",\"name\":\"Biscottes Litt\u00e9raires\",\"url\":\"https:\/\/biscotteslitteraires.com\/2021\/\",\"sameAs\":[\"https:\/\/facebook.com\/biscotteslitterairesbenin\"],\"logo\":{\"@type\":\"ImageObject\",\"inLanguage\":\"fr-FR\",\"@id\":\"https:\/\/biscotteslitteraires.com\/2021\/#\/schema\/logo\/image\/\",\"url\":\"https:\/\/biscotteslitteraires.com\/2021\/wp-content\/uploads\/2018\/11\/cropped-LOGO-BL-e1630101307137.jpg\",\"contentUrl\":\"https:\/\/biscotteslitteraires.com\/2021\/wp-content\/uploads\/2018\/11\/cropped-LOGO-BL-e1630101307137.jpg\",\"width\":960,\"height\":960,\"caption\":\"Biscottes Litt\u00e9raires\"},\"image\":{\"@id\":\"https:\/\/biscotteslitteraires.com\/2021\/#\/schema\/logo\/image\/\"}},{\"@type\":\"WebSite\",\"@id\":\"https:\/\/biscotteslitteraires.com\/2021\/#website\",\"url\":\"https:\/\/biscotteslitteraires.com\/2021\/\",\"name\":\"Biscottes Litt\u00e9raires\",\"description\":\"Ici nous voyagerons dans les lignes, explorerons les interlignes.\",\"publisher\":{\"@id\":\"https:\/\/biscotteslitteraires.com\/2021\/#organization\"},\"potentialAction\":[{\"@type\":\"SearchAction\",\"target\":{\"@type\":\"EntryPoint\",\"urlTemplate\":\"https:\/\/biscotteslitteraires.com\/2021\/?s={search_term_string}\"},\"query-input\":\"required name=search_term_string\"}],\"inLanguage\":\"fr-FR\"},{\"@type\":\"ImageObject\",\"inLanguage\":\"fr-FR\",\"@id\":\"https:\/\/biscotteslitteraires.com\/2021\/safia-un-conte-de-fees-republicain-de-safia-otokore-ce-que-le-couteau-na-pas-pu-taire\/#primaryimage\",\"url\":\"https:\/\/biscotteslitteraires.com\/2021\/wp-content\/uploads\/2026\/03\/Screenshot_20260228-120712.jpg\",\"contentUrl\":\"https:\/\/biscotteslitteraires.com\/2021\/wp-content\/uploads\/2026\/03\/Screenshot_20260228-120712.jpg\",\"width\":715,\"height\":1051},{\"@type\":\"WebPage\",\"@id\":\"https:\/\/biscotteslitteraires.com\/2021\/safia-un-conte-de-fees-republicain-de-safia-otokore-ce-que-le-couteau-na-pas-pu-taire\/#webpage\",\"url\":\"https:\/\/biscotteslitteraires.com\/2021\/safia-un-conte-de-fees-republicain-de-safia-otokore-ce-que-le-couteau-na-pas-pu-taire\/\",\"name\":\"Safia, un conte de f\u00e9es r\u00e9publicain de Safia Otokor\u00e9 : Ce que le couteau n\u2019a pas pu taire ! - Biscottes Litt\u00e9raires\",\"isPartOf\":{\"@id\":\"https:\/\/biscotteslitteraires.com\/2021\/#website\"},\"primaryImageOfPage\":{\"@id\":\"https:\/\/biscotteslitteraires.com\/2021\/safia-un-conte-de-fees-republicain-de-safia-otokore-ce-que-le-couteau-na-pas-pu-taire\/#primaryimage\"},\"datePublished\":\"2026-03-08T23:27:24+00:00\",\"dateModified\":\"2026-03-08T23:28:17+00:00\",\"breadcrumb\":{\"@id\":\"https:\/\/biscotteslitteraires.com\/2021\/safia-un-conte-de-fees-republicain-de-safia-otokore-ce-que-le-couteau-na-pas-pu-taire\/#breadcrumb\"},\"inLanguage\":\"fr-FR\",\"potentialAction\":[{\"@type\":\"ReadAction\",\"target\":[\"https:\/\/biscotteslitteraires.com\/2021\/safia-un-conte-de-fees-republicain-de-safia-otokore-ce-que-le-couteau-na-pas-pu-taire\/\"]}]},{\"@type\":\"BreadcrumbList\",\"@id\":\"https:\/\/biscotteslitteraires.com\/2021\/safia-un-conte-de-fees-republicain-de-safia-otokore-ce-que-le-couteau-na-pas-pu-taire\/#breadcrumb\",\"itemListElement\":[{\"@type\":\"ListItem\",\"position\":1,\"name\":\"Accueil\",\"item\":\"https:\/\/biscotteslitteraires.com\/2021\/\"},{\"@type\":\"ListItem\",\"position\":2,\"name\":\"Safia, un conte de f\u00e9es r\u00e9publicain de Safia Otokor\u00e9 : Ce que le couteau n\u2019a pas pu taire !\"}]},{\"@type\":\"Article\",\"@id\":\"https:\/\/biscotteslitteraires.com\/2021\/safia-un-conte-de-fees-republicain-de-safia-otokore-ce-que-le-couteau-na-pas-pu-taire\/#article\",\"isPartOf\":{\"@id\":\"https:\/\/biscotteslitteraires.com\/2021\/safia-un-conte-de-fees-republicain-de-safia-otokore-ce-que-le-couteau-na-pas-pu-taire\/#webpage\"},\"author\":{\"@id\":\"https:\/\/biscotteslitteraires.com\/2021\/#\/schema\/person\/a7786cb98c76c568669b36d299731946\"},\"headline\":\"Safia, un conte de f\u00e9es r\u00e9publicain de Safia Otokor\u00e9 : Ce que le couteau n\u2019a pas pu taire !\",\"datePublished\":\"2026-03-08T23:27:24+00:00\",\"dateModified\":\"2026-03-08T23:28:17+00:00\",\"mainEntityOfPage\":{\"@id\":\"https:\/\/biscotteslitteraires.com\/2021\/safia-un-conte-de-fees-republicain-de-safia-otokore-ce-que-le-couteau-na-pas-pu-taire\/#webpage\"},\"wordCount\":4041,\"commentCount\":0,\"publisher\":{\"@id\":\"https:\/\/biscotteslitteraires.com\/2021\/#organization\"},\"image\":{\"@id\":\"https:\/\/biscotteslitteraires.com\/2021\/safia-un-conte-de-fees-republicain-de-safia-otokore-ce-que-le-couteau-na-pas-pu-taire\/#primaryimage\"},\"thumbnailUrl\":\"https:\/\/biscotteslitteraires.com\/2021\/wp-content\/uploads\/2026\/03\/Screenshot_20260228-120712.jpg\",\"articleSection\":[\"lupourvous\"],\"inLanguage\":\"fr-FR\",\"potentialAction\":[{\"@type\":\"CommentAction\",\"name\":\"Comment\",\"target\":[\"https:\/\/biscotteslitteraires.com\/2021\/safia-un-conte-de-fees-republicain-de-safia-otokore-ce-que-le-couteau-na-pas-pu-taire\/#respond\"]}]},{\"@type\":\"Person\",\"@id\":\"https:\/\/biscotteslitteraires.com\/2021\/#\/schema\/person\/a7786cb98c76c568669b36d299731946\",\"name\":\"biscotteslitteraires\",\"image\":{\"@type\":\"ImageObject\",\"inLanguage\":\"fr-FR\",\"@id\":\"https:\/\/biscotteslitteraires.com\/2021\/#\/schema\/person\/image\/\",\"url\":\"https:\/\/secure.gravatar.com\/avatar\/94320ea752b93453cb48b1b2d71ada12?s=96&d=mm&r=g\",\"contentUrl\":\"https:\/\/secure.gravatar.com\/avatar\/94320ea752b93453cb48b1b2d71ada12?s=96&d=mm&r=g\",\"caption\":\"biscotteslitteraires\"},\"url\":\"https:\/\/biscotteslitteraires.com\/2021\/author\/admin\/\"}]}<\/script>\n<!-- \/ Yoast SEO plugin. -->","yoast_head_json":{"title":"Safia, un conte de f\u00e9es r\u00e9publicain de Safia Otokor\u00e9 : Ce que le couteau n\u2019a pas pu taire ! - Biscottes Litt\u00e9raires","robots":{"index":"index","follow":"follow","max-snippet":"max-snippet:-1","max-image-preview":"max-image-preview:large","max-video-preview":"max-video-preview:-1"},"canonical":"https:\/\/biscotteslitteraires.com\/2021\/safia-un-conte-de-fees-republicain-de-safia-otokore-ce-que-le-couteau-na-pas-pu-taire\/","og_locale":"fr_FR","og_type":"article","og_title":"Safia, un conte de f\u00e9es r\u00e9publicain de Safia Otokor\u00e9 : Ce que le couteau n\u2019a pas pu taire ! - Biscottes Litt\u00e9raires","og_description":"Safia, un conte de f\u00e9es r\u00e9publicain, co-\u00e9crit par Safia Otokor\u00e9 et la journaliste Pauline Gu\u00e9na, a paru chez Robert Laffont en 2005, avant d\u2019\u00eatre r\u00e9\u00e9dit\u00e9 en poche chez J\u2019ai Lu en 2006. N\u00e9 dans un bidonville de Djibouti, excis\u00e9 et infibul\u00e9 \u00e0 sept ans, le corps de Safia Ibrahim est d\u2019abord un territoire conquis. Ce qu\u2019elle en fera \u2014 championne d\u2019athl\u00e9tisme, \u00e9lue locale, militante \u2014 est la mati\u00e8re d\u2019un r\u00e9cit qui refuse \u00e0 la fois le roman de la volont\u00e9 triomphante et la complainte victimaire. Dans un paysage \u00e9ditorial qui parle souvent sur les femmes du Sud plut\u00f4t que de les laisser parler, ce livre tient \u00e0 la fois du t\u00e9moignage intime, du plaidoyer politique et d\u2019un document analytique d\u2019une actualit\u00e9 br\u00fblante. Sa publication co\u00efncide avec la Journ\u00e9e internationale des droits de la femme du 8 mars, dont l\u2019\u00e9dition 2026 rappelle que les violences faites aux filles et aux femmes demeurent un fait mondial, persistant et structurel. Ce que Safia avait nomm\u00e9 depuis son bidonville djiboutien, les commissions onusiennes et les tribunaux continuent de le documenter.","og_url":"https:\/\/biscotteslitteraires.com\/2021\/safia-un-conte-de-fees-republicain-de-safia-otokore-ce-que-le-couteau-na-pas-pu-taire\/","og_site_name":"Biscottes Litt\u00e9raires","article_publisher":"https:\/\/facebook.com\/biscotteslitterairesbenin","article_published_time":"2026-03-08T23:27:24+00:00","article_modified_time":"2026-03-08T23:28:17+00:00","og_image":[{"width":715,"height":1051,"url":"https:\/\/biscotteslitteraires.com\/2021\/wp-content\/uploads\/2026\/03\/Screenshot_20260228-120712.jpg","type":"image\/jpeg"}],"twitter_card":"summary","twitter_misc":{"\u00c9crit par":"biscotteslitteraires","Dur\u00e9e de lecture estim\u00e9e":"19 minutes"},"schema":{"@context":"https:\/\/schema.org","@graph":[{"@type":"Organization","@id":"https:\/\/biscotteslitteraires.com\/2021\/#organization","name":"Biscottes Litt\u00e9raires","url":"https:\/\/biscotteslitteraires.com\/2021\/","sameAs":["https:\/\/facebook.com\/biscotteslitterairesbenin"],"logo":{"@type":"ImageObject","inLanguage":"fr-FR","@id":"https:\/\/biscotteslitteraires.com\/2021\/#\/schema\/logo\/image\/","url":"https:\/\/biscotteslitteraires.com\/2021\/wp-content\/uploads\/2018\/11\/cropped-LOGO-BL-e1630101307137.jpg","contentUrl":"https:\/\/biscotteslitteraires.com\/2021\/wp-content\/uploads\/2018\/11\/cropped-LOGO-BL-e1630101307137.jpg","width":960,"height":960,"caption":"Biscottes Litt\u00e9raires"},"image":{"@id":"https:\/\/biscotteslitteraires.com\/2021\/#\/schema\/logo\/image\/"}},{"@type":"WebSite","@id":"https:\/\/biscotteslitteraires.com\/2021\/#website","url":"https:\/\/biscotteslitteraires.com\/2021\/","name":"Biscottes Litt\u00e9raires","description":"Ici nous voyagerons dans les lignes, explorerons les interlignes.","publisher":{"@id":"https:\/\/biscotteslitteraires.com\/2021\/#organization"},"potentialAction":[{"@type":"SearchAction","target":{"@type":"EntryPoint","urlTemplate":"https:\/\/biscotteslitteraires.com\/2021\/?s={search_term_string}"},"query-input":"required name=search_term_string"}],"inLanguage":"fr-FR"},{"@type":"ImageObject","inLanguage":"fr-FR","@id":"https:\/\/biscotteslitteraires.com\/2021\/safia-un-conte-de-fees-republicain-de-safia-otokore-ce-que-le-couteau-na-pas-pu-taire\/#primaryimage","url":"https:\/\/biscotteslitteraires.com\/2021\/wp-content\/uploads\/2026\/03\/Screenshot_20260228-120712.jpg","contentUrl":"https:\/\/biscotteslitteraires.com\/2021\/wp-content\/uploads\/2026\/03\/Screenshot_20260228-120712.jpg","width":715,"height":1051},{"@type":"WebPage","@id":"https:\/\/biscotteslitteraires.com\/2021\/safia-un-conte-de-fees-republicain-de-safia-otokore-ce-que-le-couteau-na-pas-pu-taire\/#webpage","url":"https:\/\/biscotteslitteraires.com\/2021\/safia-un-conte-de-fees-republicain-de-safia-otokore-ce-que-le-couteau-na-pas-pu-taire\/","name":"Safia, un conte de f\u00e9es r\u00e9publicain de Safia Otokor\u00e9 : Ce que le couteau n\u2019a pas pu taire ! - Biscottes Litt\u00e9raires","isPartOf":{"@id":"https:\/\/biscotteslitteraires.com\/2021\/#website"},"primaryImageOfPage":{"@id":"https:\/\/biscotteslitteraires.com\/2021\/safia-un-conte-de-fees-republicain-de-safia-otokore-ce-que-le-couteau-na-pas-pu-taire\/#primaryimage"},"datePublished":"2026-03-08T23:27:24+00:00","dateModified":"2026-03-08T23:28:17+00:00","breadcrumb":{"@id":"https:\/\/biscotteslitteraires.com\/2021\/safia-un-conte-de-fees-republicain-de-safia-otokore-ce-que-le-couteau-na-pas-pu-taire\/#breadcrumb"},"inLanguage":"fr-FR","potentialAction":[{"@type":"ReadAction","target":["https:\/\/biscotteslitteraires.com\/2021\/safia-un-conte-de-fees-republicain-de-safia-otokore-ce-que-le-couteau-na-pas-pu-taire\/"]}]},{"@type":"BreadcrumbList","@id":"https:\/\/biscotteslitteraires.com\/2021\/safia-un-conte-de-fees-republicain-de-safia-otokore-ce-que-le-couteau-na-pas-pu-taire\/#breadcrumb","itemListElement":[{"@type":"ListItem","position":1,"name":"Accueil","item":"https:\/\/biscotteslitteraires.com\/2021\/"},{"@type":"ListItem","position":2,"name":"Safia, un conte de f\u00e9es r\u00e9publicain de Safia Otokor\u00e9 : Ce que le couteau n\u2019a pas pu taire !"}]},{"@type":"Article","@id":"https:\/\/biscotteslitteraires.com\/2021\/safia-un-conte-de-fees-republicain-de-safia-otokore-ce-que-le-couteau-na-pas-pu-taire\/#article","isPartOf":{"@id":"https:\/\/biscotteslitteraires.com\/2021\/safia-un-conte-de-fees-republicain-de-safia-otokore-ce-que-le-couteau-na-pas-pu-taire\/#webpage"},"author":{"@id":"https:\/\/biscotteslitteraires.com\/2021\/#\/schema\/person\/a7786cb98c76c568669b36d299731946"},"headline":"Safia, un conte de f\u00e9es r\u00e9publicain de Safia Otokor\u00e9 : Ce que le couteau n\u2019a pas pu taire !","datePublished":"2026-03-08T23:27:24+00:00","dateModified":"2026-03-08T23:28:17+00:00","mainEntityOfPage":{"@id":"https:\/\/biscotteslitteraires.com\/2021\/safia-un-conte-de-fees-republicain-de-safia-otokore-ce-que-le-couteau-na-pas-pu-taire\/#webpage"},"wordCount":4041,"commentCount":0,"publisher":{"@id":"https:\/\/biscotteslitteraires.com\/2021\/#organization"},"image":{"@id":"https:\/\/biscotteslitteraires.com\/2021\/safia-un-conte-de-fees-republicain-de-safia-otokore-ce-que-le-couteau-na-pas-pu-taire\/#primaryimage"},"thumbnailUrl":"https:\/\/biscotteslitteraires.com\/2021\/wp-content\/uploads\/2026\/03\/Screenshot_20260228-120712.jpg","articleSection":["lupourvous"],"inLanguage":"fr-FR","potentialAction":[{"@type":"CommentAction","name":"Comment","target":["https:\/\/biscotteslitteraires.com\/2021\/safia-un-conte-de-fees-republicain-de-safia-otokore-ce-que-le-couteau-na-pas-pu-taire\/#respond"]}]},{"@type":"Person","@id":"https:\/\/biscotteslitteraires.com\/2021\/#\/schema\/person\/a7786cb98c76c568669b36d299731946","name":"biscotteslitteraires","image":{"@type":"ImageObject","inLanguage":"fr-FR","@id":"https:\/\/biscotteslitteraires.com\/2021\/#\/schema\/person\/image\/","url":"https:\/\/secure.gravatar.com\/avatar\/94320ea752b93453cb48b1b2d71ada12?s=96&d=mm&r=g","contentUrl":"https:\/\/secure.gravatar.com\/avatar\/94320ea752b93453cb48b1b2d71ada12?s=96&d=mm&r=g","caption":"biscotteslitteraires"},"url":"https:\/\/biscotteslitteraires.com\/2021\/author\/admin\/"}]}},"_links":{"self":[{"href":"https:\/\/biscotteslitteraires.com\/2021\/wp-json\/wp\/v2\/posts\/12611"}],"collection":[{"href":"https:\/\/biscotteslitteraires.com\/2021\/wp-json\/wp\/v2\/posts"}],"about":[{"href":"https:\/\/biscotteslitteraires.com\/2021\/wp-json\/wp\/v2\/types\/post"}],"author":[{"embeddable":true,"href":"https:\/\/biscotteslitteraires.com\/2021\/wp-json\/wp\/v2\/users\/1"}],"replies":[{"embeddable":true,"href":"https:\/\/biscotteslitteraires.com\/2021\/wp-json\/wp\/v2\/comments?post=12611"}],"version-history":[{"count":4,"href":"https:\/\/biscotteslitteraires.com\/2021\/wp-json\/wp\/v2\/posts\/12611\/revisions"}],"predecessor-version":[{"id":12618,"href":"https:\/\/biscotteslitteraires.com\/2021\/wp-json\/wp\/v2\/posts\/12611\/revisions\/12618"}],"wp:featuredmedia":[{"embeddable":true,"href":"https:\/\/biscotteslitteraires.com\/2021\/wp-json\/wp\/v2\/media\/12612"}],"wp:attachment":[{"href":"https:\/\/biscotteslitteraires.com\/2021\/wp-json\/wp\/v2\/media?parent=12611"}],"wp:term":[{"taxonomy":"category","embeddable":true,"href":"https:\/\/biscotteslitteraires.com\/2021\/wp-json\/wp\/v2\/categories?post=12611"},{"taxonomy":"post_tag","embeddable":true,"href":"https:\/\/biscotteslitteraires.com\/2021\/wp-json\/wp\/v2\/tags?post=12611"}],"curies":[{"name":"wp","href":"https:\/\/api.w.org\/{rel}","templated":true}]}}