{"id":1452,"date":"2017-12-05T08:40:59","date_gmt":"2017-12-05T08:40:59","guid":{"rendered":"http:\/\/biscotteslitteraires.com\/2021\/?p=1452"},"modified":"2017-12-05T08:42:18","modified_gmt":"2017-12-05T08:42:18","slug":"1452-2","status":"publish","type":"post","link":"https:\/\/biscotteslitteraires.com\/2021\/1452-2\/","title":{"rendered":"\u00ab\u00a0La Marmite de Koka-Mbala\u00a0\u00bb, suivie de \u00ab\u00a0L\u2019Oracle\u00a0\u00bb, Guy MENGA"},"content":{"rendered":"<p><img loading=\"lazy\" class=\"size-full wp-image-1453 alignleft\" src=\"http:\/\/biscotteslitteraires.com\/2021\/wp-content\/uploads\/2017\/12\/mbala.jpg\" alt=\"\" width=\"310\" height=\"163\" srcset=\"https:\/\/biscotteslitteraires.com\/2021\/wp-content\/uploads\/2017\/12\/mbala.jpg 310w, https:\/\/biscotteslitteraires.com\/2021\/wp-content\/uploads\/2017\/12\/mbala-300x158.jpg 300w\" sizes=\"(max-width: 310px) 100vw, 310px\" \/><\/p>\n<p>L\u2019ignorance est une drogue dangereuse qui nuit gravement \u00e0 la clart\u00e9 de l\u2019esprit. Et si s&rsquo;orienter c&rsquo;est retrouver l&rsquo;un des quatre points cardinaux, aller de l&rsquo;avant dans le monde de ce temps, cela n\u00e9cessite que l&rsquo;on sache d&rsquo;o\u00f9 l&rsquo;on vient et que l&rsquo;on ait la ma\u00eetrise de son pass\u00e9, des lois et coutumes de sa tradition. On le sait, dura lex, sed lex, la loi est dure, mais c&rsquo;est la loi. Mains quand c&rsquo;est trop dur, ce n&rsquo;est certainement plus la loi, entendu comme normes visant l&rsquo;\u00e9panouissement des citoyens. On le sait aussi, les ruses ne l&#8217;emportent pas toujours sur la v\u00e9rit\u00e9. Guy Menga plante ici un d\u00e9cor pittoresque o\u00f9 il met en sc\u00e8ne les couches juv\u00e9nile et s\u00e9nile. Dans \u00ab\u00a0<em><strong>La Marmite de Koka-Mbala<\/strong><\/em>\u00ab\u00a0,\u00a0suivie de \u00ab\u00a0<strong><em>L\u2019Oracle<\/em><\/strong>\u00ab\u00a0, l&rsquo;auteur peint un tableau de la p\u00e9riode post-coloniale. Nous irons ensemble \u00e0 la d\u00e9couverte de cette oeuvre\u00a0en jetant un regard sur la biobibliographie de l&rsquo;auteur d&rsquo;une part, et d&rsquo;autre part en consid\u00e9rant le contenu pour en \u00e9tudier la th\u00e9matique et les personnages.<\/p>\n<ul>\n<li><u>Pr\u00e9sentation<\/u><\/li>\n<\/ul>\n<p><em><u>La Marmite de Koka-Mbala <\/u><\/em><u>suivie de<em> l\u2019Oracle<\/em><\/u>. Ces deux pi\u00e8ces th\u00e9\u00e2trales sont toutes du M\u00eame auteur appel\u00e9 Guy Menga. Publi\u00e9e aux \u00e9ditions CLE de Yaound\u00e9 (Cameroun) en 2001, l\u2019\u0153uvre que nous avons lue comporte 96 pages.<\/p>\n<ul>\n<li><u>Biobibliographie<\/u><\/li>\n<\/ul>\n<p>De son vrai nom Gaston Guy Bikouta Menga, Guy Menga (son nom de plume) est n\u00e9 en 1935 et est originaire de Man-kon-nongo, un village situ\u00e9 au bord de la rivi\u00e8re Foulaki, dans la r\u00e9gion sud de la R\u00e9publique Populaire du Congo.<\/p>\n<p>Enseignant d\u2019abord,\u00a0il devient rapidement journaliste et il est un certain temps directeur des programmes \u00e0 la Radio diffusion et T\u00e9l\u00e9vision congolaise. Il a aussi dirig\u00e9 la section africaine de Radio France internationale en 1990 et il fut ministre dans le gouvernement d\u2019Andr\u00e9 Milon-Go de Juin 1991 \u00e0 Janvier 1992.<\/p>\n<p>&nbsp;<\/p>\n<p>Son roman \u00abLa Palabre St\u00e9rile\u00a0\u00bb lui a valu en 1969 le Grand Prix litt\u00e9raire d\u2019Afrique noire. Outre ce roman, il est aussi l\u2019auteur d\u2019autres \u0153uvres comme\u00a0:<\/p>\n<ul>\n<li>Les Aventures de Moni-Mambou<\/li>\n<li>Les indiscr\u00e9tions du Vagabond<\/li>\n<li>La Marmite de Koka-Mbala suivie de l\u2019Oracle.<\/li>\n<\/ul>\n<p>&nbsp;<\/p>\n<ul>\n<li><u>Probl\u00e9matique de l\u2019\u0153uvre<\/u><\/li>\n<\/ul>\n<p>Cette derni\u00e8re \u0153uvre qui fait l\u2019objet de cet expos\u00e9 pose le v\u00e9ritable probl\u00e8me des ann\u00e9es post-coloniales qu\u2019est le conflit des g\u00e9n\u00e9rations. Quand la modernit\u00e9 emporte la jeunesse dans les m\u00e9andres du progressisme, la vieillesse s\u2019interpose et se porte conservatiste de la tradition et ses valeurs. L\u2019\u0153uvre fait donc ressortir le choc entre modernit\u00e9 et tradition, Jeunesse et Vieillesse.<\/p>\n<ul>\n<li><u>R\u00e9sum\u00e9<\/u><\/li>\n<li>&#8211; La 1<sup>\u00e8re<\/sup> pi\u00e8ce th\u00e9\u00e2trale intitul\u00e9e <em><u>la Marmite de Koka-Mbala <\/u><\/em>nous am\u00e8ne dans une cit\u00e9e appel\u00e9e Koka-Mbala o\u00f9 les lois \u00e9taient impitoyables et les juges inflexibles. Certaines lois cruelles frappaient de la peine de mort une jeunesse qui aspirait \u00e0 un mieux-\u00eatre. Malheureusement, durant le r\u00e8gne du roi Bitsamou, les choses s\u2019empir\u00e8rent parce que les juges devenaient extravagamment rigoureux et rigoristes, sans indulgence. Cet \u00e9tat de chose prenait un grand \u00e9lan gr\u00e2ce \u00e0 la marmite \u00e0 esprits invent\u00e9e par Bobolo, le premier conseiller du roi et en m\u00eame temps le Grand f\u00e9ticheur du royaume. Cette marmite \u00e9tait destin\u00e9e \u00e0 faire peur \u00e0 ceux qui h\u00e9sitaient \u00e0 prononcer la condamnation \u00e0 mort de tout jeune surpris en flagrant d\u00e9lits. Cette suspicion nourrissait la crainte dans tous les c\u0153urs et faisait grandement le malheur de la jeunesse qui enfin se r\u00e9voltera contre les traditions pass\u00e9istes pour briser la marmite et ses mythes.<\/li>\n<\/ul>\n<p>&nbsp;<\/p>\n<ul>\n<li>Dans <em><u>l\u2019Oracle<\/u><\/em>, la seconde pi\u00e8ce de th\u00e9\u00e2tre, Guy Menga aborde la m\u00eame probl\u00e9matique de conflit de g\u00e9n\u00e9rations \u00e0 travers le mariage forc\u00e9. En effet, un vieux paysan du nom de Biyoki, face \u00e0 la somme et aux richesses propos\u00e9es par son ami Wamba, il veut retirer sa fille fra\u00eechement adolescente de l\u2019\u00e9cole pour la donner en mariage au neveu de cet ami. Alors que la fille r\u00e9clame un peu de temps pour finir ses \u00e9tudes en vue de devenir infirmi\u00e8re, son p\u00e8re l\u2019assomme d\u2019irrespect et de banaliser la tradition. Heureusement, vieux et rus\u00e9, le grand-p\u00e8re de la fille trouvera des astuces pour tourner dos aux cruaut\u00e9s de cette tradition. Ce mariage n\u2019aura pas lieu.<\/li>\n<\/ul>\n<p>&nbsp;<\/p>\n<ul>\n<li><u>Personnages<\/u><\/li>\n<\/ul>\n<p>Dans la pi\u00e8ce \u00ab\u00a0<em><u>La Marmite de Koka-Mbala<\/u><\/em>\u00a0\u00bb, nous avons :<\/p>\n<p>&#8211; <strong><u>Bitsamou<\/u><\/strong>\u00a0: qui est le roi de Koka-Mbala. C\u2019est lui qui mettra fin aux injustices des vieillards rus\u00e9s et corrigera les mauvais penchants de la tradition.<\/p>\n<p>&#8211; <strong><u>Lemba<\/u><\/strong>, la reine, elle est le second personnage principal qui soutiendra son mari le roi \u00e0 prendre ses d\u00e9cisions.<\/p>\n<p>Nous d\u00e9nombrons aussi\u00a0Bobolo, Bitala, les Notables, les Gardes, la Veuve, le Danseur, des jeunes et la Marmite elle-m\u00eame.<\/p>\n<p>Au nombre des personnages ayant anim\u00e9 la pi\u00e8ce <em><u>L\u2019Oracle<\/u><\/em>, nous citons, le jeune homme\u00a0; neveu de Wamba, Louaka, la fille de Bikoyi, Nzobo le sorcier et devin, Kolo son assistant, le vieillard, le Ma\u00eetre et Louvou\u00e9zo, la femme de Biyoki.<\/p>\n<p>Comme personnages principaux nous avons\u00a0:<\/p>\n<p>&#8211; Biyoki\u00a0: le vieux paysan qui veut donner sa fille en mariage \u00e0 l\u2019\u00e2ge de 16 ans<\/p>\n<p>&#8211; Wamba\u00a0: le paysan ami de Biyoki qui n\u00e9gocie la fille pour son neveu.<\/p>\n<ul>\n<li><u>Th\u00e9matique<\/u><\/li>\n<\/ul>\n<p>Le th\u00e8me principal qui ressort de la lecture de cette \u0153uvre s\u2019\u00e9nonce comme nous le disions pr\u00e9c\u00e9demment\u00a0: Le Conflit des g\u00e9n\u00e9rations.<\/p>\n<p>Au IV \u00e8me si\u00e8cle avant J\u00e9sus-Christ, Socrate faisait d\u00e9j\u00e0 remarquer que : <strong>\u00ab\u00a0Nos jeunes aiment le luxe, ont de mauvaises mani\u00e8res, se moquent de l\u2019autorit\u00e9 et n\u2019ont aucun respect pour l\u2019\u00e2ge\u00a0\u00bb<\/strong>. Mais avant lui,\u00a0H\u00e9siode, 720 av. J.C. affirmait: \u00ab <em><strong>Je n\u2019ai plus aucun espoir pour l\u2019avenir de notre pays si la jeunesse d\u2019aujourd\u2019hui prend le commandement demain, parce que cette jeunesse est insupportable, sans retenue, simplement terrible<\/strong> <\/em>\u00bb.\u00a0C&rsquo;est dire que le conflit de g\u00e9n\u00e9ration n&rsquo;est pas le propre de l&rsquo;Afrique et qu&rsquo;elle ne date pas d&rsquo;aujour&rsquo;hui. Et il faut r\u00e9aliser que dans le contexte qui est le n\u00f4tre en terre africaine, avant la d\u00e9colonisation, la couche s\u00e9nile, c\u2019est-\u00e0-dire les personnes \u00e2g\u00e9es, sauvegardait jalousement et de fa\u00e7on craintive les us et coutumes laiss\u00e9s par la classe ancestrale.<\/p>\n<p>D\u00e8s lors, la tradition avait droit de cit\u00e9 et tout le monde se devait d\u2019entrer dans ses lignes. Avec la colonisation, l\u2019insertion de l\u2019\u00e9cole coloniale dans les villages de l\u2019Afrique, les esprits traditionalistes des jeunes scolaris\u00e9s ont commenc\u00e9 \u00e0 \u00eatre format\u00e9s par l\u2019Homme Blanc qui chantait les bienfaits de sa civilisation au grand dam de celle africaine.<\/p>\n<p>Ainsi, les jeunes noirs scolaris\u00e9s commen\u00e7aient \u00e0 se m\u00e9fier de la tradition indig\u00e8ne sous pr\u00e9texte qu\u2019elle renfermait trop de cruaut\u00e9s.<\/p>\n<p>Dans cet esprit, les Africains ont eu leur ind\u00e9pendance et presto, les pratiques r\u00e9trogrades, pass\u00e9es, traditionnelles se faisaient voir d\u2019un mauvais \u0153il par les enfants instruits du Continent. Essentiellement la couche juv\u00e9nile qui a d\u00e9couvert les fruits du monde globalis\u00e9, du village plan\u00e9taire, bref les fruits de la modernit\u00e9, cette couche juv\u00e9nile se trouvait tr\u00e8s g\u00ean\u00e9e face aux us et coutumes de sa tradition. Les jeunes opposaient alors un refus au respect des normes traditionnelles qu\u2019ils jugeaient de pass\u00e9istes et de r\u00e9trogrades. De l\u2019autre c\u00f4t\u00e9 ou en face, les vieillards, se portaient farouchement garants de la Tradition des dieux, des anc\u00eatres et des g\u00e9nies. Ils voyaient donc de l\u2019insolence dans ce refus des jeunes qu\u2019il fallait selon eux, mater et punir. Ainsi naquirent les chocs, les combats entre vieux et jeunes, les conflits entre tradition et modernit\u00e9. Ce conflit de g\u00e9n\u00e9ration a fait le th\u00e8me principal de plusieurs \u0153uvres africaines telles que \u00ab\u00a0Sous l\u2019Orage\u00a0\u00bb de BADIAN\u00a0; \u00ab\u00a0Les Soleils des ind\u00e9pendances\u00a0\u00bb de Kourouma, \u00ab\u00a0Le Respect des mort\u00a0\u00bb d&rsquo;Amadou KONE.<\/p>\n<p>Comme Seydou BADIAN le dit in \u00ab\u00a0<em><u>Sous L\u2019Orage<\/u><\/em>\u00a0\u00bb par la bouche des jeunes\u00a0: \u00ab\u00a0Tout change et nous devons vivre avec notre temps\u00a0\u00bb.<\/p>\n<p>Dans <em><u>la Marmite de Koka Mbala<\/u><\/em>,\u00a0Bitala et les autres jeunes s\u2019opposent \u00e0 la domination superstitieuse des vieux en allant jusqu\u2019\u00e0 briser la Marmite f\u00e9tiche. Cet acte courageux prouve combien la lutte de la libert\u00e9 et surtout le d\u00e9sir de se sentir dans son \u00e9poque, dans les r\u00e9alit\u00e9s de son \u00e9poque, sont de nobles et grandes envies qui d\u00e9terminent le bien-\u00eatre.<\/p>\n<p>Dans <em><u>l\u2019Oracle<\/u><\/em>, la jeune Louaka oppose un refus \u00e0 son p\u00e8re pour poursuivre ses \u00e9tudes et \u00e9chapper au mariage forc\u00e9 comme Kany le personnage de <em><u>Sous l\u2019Orage<\/u><\/em>.<\/p>\n<p>De tout ce qu\u2019on vient de parcourir, il est clair que la jeunesse a eu au final le mot de la victoire sur la vieillesse.<\/p>\n<p>Cette victoire de la modernit\u00e9 sur la tradition prouve vraiment que le monde change et qu&rsquo;il il faut marcher avec lui. N\u00e9anmoins, les m\u00eames auteurs ont bien fait de sensibiliser cette m\u00eame jeunesse \u00e0 ne pas entrer dans les d\u00e9rives trop fr\u00e9quentes ces temps-ci dits de modernit\u00e9 dans lesquels la jeunesse se croit tout permis. La modernit\u00e9 n\u2019est pas une suppression radicale ni totale de la Tradition. Elle vient juste faire avancer la tradition en corrigeant ses cruaut\u00e9s, ses inhumanit\u00e9s. Comme on le voit, Bitala est l&rsquo;incarnation de cette jeunesse qui veut que les choses \u00e9voluent. Et l&rsquo;auteur, implicitement fait adh\u00e9rer le Roi \u00e0 ses vues novatrices face \u00e0 un Bobolo traditionaliste ind\u00e9boulonnable, manipulateur fin, habile dans l&rsquo;art de faire dire aux dieux ce que trame son c\u0153ur. Que le Roi, dans\u00a0 <em><u>la Marmite de Koka Mbala<\/u><\/em>, et le Vieillard dans\u00a0 <em><u>l\u2019Oracle<\/u><\/em>, soient ouverts \u00e0 la modernit\u00e9, c&rsquo;est le signe aussi que les sages africains ne sont pas des conservateurs born\u00e9s. Ils sont conscients de ce que quelques fois les jeunes peuvent sculpter le tam-tam qui fera danser tout le village, y compris les vieux.<\/p>\n<ul>\n<li><u>Au-del\u00e0<\/u><\/li>\n<\/ul>\n<p>Derri\u00e8re le conflit de g\u00e9n\u00e9rations, se profile la question du statut de la femme dans les soci\u00e9t\u00e9s traditionnelles africaines. Au-del\u00e0 du conflit de g\u00e9n\u00e9ration, c&rsquo;est la notion de la chefferie qui est aussi mise \u00e0 l&rsquo;ordre du jour. Et c&rsquo;est heureux que cette pi\u00e8ce th\u00e9\u00e2trale soit ins\u00e9r\u00e9e dans le programme scolaire au B\u00e9nin et fasse objet d\u2019\u00e9tude et d\u2019expos\u00e9 dans les classes de premi\u00e8re, s\u00e9ries litt\u00e9raires en particulier. Ce bref expos\u00e9 fait dans les lignes pr\u00e9c\u00e9dentes ne se r\u00e9clame pas \u00eatre un travail d\u00e9taill\u00e9 mais un travail introductif permettant aux \u00e9l\u00e8ves et lecteurs de bonne volont\u00e9 d\u2019approfondir leurs recherches et d\u2019aiguiser leur d\u00e9sir de mieux d\u00e9couvrir cette \u0153uvre.<\/p>\n<p>&nbsp;<\/p>\n<p><strong>Fabroni Bill YOCLOUNON<\/strong><\/p>\n","protected":false},"excerpt":{"rendered":"<p>L\u2019ignorance est une drogue dangereuse qui nuit gravement \u00e0 la clart\u00e9 de l\u2019esprit. Et si s&rsquo;orienter c&rsquo;est retrouver l&rsquo;un des quatre points cardinaux, aller de l&rsquo;avant dans le monde de ce temps, cela n\u00e9cessite que l&rsquo;on sache d&rsquo;o\u00f9 l&rsquo;on vient et que l&rsquo;on ait la ma\u00eetrise de son pass\u00e9, des lois et coutumes de sa [&hellip;]<\/p>\n","protected":false},"author":1,"featured_media":1453,"comment_status":"open","ping_status":"closed","sticky":false,"template":"","format":"standard","meta":[],"categories":[10],"tags":[],"yoast_head":"<!-- This site is optimized with the Yoast SEO plugin v19.0 - https:\/\/yoast.com\/wordpress\/plugins\/seo\/ -->\n<title>&quot;La Marmite de Koka-Mbala&quot;, suivie de &quot;L\u2019Oracle&quot;, Guy MENGA - Biscottes Litt\u00e9raires<\/title>\n<meta name=\"robots\" content=\"index, follow, max-snippet:-1, max-image-preview:large, max-video-preview:-1\" \/>\n<link rel=\"canonical\" href=\"https:\/\/biscotteslitteraires.com\/2021\/1452-2\/\" \/>\n<meta property=\"og:locale\" content=\"fr_FR\" \/>\n<meta property=\"og:type\" content=\"article\" \/>\n<meta property=\"og:title\" content=\"&quot;La Marmite de Koka-Mbala&quot;, suivie de &quot;L\u2019Oracle&quot;, Guy MENGA - Biscottes Litt\u00e9raires\" \/>\n<meta property=\"og:description\" content=\"L\u2019ignorance est une drogue dangereuse qui nuit gravement \u00e0 la clart\u00e9 de l\u2019esprit. Et si s&rsquo;orienter c&rsquo;est retrouver l&rsquo;un des quatre points cardinaux, aller de l&rsquo;avant dans le monde de ce temps, cela n\u00e9cessite que l&rsquo;on sache d&rsquo;o\u00f9 l&rsquo;on vient et que l&rsquo;on ait la ma\u00eetrise de son pass\u00e9, des lois et coutumes de sa [&hellip;]\" \/>\n<meta property=\"og:url\" content=\"https:\/\/biscotteslitteraires.com\/2021\/1452-2\/\" \/>\n<meta property=\"og:site_name\" content=\"Biscottes Litt\u00e9raires\" \/>\n<meta property=\"article:publisher\" content=\"https:\/\/facebook.com\/biscotteslitterairesbenin\" \/>\n<meta property=\"article:published_time\" content=\"2017-12-05T08:40:59+00:00\" \/>\n<meta property=\"article:modified_time\" content=\"2017-12-05T08:42:18+00:00\" \/>\n<meta property=\"og:image\" content=\"https:\/\/biscotteslitteraires.com\/2021\/wp-content\/uploads\/2017\/12\/mbala.jpg\" \/>\n\t<meta property=\"og:image:width\" content=\"310\" \/>\n\t<meta property=\"og:image:height\" content=\"163\" \/>\n\t<meta property=\"og:image:type\" content=\"image\/jpeg\" \/>\n<meta name=\"twitter:card\" content=\"summary\" \/>\n<meta name=\"twitter:label1\" content=\"\u00c9crit par\" \/>\n\t<meta name=\"twitter:data1\" content=\"biscotteslitteraires\" \/>\n\t<meta name=\"twitter:label2\" content=\"Dur\u00e9e de lecture estim\u00e9e\" \/>\n\t<meta name=\"twitter:data2\" content=\"9 minutes\" \/>\n<script type=\"application\/ld+json\" class=\"yoast-schema-graph\">{\"@context\":\"https:\/\/schema.org\",\"@graph\":[{\"@type\":\"Organization\",\"@id\":\"https:\/\/biscotteslitteraires.com\/2021\/#organization\",\"name\":\"Biscottes Litt\u00e9raires\",\"url\":\"https:\/\/biscotteslitteraires.com\/2021\/\",\"sameAs\":[\"https:\/\/facebook.com\/biscotteslitterairesbenin\"],\"logo\":{\"@type\":\"ImageObject\",\"inLanguage\":\"fr-FR\",\"@id\":\"https:\/\/biscotteslitteraires.com\/2021\/#\/schema\/logo\/image\/\",\"url\":\"https:\/\/biscotteslitteraires.com\/2021\/wp-content\/uploads\/2018\/11\/cropped-LOGO-BL-e1630101307137.jpg\",\"contentUrl\":\"https:\/\/biscotteslitteraires.com\/2021\/wp-content\/uploads\/2018\/11\/cropped-LOGO-BL-e1630101307137.jpg\",\"width\":960,\"height\":960,\"caption\":\"Biscottes Litt\u00e9raires\"},\"image\":{\"@id\":\"https:\/\/biscotteslitteraires.com\/2021\/#\/schema\/logo\/image\/\"}},{\"@type\":\"WebSite\",\"@id\":\"https:\/\/biscotteslitteraires.com\/2021\/#website\",\"url\":\"https:\/\/biscotteslitteraires.com\/2021\/\",\"name\":\"Biscottes Litt\u00e9raires\",\"description\":\"Ici nous voyagerons dans les lignes, explorerons les interlignes.\",\"publisher\":{\"@id\":\"https:\/\/biscotteslitteraires.com\/2021\/#organization\"},\"potentialAction\":[{\"@type\":\"SearchAction\",\"target\":{\"@type\":\"EntryPoint\",\"urlTemplate\":\"https:\/\/biscotteslitteraires.com\/2021\/?s={search_term_string}\"},\"query-input\":\"required name=search_term_string\"}],\"inLanguage\":\"fr-FR\"},{\"@type\":\"ImageObject\",\"inLanguage\":\"fr-FR\",\"@id\":\"https:\/\/biscotteslitteraires.com\/2021\/1452-2\/#primaryimage\",\"url\":\"https:\/\/biscotteslitteraires.com\/2021\/wp-content\/uploads\/2017\/12\/mbala.jpg\",\"contentUrl\":\"https:\/\/biscotteslitteraires.com\/2021\/wp-content\/uploads\/2017\/12\/mbala.jpg\",\"width\":310,\"height\":163},{\"@type\":\"WebPage\",\"@id\":\"https:\/\/biscotteslitteraires.com\/2021\/1452-2\/#webpage\",\"url\":\"https:\/\/biscotteslitteraires.com\/2021\/1452-2\/\",\"name\":\"\\\"La Marmite de Koka-Mbala\\\", suivie de \\\"L\u2019Oracle\\\", Guy MENGA - Biscottes Litt\u00e9raires\",\"isPartOf\":{\"@id\":\"https:\/\/biscotteslitteraires.com\/2021\/#website\"},\"primaryImageOfPage\":{\"@id\":\"https:\/\/biscotteslitteraires.com\/2021\/1452-2\/#primaryimage\"},\"datePublished\":\"2017-12-05T08:40:59+00:00\",\"dateModified\":\"2017-12-05T08:42:18+00:00\",\"breadcrumb\":{\"@id\":\"https:\/\/biscotteslitteraires.com\/2021\/1452-2\/#breadcrumb\"},\"inLanguage\":\"fr-FR\",\"potentialAction\":[{\"@type\":\"ReadAction\",\"target\":[\"https:\/\/biscotteslitteraires.com\/2021\/1452-2\/\"]}]},{\"@type\":\"BreadcrumbList\",\"@id\":\"https:\/\/biscotteslitteraires.com\/2021\/1452-2\/#breadcrumb\",\"itemListElement\":[{\"@type\":\"ListItem\",\"position\":1,\"name\":\"Accueil\",\"item\":\"https:\/\/biscotteslitteraires.com\/2021\/\"},{\"@type\":\"ListItem\",\"position\":2,\"name\":\"\u00ab\u00a0La Marmite de Koka-Mbala\u00a0\u00bb, suivie de \u00ab\u00a0L\u2019Oracle\u00a0\u00bb, Guy MENGA\"}]},{\"@type\":\"Article\",\"@id\":\"https:\/\/biscotteslitteraires.com\/2021\/1452-2\/#article\",\"isPartOf\":{\"@id\":\"https:\/\/biscotteslitteraires.com\/2021\/1452-2\/#webpage\"},\"author\":{\"@id\":\"https:\/\/biscotteslitteraires.com\/2021\/#\/schema\/person\/a7786cb98c76c568669b36d299731946\"},\"headline\":\"\u00ab\u00a0La Marmite de Koka-Mbala\u00a0\u00bb, suivie de \u00ab\u00a0L\u2019Oracle\u00a0\u00bb, Guy MENGA\",\"datePublished\":\"2017-12-05T08:40:59+00:00\",\"dateModified\":\"2017-12-05T08:42:18+00:00\",\"mainEntityOfPage\":{\"@id\":\"https:\/\/biscotteslitteraires.com\/2021\/1452-2\/#webpage\"},\"wordCount\":1846,\"commentCount\":10,\"publisher\":{\"@id\":\"https:\/\/biscotteslitteraires.com\/2021\/#organization\"},\"image\":{\"@id\":\"https:\/\/biscotteslitteraires.com\/2021\/1452-2\/#primaryimage\"},\"thumbnailUrl\":\"https:\/\/biscotteslitteraires.com\/2021\/wp-content\/uploads\/2017\/12\/mbala.jpg\",\"articleSection\":[\"lupourvous\"],\"inLanguage\":\"fr-FR\",\"potentialAction\":[{\"@type\":\"CommentAction\",\"name\":\"Comment\",\"target\":[\"https:\/\/biscotteslitteraires.com\/2021\/1452-2\/#respond\"]}]},{\"@type\":\"Person\",\"@id\":\"https:\/\/biscotteslitteraires.com\/2021\/#\/schema\/person\/a7786cb98c76c568669b36d299731946\",\"name\":\"biscotteslitteraires\",\"image\":{\"@type\":\"ImageObject\",\"inLanguage\":\"fr-FR\",\"@id\":\"https:\/\/biscotteslitteraires.com\/2021\/#\/schema\/person\/image\/\",\"url\":\"https:\/\/secure.gravatar.com\/avatar\/94320ea752b93453cb48b1b2d71ada12?s=96&d=mm&r=g\",\"contentUrl\":\"https:\/\/secure.gravatar.com\/avatar\/94320ea752b93453cb48b1b2d71ada12?s=96&d=mm&r=g\",\"caption\":\"biscotteslitteraires\"},\"url\":\"https:\/\/biscotteslitteraires.com\/2021\/author\/admin\/\"}]}<\/script>\n<!-- \/ Yoast SEO plugin. -->","yoast_head_json":{"title":"\"La Marmite de Koka-Mbala\", suivie de \"L\u2019Oracle\", Guy MENGA - Biscottes Litt\u00e9raires","robots":{"index":"index","follow":"follow","max-snippet":"max-snippet:-1","max-image-preview":"max-image-preview:large","max-video-preview":"max-video-preview:-1"},"canonical":"https:\/\/biscotteslitteraires.com\/2021\/1452-2\/","og_locale":"fr_FR","og_type":"article","og_title":"\"La Marmite de Koka-Mbala\", suivie de \"L\u2019Oracle\", Guy MENGA - Biscottes Litt\u00e9raires","og_description":"L\u2019ignorance est une drogue dangereuse qui nuit gravement \u00e0 la clart\u00e9 de l\u2019esprit. Et si s&rsquo;orienter c&rsquo;est retrouver l&rsquo;un des quatre points cardinaux, aller de l&rsquo;avant dans le monde de ce temps, cela n\u00e9cessite que l&rsquo;on sache d&rsquo;o\u00f9 l&rsquo;on vient et que l&rsquo;on ait la ma\u00eetrise de son pass\u00e9, des lois et coutumes de sa [&hellip;]","og_url":"https:\/\/biscotteslitteraires.com\/2021\/1452-2\/","og_site_name":"Biscottes Litt\u00e9raires","article_publisher":"https:\/\/facebook.com\/biscotteslitterairesbenin","article_published_time":"2017-12-05T08:40:59+00:00","article_modified_time":"2017-12-05T08:42:18+00:00","og_image":[{"width":310,"height":163,"url":"https:\/\/biscotteslitteraires.com\/2021\/wp-content\/uploads\/2017\/12\/mbala.jpg","type":"image\/jpeg"}],"twitter_card":"summary","twitter_misc":{"\u00c9crit par":"biscotteslitteraires","Dur\u00e9e de lecture estim\u00e9e":"9 minutes"},"schema":{"@context":"https:\/\/schema.org","@graph":[{"@type":"Organization","@id":"https:\/\/biscotteslitteraires.com\/2021\/#organization","name":"Biscottes Litt\u00e9raires","url":"https:\/\/biscotteslitteraires.com\/2021\/","sameAs":["https:\/\/facebook.com\/biscotteslitterairesbenin"],"logo":{"@type":"ImageObject","inLanguage":"fr-FR","@id":"https:\/\/biscotteslitteraires.com\/2021\/#\/schema\/logo\/image\/","url":"https:\/\/biscotteslitteraires.com\/2021\/wp-content\/uploads\/2018\/11\/cropped-LOGO-BL-e1630101307137.jpg","contentUrl":"https:\/\/biscotteslitteraires.com\/2021\/wp-content\/uploads\/2018\/11\/cropped-LOGO-BL-e1630101307137.jpg","width":960,"height":960,"caption":"Biscottes Litt\u00e9raires"},"image":{"@id":"https:\/\/biscotteslitteraires.com\/2021\/#\/schema\/logo\/image\/"}},{"@type":"WebSite","@id":"https:\/\/biscotteslitteraires.com\/2021\/#website","url":"https:\/\/biscotteslitteraires.com\/2021\/","name":"Biscottes Litt\u00e9raires","description":"Ici nous voyagerons dans les lignes, explorerons les interlignes.","publisher":{"@id":"https:\/\/biscotteslitteraires.com\/2021\/#organization"},"potentialAction":[{"@type":"SearchAction","target":{"@type":"EntryPoint","urlTemplate":"https:\/\/biscotteslitteraires.com\/2021\/?s={search_term_string}"},"query-input":"required name=search_term_string"}],"inLanguage":"fr-FR"},{"@type":"ImageObject","inLanguage":"fr-FR","@id":"https:\/\/biscotteslitteraires.com\/2021\/1452-2\/#primaryimage","url":"https:\/\/biscotteslitteraires.com\/2021\/wp-content\/uploads\/2017\/12\/mbala.jpg","contentUrl":"https:\/\/biscotteslitteraires.com\/2021\/wp-content\/uploads\/2017\/12\/mbala.jpg","width":310,"height":163},{"@type":"WebPage","@id":"https:\/\/biscotteslitteraires.com\/2021\/1452-2\/#webpage","url":"https:\/\/biscotteslitteraires.com\/2021\/1452-2\/","name":"\"La Marmite de Koka-Mbala\", suivie de \"L\u2019Oracle\", Guy MENGA - Biscottes Litt\u00e9raires","isPartOf":{"@id":"https:\/\/biscotteslitteraires.com\/2021\/#website"},"primaryImageOfPage":{"@id":"https:\/\/biscotteslitteraires.com\/2021\/1452-2\/#primaryimage"},"datePublished":"2017-12-05T08:40:59+00:00","dateModified":"2017-12-05T08:42:18+00:00","breadcrumb":{"@id":"https:\/\/biscotteslitteraires.com\/2021\/1452-2\/#breadcrumb"},"inLanguage":"fr-FR","potentialAction":[{"@type":"ReadAction","target":["https:\/\/biscotteslitteraires.com\/2021\/1452-2\/"]}]},{"@type":"BreadcrumbList","@id":"https:\/\/biscotteslitteraires.com\/2021\/1452-2\/#breadcrumb","itemListElement":[{"@type":"ListItem","position":1,"name":"Accueil","item":"https:\/\/biscotteslitteraires.com\/2021\/"},{"@type":"ListItem","position":2,"name":"\u00ab\u00a0La Marmite de Koka-Mbala\u00a0\u00bb, suivie de \u00ab\u00a0L\u2019Oracle\u00a0\u00bb, Guy MENGA"}]},{"@type":"Article","@id":"https:\/\/biscotteslitteraires.com\/2021\/1452-2\/#article","isPartOf":{"@id":"https:\/\/biscotteslitteraires.com\/2021\/1452-2\/#webpage"},"author":{"@id":"https:\/\/biscotteslitteraires.com\/2021\/#\/schema\/person\/a7786cb98c76c568669b36d299731946"},"headline":"\u00ab\u00a0La Marmite de Koka-Mbala\u00a0\u00bb, suivie de \u00ab\u00a0L\u2019Oracle\u00a0\u00bb, Guy MENGA","datePublished":"2017-12-05T08:40:59+00:00","dateModified":"2017-12-05T08:42:18+00:00","mainEntityOfPage":{"@id":"https:\/\/biscotteslitteraires.com\/2021\/1452-2\/#webpage"},"wordCount":1846,"commentCount":10,"publisher":{"@id":"https:\/\/biscotteslitteraires.com\/2021\/#organization"},"image":{"@id":"https:\/\/biscotteslitteraires.com\/2021\/1452-2\/#primaryimage"},"thumbnailUrl":"https:\/\/biscotteslitteraires.com\/2021\/wp-content\/uploads\/2017\/12\/mbala.jpg","articleSection":["lupourvous"],"inLanguage":"fr-FR","potentialAction":[{"@type":"CommentAction","name":"Comment","target":["https:\/\/biscotteslitteraires.com\/2021\/1452-2\/#respond"]}]},{"@type":"Person","@id":"https:\/\/biscotteslitteraires.com\/2021\/#\/schema\/person\/a7786cb98c76c568669b36d299731946","name":"biscotteslitteraires","image":{"@type":"ImageObject","inLanguage":"fr-FR","@id":"https:\/\/biscotteslitteraires.com\/2021\/#\/schema\/person\/image\/","url":"https:\/\/secure.gravatar.com\/avatar\/94320ea752b93453cb48b1b2d71ada12?s=96&d=mm&r=g","contentUrl":"https:\/\/secure.gravatar.com\/avatar\/94320ea752b93453cb48b1b2d71ada12?s=96&d=mm&r=g","caption":"biscotteslitteraires"},"url":"https:\/\/biscotteslitteraires.com\/2021\/author\/admin\/"}]}},"_links":{"self":[{"href":"https:\/\/biscotteslitteraires.com\/2021\/wp-json\/wp\/v2\/posts\/1452"}],"collection":[{"href":"https:\/\/biscotteslitteraires.com\/2021\/wp-json\/wp\/v2\/posts"}],"about":[{"href":"https:\/\/biscotteslitteraires.com\/2021\/wp-json\/wp\/v2\/types\/post"}],"author":[{"embeddable":true,"href":"https:\/\/biscotteslitteraires.com\/2021\/wp-json\/wp\/v2\/users\/1"}],"replies":[{"embeddable":true,"href":"https:\/\/biscotteslitteraires.com\/2021\/wp-json\/wp\/v2\/comments?post=1452"}],"version-history":[{"count":3,"href":"https:\/\/biscotteslitteraires.com\/2021\/wp-json\/wp\/v2\/posts\/1452\/revisions"}],"predecessor-version":[{"id":1456,"href":"https:\/\/biscotteslitteraires.com\/2021\/wp-json\/wp\/v2\/posts\/1452\/revisions\/1456"}],"wp:featuredmedia":[{"embeddable":true,"href":"https:\/\/biscotteslitteraires.com\/2021\/wp-json\/wp\/v2\/media\/1453"}],"wp:attachment":[{"href":"https:\/\/biscotteslitteraires.com\/2021\/wp-json\/wp\/v2\/media?parent=1452"}],"wp:term":[{"taxonomy":"category","embeddable":true,"href":"https:\/\/biscotteslitteraires.com\/2021\/wp-json\/wp\/v2\/categories?post=1452"},{"taxonomy":"post_tag","embeddable":true,"href":"https:\/\/biscotteslitteraires.com\/2021\/wp-json\/wp\/v2\/tags?post=1452"}],"curies":[{"name":"wp","href":"https:\/\/api.w.org\/{rel}","templated":true}]}}