{"id":1909,"date":"2018-01-28T23:21:42","date_gmt":"2018-01-28T23:21:42","guid":{"rendered":"http:\/\/biscotteslitteraires.com\/2021\/?p=1909"},"modified":"2018-01-28T23:22:57","modified_gmt":"2018-01-28T23:22:57","slug":"interview-monsieur-cyr-zogo-cz","status":"publish","type":"post","link":"https:\/\/biscotteslitteraires.com\/2021\/interview-monsieur-cyr-zogo-cz\/","title":{"rendered":"Interview avec Monsieur Cyr ZOGO (CZ)"},"content":{"rendered":"<h3>Cyr ZOGO alias The Cyr est un passionn\u00e9 de tout ce qui s\u2019\u00e9crit, se lit et se dit en beaut\u00e9. Ce f\u00e9ru de mots et de lettres s\u2019est donn\u00e9 pour mission de (d)\u00e9crire le monde autrement, et il s\u2019y livre d\u2019ailleurs sur Monde en Lettres (<a href=\"http:\/\/www.mondeenlettres.com\">www.mondeenlettres.com<\/a>). Son blog, comme il le d\u00e9finit est celui o\u00f9 les lettres se rencontrent et se racontent,\u2026. <a href=\"http:\/\/www.biscotteslitteraires.com\/2021\">www.biscotteslitteraires.com\/2021<\/a>\u00a0se propose donc de vous faire d\u00e9couvrir ce blogueur litt\u00e9raire et son Monde en Lettres.<\/h3>\n<p>&nbsp;<\/p>\n<p><strong><em><img loading=\"lazy\" class=\"aligncenter wp-image-1910\" src=\"http:\/\/biscotteslitteraires.com\/2021\/wp-content\/uploads\/2018\/01\/The-Cyr-1-www.mondeenlettres.com_-1024x684.jpg\" alt=\"\" width=\"821\" height=\"548\" srcset=\"https:\/\/biscotteslitteraires.com\/2021\/wp-content\/uploads\/2018\/01\/The-Cyr-1-www.mondeenlettres.com_-1024x684.jpg 1024w, https:\/\/biscotteslitteraires.com\/2021\/wp-content\/uploads\/2018\/01\/The-Cyr-1-www.mondeenlettres.com_-300x200.jpg 300w, https:\/\/biscotteslitteraires.com\/2021\/wp-content\/uploads\/2018\/01\/The-Cyr-1-www.mondeenlettres.com_-768x513.jpg 768w, https:\/\/biscotteslitteraires.com\/2021\/wp-content\/uploads\/2018\/01\/The-Cyr-1-www.mondeenlettres.com_-272x182.jpg 272w, https:\/\/biscotteslitteraires.com\/2021\/wp-content\/uploads\/2018\/01\/The-Cyr-1-www.mondeenlettres.com_.jpg 1616w\" sizes=\"(max-width: 821px) 100vw, 821px\" \/><\/em><\/strong><\/p>\n<h1>\u00ab\u00a0<em>Les gouvernants \u00e0 travers les minist\u00e8res en charge de la culture peuvent r\u00e9fl\u00e9chir dans ce sens, et mettre en place des projets d\u2019accompagnement et de promotion des plumes africaines.<\/em>\u00a0\u00bb\u00a0<strong><em>Cyr ZOGO<\/em><\/strong><\/h1>\n<p style=\"text-align: center;\"><strong><em><br \/>\n<\/em><\/strong><\/p>\n<p><strong><em><u>BL:<\/u><\/em><\/strong> <strong><em>Bonjour Monsieur Cyr ZOGO. Merci pour cette interview que vous nous accordez. <\/em><\/strong><\/p>\n<p><strong><u>CZ<\/u><\/strong><u> :<\/u> Bonjour\u00a0<strong>Biscottes Litt\u00e9raires<\/strong>.\u00a0Tout le plaisir est pour moi.<\/p>\n<p><strong><em><u>BL:<\/u><\/em><\/strong> <strong><em>Vous \u00eates passionn\u00e9 de lettres alors que vous avez fait une formation scientifique. Comment l\u2019expliquez-vous\u00a0? <\/em><\/strong><\/p>\n<p><strong><u>CZ<\/u><\/strong><u> :<\/u> Sourire. Et bien tout est peut \u00eatre parti de ce <strong><em>Robert Junior<\/em><\/strong> que mon p\u00e8re m\u2019avait offert pour mon septi\u00e8me ou huiti\u00e8me anniversaire. Je me rappelle que je passais \u00e9norm\u00e9ment de temps \u00e0 le lire, essayant de connaitre et d\u2019apprendre la signification de tous les mots qu\u2019il contenait. Puis je fus inscrit \u00e0 la biblioth\u00e8que du CED (Centre d\u2019Etudes et de Documentation) \u00e0 partir du CM2 jusqu\u2019en premi\u00e8re ou terminale. Je pense que c\u2019est au cours de cette p\u00e9riode que je suis devenu non pas un rat, mais plut\u00f4t une souris de biblioth\u00e8que. Parfois il fallait litt\u00e9ralement me chasser \u00e0 l\u2019heure de fermeture pour que je rentre. Puisque je faisais des \u00e9tudes du second cycle et celles du sup\u00e9rieur en G\u00e9nie civil puis en Gestion de projets, il faut avouer que je n\u2019avais plus vraiment le temps de m\u2019adonner \u00e0 la lecture. Ce n\u2019est qu\u2019une fois lanc\u00e9 dans la vie professionnelle, que j\u2019ai d\u00e9couvert la r\u00e9daction web qui m\u2019a ramen\u00e9 \u00e0 la lecture.<\/p>\n<p><strong><em><u>BL:<\/u><\/em><\/strong> <strong><em>Vous affectionnez particuli\u00e8rement la po\u00e9sie. Comment d\u00e9finissez-vous cet art\u00a0? <\/em><\/strong><\/p>\n<p><strong><u>CZ<\/u><\/strong><u> :<\/u> Pour moi c\u2019est l\u2019une des plus belles mani\u00e8res de voyager vers soi, de d\u00e9couvrir le monde et m\u00eame, de se laisser d\u00e9couvrir tout simplement. La po\u00e9sie est un r\u00eave que l\u2019on fait et qu\u2019on souhaite partager avec les autres, car on \u00e9crit de la po\u00e9sie pour \u00eatre lu. Et puis la po\u00e9sie, c\u2019est aussi l\u2019art de savoir jouer avec les mots. Jongler, faire des slaloms entre eux, donner et ressentir des frissons avec des mots, changer la temp\u00e9rature d\u2019une journ\u00e9e morne rien qu\u2019avec des vers bien choisis. Pour moi, la po\u00e9sie c\u2019est un peu \u00e7a et plus encore\u2026<\/p>\n<p><strong><em><u>BL:<\/u><\/em><\/strong> <strong><em>Au regard des difficult\u00e9s que rencontrent les \u00e9crivains de nos jours, il urge de penser une politique du livre au Benin et en Afrique en g\u00e9n\u00e9ral. Quelles propositions concr\u00e8tes pourriez-vous faire dans ce sens\u00a0? <\/em><\/strong><\/p>\n<p><strong><u>CZ<\/u><\/strong><u> :<\/u> Je pense qu\u2019il serait int\u00e9ressant d\u2019avoir des concours (d\u00e9j\u00e0 au plan national) destin\u00e9s \u00e0 r\u00e9v\u00e9ler les potentiels \u00e9crivains, mais aussi une politique de promotion des \u00e9crivains d\u00e9j\u00e0 confirm\u00e9s. Des facilit\u00e9s depuis la conception du livre jusqu\u2019\u00e0 sa mise en vente seraient \u00e9galement les bienvenues, pour soulager un temps soit peu le calvaire que vivent les \u00e9crivains. Ce serait int\u00e9ressant qu\u2019ils puissent v\u00e9ritablement jouir du fruit de leurs efforts. Les gouvernants \u00e0 travers les minist\u00e8res en charge de la culture peuvent r\u00e9fl\u00e9chir dans ce sens, et mettre en place des projets d\u2019accompagnement et de promotion des plumes africaines.<\/p>\n<p><strong><em><u>BL:<\/u><\/em><\/strong> <strong><em>Rien n\u2019est facile dans la vie. L\u2019\u00e9criture n\u2019\u00e9chappe pas \u00e0 cet axiome. Dites nous quelles sont vos difficult\u00e9s majeures quand vous d\u00e9cidez de d\u00e9gainer votre plume\u00a0? Quelles sont les conditions qui doivent \u00eatre r\u00e9unies pour que l\u2019inspiration frappe \u00e0 votre porte et vous mette en transe\u00a0? <\/em><\/strong><\/p>\n<p><strong><u>CZ<\/u><\/strong><u> :<\/u> Je n\u2019ai pas sp\u00e9cialement besoin d\u2019une routine pour \u00eatre inspir\u00e9, \u00e0 vrai dire. Tout peut m\u2019inspirer et \u00e0 n\u2019importe quel moment. Il peut par exemple s\u2019agir des paroles d\u2019une chanson, voir des enfants s\u2019amuser ou rire, un parfum, une femme ravissante ou son sourire, etc. Quelques fois je suis en train de manger ou faire quelque chose et hop, j\u2019ai envie\/besoin d\u2019\u00e9crire. J\u2019attrape juste mon Evernote et je me mets \u00e0 faire valser les mots. En r\u00e9sum\u00e9, je dirai que c\u2019est la Vie qui m\u2019inspire tout simplement. Quant aux difficult\u00e9s, je pense que la principale est le temps. Le temps pour g\u00e9rer toutes mes occupations journali\u00e8res et le celui pour me consacrer r\u00e9ellement \u00e0 ce qu&rsquo;aime par-dessus tout : \u00e9crire. Apr\u00e8s il y a peut-\u00eatre la fatigue \u2026 La recherche d\u2019id\u00e9es d\u2019articles pour le blog, la r\u00e9daction du contenu et tout ce qui va avec. Mais comme le dit Confucius\u00a0: \u00ab\u00a0<strong><em>Choisissez un\u00a0 travail que vous aimez et vous n\u2019aurez pas \u00e0 travailler un seul jour de votre vie.<\/em><\/strong>\u00a0\u00bb J\u2019aime ce que je fais et donc \u00e7a va globalement.<\/p>\n<p><strong><em><u>BL:<\/u><\/em><\/strong> <strong><em>Les prix litt\u00e9raires \u00e0 envergure internationale sont souvent d\u00e9di\u00e9s aux \u00e9crivains ayant publi\u00e9 dans les grandes maisons d\u2019\u00e9ditions. Ne pensez-vous pas comme certains que chaque pays doit avoir ses propres prix pour r\u00e9compenser ses \u00e9crivains\u00a0? <\/em><\/strong><\/p>\n<p><strong><u>CZ<\/u><\/strong><u> :<\/u> Absolument\u00a0! D\u2019un c\u00f4t\u00e9 cela participera au d\u00e9veloppement du secteur du livre dans chaque pays, mais permettra de porter plus haut le flambeau de ces maisons d\u2019\u00e9ditions nationales. Cela vaut \u00e9videmment pour le B\u00e9nin aussi. Les prix nationaux sont non seulement de bons leviers pour booster la comp\u00e9titivit\u00e9 entre les \u00e9crivains, mais permettront aussi \u00e0 ces derniers de se surpasser pour produire des \u0153uvres de qualit\u00e9. Si \u00e0 cela on ajoute une politique de promotion et des mesures d\u2019accompagnement adapt\u00e9es, je pense que la litt\u00e9rature b\u00e9ninoise en sortira plus forte.<\/p>\n<p><strong><em><u>BL:<\/u><\/em><\/strong> <strong><em>Quel plaisir ressentez-vous quand vous \u00e9crivez\u00a0? <\/em><\/strong><\/p>\n<p><strong><u>CZ<\/u><\/strong><u> :<\/u> Sourire. Difficile de mettre des mots dessus mais j\u2019essaierai en disant, qu\u2019\u00e9crire me fait vivre. Ecrire, me rend ivre de vivre et m\u2019emporte dans une autre dimension. C\u2019est ma drogue et j\u2019en suis accro. En \u00e9crivant j\u2019ai d\u00e9couvert un autre moi qui s\u2019ignorait en moi, et depuis je valse avec les mots.<\/p>\n<p><strong><em><u>BL:<\/u><\/em><\/strong> <strong><em>Vous \u00eates aux commandes d\u2019un blog litt\u00e9raire\u00a0: \u2018\u2019Monde en Lettres\u2019\u2019 (<a href=\"http:\/\/www.mondeenlettres.com\">www.mondeenlettres.com<\/a>) . Qu\u2019est ce qui vous y a motiv\u00e9 finalement\u00a0? <\/em><\/strong><\/p>\n<p><strong><u>CZ<\/u><\/strong><u> :<\/u> La volont\u00e9 d\u2019avoir un espace plus grand o\u00f9 m\u2019exprimer, me faire plaisir et partager ce bonheur avec d\u2019autres amoureux des mots. Il y a de cela quelques ann\u00e9es, je n\u2019\u00e9crivais que pour moi. Dans des carnets de notes, sur des feuilles volantes et autres. J\u2019avoue que j\u2019\u00e9tais assez timide \u00e0 l\u2019\u00e9poque et donc je n\u2019aimais pas qu\u2019on me lise. Puis je suis pass\u00e9 \u00e0 Whatsapp o\u00f9 je partageais quelques textes avec les amis, avant de cr\u00e9er mon premier blog sur Medium. L\u00e0 j\u2019ai commenc\u00e9 \u00e0 plus m\u2019exprimer en publiant plus ou moins r\u00e9guli\u00e8rement, des po\u00e8mes, de petites nouvelles et d\u2019autres choses sorties de mon imagination. Cette \u00e9tape m\u2019a ensuite permis de passer sur Wattpad, qui est une plateforme plus populaire destin\u00e9e aux \u00e9crivains en herbe du monde entier. Mais je me sentais toujours \u00e0 l\u2019\u00e9troit parce que j\u2019avais besoin de personnaliser mon espace, et interagir avec ceux qui prenaient du plaisir \u00e0 me lire. Finalement j\u2019ai d\u00e9cid\u00e9 de cr\u00e9er mon monde, et y accueillir toute personne qui souhaiterait y entrer. <strong><em><a href=\"http:\/\/www.mondeenlettres.com\">www.mondeenlettres.com<\/a>\u00a0<\/em><\/strong>a donc vu le jour.<\/p>\n<p>&nbsp;<\/p>\n<p><img loading=\"lazy\" class=\"aligncenter  wp-image-1918\" src=\"http:\/\/biscotteslitteraires.com\/2021\/wp-content\/uploads\/2018\/01\/The-Cyr-2-www.mondeenlettres.com_-923x1024.jpg\" alt=\"\" width=\"761\" height=\"844\" srcset=\"https:\/\/biscotteslitteraires.com\/2021\/wp-content\/uploads\/2018\/01\/The-Cyr-2-www.mondeenlettres.com_-923x1024.jpg 923w, https:\/\/biscotteslitteraires.com\/2021\/wp-content\/uploads\/2018\/01\/The-Cyr-2-www.mondeenlettres.com_-271x300.jpg 271w, https:\/\/biscotteslitteraires.com\/2021\/wp-content\/uploads\/2018\/01\/The-Cyr-2-www.mondeenlettres.com_-768x852.jpg 768w, https:\/\/biscotteslitteraires.com\/2021\/wp-content\/uploads\/2018\/01\/The-Cyr-2-www.mondeenlettres.com_.jpg 974w\" sizes=\"(max-width: 761px) 100vw, 761px\" \/><\/p>\n<p>&nbsp;<\/p>\n<p><strong><em><u>BL:<\/u><\/em><\/strong> <strong><em>Pourquoi Monde en Lettres\u00a0?<\/em><\/strong><\/p>\n<p><strong><u>CZ<\/u><\/strong><u> :<\/u> Rire. Il faut que j\u2019avoue avoir pass\u00e9 de longues semaines \u00e0 chercher le nom parfait pour mon blog. Je voulais surtout quelque chose d\u2019unique, et qui renseigne en m\u00eame temps sur la th\u00e9matique abord\u00e9e. Quelque chose qui dit tout en peu de mots. <strong><em>Monde en Lettres<\/em><\/strong> parce qu\u2019on parlera de litt\u00e9rature, mais sur le plan international. Bien entendu nous commencerons par le B\u00e9nin, mais le blog rassemblera tous les amoureux de lettres o\u00f9 qu\u2019ils soient dans le monde. Un monde en lettres donc.<\/p>\n<p><strong><em><u>BL:<\/u><\/em><\/strong> <strong><em>Quel objectif assignez-vous \u00e0 votre blog litt\u00e9raire\u00a0?<\/em><\/strong><\/p>\n<p><strong><u>CZ<\/u><\/strong><u> :<\/u> D\u00e9j\u00e0 j\u2019\u00e9cris pour me faire plaisir parce que j\u2019aime \u00e7a, et donc l\u2019un des objectifs de <strong><em>Monde en Lettres<\/em><\/strong> est de partager mes cr\u00e9ations litt\u00e9raires. J\u2019y parlerai \u00e9galement de mes coups de c\u0153ur, mes d\u00e9couvertes litt\u00e9raires, etc. Le volet de la promotion n\u2019est pas \u00e0 n\u00e9gliger, car il est important que les blogs litt\u00e9raires deviennent des maillons importants de la chaine du livre. Il sera donc question concernant ce point, de promotion et de diffusion de la litt\u00e9rature b\u00e9ninoise dans un premier temps. Par ailleurs, l\u2019un des buts de mon blog est de rendre la litt\u00e9rature accessible \u00e0 tous surtout en termes de contenu.<\/p>\n<p><strong><em><u>BL:<\/u><\/em><\/strong> <strong><em>On est frapp\u00e9 par l\u2019humour qui se d\u00e9gage de chacune de vos publications sur votre blog. En somme, derri\u00e8re Cyr, se cache-t-il un com\u00e9dien\u00a0?<\/em><\/strong><\/p>\n<p><strong><u>CZ<\/u><\/strong><u> :<\/u> J\u2019ai plut\u00f4t le sens de l\u2019humour et j\u2019adore rire. Travailler dans la bonne humeur et avec une touche d\u2019humour rend plus productif. Enfin, j\u2019ai toujours fonctionn\u00e9 comme \u00e7a. D\u2019autre part, j\u2019avoue que j\u2019ai du mal \u00e0 lire des choses trop \u00ab\u00a0carr\u00e9es\u00a0\u00bb pour ne pas dire ennuyeuses. Ma plume est un prolongement de ma personnalit\u00e9, et c\u2019est donc \u00e0 juste titre qu\u2019elle teint ses notes d\u2019humour.<\/p>\n<p><strong><em><u>BL:<\/u><\/em><\/strong> <strong><em>Selon vous, un blog litt\u00e9raire peut-il tenir le pari d\u2019une biblioth\u00e8que\u00a0? <\/em><\/strong><\/p>\n<p><strong><u>CZ<\/u><\/strong><u> :<\/u> Je dirais plut\u00f4t oui et non. Dans un premier temps, force est de remarquer que nous vivons dans un monde de plus en plus connect\u00e9. Que ce soit la t\u00e9l\u00e9vision, la radio et autres, vous pouvez presque tout faire de nos jours sur internet. Cela enl\u00e8ve parfois l\u2019envie et m\u00eame la volont\u00e9 de se rendre dans une biblioth\u00e8que, puisque vous pouvez avoir les livres que vous voulez rien qu\u2019\u00e0 partir de Google. Le blog peut dans une certaine mesure \u00eatre une interface pour d\u00e9couvrir des livres, et m\u00eame les t\u00e9l\u00e9charger selon les cas. Rien ne peut cependant remplacer le plaisir que vous ressentez en parcourant les rayons d\u2019une biblioth\u00e8que, \u00e0 la recherche d\u2019un bon livre. Le fait de se retrouver dans la m\u00eame pi\u00e8ce que d\u2019autres lecteurs et peut \u00eatre discuter avec eux \u2018\u2019en vrai\u2019\u2019, ce n\u2019est pas pareil derri\u00e8re un \u00e9cran. En fin de compte, le blog litt\u00e9raire peut vous donner un aper\u00e7u des livres (par les comptes rendus publi\u00e9s et autres), mais je ne pense pas que cela puisse se substituer \u00e0 une biblioth\u00e8que.<\/p>\n<p><strong><em><u>BL:<\/u><\/em><\/strong> <strong><em>Comment la chaine du livre peut-elle tirer r\u00e9ellement profit d\u2019un blog litt\u00e9raire\u00a0? <\/em><\/strong><\/p>\n<p><strong><u>CZ<\/u><\/strong><u> :<\/u> La v\u00e9rit\u00e9 c\u2019est que cette chaine aura de plus en plus du mal \u00e0 se passer des blogs litt\u00e9raires. La raison est toute simple et se r\u00e9sume en un mot\u00a0: internet. Aujourd\u2019hui les gens veulent savoir \u00e0 quoi ils auront droit en achetant le livre de tel auteur ou tel autre. Que font-ils en premier\u00a0? Aller sur internet et faire une recherche par rapport \u00e0 l\u2019ouvrage en question. Ils tomberont donc sur un site (certainement un blog litt\u00e9raire) qui a d\u00e9j\u00e0 trait\u00e9 le sujet, et pr\u00e9sent\u00e9 un compte rendu de lecture \u00e0 propos du livre. Si l\u2019internaute est satisfait par ce qu\u2019il lit, la probabilit\u00e9 est donc forte qu\u2019il se rende en librairie pour acheter le livre concern\u00e9. Des fois vous entendez dire que tel auteur a publi\u00e9 un livre, mais il n\u2019y a aucune trace sur internet. C\u2019est tr\u00e8s grave et les \u00e9crivains doivent d\u00e9sormais composer avec les blogueurs litt\u00e9raires pour non seulement faire cr\u00e9er du contenu \u00e0 propos de leurs ouvrages, mais aussi pour en assurer la promotion. En somme le blogueur litt\u00e9raire est un maillon important de la chaine du livre, mais certains le savent d\u00e9j\u00e0.<\/p>\n<p><strong><em><u>BL:<\/u><\/em><\/strong> <strong><em>Le monde est en pleine mutations. Le papier a-t-il encore sa place \u00e0 cette \u00e8re du digital\u00a0?<\/em><\/strong><\/p>\n<p><strong><u>CZ<\/u><\/strong><u> :<\/u> Personnellement je pense que tant qu\u2019il y aura des arbres sur Terre, le papier aura une longue vie. Rires. Il a bien s\u00fbr sa place, mais il commence \u00e0 perdre du terrain. L\u2019id\u00e9al serait de faire \u00e9diter des versions num\u00e9riques des ouvrages et les mettre ainsi en vente, comme cela se fait dans de nombreux pays. Il y a de par le monde plusieurs plateformes num\u00e9riques d\u00e9di\u00e9es au livre. Mais m\u00eame si cela n\u2019est pas encore dans nos habitudes ici au B\u00e9nin, nous y viendrons un jour. Aujourd\u2019hui il est m\u00eame possible de cr\u00e9er chez soi, et pratiquement sans rien d\u00e9bourser, des livres en PDF, et les commercialiser. La chaine classique du livre papier est donc menac\u00e9e, mais tiendra sans doute bon. Mais jusqu\u2019\u00e0 quand\u00a0?<\/p>\n<p><strong><em><u>BL:<\/u><\/em><\/strong> <strong><em>Au po\u00e8te que vous \u00eates, qu\u2019est ce qu\u2019un enfant peut vous inspirer\u00a0? <\/em><\/strong><\/p>\n<p><strong><u>CZ<\/u><\/strong><u> :<\/u> J\u2019aime beaucoup cette citation d\u2019Ursula K. Le Guin\u00a0: \u00ab\u00a0<strong><em>Un adulte cr\u00e9atif est un enfant qui a surv\u00e9cu<\/em><\/strong>\u00a0\u00bb. Toute la cr\u00e9ativit\u00e9 dont est capable un Homme est en \u00e9troite relation avec l\u2019enfant qui vit (encore) en lui. C\u2019est beau de voir un enfant (sou)rire, jouer innocemment et tenter d\u2019imiter les grandes personnes. Personnellement, ce genre de chose me fait fondre. Ma plume n\u2019y r\u00e9siste pas et se laisse facilement emporter. J\u2019ai pas mal de po\u00e8mes \u00e0 propos des enfants, que je publierai progressivement sur <strong><em><a href=\"http:\/\/www.mondeenlettres.com\">www.mondeenlettres.com<\/a><\/em><\/strong>. En attendant, vous prendrez sans doute du plaisir \u00e0 lire ce souvenir \u00e0 propos de deux petits anges, que je raconte dans <strong><a href=\"https:\/\/mondeenlettres.com\/innocence-et-responsabilites\/\">https:\/\/mondeenlettres.com\/innocence-et-responsabilites\/<\/a>.\u00a0 <\/strong><\/p>\n<p><strong><em><u>BL:<\/u><\/em><\/strong> <strong><em>Sony Labou Tansi trouve que l\u2019acte d\u2019\u00e9crire est un acte d\u2019amour. Il faut \u00e9crire quand on a envie de le faire et non de le faire sous influence ou pression externe. Un \u00e9crivain qui r\u00eave de vivre de son art peut-il s\u2019inscrire dans cette lanc\u00e9e\u00a0? <\/em><\/strong><\/p>\n<p><strong><u>CZ<\/u><\/strong><u> :<\/u> Tout \u00e0 fait, car le lecteur sentira \u00e0 coup s\u00fbr que l\u2019\u00e9criture est forc\u00e9e. Il n\u2019aura donc aucun plaisir \u00e0 lire et cela ne pourra que se retourner contre l\u2019\u00e9crivain qui serait alors victime d\u2019une d\u00e9pr\u00e9ciation massive de son \u0153uvre. Au final, il ne pourra pas vivre de son art, mais il se retrouvera en plus avec assez d\u2019exemplaires non vendus de ses livres.<\/p>\n<p><strong><em><u>BL:<\/u><\/em><\/strong> <strong><em>Qu\u2019est ce qui vous motive \u00e0 aller de l\u2019avant\u00a0?<\/em><\/strong><\/p>\n<p>Il y a d\u2019abord ma m\u00e8re, cette v\u00e9ritable (m)amazone qui me booste dans les pires moments. Elle ne sait peut-\u00eatre pas \u00e9crire des po\u00e8mes et tout \u00e7a, mais c&rsquo;est elle qui m\u2019a appris depuis mes premiers mois \u00e0 pers\u00e9v\u00e9rer, quelles que soient les difficult\u00e9s. Et puis il y a cette citation de George Bernard Shaw\u00a0: \u00ab\u00a0<strong><em>Il y a deux trag\u00e9dies dans la vie<\/em><\/strong>. <strong><em>L\u2019une est de r\u00e9aliser ses r\u00eaves. L\u2019autre est de ne pas les r\u00e9aliser<\/em><\/strong>.\u00a0\u00bb. Personnellement je pr\u00e9f\u00e8re suivre mes r\u00eaves car ils connaissent le chemin, certainement mieux que moi-m\u00eame. Une fois \u00e0 destination, on verra bien de quelle trag\u00e9die il s\u2019agit. Rires.<\/p>\n<p><strong><em><u>BL:<\/u><\/em><\/strong> <strong><em>Quels sont vos projets\u00a0? <\/em><\/strong><\/p>\n<p><strong><u>CZ<\/u><\/strong><u> :<\/u> Continuer \u00e0 faire grandir et connaitre <strong><em>Monde en Lettres<\/em><\/strong>, ici et ailleurs. Travailler sur diff\u00e9rents projets avec les autres blogueurs (litt\u00e9raires ou non) du B\u00e9nin, et m\u00eame au del\u00e0 de nos fronti\u00e8res. Au cours des prochains mois, il y aura assez de <strong><em>Challenges Monde en Lettres<\/em><\/strong> pour faire gagner des lots aux lecteurs et partager avec eux, cette passion livresque comme le dit mon cher Eurydoce D\u00e9sir\u00e9 Godonou de <a href=\"https:\/\/saveurslivresques.com\/\"><strong>https:\/\/saveurslivresques.com\/<\/strong><\/a>.<\/p>\n<p><strong><em><u>BL:<\/u><\/em><\/strong> <strong>Votre mot de la fin<\/strong><\/p>\n<p><strong><u>CZ<\/u><\/strong><u> :<\/u> Je remercie Biscottes Litt\u00e9raires pour cette opportunit\u00e9 de faire connaitre mon blog, et reste disponible pour toute collaboration. Je vous f\u00e9licite aussi pour l\u2019excellent travail que vous abattez et vous encourage. Merci et \u00e0 pr\u00e9sent, <a href=\"http:\/\/www.mondeenlettres.com\"><strong><em>(d)\u00e9crivons le monde autrement\u2026<\/em><\/strong><\/a><\/p>\n<p>&nbsp;<\/p>\n","protected":false},"excerpt":{"rendered":"<p>Cyr ZOGO alias The Cyr est un passionn\u00e9 de tout ce qui s\u2019\u00e9crit, se lit et se dit en beaut\u00e9. Ce f\u00e9ru de mots et de lettres s\u2019est donn\u00e9 pour mission de (d)\u00e9crire le monde autrement, et il s\u2019y livre d\u2019ailleurs sur Monde en Lettres (www.mondeenlettres.com). Son blog, comme il le d\u00e9finit est celui o\u00f9 [&hellip;]<\/p>\n","protected":false},"author":1,"featured_media":0,"comment_status":"open","ping_status":"closed","sticky":false,"template":"","format":"standard","meta":[],"categories":[14],"tags":[],"yoast_head":"<!-- This site is optimized with the Yoast SEO plugin v19.0 - https:\/\/yoast.com\/wordpress\/plugins\/seo\/ -->\n<title>Interview avec Monsieur Cyr ZOGO (CZ) - Biscottes Litt\u00e9raires<\/title>\n<meta name=\"robots\" content=\"index, follow, max-snippet:-1, max-image-preview:large, max-video-preview:-1\" \/>\n<link rel=\"canonical\" href=\"https:\/\/biscotteslitteraires.com\/2021\/interview-monsieur-cyr-zogo-cz\/\" \/>\n<meta property=\"og:locale\" content=\"fr_FR\" \/>\n<meta property=\"og:type\" content=\"article\" \/>\n<meta property=\"og:title\" content=\"Interview avec Monsieur Cyr ZOGO (CZ) - Biscottes Litt\u00e9raires\" \/>\n<meta property=\"og:description\" content=\"Cyr ZOGO alias The Cyr est un passionn\u00e9 de tout ce qui s\u2019\u00e9crit, se lit et se dit en beaut\u00e9. Ce f\u00e9ru de mots et de lettres s\u2019est donn\u00e9 pour mission de (d)\u00e9crire le monde autrement, et il s\u2019y livre d\u2019ailleurs sur Monde en Lettres (www.mondeenlettres.com). Son blog, comme il le d\u00e9finit est celui o\u00f9 [&hellip;]\" \/>\n<meta property=\"og:url\" content=\"https:\/\/biscotteslitteraires.com\/2021\/interview-monsieur-cyr-zogo-cz\/\" \/>\n<meta property=\"og:site_name\" content=\"Biscottes Litt\u00e9raires\" \/>\n<meta property=\"article:publisher\" content=\"https:\/\/facebook.com\/biscotteslitterairesbenin\" \/>\n<meta property=\"article:published_time\" content=\"2018-01-28T23:21:42+00:00\" \/>\n<meta property=\"article:modified_time\" content=\"2018-01-28T23:22:57+00:00\" \/>\n<meta property=\"og:image\" content=\"http:\/\/biscotteslitteraires.com\/2021\/wp-content\/uploads\/2018\/01\/The-Cyr-1-www.mondeenlettres.com_-1024x684.jpg\" \/>\n<meta name=\"twitter:card\" content=\"summary\" \/>\n<meta name=\"twitter:label1\" content=\"\u00c9crit par\" \/>\n\t<meta name=\"twitter:data1\" content=\"biscotteslitteraires\" \/>\n\t<meta name=\"twitter:label2\" content=\"Dur\u00e9e de lecture estim\u00e9e\" \/>\n\t<meta name=\"twitter:data2\" content=\"14 minutes\" \/>\n<script type=\"application\/ld+json\" class=\"yoast-schema-graph\">{\"@context\":\"https:\/\/schema.org\",\"@graph\":[{\"@type\":\"Organization\",\"@id\":\"https:\/\/biscotteslitteraires.com\/2021\/#organization\",\"name\":\"Biscottes Litt\u00e9raires\",\"url\":\"https:\/\/biscotteslitteraires.com\/2021\/\",\"sameAs\":[\"https:\/\/facebook.com\/biscotteslitterairesbenin\"],\"logo\":{\"@type\":\"ImageObject\",\"inLanguage\":\"fr-FR\",\"@id\":\"https:\/\/biscotteslitteraires.com\/2021\/#\/schema\/logo\/image\/\",\"url\":\"https:\/\/biscotteslitteraires.com\/2021\/wp-content\/uploads\/2018\/11\/cropped-LOGO-BL-e1630101307137.jpg\",\"contentUrl\":\"https:\/\/biscotteslitteraires.com\/2021\/wp-content\/uploads\/2018\/11\/cropped-LOGO-BL-e1630101307137.jpg\",\"width\":960,\"height\":960,\"caption\":\"Biscottes Litt\u00e9raires\"},\"image\":{\"@id\":\"https:\/\/biscotteslitteraires.com\/2021\/#\/schema\/logo\/image\/\"}},{\"@type\":\"WebSite\",\"@id\":\"https:\/\/biscotteslitteraires.com\/2021\/#website\",\"url\":\"https:\/\/biscotteslitteraires.com\/2021\/\",\"name\":\"Biscottes Litt\u00e9raires\",\"description\":\"Ici nous voyagerons dans les lignes, explorerons les interlignes.\",\"publisher\":{\"@id\":\"https:\/\/biscotteslitteraires.com\/2021\/#organization\"},\"potentialAction\":[{\"@type\":\"SearchAction\",\"target\":{\"@type\":\"EntryPoint\",\"urlTemplate\":\"https:\/\/biscotteslitteraires.com\/2021\/?s={search_term_string}\"},\"query-input\":\"required name=search_term_string\"}],\"inLanguage\":\"fr-FR\"},{\"@type\":\"ImageObject\",\"inLanguage\":\"fr-FR\",\"@id\":\"https:\/\/biscotteslitteraires.com\/2021\/interview-monsieur-cyr-zogo-cz\/#primaryimage\",\"url\":\"http:\/\/biscotteslitteraires.com\/2021\/wp-content\/uploads\/2018\/01\/The-Cyr-1-www.mondeenlettres.com_-1024x684.jpg\",\"contentUrl\":\"http:\/\/biscotteslitteraires.com\/2021\/wp-content\/uploads\/2018\/01\/The-Cyr-1-www.mondeenlettres.com_-1024x684.jpg\"},{\"@type\":\"WebPage\",\"@id\":\"https:\/\/biscotteslitteraires.com\/2021\/interview-monsieur-cyr-zogo-cz\/#webpage\",\"url\":\"https:\/\/biscotteslitteraires.com\/2021\/interview-monsieur-cyr-zogo-cz\/\",\"name\":\"Interview avec Monsieur Cyr ZOGO (CZ) - Biscottes Litt\u00e9raires\",\"isPartOf\":{\"@id\":\"https:\/\/biscotteslitteraires.com\/2021\/#website\"},\"primaryImageOfPage\":{\"@id\":\"https:\/\/biscotteslitteraires.com\/2021\/interview-monsieur-cyr-zogo-cz\/#primaryimage\"},\"datePublished\":\"2018-01-28T23:21:42+00:00\",\"dateModified\":\"2018-01-28T23:22:57+00:00\",\"breadcrumb\":{\"@id\":\"https:\/\/biscotteslitteraires.com\/2021\/interview-monsieur-cyr-zogo-cz\/#breadcrumb\"},\"inLanguage\":\"fr-FR\",\"potentialAction\":[{\"@type\":\"ReadAction\",\"target\":[\"https:\/\/biscotteslitteraires.com\/2021\/interview-monsieur-cyr-zogo-cz\/\"]}]},{\"@type\":\"BreadcrumbList\",\"@id\":\"https:\/\/biscotteslitteraires.com\/2021\/interview-monsieur-cyr-zogo-cz\/#breadcrumb\",\"itemListElement\":[{\"@type\":\"ListItem\",\"position\":1,\"name\":\"Accueil\",\"item\":\"https:\/\/biscotteslitteraires.com\/2021\/\"},{\"@type\":\"ListItem\",\"position\":2,\"name\":\"Interview avec Monsieur Cyr ZOGO (CZ)\"}]},{\"@type\":\"Article\",\"@id\":\"https:\/\/biscotteslitteraires.com\/2021\/interview-monsieur-cyr-zogo-cz\/#article\",\"isPartOf\":{\"@id\":\"https:\/\/biscotteslitteraires.com\/2021\/interview-monsieur-cyr-zogo-cz\/#webpage\"},\"author\":{\"@id\":\"https:\/\/biscotteslitteraires.com\/2021\/#\/schema\/person\/a7786cb98c76c568669b36d299731946\"},\"headline\":\"Interview avec Monsieur Cyr ZOGO (CZ)\",\"datePublished\":\"2018-01-28T23:21:42+00:00\",\"dateModified\":\"2018-01-28T23:22:57+00:00\",\"mainEntityOfPage\":{\"@id\":\"https:\/\/biscotteslitteraires.com\/2021\/interview-monsieur-cyr-zogo-cz\/#webpage\"},\"wordCount\":2779,\"commentCount\":3,\"publisher\":{\"@id\":\"https:\/\/biscotteslitteraires.com\/2021\/#organization\"},\"image\":{\"@id\":\"https:\/\/biscotteslitteraires.com\/2021\/interview-monsieur-cyr-zogo-cz\/#primaryimage\"},\"thumbnailUrl\":\"http:\/\/biscotteslitteraires.com\/2021\/wp-content\/uploads\/2018\/01\/The-Cyr-1-www.mondeenlettres.com_-1024x684.jpg\",\"articleSection\":[\"interview\"],\"inLanguage\":\"fr-FR\",\"potentialAction\":[{\"@type\":\"CommentAction\",\"name\":\"Comment\",\"target\":[\"https:\/\/biscotteslitteraires.com\/2021\/interview-monsieur-cyr-zogo-cz\/#respond\"]}]},{\"@type\":\"Person\",\"@id\":\"https:\/\/biscotteslitteraires.com\/2021\/#\/schema\/person\/a7786cb98c76c568669b36d299731946\",\"name\":\"biscotteslitteraires\",\"image\":{\"@type\":\"ImageObject\",\"inLanguage\":\"fr-FR\",\"@id\":\"https:\/\/biscotteslitteraires.com\/2021\/#\/schema\/person\/image\/\",\"url\":\"https:\/\/secure.gravatar.com\/avatar\/94320ea752b93453cb48b1b2d71ada12?s=96&d=mm&r=g\",\"contentUrl\":\"https:\/\/secure.gravatar.com\/avatar\/94320ea752b93453cb48b1b2d71ada12?s=96&d=mm&r=g\",\"caption\":\"biscotteslitteraires\"},\"url\":\"https:\/\/biscotteslitteraires.com\/2021\/author\/admin\/\"}]}<\/script>\n<!-- \/ Yoast SEO plugin. -->","yoast_head_json":{"title":"Interview avec Monsieur Cyr ZOGO (CZ) - Biscottes Litt\u00e9raires","robots":{"index":"index","follow":"follow","max-snippet":"max-snippet:-1","max-image-preview":"max-image-preview:large","max-video-preview":"max-video-preview:-1"},"canonical":"https:\/\/biscotteslitteraires.com\/2021\/interview-monsieur-cyr-zogo-cz\/","og_locale":"fr_FR","og_type":"article","og_title":"Interview avec Monsieur Cyr ZOGO (CZ) - Biscottes Litt\u00e9raires","og_description":"Cyr ZOGO alias The Cyr est un passionn\u00e9 de tout ce qui s\u2019\u00e9crit, se lit et se dit en beaut\u00e9. Ce f\u00e9ru de mots et de lettres s\u2019est donn\u00e9 pour mission de (d)\u00e9crire le monde autrement, et il s\u2019y livre d\u2019ailleurs sur Monde en Lettres (www.mondeenlettres.com). Son blog, comme il le d\u00e9finit est celui o\u00f9 [&hellip;]","og_url":"https:\/\/biscotteslitteraires.com\/2021\/interview-monsieur-cyr-zogo-cz\/","og_site_name":"Biscottes Litt\u00e9raires","article_publisher":"https:\/\/facebook.com\/biscotteslitterairesbenin","article_published_time":"2018-01-28T23:21:42+00:00","article_modified_time":"2018-01-28T23:22:57+00:00","og_image":[{"url":"http:\/\/biscotteslitteraires.com\/2021\/wp-content\/uploads\/2018\/01\/The-Cyr-1-www.mondeenlettres.com_-1024x684.jpg"}],"twitter_card":"summary","twitter_misc":{"\u00c9crit par":"biscotteslitteraires","Dur\u00e9e de lecture estim\u00e9e":"14 minutes"},"schema":{"@context":"https:\/\/schema.org","@graph":[{"@type":"Organization","@id":"https:\/\/biscotteslitteraires.com\/2021\/#organization","name":"Biscottes Litt\u00e9raires","url":"https:\/\/biscotteslitteraires.com\/2021\/","sameAs":["https:\/\/facebook.com\/biscotteslitterairesbenin"],"logo":{"@type":"ImageObject","inLanguage":"fr-FR","@id":"https:\/\/biscotteslitteraires.com\/2021\/#\/schema\/logo\/image\/","url":"https:\/\/biscotteslitteraires.com\/2021\/wp-content\/uploads\/2018\/11\/cropped-LOGO-BL-e1630101307137.jpg","contentUrl":"https:\/\/biscotteslitteraires.com\/2021\/wp-content\/uploads\/2018\/11\/cropped-LOGO-BL-e1630101307137.jpg","width":960,"height":960,"caption":"Biscottes Litt\u00e9raires"},"image":{"@id":"https:\/\/biscotteslitteraires.com\/2021\/#\/schema\/logo\/image\/"}},{"@type":"WebSite","@id":"https:\/\/biscotteslitteraires.com\/2021\/#website","url":"https:\/\/biscotteslitteraires.com\/2021\/","name":"Biscottes Litt\u00e9raires","description":"Ici nous voyagerons dans les lignes, explorerons les interlignes.","publisher":{"@id":"https:\/\/biscotteslitteraires.com\/2021\/#organization"},"potentialAction":[{"@type":"SearchAction","target":{"@type":"EntryPoint","urlTemplate":"https:\/\/biscotteslitteraires.com\/2021\/?s={search_term_string}"},"query-input":"required name=search_term_string"}],"inLanguage":"fr-FR"},{"@type":"ImageObject","inLanguage":"fr-FR","@id":"https:\/\/biscotteslitteraires.com\/2021\/interview-monsieur-cyr-zogo-cz\/#primaryimage","url":"http:\/\/biscotteslitteraires.com\/2021\/wp-content\/uploads\/2018\/01\/The-Cyr-1-www.mondeenlettres.com_-1024x684.jpg","contentUrl":"http:\/\/biscotteslitteraires.com\/2021\/wp-content\/uploads\/2018\/01\/The-Cyr-1-www.mondeenlettres.com_-1024x684.jpg"},{"@type":"WebPage","@id":"https:\/\/biscotteslitteraires.com\/2021\/interview-monsieur-cyr-zogo-cz\/#webpage","url":"https:\/\/biscotteslitteraires.com\/2021\/interview-monsieur-cyr-zogo-cz\/","name":"Interview avec Monsieur Cyr ZOGO (CZ) - Biscottes Litt\u00e9raires","isPartOf":{"@id":"https:\/\/biscotteslitteraires.com\/2021\/#website"},"primaryImageOfPage":{"@id":"https:\/\/biscotteslitteraires.com\/2021\/interview-monsieur-cyr-zogo-cz\/#primaryimage"},"datePublished":"2018-01-28T23:21:42+00:00","dateModified":"2018-01-28T23:22:57+00:00","breadcrumb":{"@id":"https:\/\/biscotteslitteraires.com\/2021\/interview-monsieur-cyr-zogo-cz\/#breadcrumb"},"inLanguage":"fr-FR","potentialAction":[{"@type":"ReadAction","target":["https:\/\/biscotteslitteraires.com\/2021\/interview-monsieur-cyr-zogo-cz\/"]}]},{"@type":"BreadcrumbList","@id":"https:\/\/biscotteslitteraires.com\/2021\/interview-monsieur-cyr-zogo-cz\/#breadcrumb","itemListElement":[{"@type":"ListItem","position":1,"name":"Accueil","item":"https:\/\/biscotteslitteraires.com\/2021\/"},{"@type":"ListItem","position":2,"name":"Interview avec Monsieur Cyr ZOGO (CZ)"}]},{"@type":"Article","@id":"https:\/\/biscotteslitteraires.com\/2021\/interview-monsieur-cyr-zogo-cz\/#article","isPartOf":{"@id":"https:\/\/biscotteslitteraires.com\/2021\/interview-monsieur-cyr-zogo-cz\/#webpage"},"author":{"@id":"https:\/\/biscotteslitteraires.com\/2021\/#\/schema\/person\/a7786cb98c76c568669b36d299731946"},"headline":"Interview avec Monsieur Cyr ZOGO (CZ)","datePublished":"2018-01-28T23:21:42+00:00","dateModified":"2018-01-28T23:22:57+00:00","mainEntityOfPage":{"@id":"https:\/\/biscotteslitteraires.com\/2021\/interview-monsieur-cyr-zogo-cz\/#webpage"},"wordCount":2779,"commentCount":3,"publisher":{"@id":"https:\/\/biscotteslitteraires.com\/2021\/#organization"},"image":{"@id":"https:\/\/biscotteslitteraires.com\/2021\/interview-monsieur-cyr-zogo-cz\/#primaryimage"},"thumbnailUrl":"http:\/\/biscotteslitteraires.com\/2021\/wp-content\/uploads\/2018\/01\/The-Cyr-1-www.mondeenlettres.com_-1024x684.jpg","articleSection":["interview"],"inLanguage":"fr-FR","potentialAction":[{"@type":"CommentAction","name":"Comment","target":["https:\/\/biscotteslitteraires.com\/2021\/interview-monsieur-cyr-zogo-cz\/#respond"]}]},{"@type":"Person","@id":"https:\/\/biscotteslitteraires.com\/2021\/#\/schema\/person\/a7786cb98c76c568669b36d299731946","name":"biscotteslitteraires","image":{"@type":"ImageObject","inLanguage":"fr-FR","@id":"https:\/\/biscotteslitteraires.com\/2021\/#\/schema\/person\/image\/","url":"https:\/\/secure.gravatar.com\/avatar\/94320ea752b93453cb48b1b2d71ada12?s=96&d=mm&r=g","contentUrl":"https:\/\/secure.gravatar.com\/avatar\/94320ea752b93453cb48b1b2d71ada12?s=96&d=mm&r=g","caption":"biscotteslitteraires"},"url":"https:\/\/biscotteslitteraires.com\/2021\/author\/admin\/"}]}},"_links":{"self":[{"href":"https:\/\/biscotteslitteraires.com\/2021\/wp-json\/wp\/v2\/posts\/1909"}],"collection":[{"href":"https:\/\/biscotteslitteraires.com\/2021\/wp-json\/wp\/v2\/posts"}],"about":[{"href":"https:\/\/biscotteslitteraires.com\/2021\/wp-json\/wp\/v2\/types\/post"}],"author":[{"embeddable":true,"href":"https:\/\/biscotteslitteraires.com\/2021\/wp-json\/wp\/v2\/users\/1"}],"replies":[{"embeddable":true,"href":"https:\/\/biscotteslitteraires.com\/2021\/wp-json\/wp\/v2\/comments?post=1909"}],"version-history":[{"count":9,"href":"https:\/\/biscotteslitteraires.com\/2021\/wp-json\/wp\/v2\/posts\/1909\/revisions"}],"predecessor-version":[{"id":1920,"href":"https:\/\/biscotteslitteraires.com\/2021\/wp-json\/wp\/v2\/posts\/1909\/revisions\/1920"}],"wp:attachment":[{"href":"https:\/\/biscotteslitteraires.com\/2021\/wp-json\/wp\/v2\/media?parent=1909"}],"wp:term":[{"taxonomy":"category","embeddable":true,"href":"https:\/\/biscotteslitteraires.com\/2021\/wp-json\/wp\/v2\/categories?post=1909"},{"taxonomy":"post_tag","embeddable":true,"href":"https:\/\/biscotteslitteraires.com\/2021\/wp-json\/wp\/v2\/tags?post=1909"}],"curies":[{"name":"wp","href":"https:\/\/api.w.org\/{rel}","templated":true}]}}