{"id":393,"date":"2017-08-01T20:01:55","date_gmt":"2017-08-01T20:01:55","guid":{"rendered":"http:\/\/biscotteslitteraires.com\/2021\/?p=393"},"modified":"2017-08-03T10:26:51","modified_gmt":"2017-08-03T10:26:51","slug":"ordre-de-mission-25","status":"publish","type":"post","link":"https:\/\/biscotteslitteraires.com\/2021\/ordre-de-mission-25\/","title":{"rendered":"Ordre de mission (2\/5)"},"content":{"rendered":"<p><img loading=\"lazy\" class=\"wp-image-402 size-full aligncenter\" src=\"http:\/\/biscotteslitteraires.com\/2021\/wp-content\/uploads\/2017\/08\/ordre-de-mission-de-AKOFA-Myrtille2-5.jpg\" alt=\"\" width=\"650\" height=\"266\" srcset=\"https:\/\/biscotteslitteraires.com\/2021\/wp-content\/uploads\/2017\/08\/ordre-de-mission-de-AKOFA-Myrtille2-5.jpg 650w, https:\/\/biscotteslitteraires.com\/2021\/wp-content\/uploads\/2017\/08\/ordre-de-mission-de-AKOFA-Myrtille2-5-300x123.jpg 300w\" sizes=\"(max-width: 650px) 100vw, 650px\" \/><\/p>\n<p>Apr\u00e8s mon dipl\u00f4me en administration des territoires, j\u2019ai voulu exercer. Avoir une vie professionnelle et m\u2019\u00e9panouir en tant que femme active dans la cit\u00e9, qui apporte sa pierre \u00e0 l\u2019\u00e9dification des consciences, jouer mon r\u00f4le de citoyenne engag\u00e9e au service de ma nation, tel \u00e9tait mon r\u00eave depuis le ventre de ma m\u00e8re. Tr\u00e8s t\u00f4t, j\u2019avais pris conscience que la soci\u00e9t\u00e9 a besoin des deux mains \u2013 celle masculine et celle f\u00e9minine \u2013 pour s\u2019\u00e9panouir. Deux mains m\u00e2les autour du pot social, c\u2019est la Voie Royale des avalanches d\u2019\u00e9checs et du cycle de l\u2019\u00e9ternel recommencement. Deux mains f\u00e9minines, houm&#8230; Ce n&rsquo;est pas la panac\u00e9e non plus J\u2019ai toujours voulu travailler, montrer \u00e0 moi-m\u00eame et \u00e0 mon p\u00e8re, qu\u2019une femme est faite pour transformer la soci\u00e9t\u00e9 en ce foyer dont elle m\u00e8re. Si elle est m\u00e8re du foyer, elle le sera davantage de la cit\u00e9, \u00e9tant entendu que cette derni\u00e8re vient de ses entrailles. Mais, aujourd\u2019hui, quand j\u2019y pense, je me dis qu\u2019il a toujours fait expr\u00e8s de me d\u00e9tourner de tout. La premi\u00e8re fois, quand j\u2019essayai de trouver un boulot, il m\u2019en dissuada avec tact, arguant que j\u2019avais tout le temps pour le faire. C\u2019est vrai que nous vivions un bonheur absolu. Je ne manquais de rien et c\u2019\u00e9tait nouveau pour moi une vie de couple o\u00f9 j\u2019\u00e9tais comme ma m\u00e8re, une femme au foyer. Ma m\u00e8re me signifiait qu\u2019il fallait que j\u2019aie un travail, que je me prenne en charge financi\u00e8rement. Mais il y avait mon homme qui me couvrait de bijoux, de pagnes et d\u2019autres pr\u00e9venances que mon salaire, aussi colossal soit-il, ne pourrait jamais me procurer. Quand ma m\u00e8re revint \u00e0 la charge, insistant qu\u2019il me fallait me secouer un peu et m\u2019imposer en artisan de mon destin, je lui r\u00e9pondais vaguement que j\u2019y pensais. Deux ans apr\u00e8s une vie amoureuse bien remplie, je tombai enceinte d\u2019Ess\u00e9, mon gar\u00e7on. Nouveaux \u00e9pisodes de joie. D\u00e9termination et force. Miracle \u00e0 vivre \u00e0 deux. S\u00e8tch\u00e9, mon mari, me comblait. Je finis par croire que j\u2019\u00e9tais un \u0153uf. Son \u0153uf.<\/p>\n<p>J\u2019accouchai d\u2019Ess\u00e9 et six mois apr\u00e8s, il retourna dans l\u2019\u00e9ternit\u00e9 suite \u00e0 une simple fi\u00e8vre. Je ne pleurai pas. Je gardais le silence et je dormais tout le temps avec le doudou de mon fils. Je voulais juste oublier et qu\u2019on ne me rappelle pas que mon fils n\u2019\u00e9tait plus l\u00e0. S\u00e8tch\u00e9 faisait tout pour que je reprenne vie et courage. Il souhaitait qu\u2019on voyage, ou que tout au moins je piaillasse comme \u00e0 mon habitude. Mais des choses avaient chang\u00e9 en moi. Bien des ressorts avaient \u00e9t\u00e9 bris\u00e9s en moi. La musique m\u2019ennuyait d\u00e9sormais au grand d\u00e9sespoir de mon ange de mari qui se d\u00e9solait de ce que les po\u00e8mes qu\u2019il \u00e9crivait pour moi n\u2019avaient plus aucun effet\u00a0; j\u2019\u00e9tais devenue insensible, insipide, impassible. Je ne voulais qu\u2019une seule chose\u00a0: que mon petit Ess\u00e9 me revienne, qu\u2019il se blottisse contre mon sein, que je le r\u00e9chauffe dans mes bras, qu\u2019il pleure et que je console, qu\u2019il me sourie et continue de m\u2019apprendre que sa joie de vivre, c\u2019est d\u2019\u00eatre en s\u00e9curit\u00e9 entre mes bras. Je veux le pouponner, lui chanter des berceuses, le lancer et le rattraper, passer mon temps \u00e0 lui faire des confidences. Son innocence me manque, sa candeur me manque et ce silence o\u00f9 il est \u00e0 jamais descendu me remplit la t\u00eate de bruits in\u00e9narrables. Il allait d\u00e9j\u00e0 \u00e0 quatre pattes, et je m\u2019amusais \u00e0 l\u2019appeler mon \u00ab\u00a0mille pattes.\u00a0\u00bb Il fit une fi\u00e8vre. Aussit\u00f4t, je l\u2019amenai \u00e0 l\u2019h\u00f4pital. L\u2019agent de sant\u00e9 me le prit des bras. Il braillait et se d\u00e9menait de toutes ses forces. Je ne savais pas qu\u2019il luttait d\u00e9j\u00e0 contre la mort. On le mit sous perfusion, apr\u00e8s lui avoir fait certaines injections. C\u2019est bien plus tard que je me rendis compte que l\u2019homme en blouse n\u2019avait pris ni sa temp\u00e9rature, ni son pouls ni sa tension. Mon fils gigotait comme un vers sur la braise. Le malheur voulut que je tombassa sur cet apprenti sorcier qui avait pr\u00e9cipit\u00e9 mon fils au s\u00e9jour des morts. Sinon, pourquoi ne m\u2019a-t-il jamais retourn\u00e9 le carnet de soin de mon b\u00e9b\u00e9\u00a0? Quel traitement lui a-t-il administr\u00e9\u00a0? J\u2019amenai mon b\u00e9b\u00e9 \u00e0 l\u2019h\u00f4pital vivant, et en revint avec son cadavre. Amertume. Douleurs sans nombres. La vie n\u2019avait plus de sens pour moi. Une partie de moi \u00e9tait enterr\u00e9 avec Ess\u00e9. La lecture ne me le fit pas oublier. Ni les consolations des proches et amis. Ni la tendresse de mon mari. Rien. Une seule chose m\u2019int\u00e9ressait. Sortir de ces quatre murs et n\u2019en revenir que le soir pour pleurer mon b\u00e9b\u00e9. S\u2019\u00e9tait impos\u00e9 \u00e0 moi le vif d\u00e9sir de me secouer, comme le disait maman.<\/p>\n<p>&#8211; Une femme qui ne se secoue pas ne saurait \u00eatre un secours pour le monde. L\u2019inanit\u00e9 est le tombeau o\u00f9 croupit cette g\u00e9n\u00e9ration pourtant ambitieuse qui nourrit des r\u00eaves fous qu\u2019il entend r\u00e9aliser en siphonnant les acquis des autres. Si tu ne travailles pas, ma fille, tu es un cadavre ambulant\u00a0; car le jour o\u00f9 la source qui te comble aujourd\u2019hui va tarir, tu p\u00e9riras \u00e0 coup s\u00fbr&#8230;<\/p>\n<p><em><strong>\u2026 A suivre.<\/strong><\/em><\/p>\n<p><em><strong>AKOFA Myrtille.<\/strong><\/em><\/p>\n","protected":false},"excerpt":{"rendered":"<p>Apr\u00e8s mon dipl\u00f4me en administration des territoires, j\u2019ai voulu exercer. Avoir une vie professionnelle et m\u2019\u00e9panouir en tant que femme active dans la cit\u00e9, qui apporte sa pierre \u00e0 l\u2019\u00e9dification des consciences, jouer mon r\u00f4le de citoyenne engag\u00e9e au service de ma nation, tel \u00e9tait mon r\u00eave depuis le ventre de ma m\u00e8re. Tr\u00e8s t\u00f4t, [&hellip;]<\/p>\n","protected":false},"author":1,"featured_media":0,"comment_status":"open","ping_status":"open","sticky":false,"template":"","format":"standard","meta":[],"categories":[1],"tags":[],"yoast_head":"<!-- This site is optimized with the Yoast SEO plugin v19.0 - https:\/\/yoast.com\/wordpress\/plugins\/seo\/ -->\n<title>Ordre de mission (2\/5) - Biscottes Litt\u00e9raires<\/title>\n<meta name=\"robots\" content=\"index, follow, max-snippet:-1, max-image-preview:large, max-video-preview:-1\" \/>\n<link rel=\"canonical\" href=\"https:\/\/biscotteslitteraires.com\/2021\/ordre-de-mission-25\/\" \/>\n<meta property=\"og:locale\" content=\"fr_FR\" \/>\n<meta property=\"og:type\" content=\"article\" \/>\n<meta property=\"og:title\" content=\"Ordre de mission (2\/5) - Biscottes Litt\u00e9raires\" \/>\n<meta property=\"og:description\" content=\"Apr\u00e8s mon dipl\u00f4me en administration des territoires, j\u2019ai voulu exercer. Avoir une vie professionnelle et m\u2019\u00e9panouir en tant que femme active dans la cit\u00e9, qui apporte sa pierre \u00e0 l\u2019\u00e9dification des consciences, jouer mon r\u00f4le de citoyenne engag\u00e9e au service de ma nation, tel \u00e9tait mon r\u00eave depuis le ventre de ma m\u00e8re. Tr\u00e8s t\u00f4t, [&hellip;]\" \/>\n<meta property=\"og:url\" content=\"https:\/\/biscotteslitteraires.com\/2021\/ordre-de-mission-25\/\" \/>\n<meta property=\"og:site_name\" content=\"Biscottes Litt\u00e9raires\" \/>\n<meta property=\"article:publisher\" content=\"https:\/\/facebook.com\/biscotteslitterairesbenin\" \/>\n<meta property=\"article:published_time\" content=\"2017-08-01T20:01:55+00:00\" \/>\n<meta property=\"article:modified_time\" content=\"2017-08-03T10:26:51+00:00\" \/>\n<meta property=\"og:image\" content=\"http:\/\/biscotteslitteraires.com\/2021\/wp-content\/uploads\/2017\/08\/ordre-de-mission-de-AKOFA-Myrtille2-5.jpg\" \/>\n<meta name=\"twitter:card\" content=\"summary\" \/>\n<meta name=\"twitter:label1\" content=\"\u00c9crit par\" \/>\n\t<meta name=\"twitter:data1\" content=\"biscotteslitteraires\" \/>\n\t<meta name=\"twitter:label2\" content=\"Dur\u00e9e de lecture estim\u00e9e\" \/>\n\t<meta name=\"twitter:data2\" content=\"5 minutes\" \/>\n<script type=\"application\/ld+json\" class=\"yoast-schema-graph\">{\"@context\":\"https:\/\/schema.org\",\"@graph\":[{\"@type\":\"Organization\",\"@id\":\"https:\/\/biscotteslitteraires.com\/2021\/#organization\",\"name\":\"Biscottes Litt\u00e9raires\",\"url\":\"https:\/\/biscotteslitteraires.com\/2021\/\",\"sameAs\":[\"https:\/\/facebook.com\/biscotteslitterairesbenin\"],\"logo\":{\"@type\":\"ImageObject\",\"inLanguage\":\"fr-FR\",\"@id\":\"https:\/\/biscotteslitteraires.com\/2021\/#\/schema\/logo\/image\/\",\"url\":\"https:\/\/biscotteslitteraires.com\/2021\/wp-content\/uploads\/2018\/11\/cropped-LOGO-BL-e1630101307137.jpg\",\"contentUrl\":\"https:\/\/biscotteslitteraires.com\/2021\/wp-content\/uploads\/2018\/11\/cropped-LOGO-BL-e1630101307137.jpg\",\"width\":960,\"height\":960,\"caption\":\"Biscottes Litt\u00e9raires\"},\"image\":{\"@id\":\"https:\/\/biscotteslitteraires.com\/2021\/#\/schema\/logo\/image\/\"}},{\"@type\":\"WebSite\",\"@id\":\"https:\/\/biscotteslitteraires.com\/2021\/#website\",\"url\":\"https:\/\/biscotteslitteraires.com\/2021\/\",\"name\":\"Biscottes Litt\u00e9raires\",\"description\":\"Ici nous voyagerons dans les lignes, explorerons les interlignes.\",\"publisher\":{\"@id\":\"https:\/\/biscotteslitteraires.com\/2021\/#organization\"},\"potentialAction\":[{\"@type\":\"SearchAction\",\"target\":{\"@type\":\"EntryPoint\",\"urlTemplate\":\"https:\/\/biscotteslitteraires.com\/2021\/?s={search_term_string}\"},\"query-input\":\"required name=search_term_string\"}],\"inLanguage\":\"fr-FR\"},{\"@type\":\"ImageObject\",\"inLanguage\":\"fr-FR\",\"@id\":\"https:\/\/biscotteslitteraires.com\/2021\/ordre-de-mission-25\/#primaryimage\",\"url\":\"http:\/\/biscotteslitteraires.com\/2021\/wp-content\/uploads\/2017\/08\/ordre-de-mission-de-AKOFA-Myrtille2-5.jpg\",\"contentUrl\":\"http:\/\/biscotteslitteraires.com\/2021\/wp-content\/uploads\/2017\/08\/ordre-de-mission-de-AKOFA-Myrtille2-5.jpg\"},{\"@type\":\"WebPage\",\"@id\":\"https:\/\/biscotteslitteraires.com\/2021\/ordre-de-mission-25\/#webpage\",\"url\":\"https:\/\/biscotteslitteraires.com\/2021\/ordre-de-mission-25\/\",\"name\":\"Ordre de mission (2\/5) - Biscottes Litt\u00e9raires\",\"isPartOf\":{\"@id\":\"https:\/\/biscotteslitteraires.com\/2021\/#website\"},\"primaryImageOfPage\":{\"@id\":\"https:\/\/biscotteslitteraires.com\/2021\/ordre-de-mission-25\/#primaryimage\"},\"datePublished\":\"2017-08-01T20:01:55+00:00\",\"dateModified\":\"2017-08-03T10:26:51+00:00\",\"breadcrumb\":{\"@id\":\"https:\/\/biscotteslitteraires.com\/2021\/ordre-de-mission-25\/#breadcrumb\"},\"inLanguage\":\"fr-FR\",\"potentialAction\":[{\"@type\":\"ReadAction\",\"target\":[\"https:\/\/biscotteslitteraires.com\/2021\/ordre-de-mission-25\/\"]}]},{\"@type\":\"BreadcrumbList\",\"@id\":\"https:\/\/biscotteslitteraires.com\/2021\/ordre-de-mission-25\/#breadcrumb\",\"itemListElement\":[{\"@type\":\"ListItem\",\"position\":1,\"name\":\"Accueil\",\"item\":\"https:\/\/biscotteslitteraires.com\/2021\/\"},{\"@type\":\"ListItem\",\"position\":2,\"name\":\"Ordre de mission (2\/5)\"}]},{\"@type\":\"Article\",\"@id\":\"https:\/\/biscotteslitteraires.com\/2021\/ordre-de-mission-25\/#article\",\"isPartOf\":{\"@id\":\"https:\/\/biscotteslitteraires.com\/2021\/ordre-de-mission-25\/#webpage\"},\"author\":{\"@id\":\"https:\/\/biscotteslitteraires.com\/2021\/#\/schema\/person\/a7786cb98c76c568669b36d299731946\"},\"headline\":\"Ordre de mission (2\/5)\",\"datePublished\":\"2017-08-01T20:01:55+00:00\",\"dateModified\":\"2017-08-03T10:26:51+00:00\",\"mainEntityOfPage\":{\"@id\":\"https:\/\/biscotteslitteraires.com\/2021\/ordre-de-mission-25\/#webpage\"},\"wordCount\":963,\"commentCount\":4,\"publisher\":{\"@id\":\"https:\/\/biscotteslitteraires.com\/2021\/#organization\"},\"image\":{\"@id\":\"https:\/\/biscotteslitteraires.com\/2021\/ordre-de-mission-25\/#primaryimage\"},\"thumbnailUrl\":\"http:\/\/biscotteslitteraires.com\/2021\/wp-content\/uploads\/2017\/08\/ordre-de-mission-de-AKOFA-Myrtille2-5.jpg\",\"articleSection\":[\"Uncategorized\"],\"inLanguage\":\"fr-FR\",\"potentialAction\":[{\"@type\":\"CommentAction\",\"name\":\"Comment\",\"target\":[\"https:\/\/biscotteslitteraires.com\/2021\/ordre-de-mission-25\/#respond\"]}]},{\"@type\":\"Person\",\"@id\":\"https:\/\/biscotteslitteraires.com\/2021\/#\/schema\/person\/a7786cb98c76c568669b36d299731946\",\"name\":\"biscotteslitteraires\",\"image\":{\"@type\":\"ImageObject\",\"inLanguage\":\"fr-FR\",\"@id\":\"https:\/\/biscotteslitteraires.com\/2021\/#\/schema\/person\/image\/\",\"url\":\"https:\/\/secure.gravatar.com\/avatar\/94320ea752b93453cb48b1b2d71ada12?s=96&d=mm&r=g\",\"contentUrl\":\"https:\/\/secure.gravatar.com\/avatar\/94320ea752b93453cb48b1b2d71ada12?s=96&d=mm&r=g\",\"caption\":\"biscotteslitteraires\"},\"url\":\"https:\/\/biscotteslitteraires.com\/2021\/author\/admin\/\"}]}<\/script>\n<!-- \/ Yoast SEO plugin. -->","yoast_head_json":{"title":"Ordre de mission (2\/5) - Biscottes Litt\u00e9raires","robots":{"index":"index","follow":"follow","max-snippet":"max-snippet:-1","max-image-preview":"max-image-preview:large","max-video-preview":"max-video-preview:-1"},"canonical":"https:\/\/biscotteslitteraires.com\/2021\/ordre-de-mission-25\/","og_locale":"fr_FR","og_type":"article","og_title":"Ordre de mission (2\/5) - Biscottes Litt\u00e9raires","og_description":"Apr\u00e8s mon dipl\u00f4me en administration des territoires, j\u2019ai voulu exercer. Avoir une vie professionnelle et m\u2019\u00e9panouir en tant que femme active dans la cit\u00e9, qui apporte sa pierre \u00e0 l\u2019\u00e9dification des consciences, jouer mon r\u00f4le de citoyenne engag\u00e9e au service de ma nation, tel \u00e9tait mon r\u00eave depuis le ventre de ma m\u00e8re. Tr\u00e8s t\u00f4t, [&hellip;]","og_url":"https:\/\/biscotteslitteraires.com\/2021\/ordre-de-mission-25\/","og_site_name":"Biscottes Litt\u00e9raires","article_publisher":"https:\/\/facebook.com\/biscotteslitterairesbenin","article_published_time":"2017-08-01T20:01:55+00:00","article_modified_time":"2017-08-03T10:26:51+00:00","og_image":[{"url":"http:\/\/biscotteslitteraires.com\/2021\/wp-content\/uploads\/2017\/08\/ordre-de-mission-de-AKOFA-Myrtille2-5.jpg"}],"twitter_card":"summary","twitter_misc":{"\u00c9crit par":"biscotteslitteraires","Dur\u00e9e de lecture estim\u00e9e":"5 minutes"},"schema":{"@context":"https:\/\/schema.org","@graph":[{"@type":"Organization","@id":"https:\/\/biscotteslitteraires.com\/2021\/#organization","name":"Biscottes Litt\u00e9raires","url":"https:\/\/biscotteslitteraires.com\/2021\/","sameAs":["https:\/\/facebook.com\/biscotteslitterairesbenin"],"logo":{"@type":"ImageObject","inLanguage":"fr-FR","@id":"https:\/\/biscotteslitteraires.com\/2021\/#\/schema\/logo\/image\/","url":"https:\/\/biscotteslitteraires.com\/2021\/wp-content\/uploads\/2018\/11\/cropped-LOGO-BL-e1630101307137.jpg","contentUrl":"https:\/\/biscotteslitteraires.com\/2021\/wp-content\/uploads\/2018\/11\/cropped-LOGO-BL-e1630101307137.jpg","width":960,"height":960,"caption":"Biscottes Litt\u00e9raires"},"image":{"@id":"https:\/\/biscotteslitteraires.com\/2021\/#\/schema\/logo\/image\/"}},{"@type":"WebSite","@id":"https:\/\/biscotteslitteraires.com\/2021\/#website","url":"https:\/\/biscotteslitteraires.com\/2021\/","name":"Biscottes Litt\u00e9raires","description":"Ici nous voyagerons dans les lignes, explorerons les interlignes.","publisher":{"@id":"https:\/\/biscotteslitteraires.com\/2021\/#organization"},"potentialAction":[{"@type":"SearchAction","target":{"@type":"EntryPoint","urlTemplate":"https:\/\/biscotteslitteraires.com\/2021\/?s={search_term_string}"},"query-input":"required name=search_term_string"}],"inLanguage":"fr-FR"},{"@type":"ImageObject","inLanguage":"fr-FR","@id":"https:\/\/biscotteslitteraires.com\/2021\/ordre-de-mission-25\/#primaryimage","url":"http:\/\/biscotteslitteraires.com\/2021\/wp-content\/uploads\/2017\/08\/ordre-de-mission-de-AKOFA-Myrtille2-5.jpg","contentUrl":"http:\/\/biscotteslitteraires.com\/2021\/wp-content\/uploads\/2017\/08\/ordre-de-mission-de-AKOFA-Myrtille2-5.jpg"},{"@type":"WebPage","@id":"https:\/\/biscotteslitteraires.com\/2021\/ordre-de-mission-25\/#webpage","url":"https:\/\/biscotteslitteraires.com\/2021\/ordre-de-mission-25\/","name":"Ordre de mission (2\/5) - Biscottes Litt\u00e9raires","isPartOf":{"@id":"https:\/\/biscotteslitteraires.com\/2021\/#website"},"primaryImageOfPage":{"@id":"https:\/\/biscotteslitteraires.com\/2021\/ordre-de-mission-25\/#primaryimage"},"datePublished":"2017-08-01T20:01:55+00:00","dateModified":"2017-08-03T10:26:51+00:00","breadcrumb":{"@id":"https:\/\/biscotteslitteraires.com\/2021\/ordre-de-mission-25\/#breadcrumb"},"inLanguage":"fr-FR","potentialAction":[{"@type":"ReadAction","target":["https:\/\/biscotteslitteraires.com\/2021\/ordre-de-mission-25\/"]}]},{"@type":"BreadcrumbList","@id":"https:\/\/biscotteslitteraires.com\/2021\/ordre-de-mission-25\/#breadcrumb","itemListElement":[{"@type":"ListItem","position":1,"name":"Accueil","item":"https:\/\/biscotteslitteraires.com\/2021\/"},{"@type":"ListItem","position":2,"name":"Ordre de mission (2\/5)"}]},{"@type":"Article","@id":"https:\/\/biscotteslitteraires.com\/2021\/ordre-de-mission-25\/#article","isPartOf":{"@id":"https:\/\/biscotteslitteraires.com\/2021\/ordre-de-mission-25\/#webpage"},"author":{"@id":"https:\/\/biscotteslitteraires.com\/2021\/#\/schema\/person\/a7786cb98c76c568669b36d299731946"},"headline":"Ordre de mission (2\/5)","datePublished":"2017-08-01T20:01:55+00:00","dateModified":"2017-08-03T10:26:51+00:00","mainEntityOfPage":{"@id":"https:\/\/biscotteslitteraires.com\/2021\/ordre-de-mission-25\/#webpage"},"wordCount":963,"commentCount":4,"publisher":{"@id":"https:\/\/biscotteslitteraires.com\/2021\/#organization"},"image":{"@id":"https:\/\/biscotteslitteraires.com\/2021\/ordre-de-mission-25\/#primaryimage"},"thumbnailUrl":"http:\/\/biscotteslitteraires.com\/2021\/wp-content\/uploads\/2017\/08\/ordre-de-mission-de-AKOFA-Myrtille2-5.jpg","articleSection":["Uncategorized"],"inLanguage":"fr-FR","potentialAction":[{"@type":"CommentAction","name":"Comment","target":["https:\/\/biscotteslitteraires.com\/2021\/ordre-de-mission-25\/#respond"]}]},{"@type":"Person","@id":"https:\/\/biscotteslitteraires.com\/2021\/#\/schema\/person\/a7786cb98c76c568669b36d299731946","name":"biscotteslitteraires","image":{"@type":"ImageObject","inLanguage":"fr-FR","@id":"https:\/\/biscotteslitteraires.com\/2021\/#\/schema\/person\/image\/","url":"https:\/\/secure.gravatar.com\/avatar\/94320ea752b93453cb48b1b2d71ada12?s=96&d=mm&r=g","contentUrl":"https:\/\/secure.gravatar.com\/avatar\/94320ea752b93453cb48b1b2d71ada12?s=96&d=mm&r=g","caption":"biscotteslitteraires"},"url":"https:\/\/biscotteslitteraires.com\/2021\/author\/admin\/"}]}},"_links":{"self":[{"href":"https:\/\/biscotteslitteraires.com\/2021\/wp-json\/wp\/v2\/posts\/393"}],"collection":[{"href":"https:\/\/biscotteslitteraires.com\/2021\/wp-json\/wp\/v2\/posts"}],"about":[{"href":"https:\/\/biscotteslitteraires.com\/2021\/wp-json\/wp\/v2\/types\/post"}],"author":[{"embeddable":true,"href":"https:\/\/biscotteslitteraires.com\/2021\/wp-json\/wp\/v2\/users\/1"}],"replies":[{"embeddable":true,"href":"https:\/\/biscotteslitteraires.com\/2021\/wp-json\/wp\/v2\/comments?post=393"}],"version-history":[{"count":4,"href":"https:\/\/biscotteslitteraires.com\/2021\/wp-json\/wp\/v2\/posts\/393\/revisions"}],"predecessor-version":[{"id":404,"href":"https:\/\/biscotteslitteraires.com\/2021\/wp-json\/wp\/v2\/posts\/393\/revisions\/404"}],"wp:attachment":[{"href":"https:\/\/biscotteslitteraires.com\/2021\/wp-json\/wp\/v2\/media?parent=393"}],"wp:term":[{"taxonomy":"category","embeddable":true,"href":"https:\/\/biscotteslitteraires.com\/2021\/wp-json\/wp\/v2\/categories?post=393"},{"taxonomy":"post_tag","embeddable":true,"href":"https:\/\/biscotteslitteraires.com\/2021\/wp-json\/wp\/v2\/tags?post=393"}],"curies":[{"name":"wp","href":"https:\/\/api.w.org\/{rel}","templated":true}]}}