{"id":4500,"date":"2018-11-07T14:23:20","date_gmt":"2018-11-07T14:23:20","guid":{"rendered":"http:\/\/biscotteslitteraires.com\/2021\/?p=4500"},"modified":"2018-11-08T09:52:09","modified_gmt":"2018-11-08T09:52:09","slug":"journee-internationale-de-lecrivain-africain-celebration-de-plus","status":"publish","type":"post","link":"https:\/\/biscotteslitteraires.com\/2021\/journee-internationale-de-lecrivain-africain-celebration-de-plus\/","title":{"rendered":"\u00ab\u00a0JOURN\u00c9E INTERNATIONALE DE L\u2019\u00c9CRIVAIN AFRICAIN\u00a0\u00bb: ENCORE UNE C\u00c9L\u00c9BRATION DE PLUS?"},"content":{"rendered":"<p>Depuis 1992, est c\u00e9l\u00e9br\u00e9e le 07 Novembre de chaque ann\u00e9e la \u00ab\u00a0<em><strong>JOURN\u00c9E INTERNATIONALE DE L\u2019\u00c9CRIVAIN AFRICAIN\u00bb<\/strong><\/em>. L&rsquo;occasion est ainsi donn\u00e9e aux \u00e9crivains de discuter autour du livre africain, d&rsquo;exposer leurs difficult\u00e9s et de partager leurs certitudes d&rsquo;esp\u00e9rance pour un lendemain meilleur des lettres africaines. L&rsquo;initiative est belle en soi et tr\u00e8s noble quand on sait qu&rsquo;elle a un arri\u00e8re-fond f\u00e9d\u00e9rateur. Ils sont conscients que de leur union d\u00e9pendra leur force, s&rsquo;ils veulent impacter le d\u00e9veloppement du Berceau de l&rsquo;Humanit\u00e9. Ainsi, du Caire au Cap, de Mogadiscio \u00e0 Banjul en passant par Dakar, Abidjan, Accra, Brazzaville et Kinshasa, dans chaque pays africain, les hommes de lettres, en ce jour du 07 Novembre, auront \u00e0 r\u00e9fl\u00e9chir sur l&rsquo;avenir de la litt\u00e9rature sur le continent noir. Cet exercice, ils le font depuis 1992. Depuis plus de 25 ans, ils se r\u00e9unissent pour ausculter les plaies de la litt\u00e9rature et penser \u00e0 leur pansement. Et pourtant l&rsquo;on pourrait se demander : \u00ab\u00a0<strong><em>Au fond, qu&rsquo;est-ce qui a fondamentalement chang\u00e9? A quoi \u00e7a sert de se r\u00e9unir chaque fois si \u00e0 la fin, il faut retourner \u00e0 la case d\u00e9part?<\/em><\/strong>\u00a0\u00bb Ces questions qui traduisent un certain pessimisme, expriment aussi cette volont\u00e9 de voir les choses \u00e9voluer, de nous voir bousculer certaines pesanteurs faites de pass\u00e9isme et de fixisme qui privil\u00e9gient les zones et confort et abhorrent toute id\u00e9e novatrice. Ces questions rendent en effet compte de cet ardent d\u00e9sir de voir l&rsquo;\u00e9crivain africain repositionn\u00e9 \u00e0 son poste de veilleur et d&rsquo;\u00e9veilleur de conscience, de proph\u00e8te et de t\u00e9moin.<\/p>\n<p>Mais est-ce pour autant vrai que rien ne bouge? Certes, une certaine impatience peut obstruer la vue sur ce qui se fait et ignorer que n&rsquo;eussent \u00e9t\u00e9 ses poils, l&rsquo;on constatera clairement que le gorille transpire. Il faut \u00eatre honn\u00eate et reconna\u00eetre que \u00ab quelque chose \u00bb se fait et que \u00ab les choses \u00e9voluent petitement \u00bb, m\u00eame s&rsquo;il ne faut pas le mettre directement \u00e0 l&rsquo;actif de la\u00a0 \u00ab\u00a0<em><strong>JOURN\u00c9E INTERNATIONALE DE L\u2019\u00c9CRIVAIN AFRICAIN\u00bb<\/strong><\/em>, ni des organismes publics \u00e0 charge de la question du livre et de la litt\u00e9rature.\u00a0 A la v\u00e9rit\u00e9, ces dix derni\u00e8res ann\u00e9es, on a \u00a0vu l&rsquo;explosion de belles initiatives multiples et multiformes en faveur de la litt\u00e9rature africaine. Que ce soit la multiplication des blogs litt\u00e9raires, l&rsquo;\u00e9mergence de nouvelles maisons d&rsquo;\u00e9dition, des foires, des salons et des caravanes du livre, la naissance des librairies, des clubs de lecture et des biblioth\u00e8ques, la cr\u00e9ation d&rsquo;\u00e9v\u00e9nements et de Prix litt\u00e9raires, il est heureux de remarquer que la jeunesse entend jouer sa partition et occuper une place que sciemment ou non, certains organes ou institutions ont abandonn\u00e9e. On pensera \u00e0 la <a href=\"https:\/\/www.lacenelitteraire.com\/\">CENE LITTERAIRE<\/a>, au <a href=\"https:\/\/misslitterature.net\/\">Concours Miss Litt\u00e9rature<\/a> de Carmen TOUDONOU, une premi\u00e8re en Afrique, \u00e0 l&rsquo;initiative des Biblioth\u00e8ques solidaires de <a href=\"https:\/\/www.facebook.com\/colince.yan\">Yann Colince<\/a>, aux <a href=\"http:\/\/fondationzinsou.org\/\">mini-biblioth\u00e8ques de la Fondation ZINSOU<\/a>, etc. La jeunesse, sensible \u00e0 la question, sans plus attendre n\u00e9cessairement un \u00ab\u00a0Bon Samaritain\u00a0\u00bb ou un \u00ab\u00a0Simon de Cyr\u00e8ne\u00a0\u00bb, prend ses responsabilit\u00e9s et joue ainsi au sapeur-pompier en apportant son secours et son assistance \u00e0 la promotion du livre en Afrique. De ce fait, implicitement et m\u00eame sans s\u2019en rendre compte, elle force la main aux instances qui devraient s\u2019occuper de la question, si du moins elles le veulent.<\/p>\n<p>On l&rsquo;a souvent ressass\u00e9, la litt\u00e9rature n&rsquo;est pas toujours la priorit\u00e9 des structures en charge de la culture. Et pourtant sont organis\u00e9s \u00e7\u00e0-et-l\u00e0, des ateliers de r\u00e9flexion sur la litt\u00e9rature. Doit-on en conclure qu&rsquo;il s&rsquo;agit l\u00e0 d&rsquo;une sainte farce, une sin\u00e9cure, une supercherie? L&rsquo;heure n&rsquo;est pas au d\u00e9sespoir. En initiant en 1992 la\u00a0 \u00ab\u00a0<em><strong>JOURN\u00c9E INTERNATIONALE DE L\u2019\u00c9CRIVAIN AFRICAIN\u00bb<\/strong><\/em>, la PAWA (Panafrican Writers Association) comptait justement dynamiser le secteur du livre en Afrique en incitant sans rel\u00e2che les pouvoirs publics \u00e0 faire du livre un maillon essentiel dans le d\u00e9veloppement de l&rsquo;Afrique. L&rsquo;on comprend alors pourquoi, pour la c\u00e9l\u00e9bration de cette 26 \u00e8me \u00e9dition de la \u00ab\u00a0<em><strong>JOURN\u00c9E INTERNATIONALE DE L\u2019\u00c9CRIVAIN AFRICAIN\u00bb<\/strong><\/em>, l&rsquo;AES (Association des Ecrivains du S\u00e9n\u00e9gal) a pens\u00e9 r\u00e9fl\u00e9chir sur le th\u00e8me : \u00ab\u00a0<strong><em>Litt\u00e9rature, D\u00e9mocratie et Pouvoir<\/em><\/strong>\u00ab\u00a0.\u00a0Voici ce qu&rsquo;en dit Moumar Gu\u00e8ye, membre du Comit\u00e9 d&rsquo;organisation\u00a0 : \u00ab\u00a0<strong><em>A chaque fois que nous nous r\u00e9unissons, nous essayons d&rsquo;intervenir dans la marche de notre pays. Une litt\u00e9rature contribue \u00e0 \u00e9veiller les consciences, \u00e0 alerter \u00e0 chaque fois que cela est n\u00e9cessaire parce que nous avons un r\u00f4le \u00e0 jouer dans la d\u00e9mocratie de nos peuples car la d\u00e9mocratie, ce n&rsquo;est pas l&rsquo;anarchie\u00bb<\/em><\/strong>. Il est clair que la Journ\u00e9e Internationale de l&rsquo;Ecrivain Africain n&rsquo;est pas une journ\u00e9e de trop. Mais une question demeure : \u00ab\u00a0Quelle importance accorde-t-on \u00e0 l&rsquo;Ecrivain Africain, plus particuli\u00e8rement, b\u00e9ninois\u00a0\u00bb?<\/p>\n<p>Nous n&rsquo;allons pas \u00e9voquer ici Sony Labou Tansi, mort presque dans le d\u00e9nuement. Nous n&rsquo;\u00e9voquerons pas Yambo OUOLEGUEM. Nous nous refusons volontairement de citer cette chronique de <a href=\"http:\/\/www.rfi.fr\/auteur\/mandana-parsi\/\">Mandana Parsi<\/a>, sur RFI : \u00ab\u00a0<strong><em>Une jeune femme \u00e9tant longtemps sortie avec un auteur m\u2019a confi\u00e9 son d\u00e9sarroi.<\/em><\/strong> \u00ab<em>\u00a0<strong>Les \u00e9crivains rest\u00e9s au pays sont prol\u00e9taris\u00e9s. Ils n\u2019ont rien. Il vaut mieux sortir avec des footballeurs ou des hommes politiques. C\u2019est un bon investissement\u2026 Mais vraiment les \u00e9crivains ne valent pas le coup. Et en plus ils sont compliqu\u00e9s. Ce sont des \u00e9gocentriques. Ils ne parlent que d\u2019eux et de leurs probl\u00e8mes\u00a0<\/strong><\/em><strong>\u00bb, estime cette ambitieuse Lagotienne. Elle ajoute\u00a0: \u00ab<em>\u00a0Ce sont des pauvres types, condamn\u00e9s \u00e0 la mis\u00e8re, donc au malheur\u2026 Les \u00e9crivains, il les faut les \u00e9viter comme la peste<\/em><\/strong><em>\u00a0<\/em>\u00bb.<a href=\"#_ftn1\" name=\"_ftnref1\">[1]<\/a><\/p>\n<p>Plus pr\u00e8s de nous, dans l&rsquo;interview qu&rsquo;il nous a accord\u00e9e, Augustin Y. TOSSOU affirmait que : \u00ab\u00a0<strong><em>L\u2019\u00e9crivain est un d\u00e9biteur permanent qui a constamment \u00e0 ses trousses \u00e9diteurs et imprimeurs\u00bb<\/em><\/strong>. Cette d\u00e9claration pleine d&rsquo;hyperbole, certes, est pourtant d&rsquo;un r\u00e9alisme patent. L&rsquo;\u00e9crivain sous nos cieux est un vendeur ambulant, condamn\u00e9 \u00e0 parcourir les rues et ruelles de nos villes et campagnes, les bras charg\u00e9s de ses livres, prenant d&rsquo;assaut \u00e9coles et coll\u00e8ges, qu\u00eatant la bonhomie du Directeur pour pr\u00e9senter ses articles et en vendre quelques-uns afin de s&rsquo;assurer sa pitance. <a href=\"#_ftn2\" name=\"_ftnref2\">[2]<\/a><\/p>\n<p>Pour que cette \u00ab\u00a0<em><strong>JOURN\u00c9E INTERNATIONALE DE L\u2019\u00c9CRIVAIN AFRICAIN\u00bb<\/strong><\/em>\u00a0ne soit pas une c\u00e9l\u00e9bration de plus, reposons la probl\u00e9matique de la place que nous accordons aux \u00e9crivains dans notre pays. Devrions-nous attendre qu&rsquo;ils rejoignent le <em>\u00ab\u00a0Koutom\u00e9\u00a0\u00bb,<\/em> l&rsquo;Had\u00e8s, pour consacrer deux maigres secondes de silence en leur m\u00e9moire? Et si la \u00ab\u00a0<em><strong>JOURN\u00c9E INTERNATIONALE DE L\u2019\u00c9CRIVAIN AFRICAIN\u00bb<\/strong><\/em>\u00a0\u00e9tait saisie pour c\u00e9l\u00e9brer, pendant qu&rsquo;ils sont encore vivants, tous ces h\u00e9rauts, ces ambassadeurs de notre culture, ces <em>\u00a0\u00bbcatalyseurs\u00a0\u00bb<\/em>, <em>\u00a0\u00bbinventeurs d\u2019\u00e2me\u00a0\u00bb<\/em>, ainsi que les d\u00e9signait Aim\u00e9 C\u00e9saire<sup><a href=\"#_ftn3\" name=\"_ftnref3\">[3]<\/a><\/sup>, eux qui se battent contre la fatigue et le sommeil pour que \u00ab\u00a0<em>nous n\u2019arrivions pas les mains vides au rendez-vous de l\u2019universel<\/em>\u00a0\u00bb comme le disait L\u00e9opold S. Senghor?<a href=\"#_ftn4\" name=\"_ftnref4\"><sup>[4]<\/sup><\/a> Ceci demande que nous mettions tous \u00a0\u00bbla main \u00e0 la patte\u00a0\u00bb pour honorer l\u2019\u00c9crivain chez nous.<\/p>\n<p>&nbsp;<\/p>\n<p><strong>Destin Mahulolo<\/strong><\/p>\n<p>&nbsp;<\/p>\n<p><a href=\"#_ftnref1\" name=\"_ftn1\">[1]<\/a> <a href=\"http:\/\/www.rfi.fr\/hebdo\/20180202-chronique-nigeria-pauvre-comme-ecrivain-litterature-pauvrete-livres-precaritehttp:\/www.rfi.fr\/hebdo\/20180202-chronique-nigeria-pauvre-comme-ecrivain-litterature-pauvrete-livres-precarite\">http:\/\/www.rfi.fr\/hebdo\/20180202-chronique-nigeria-pauvre-comme-ecrivain-litterature-pauvrete-livres-precaritehttp:\/\/www.rfi.fr\/hebdo\/20180202-chronique-nigeria-pauvre-comme-ecrivain-litterature-pauvrete-livres-precarite<\/a><\/p>\n<p><a href=\"#_ftnref2\" name=\"_ftn2\">[2]<\/a> <a href=\"http:\/\/biscotteslitteraires.com\/2021\/interview-accordee-a-biscottes-litteraires-labbe-augustin-y-tosou-ayt\/\">http:\/\/biscotteslitteraires.com\/2021\/interview-accordee-a-biscottes-litteraires-labbe-augustin-y-tosou-ayt\/<\/a><\/p>\n<p><a href=\"#_ftnref3\" name=\"_ftn3\">[3]<\/a> Congr\u00e8s des \u00c9crivains et Artistes noirs, Rome 1959<\/p>\n<p><a href=\"#_ftnref4\" name=\"_ftn4\">[4]<\/a> Congr\u00e8s des \u00c9crivains et Artistes noirs, Rome 1959<\/p>\n","protected":false},"excerpt":{"rendered":"<p>Depuis 1992, est c\u00e9l\u00e9br\u00e9e le 07 Novembre de chaque ann\u00e9e la \u00ab\u00a0JOURN\u00c9E INTERNATIONALE DE L\u2019\u00c9CRIVAIN AFRICAIN\u00bb. L&rsquo;occasion est ainsi donn\u00e9e aux \u00e9crivains de discuter autour du livre africain, d&rsquo;exposer leurs difficult\u00e9s et de partager leurs certitudes d&rsquo;esp\u00e9rance pour un lendemain meilleur des lettres africaines. L&rsquo;initiative est belle en soi et tr\u00e8s noble quand on sait [&hellip;]<\/p>\n","protected":false},"author":1,"featured_media":4504,"comment_status":"open","ping_status":"closed","sticky":false,"template":"","format":"standard","meta":[],"categories":[4],"tags":[],"yoast_head":"<!-- This site is optimized with the Yoast SEO plugin v19.0 - https:\/\/yoast.com\/wordpress\/plugins\/seo\/ -->\n<title>&quot;JOURN\u00c9E INTERNATIONALE DE L\u2019\u00c9CRIVAIN AFRICAIN&quot;: ENCORE UNE C\u00c9L\u00c9BRATION DE PLUS? - Biscottes Litt\u00e9raires<\/title>\n<meta name=\"robots\" content=\"index, follow, max-snippet:-1, max-image-preview:large, max-video-preview:-1\" \/>\n<link rel=\"canonical\" href=\"https:\/\/biscotteslitteraires.com\/2021\/journee-internationale-de-lecrivain-africain-celebration-de-plus\/\" \/>\n<meta property=\"og:locale\" content=\"fr_FR\" \/>\n<meta property=\"og:type\" content=\"article\" \/>\n<meta property=\"og:title\" content=\"&quot;JOURN\u00c9E INTERNATIONALE DE L\u2019\u00c9CRIVAIN AFRICAIN&quot;: ENCORE UNE C\u00c9L\u00c9BRATION DE PLUS? - Biscottes Litt\u00e9raires\" \/>\n<meta property=\"og:description\" content=\"Depuis 1992, est c\u00e9l\u00e9br\u00e9e le 07 Novembre de chaque ann\u00e9e la \u00ab\u00a0JOURN\u00c9E INTERNATIONALE DE L\u2019\u00c9CRIVAIN AFRICAIN\u00bb. L&rsquo;occasion est ainsi donn\u00e9e aux \u00e9crivains de discuter autour du livre africain, d&rsquo;exposer leurs difficult\u00e9s et de partager leurs certitudes d&rsquo;esp\u00e9rance pour un lendemain meilleur des lettres africaines. L&rsquo;initiative est belle en soi et tr\u00e8s noble quand on sait [&hellip;]\" \/>\n<meta property=\"og:url\" content=\"https:\/\/biscotteslitteraires.com\/2021\/journee-internationale-de-lecrivain-africain-celebration-de-plus\/\" \/>\n<meta property=\"og:site_name\" content=\"Biscottes Litt\u00e9raires\" \/>\n<meta property=\"article:publisher\" content=\"https:\/\/facebook.com\/biscotteslitterairesbenin\" \/>\n<meta property=\"article:published_time\" content=\"2018-11-07T14:23:20+00:00\" \/>\n<meta property=\"article:modified_time\" content=\"2018-11-08T09:52:09+00:00\" \/>\n<meta property=\"og:image\" content=\"https:\/\/biscotteslitteraires.com\/2021\/wp-content\/uploads\/2018\/11\/pawa.jpg\" \/>\n\t<meta property=\"og:image:width\" content=\"214\" \/>\n\t<meta property=\"og:image:height\" content=\"196\" \/>\n\t<meta property=\"og:image:type\" content=\"image\/jpeg\" \/>\n<meta name=\"twitter:card\" content=\"summary\" \/>\n<meta name=\"twitter:label1\" content=\"\u00c9crit par\" \/>\n\t<meta name=\"twitter:data1\" content=\"biscotteslitteraires\" \/>\n\t<meta name=\"twitter:label2\" content=\"Dur\u00e9e de lecture estim\u00e9e\" \/>\n\t<meta name=\"twitter:data2\" content=\"6 minutes\" \/>\n<script type=\"application\/ld+json\" class=\"yoast-schema-graph\">{\"@context\":\"https:\/\/schema.org\",\"@graph\":[{\"@type\":\"Organization\",\"@id\":\"https:\/\/biscotteslitteraires.com\/2021\/#organization\",\"name\":\"Biscottes Litt\u00e9raires\",\"url\":\"https:\/\/biscotteslitteraires.com\/2021\/\",\"sameAs\":[\"https:\/\/facebook.com\/biscotteslitterairesbenin\"],\"logo\":{\"@type\":\"ImageObject\",\"inLanguage\":\"fr-FR\",\"@id\":\"https:\/\/biscotteslitteraires.com\/2021\/#\/schema\/logo\/image\/\",\"url\":\"https:\/\/biscotteslitteraires.com\/2021\/wp-content\/uploads\/2018\/11\/cropped-LOGO-BL-e1630101307137.jpg\",\"contentUrl\":\"https:\/\/biscotteslitteraires.com\/2021\/wp-content\/uploads\/2018\/11\/cropped-LOGO-BL-e1630101307137.jpg\",\"width\":960,\"height\":960,\"caption\":\"Biscottes Litt\u00e9raires\"},\"image\":{\"@id\":\"https:\/\/biscotteslitteraires.com\/2021\/#\/schema\/logo\/image\/\"}},{\"@type\":\"WebSite\",\"@id\":\"https:\/\/biscotteslitteraires.com\/2021\/#website\",\"url\":\"https:\/\/biscotteslitteraires.com\/2021\/\",\"name\":\"Biscottes Litt\u00e9raires\",\"description\":\"Ici nous voyagerons dans les lignes, explorerons les interlignes.\",\"publisher\":{\"@id\":\"https:\/\/biscotteslitteraires.com\/2021\/#organization\"},\"potentialAction\":[{\"@type\":\"SearchAction\",\"target\":{\"@type\":\"EntryPoint\",\"urlTemplate\":\"https:\/\/biscotteslitteraires.com\/2021\/?s={search_term_string}\"},\"query-input\":\"required name=search_term_string\"}],\"inLanguage\":\"fr-FR\"},{\"@type\":\"ImageObject\",\"inLanguage\":\"fr-FR\",\"@id\":\"https:\/\/biscotteslitteraires.com\/2021\/journee-internationale-de-lecrivain-africain-celebration-de-plus\/#primaryimage\",\"url\":\"https:\/\/biscotteslitteraires.com\/2021\/wp-content\/uploads\/2018\/11\/pawa.jpg\",\"contentUrl\":\"https:\/\/biscotteslitteraires.com\/2021\/wp-content\/uploads\/2018\/11\/pawa.jpg\",\"width\":214,\"height\":196},{\"@type\":\"WebPage\",\"@id\":\"https:\/\/biscotteslitteraires.com\/2021\/journee-internationale-de-lecrivain-africain-celebration-de-plus\/#webpage\",\"url\":\"https:\/\/biscotteslitteraires.com\/2021\/journee-internationale-de-lecrivain-africain-celebration-de-plus\/\",\"name\":\"\\\"JOURN\u00c9E INTERNATIONALE DE L\u2019\u00c9CRIVAIN AFRICAIN\\\": ENCORE UNE C\u00c9L\u00c9BRATION DE PLUS? - Biscottes Litt\u00e9raires\",\"isPartOf\":{\"@id\":\"https:\/\/biscotteslitteraires.com\/2021\/#website\"},\"primaryImageOfPage\":{\"@id\":\"https:\/\/biscotteslitteraires.com\/2021\/journee-internationale-de-lecrivain-africain-celebration-de-plus\/#primaryimage\"},\"datePublished\":\"2018-11-07T14:23:20+00:00\",\"dateModified\":\"2018-11-08T09:52:09+00:00\",\"breadcrumb\":{\"@id\":\"https:\/\/biscotteslitteraires.com\/2021\/journee-internationale-de-lecrivain-africain-celebration-de-plus\/#breadcrumb\"},\"inLanguage\":\"fr-FR\",\"potentialAction\":[{\"@type\":\"ReadAction\",\"target\":[\"https:\/\/biscotteslitteraires.com\/2021\/journee-internationale-de-lecrivain-africain-celebration-de-plus\/\"]}]},{\"@type\":\"BreadcrumbList\",\"@id\":\"https:\/\/biscotteslitteraires.com\/2021\/journee-internationale-de-lecrivain-africain-celebration-de-plus\/#breadcrumb\",\"itemListElement\":[{\"@type\":\"ListItem\",\"position\":1,\"name\":\"Accueil\",\"item\":\"https:\/\/biscotteslitteraires.com\/2021\/\"},{\"@type\":\"ListItem\",\"position\":2,\"name\":\"\u00ab\u00a0JOURN\u00c9E INTERNATIONALE DE L\u2019\u00c9CRIVAIN AFRICAIN\u00a0\u00bb: ENCORE UNE C\u00c9L\u00c9BRATION DE PLUS?\"}]},{\"@type\":\"Article\",\"@id\":\"https:\/\/biscotteslitteraires.com\/2021\/journee-internationale-de-lecrivain-africain-celebration-de-plus\/#article\",\"isPartOf\":{\"@id\":\"https:\/\/biscotteslitteraires.com\/2021\/journee-internationale-de-lecrivain-africain-celebration-de-plus\/#webpage\"},\"author\":{\"@id\":\"https:\/\/biscotteslitteraires.com\/2021\/#\/schema\/person\/a7786cb98c76c568669b36d299731946\"},\"headline\":\"\u00ab\u00a0JOURN\u00c9E INTERNATIONALE DE L\u2019\u00c9CRIVAIN AFRICAIN\u00a0\u00bb: ENCORE UNE C\u00c9L\u00c9BRATION DE PLUS?\",\"datePublished\":\"2018-11-07T14:23:20+00:00\",\"dateModified\":\"2018-11-08T09:52:09+00:00\",\"mainEntityOfPage\":{\"@id\":\"https:\/\/biscotteslitteraires.com\/2021\/journee-internationale-de-lecrivain-africain-celebration-de-plus\/#webpage\"},\"wordCount\":1236,\"commentCount\":0,\"publisher\":{\"@id\":\"https:\/\/biscotteslitteraires.com\/2021\/#organization\"},\"image\":{\"@id\":\"https:\/\/biscotteslitteraires.com\/2021\/journee-internationale-de-lecrivain-africain-celebration-de-plus\/#primaryimage\"},\"thumbnailUrl\":\"https:\/\/biscotteslitteraires.com\/2021\/wp-content\/uploads\/2018\/11\/pawa.jpg\",\"articleSection\":[\"editorial\"],\"inLanguage\":\"fr-FR\",\"potentialAction\":[{\"@type\":\"CommentAction\",\"name\":\"Comment\",\"target\":[\"https:\/\/biscotteslitteraires.com\/2021\/journee-internationale-de-lecrivain-africain-celebration-de-plus\/#respond\"]}]},{\"@type\":\"Person\",\"@id\":\"https:\/\/biscotteslitteraires.com\/2021\/#\/schema\/person\/a7786cb98c76c568669b36d299731946\",\"name\":\"biscotteslitteraires\",\"image\":{\"@type\":\"ImageObject\",\"inLanguage\":\"fr-FR\",\"@id\":\"https:\/\/biscotteslitteraires.com\/2021\/#\/schema\/person\/image\/\",\"url\":\"https:\/\/secure.gravatar.com\/avatar\/94320ea752b93453cb48b1b2d71ada12?s=96&d=mm&r=g\",\"contentUrl\":\"https:\/\/secure.gravatar.com\/avatar\/94320ea752b93453cb48b1b2d71ada12?s=96&d=mm&r=g\",\"caption\":\"biscotteslitteraires\"},\"url\":\"https:\/\/biscotteslitteraires.com\/2021\/author\/admin\/\"}]}<\/script>\n<!-- \/ Yoast SEO plugin. -->","yoast_head_json":{"title":"\"JOURN\u00c9E INTERNATIONALE DE L\u2019\u00c9CRIVAIN AFRICAIN\": ENCORE UNE C\u00c9L\u00c9BRATION DE PLUS? - Biscottes Litt\u00e9raires","robots":{"index":"index","follow":"follow","max-snippet":"max-snippet:-1","max-image-preview":"max-image-preview:large","max-video-preview":"max-video-preview:-1"},"canonical":"https:\/\/biscotteslitteraires.com\/2021\/journee-internationale-de-lecrivain-africain-celebration-de-plus\/","og_locale":"fr_FR","og_type":"article","og_title":"\"JOURN\u00c9E INTERNATIONALE DE L\u2019\u00c9CRIVAIN AFRICAIN\": ENCORE UNE C\u00c9L\u00c9BRATION DE PLUS? - Biscottes Litt\u00e9raires","og_description":"Depuis 1992, est c\u00e9l\u00e9br\u00e9e le 07 Novembre de chaque ann\u00e9e la \u00ab\u00a0JOURN\u00c9E INTERNATIONALE DE L\u2019\u00c9CRIVAIN AFRICAIN\u00bb. L&rsquo;occasion est ainsi donn\u00e9e aux \u00e9crivains de discuter autour du livre africain, d&rsquo;exposer leurs difficult\u00e9s et de partager leurs certitudes d&rsquo;esp\u00e9rance pour un lendemain meilleur des lettres africaines. L&rsquo;initiative est belle en soi et tr\u00e8s noble quand on sait [&hellip;]","og_url":"https:\/\/biscotteslitteraires.com\/2021\/journee-internationale-de-lecrivain-africain-celebration-de-plus\/","og_site_name":"Biscottes Litt\u00e9raires","article_publisher":"https:\/\/facebook.com\/biscotteslitterairesbenin","article_published_time":"2018-11-07T14:23:20+00:00","article_modified_time":"2018-11-08T09:52:09+00:00","og_image":[{"width":214,"height":196,"url":"https:\/\/biscotteslitteraires.com\/2021\/wp-content\/uploads\/2018\/11\/pawa.jpg","type":"image\/jpeg"}],"twitter_card":"summary","twitter_misc":{"\u00c9crit par":"biscotteslitteraires","Dur\u00e9e de lecture estim\u00e9e":"6 minutes"},"schema":{"@context":"https:\/\/schema.org","@graph":[{"@type":"Organization","@id":"https:\/\/biscotteslitteraires.com\/2021\/#organization","name":"Biscottes Litt\u00e9raires","url":"https:\/\/biscotteslitteraires.com\/2021\/","sameAs":["https:\/\/facebook.com\/biscotteslitterairesbenin"],"logo":{"@type":"ImageObject","inLanguage":"fr-FR","@id":"https:\/\/biscotteslitteraires.com\/2021\/#\/schema\/logo\/image\/","url":"https:\/\/biscotteslitteraires.com\/2021\/wp-content\/uploads\/2018\/11\/cropped-LOGO-BL-e1630101307137.jpg","contentUrl":"https:\/\/biscotteslitteraires.com\/2021\/wp-content\/uploads\/2018\/11\/cropped-LOGO-BL-e1630101307137.jpg","width":960,"height":960,"caption":"Biscottes Litt\u00e9raires"},"image":{"@id":"https:\/\/biscotteslitteraires.com\/2021\/#\/schema\/logo\/image\/"}},{"@type":"WebSite","@id":"https:\/\/biscotteslitteraires.com\/2021\/#website","url":"https:\/\/biscotteslitteraires.com\/2021\/","name":"Biscottes Litt\u00e9raires","description":"Ici nous voyagerons dans les lignes, explorerons les interlignes.","publisher":{"@id":"https:\/\/biscotteslitteraires.com\/2021\/#organization"},"potentialAction":[{"@type":"SearchAction","target":{"@type":"EntryPoint","urlTemplate":"https:\/\/biscotteslitteraires.com\/2021\/?s={search_term_string}"},"query-input":"required name=search_term_string"}],"inLanguage":"fr-FR"},{"@type":"ImageObject","inLanguage":"fr-FR","@id":"https:\/\/biscotteslitteraires.com\/2021\/journee-internationale-de-lecrivain-africain-celebration-de-plus\/#primaryimage","url":"https:\/\/biscotteslitteraires.com\/2021\/wp-content\/uploads\/2018\/11\/pawa.jpg","contentUrl":"https:\/\/biscotteslitteraires.com\/2021\/wp-content\/uploads\/2018\/11\/pawa.jpg","width":214,"height":196},{"@type":"WebPage","@id":"https:\/\/biscotteslitteraires.com\/2021\/journee-internationale-de-lecrivain-africain-celebration-de-plus\/#webpage","url":"https:\/\/biscotteslitteraires.com\/2021\/journee-internationale-de-lecrivain-africain-celebration-de-plus\/","name":"\"JOURN\u00c9E INTERNATIONALE DE L\u2019\u00c9CRIVAIN AFRICAIN\": ENCORE UNE C\u00c9L\u00c9BRATION DE PLUS? - Biscottes Litt\u00e9raires","isPartOf":{"@id":"https:\/\/biscotteslitteraires.com\/2021\/#website"},"primaryImageOfPage":{"@id":"https:\/\/biscotteslitteraires.com\/2021\/journee-internationale-de-lecrivain-africain-celebration-de-plus\/#primaryimage"},"datePublished":"2018-11-07T14:23:20+00:00","dateModified":"2018-11-08T09:52:09+00:00","breadcrumb":{"@id":"https:\/\/biscotteslitteraires.com\/2021\/journee-internationale-de-lecrivain-africain-celebration-de-plus\/#breadcrumb"},"inLanguage":"fr-FR","potentialAction":[{"@type":"ReadAction","target":["https:\/\/biscotteslitteraires.com\/2021\/journee-internationale-de-lecrivain-africain-celebration-de-plus\/"]}]},{"@type":"BreadcrumbList","@id":"https:\/\/biscotteslitteraires.com\/2021\/journee-internationale-de-lecrivain-africain-celebration-de-plus\/#breadcrumb","itemListElement":[{"@type":"ListItem","position":1,"name":"Accueil","item":"https:\/\/biscotteslitteraires.com\/2021\/"},{"@type":"ListItem","position":2,"name":"\u00ab\u00a0JOURN\u00c9E INTERNATIONALE DE L\u2019\u00c9CRIVAIN AFRICAIN\u00a0\u00bb: ENCORE UNE C\u00c9L\u00c9BRATION DE PLUS?"}]},{"@type":"Article","@id":"https:\/\/biscotteslitteraires.com\/2021\/journee-internationale-de-lecrivain-africain-celebration-de-plus\/#article","isPartOf":{"@id":"https:\/\/biscotteslitteraires.com\/2021\/journee-internationale-de-lecrivain-africain-celebration-de-plus\/#webpage"},"author":{"@id":"https:\/\/biscotteslitteraires.com\/2021\/#\/schema\/person\/a7786cb98c76c568669b36d299731946"},"headline":"\u00ab\u00a0JOURN\u00c9E INTERNATIONALE DE L\u2019\u00c9CRIVAIN AFRICAIN\u00a0\u00bb: ENCORE UNE C\u00c9L\u00c9BRATION DE PLUS?","datePublished":"2018-11-07T14:23:20+00:00","dateModified":"2018-11-08T09:52:09+00:00","mainEntityOfPage":{"@id":"https:\/\/biscotteslitteraires.com\/2021\/journee-internationale-de-lecrivain-africain-celebration-de-plus\/#webpage"},"wordCount":1236,"commentCount":0,"publisher":{"@id":"https:\/\/biscotteslitteraires.com\/2021\/#organization"},"image":{"@id":"https:\/\/biscotteslitteraires.com\/2021\/journee-internationale-de-lecrivain-africain-celebration-de-plus\/#primaryimage"},"thumbnailUrl":"https:\/\/biscotteslitteraires.com\/2021\/wp-content\/uploads\/2018\/11\/pawa.jpg","articleSection":["editorial"],"inLanguage":"fr-FR","potentialAction":[{"@type":"CommentAction","name":"Comment","target":["https:\/\/biscotteslitteraires.com\/2021\/journee-internationale-de-lecrivain-africain-celebration-de-plus\/#respond"]}]},{"@type":"Person","@id":"https:\/\/biscotteslitteraires.com\/2021\/#\/schema\/person\/a7786cb98c76c568669b36d299731946","name":"biscotteslitteraires","image":{"@type":"ImageObject","inLanguage":"fr-FR","@id":"https:\/\/biscotteslitteraires.com\/2021\/#\/schema\/person\/image\/","url":"https:\/\/secure.gravatar.com\/avatar\/94320ea752b93453cb48b1b2d71ada12?s=96&d=mm&r=g","contentUrl":"https:\/\/secure.gravatar.com\/avatar\/94320ea752b93453cb48b1b2d71ada12?s=96&d=mm&r=g","caption":"biscotteslitteraires"},"url":"https:\/\/biscotteslitteraires.com\/2021\/author\/admin\/"}]}},"_links":{"self":[{"href":"https:\/\/biscotteslitteraires.com\/2021\/wp-json\/wp\/v2\/posts\/4500"}],"collection":[{"href":"https:\/\/biscotteslitteraires.com\/2021\/wp-json\/wp\/v2\/posts"}],"about":[{"href":"https:\/\/biscotteslitteraires.com\/2021\/wp-json\/wp\/v2\/types\/post"}],"author":[{"embeddable":true,"href":"https:\/\/biscotteslitteraires.com\/2021\/wp-json\/wp\/v2\/users\/1"}],"replies":[{"embeddable":true,"href":"https:\/\/biscotteslitteraires.com\/2021\/wp-json\/wp\/v2\/comments?post=4500"}],"version-history":[{"count":6,"href":"https:\/\/biscotteslitteraires.com\/2021\/wp-json\/wp\/v2\/posts\/4500\/revisions"}],"predecessor-version":[{"id":4511,"href":"https:\/\/biscotteslitteraires.com\/2021\/wp-json\/wp\/v2\/posts\/4500\/revisions\/4511"}],"wp:featuredmedia":[{"embeddable":true,"href":"https:\/\/biscotteslitteraires.com\/2021\/wp-json\/wp\/v2\/media\/4504"}],"wp:attachment":[{"href":"https:\/\/biscotteslitteraires.com\/2021\/wp-json\/wp\/v2\/media?parent=4500"}],"wp:term":[{"taxonomy":"category","embeddable":true,"href":"https:\/\/biscotteslitteraires.com\/2021\/wp-json\/wp\/v2\/categories?post=4500"},{"taxonomy":"post_tag","embeddable":true,"href":"https:\/\/biscotteslitteraires.com\/2021\/wp-json\/wp\/v2\/tags?post=4500"}],"curies":[{"name":"wp","href":"https:\/\/api.w.org\/{rel}","templated":true}]}}