{"id":52,"date":"2017-08-01T05:23:30","date_gmt":"2017-08-01T05:23:30","guid":{"rendered":"http:\/\/biscotteslitteraires.com\/2021\/?p=52"},"modified":"2018-11-07T13:57:18","modified_gmt":"2018-11-07T13:57:18","slug":"editorial-de-la-semaine","status":"publish","type":"post","link":"https:\/\/biscotteslitteraires.com\/2021\/editorial-de-la-semaine\/","title":{"rendered":"Le livre, un pacte d\u2019immortalit\u00e9 entre l\u2019auteur et le lecteur"},"content":{"rendered":"<p><span lang=\"FR\"><span style=\"color: #000000; font-family: Times New Roman;\">Chers amis internautes,<\/span><\/span><\/p>\n<p><span lang=\"FR\"><span style=\"color: #000000; font-family: Times New Roman;\">Grande est notre joie de vous savoir d\u00e9sormais n\u00f4tres. Tout le monde s\u2019entend seriner que le monde \u00e9volue, que la terre est devenue un village plan\u00e9taire, que les TIC (Technologies de l\u2019Information et de la Communication) ont rendu les hommes plus proches les uns des autres. Nous assistons \u00e0 de grandes mutations qui ont boulevers\u00e9 tous les compartiments de la vie des soci\u00e9t\u00e9s. L\u2019arbre \u00e0 palabres, la place publique, le march\u00e9, les s\u00e9ances de jeux collectifs, tous ces secteurs sociaux ont d\u00e9sormais leurs r\u00e9pondants sur internet. Sur cette place publique qu\u2019est la toile, des hommes de toutes races, langues, peuples et nations peuvent se rencontrer et passer un petit moment ensemble, comme de vieux potes autour d\u2019un pot, papoter et rigoler, casser la cro\u00fbte et se relancer sur les chemins rocailleux de l\u2019existence humaine. C\u2019est aussi un creuset de partage d\u2019exp\u00e9riences o\u00f9 les passions de l\u2019un peuvent int\u00e9resser l\u2019autre, et o\u00f9 la joie peut tutoyer l\u2019extase quand les passions sont les m\u00eames. S\u2019il est vrai que la joie grandit quand elle est partag\u00e9e, il n\u2019en demeure pas moins \u00e9vident qu\u2019elle se fait contagieuse quand elle sourd d\u2019une rencontre in\u00e9dite, subite, impromptue et exaltante qui change toute une vie, qui astique le visage de toute une existence, et r\u00e9oriente les voiles d\u2019un destin d\u00e9j\u00e0 fig\u00e9 peut-\u00eatre vers d\u2019autres destinations o\u00f9 flotte, debout dans le vent, l\u2019\u00e9tendard de \u00ab\u00a0la vie autrement vue et v\u00e9cue\u00a0\u00bb. Et parmi ces rencontres, figure celle d\u2019un artiste ou d\u2019un auteur, de ses livres, de sa pens\u00e9e.<\/span><\/span><\/p>\n<p><span lang=\"FR\"><span style=\"color: #000000; font-family: Times New Roman;\">Les livres constituent un pacte d\u2019immortalit\u00e9 entre l\u2019auteur et le lecteur. Partager des exp\u00e9riences autour du livre, c\u2019est s\u2019enrichir mutuellement, c\u2019est s\u2019inviter dans la tour, la forteresse intime de l\u2019auteur, sans pr\u00e9avis, et le contempler dans le face \u00e0 face qui fait tomber les masques de toutes les illusions, interrogations, supputations, conjectures, incompr\u00e9hensions et appr\u00e9hensions. Nous voudrions, \u00e0 l\u2019instar de bien d\u2019autres, vous proposer ce cadre pour discuter autour du livre. C\u2019est essentiellement la ligne que se donne ce blog qui vous salue pour votre amour du livre.<\/span><\/span><\/p>\n<p><span lang=\"FR\"><span style=\"color: #000000; font-family: Times New Roman;\">Avec vous, nous esp\u00e9rons vivre une odyss\u00e9e litt\u00e9raire des plus palpitantes. Nous voyagerons dans les lignes, explorerons les interlignes. Il s\u2019agira en fait de d\u00e9vorer des livres, faire de la lecture la colonne vert\u00e9brale de notre vie. D\u00e9vorer, manger. C\u2019est de cela qu\u2019il s\u2019agit. D\u2019ailleurs, nous sommes dans une soci\u00e9t\u00e9 de consommation o\u00f9 tout se mange : on mange la vie (du gb\u00e8), on mange l\u2019argent (du kw\u00e8), on mange le grenier (du ag\u00f4), on mange la dette ou le cr\u00e9dit (du ax\u00f4). Si donc nous sommes dans une soci\u00e9t\u00e9 qui se d\u00e9finit par le \u00ab\u00a0manger\u00a0\u00bb, ne serait-il aussi bon de mettre sur l\u2019\u00e9talage des articles que nous mangeons, le livre, la lecture ? Si la lecture a une place dans notre vie, nous avons une place aupr\u00e8s des dieux, des grands esprits. C\u2019est pourquoi, pour votre plaisir, nous avons essay\u00e9 concocter une recette in\u00e9dite, que vous trouverez certainement succulente et savoureuse, avec des ingr\u00e9dients \u00ab\u00a0\u00e9cologiques\u00a0\u00bb (ou biologiques tout b\u00e9nef) qui vous permettront de zapper d\u2019un chapitre \u00e0 un autre \u2026d\u2019un r\u00e9cit \u00e0 un autre, d\u2019un genre \u00e0 un autre.<\/span><\/span><\/p>\n<p><span lang=\"FR\"><span style=\"color: #000000; font-family: Times New Roman;\">Tenez ! Le blog \u00ab\u00a0biscottes litt\u00e9raires\u00a0\u00bb se veut un festin o\u00f9 ensemble nous banquetterons, o\u00f9 nous nous enivrerons des d\u00e9lices de la litt\u00e9rature. V\u00e9ritable \u00e9lixir o\u00f9 le plaisir de lire, se joint au d\u00e9sir de l\u2019\u00e2me de s\u2019\u00e9lever et de s\u2019envoler vers les cimes de la contemplation du r\u00e9el \u00e0 travers le prisme des auteurs.<\/span><\/span><\/p>\n<p><span lang=\"FR\"><span style=\"color: #000000; font-family: Times New Roman;\">Pour ce blog v\u00f4tre, notre r\u00eave est que vous puissiez vous envoler aux pays des merveilles, avec le s\u00e9rieux de l\u2019enfant qui r\u00eave (attention, il est tr\u00e8s s\u00e9rieux, l\u2019enfant, quand il r\u00eave), la joie du nomade qui se trouve un g\u00eete o\u00f9 cr\u00e9cher, et l\u2019espoir du globe-trotter d\u2019arriver \u00e0 la destination pr\u00e9vue.<\/span><\/span><\/p>\n<p><span lang=\"FR\"><span style=\"color: #000000; font-family: Times New Roman;\">Sur ce blog v\u00f4tre, puissiez-vous mordre dans le livre, pour en vivre et vivre votre vie.<\/span><\/span><\/p>\n<p><span lang=\"FR\"><span style=\"color: #000000; font-family: Times New Roman;\">Par ce blog v\u00f4tre, puissiez-vous rencontrer des amis du livres, des amoureux de la litt\u00e9rature, pour des alliances qui dureront pour des si\u00e8cles et quelques poussi\u00e8res.<\/span><\/span><\/p>\n<p><span lang=\"FR\"><span style=\"color: #000000; font-family: Times New Roman;\">Si vit qui lit et que qui lit vit, ne ratons pas le rendez-vous des biscottes litt\u00e9raires que nous pourrons nous procurer \u00e0 loisir, en faisant juste un tour sur ce blog\u2026<\/span><\/span><\/p>\n<p><span lang=\"FR\"><span style=\"color: #000000; font-family: Times New Roman;\">Bienvenus alors chez vous. Elles sont pr\u00eates, nos biscottes litt\u00e9raires qui n\u2019attendent que vos yeux pour \u00eatre croqu\u00e9es et r\u00e9aliser ainsi leur r\u00eave : \u00eatre croqu\u00e9es. Au plaisir de nous lire\u2026<\/span><\/span><\/p>\n<p><em><strong><span lang=\"FR\"><span style=\"color: #000000; font-family: Calibri;\">Destin Mahulolo<\/span><\/span><\/strong><\/em><\/p>\n","protected":false},"excerpt":{"rendered":"<p>Chers amis internautes, Grande est notre joie de vous savoir d\u00e9sormais n\u00f4tres. Tout le monde s\u2019entend seriner que le monde \u00e9volue, que la terre est devenue un village plan\u00e9taire, que les TIC (Technologies de l\u2019Information et de la Communication) ont rendu les hommes plus proches les uns des autres. Nous assistons \u00e0 de grandes mutations [&hellip;]<\/p>\n","protected":false},"author":1,"featured_media":53,"comment_status":"open","ping_status":"open","sticky":false,"template":"","format":"standard","meta":[],"categories":[4],"tags":[],"yoast_head":"<!-- This site is optimized with the Yoast SEO plugin v19.0 - https:\/\/yoast.com\/wordpress\/plugins\/seo\/ -->\n<title>Le livre, un pacte d\u2019immortalit\u00e9 entre l\u2019auteur et le lecteur - Biscottes Litt\u00e9raires<\/title>\n<meta name=\"robots\" content=\"index, follow, max-snippet:-1, max-image-preview:large, max-video-preview:-1\" \/>\n<link rel=\"canonical\" href=\"https:\/\/biscotteslitteraires.com\/2021\/editorial-de-la-semaine\/\" \/>\n<meta property=\"og:locale\" content=\"fr_FR\" \/>\n<meta property=\"og:type\" content=\"article\" \/>\n<meta property=\"og:title\" content=\"Le livre, un pacte d\u2019immortalit\u00e9 entre l\u2019auteur et le lecteur - Biscottes Litt\u00e9raires\" \/>\n<meta property=\"og:description\" content=\"Chers amis internautes, Grande est notre joie de vous savoir d\u00e9sormais n\u00f4tres. Tout le monde s\u2019entend seriner que le monde \u00e9volue, que la terre est devenue un village plan\u00e9taire, que les TIC (Technologies de l\u2019Information et de la Communication) ont rendu les hommes plus proches les uns des autres. Nous assistons \u00e0 de grandes mutations [&hellip;]\" \/>\n<meta property=\"og:url\" content=\"https:\/\/biscotteslitteraires.com\/2021\/editorial-de-la-semaine\/\" \/>\n<meta property=\"og:site_name\" content=\"Biscottes Litt\u00e9raires\" \/>\n<meta property=\"article:publisher\" content=\"https:\/\/facebook.com\/biscotteslitterairesbenin\" \/>\n<meta property=\"article:published_time\" content=\"2017-08-01T05:23:30+00:00\" \/>\n<meta property=\"article:modified_time\" content=\"2018-11-07T13:57:18+00:00\" \/>\n<meta property=\"og:image\" content=\"https:\/\/biscotteslitteraires.com\/2021\/wp-content\/uploads\/2017\/04\/editorial.jpg\" \/>\n\t<meta property=\"og:image:width\" content=\"373\" \/>\n\t<meta property=\"og:image:height\" content=\"110\" \/>\n\t<meta property=\"og:image:type\" content=\"image\/jpeg\" \/>\n<meta name=\"twitter:card\" content=\"summary\" \/>\n<meta name=\"twitter:label1\" content=\"\u00c9crit par\" \/>\n\t<meta name=\"twitter:data1\" content=\"biscotteslitteraires\" \/>\n\t<meta name=\"twitter:label2\" content=\"Dur\u00e9e de lecture estim\u00e9e\" \/>\n\t<meta name=\"twitter:data2\" content=\"4 minutes\" \/>\n<script type=\"application\/ld+json\" class=\"yoast-schema-graph\">{\"@context\":\"https:\/\/schema.org\",\"@graph\":[{\"@type\":\"Organization\",\"@id\":\"https:\/\/biscotteslitteraires.com\/2021\/#organization\",\"name\":\"Biscottes Litt\u00e9raires\",\"url\":\"https:\/\/biscotteslitteraires.com\/2021\/\",\"sameAs\":[\"https:\/\/facebook.com\/biscotteslitterairesbenin\"],\"logo\":{\"@type\":\"ImageObject\",\"inLanguage\":\"fr-FR\",\"@id\":\"https:\/\/biscotteslitteraires.com\/2021\/#\/schema\/logo\/image\/\",\"url\":\"https:\/\/biscotteslitteraires.com\/2021\/wp-content\/uploads\/2018\/11\/cropped-LOGO-BL-e1630101307137.jpg\",\"contentUrl\":\"https:\/\/biscotteslitteraires.com\/2021\/wp-content\/uploads\/2018\/11\/cropped-LOGO-BL-e1630101307137.jpg\",\"width\":960,\"height\":960,\"caption\":\"Biscottes Litt\u00e9raires\"},\"image\":{\"@id\":\"https:\/\/biscotteslitteraires.com\/2021\/#\/schema\/logo\/image\/\"}},{\"@type\":\"WebSite\",\"@id\":\"https:\/\/biscotteslitteraires.com\/2021\/#website\",\"url\":\"https:\/\/biscotteslitteraires.com\/2021\/\",\"name\":\"Biscottes Litt\u00e9raires\",\"description\":\"Ici nous voyagerons dans les lignes, explorerons les interlignes.\",\"publisher\":{\"@id\":\"https:\/\/biscotteslitteraires.com\/2021\/#organization\"},\"potentialAction\":[{\"@type\":\"SearchAction\",\"target\":{\"@type\":\"EntryPoint\",\"urlTemplate\":\"https:\/\/biscotteslitteraires.com\/2021\/?s={search_term_string}\"},\"query-input\":\"required name=search_term_string\"}],\"inLanguage\":\"fr-FR\"},{\"@type\":\"ImageObject\",\"inLanguage\":\"fr-FR\",\"@id\":\"https:\/\/biscotteslitteraires.com\/2021\/editorial-de-la-semaine\/#primaryimage\",\"url\":\"https:\/\/biscotteslitteraires.com\/2021\/wp-content\/uploads\/2017\/04\/editorial.jpg\",\"contentUrl\":\"https:\/\/biscotteslitteraires.com\/2021\/wp-content\/uploads\/2017\/04\/editorial.jpg\",\"width\":373,\"height\":110},{\"@type\":\"WebPage\",\"@id\":\"https:\/\/biscotteslitteraires.com\/2021\/editorial-de-la-semaine\/#webpage\",\"url\":\"https:\/\/biscotteslitteraires.com\/2021\/editorial-de-la-semaine\/\",\"name\":\"Le livre, un pacte d\u2019immortalit\u00e9 entre l\u2019auteur et le lecteur - Biscottes Litt\u00e9raires\",\"isPartOf\":{\"@id\":\"https:\/\/biscotteslitteraires.com\/2021\/#website\"},\"primaryImageOfPage\":{\"@id\":\"https:\/\/biscotteslitteraires.com\/2021\/editorial-de-la-semaine\/#primaryimage\"},\"datePublished\":\"2017-08-01T05:23:30+00:00\",\"dateModified\":\"2018-11-07T13:57:18+00:00\",\"breadcrumb\":{\"@id\":\"https:\/\/biscotteslitteraires.com\/2021\/editorial-de-la-semaine\/#breadcrumb\"},\"inLanguage\":\"fr-FR\",\"potentialAction\":[{\"@type\":\"ReadAction\",\"target\":[\"https:\/\/biscotteslitteraires.com\/2021\/editorial-de-la-semaine\/\"]}]},{\"@type\":\"BreadcrumbList\",\"@id\":\"https:\/\/biscotteslitteraires.com\/2021\/editorial-de-la-semaine\/#breadcrumb\",\"itemListElement\":[{\"@type\":\"ListItem\",\"position\":1,\"name\":\"Accueil\",\"item\":\"https:\/\/biscotteslitteraires.com\/2021\/\"},{\"@type\":\"ListItem\",\"position\":2,\"name\":\"Le livre, un pacte d\u2019immortalit\u00e9 entre l\u2019auteur et le lecteur\"}]},{\"@type\":\"Article\",\"@id\":\"https:\/\/biscotteslitteraires.com\/2021\/editorial-de-la-semaine\/#article\",\"isPartOf\":{\"@id\":\"https:\/\/biscotteslitteraires.com\/2021\/editorial-de-la-semaine\/#webpage\"},\"author\":{\"@id\":\"https:\/\/biscotteslitteraires.com\/2021\/#\/schema\/person\/a7786cb98c76c568669b36d299731946\"},\"headline\":\"Le livre, un pacte d\u2019immortalit\u00e9 entre l\u2019auteur et le lecteur\",\"datePublished\":\"2017-08-01T05:23:30+00:00\",\"dateModified\":\"2018-11-07T13:57:18+00:00\",\"mainEntityOfPage\":{\"@id\":\"https:\/\/biscotteslitteraires.com\/2021\/editorial-de-la-semaine\/#webpage\"},\"wordCount\":847,\"commentCount\":14,\"publisher\":{\"@id\":\"https:\/\/biscotteslitteraires.com\/2021\/#organization\"},\"image\":{\"@id\":\"https:\/\/biscotteslitteraires.com\/2021\/editorial-de-la-semaine\/#primaryimage\"},\"thumbnailUrl\":\"https:\/\/biscotteslitteraires.com\/2021\/wp-content\/uploads\/2017\/04\/editorial.jpg\",\"articleSection\":[\"editorial\"],\"inLanguage\":\"fr-FR\",\"potentialAction\":[{\"@type\":\"CommentAction\",\"name\":\"Comment\",\"target\":[\"https:\/\/biscotteslitteraires.com\/2021\/editorial-de-la-semaine\/#respond\"]}]},{\"@type\":\"Person\",\"@id\":\"https:\/\/biscotteslitteraires.com\/2021\/#\/schema\/person\/a7786cb98c76c568669b36d299731946\",\"name\":\"biscotteslitteraires\",\"image\":{\"@type\":\"ImageObject\",\"inLanguage\":\"fr-FR\",\"@id\":\"https:\/\/biscotteslitteraires.com\/2021\/#\/schema\/person\/image\/\",\"url\":\"https:\/\/secure.gravatar.com\/avatar\/94320ea752b93453cb48b1b2d71ada12?s=96&d=mm&r=g\",\"contentUrl\":\"https:\/\/secure.gravatar.com\/avatar\/94320ea752b93453cb48b1b2d71ada12?s=96&d=mm&r=g\",\"caption\":\"biscotteslitteraires\"},\"url\":\"https:\/\/biscotteslitteraires.com\/2021\/author\/admin\/\"}]}<\/script>\n<!-- \/ Yoast SEO plugin. -->","yoast_head_json":{"title":"Le livre, un pacte d\u2019immortalit\u00e9 entre l\u2019auteur et le lecteur - Biscottes Litt\u00e9raires","robots":{"index":"index","follow":"follow","max-snippet":"max-snippet:-1","max-image-preview":"max-image-preview:large","max-video-preview":"max-video-preview:-1"},"canonical":"https:\/\/biscotteslitteraires.com\/2021\/editorial-de-la-semaine\/","og_locale":"fr_FR","og_type":"article","og_title":"Le livre, un pacte d\u2019immortalit\u00e9 entre l\u2019auteur et le lecteur - Biscottes Litt\u00e9raires","og_description":"Chers amis internautes, Grande est notre joie de vous savoir d\u00e9sormais n\u00f4tres. Tout le monde s\u2019entend seriner que le monde \u00e9volue, que la terre est devenue un village plan\u00e9taire, que les TIC (Technologies de l\u2019Information et de la Communication) ont rendu les hommes plus proches les uns des autres. Nous assistons \u00e0 de grandes mutations [&hellip;]","og_url":"https:\/\/biscotteslitteraires.com\/2021\/editorial-de-la-semaine\/","og_site_name":"Biscottes Litt\u00e9raires","article_publisher":"https:\/\/facebook.com\/biscotteslitterairesbenin","article_published_time":"2017-08-01T05:23:30+00:00","article_modified_time":"2018-11-07T13:57:18+00:00","og_image":[{"width":373,"height":110,"url":"https:\/\/biscotteslitteraires.com\/2021\/wp-content\/uploads\/2017\/04\/editorial.jpg","type":"image\/jpeg"}],"twitter_card":"summary","twitter_misc":{"\u00c9crit par":"biscotteslitteraires","Dur\u00e9e de lecture estim\u00e9e":"4 minutes"},"schema":{"@context":"https:\/\/schema.org","@graph":[{"@type":"Organization","@id":"https:\/\/biscotteslitteraires.com\/2021\/#organization","name":"Biscottes Litt\u00e9raires","url":"https:\/\/biscotteslitteraires.com\/2021\/","sameAs":["https:\/\/facebook.com\/biscotteslitterairesbenin"],"logo":{"@type":"ImageObject","inLanguage":"fr-FR","@id":"https:\/\/biscotteslitteraires.com\/2021\/#\/schema\/logo\/image\/","url":"https:\/\/biscotteslitteraires.com\/2021\/wp-content\/uploads\/2018\/11\/cropped-LOGO-BL-e1630101307137.jpg","contentUrl":"https:\/\/biscotteslitteraires.com\/2021\/wp-content\/uploads\/2018\/11\/cropped-LOGO-BL-e1630101307137.jpg","width":960,"height":960,"caption":"Biscottes Litt\u00e9raires"},"image":{"@id":"https:\/\/biscotteslitteraires.com\/2021\/#\/schema\/logo\/image\/"}},{"@type":"WebSite","@id":"https:\/\/biscotteslitteraires.com\/2021\/#website","url":"https:\/\/biscotteslitteraires.com\/2021\/","name":"Biscottes Litt\u00e9raires","description":"Ici nous voyagerons dans les lignes, explorerons les interlignes.","publisher":{"@id":"https:\/\/biscotteslitteraires.com\/2021\/#organization"},"potentialAction":[{"@type":"SearchAction","target":{"@type":"EntryPoint","urlTemplate":"https:\/\/biscotteslitteraires.com\/2021\/?s={search_term_string}"},"query-input":"required name=search_term_string"}],"inLanguage":"fr-FR"},{"@type":"ImageObject","inLanguage":"fr-FR","@id":"https:\/\/biscotteslitteraires.com\/2021\/editorial-de-la-semaine\/#primaryimage","url":"https:\/\/biscotteslitteraires.com\/2021\/wp-content\/uploads\/2017\/04\/editorial.jpg","contentUrl":"https:\/\/biscotteslitteraires.com\/2021\/wp-content\/uploads\/2017\/04\/editorial.jpg","width":373,"height":110},{"@type":"WebPage","@id":"https:\/\/biscotteslitteraires.com\/2021\/editorial-de-la-semaine\/#webpage","url":"https:\/\/biscotteslitteraires.com\/2021\/editorial-de-la-semaine\/","name":"Le livre, un pacte d\u2019immortalit\u00e9 entre l\u2019auteur et le lecteur - Biscottes Litt\u00e9raires","isPartOf":{"@id":"https:\/\/biscotteslitteraires.com\/2021\/#website"},"primaryImageOfPage":{"@id":"https:\/\/biscotteslitteraires.com\/2021\/editorial-de-la-semaine\/#primaryimage"},"datePublished":"2017-08-01T05:23:30+00:00","dateModified":"2018-11-07T13:57:18+00:00","breadcrumb":{"@id":"https:\/\/biscotteslitteraires.com\/2021\/editorial-de-la-semaine\/#breadcrumb"},"inLanguage":"fr-FR","potentialAction":[{"@type":"ReadAction","target":["https:\/\/biscotteslitteraires.com\/2021\/editorial-de-la-semaine\/"]}]},{"@type":"BreadcrumbList","@id":"https:\/\/biscotteslitteraires.com\/2021\/editorial-de-la-semaine\/#breadcrumb","itemListElement":[{"@type":"ListItem","position":1,"name":"Accueil","item":"https:\/\/biscotteslitteraires.com\/2021\/"},{"@type":"ListItem","position":2,"name":"Le livre, un pacte d\u2019immortalit\u00e9 entre l\u2019auteur et le lecteur"}]},{"@type":"Article","@id":"https:\/\/biscotteslitteraires.com\/2021\/editorial-de-la-semaine\/#article","isPartOf":{"@id":"https:\/\/biscotteslitteraires.com\/2021\/editorial-de-la-semaine\/#webpage"},"author":{"@id":"https:\/\/biscotteslitteraires.com\/2021\/#\/schema\/person\/a7786cb98c76c568669b36d299731946"},"headline":"Le livre, un pacte d\u2019immortalit\u00e9 entre l\u2019auteur et le lecteur","datePublished":"2017-08-01T05:23:30+00:00","dateModified":"2018-11-07T13:57:18+00:00","mainEntityOfPage":{"@id":"https:\/\/biscotteslitteraires.com\/2021\/editorial-de-la-semaine\/#webpage"},"wordCount":847,"commentCount":14,"publisher":{"@id":"https:\/\/biscotteslitteraires.com\/2021\/#organization"},"image":{"@id":"https:\/\/biscotteslitteraires.com\/2021\/editorial-de-la-semaine\/#primaryimage"},"thumbnailUrl":"https:\/\/biscotteslitteraires.com\/2021\/wp-content\/uploads\/2017\/04\/editorial.jpg","articleSection":["editorial"],"inLanguage":"fr-FR","potentialAction":[{"@type":"CommentAction","name":"Comment","target":["https:\/\/biscotteslitteraires.com\/2021\/editorial-de-la-semaine\/#respond"]}]},{"@type":"Person","@id":"https:\/\/biscotteslitteraires.com\/2021\/#\/schema\/person\/a7786cb98c76c568669b36d299731946","name":"biscotteslitteraires","image":{"@type":"ImageObject","inLanguage":"fr-FR","@id":"https:\/\/biscotteslitteraires.com\/2021\/#\/schema\/person\/image\/","url":"https:\/\/secure.gravatar.com\/avatar\/94320ea752b93453cb48b1b2d71ada12?s=96&d=mm&r=g","contentUrl":"https:\/\/secure.gravatar.com\/avatar\/94320ea752b93453cb48b1b2d71ada12?s=96&d=mm&r=g","caption":"biscotteslitteraires"},"url":"https:\/\/biscotteslitteraires.com\/2021\/author\/admin\/"}]}},"_links":{"self":[{"href":"https:\/\/biscotteslitteraires.com\/2021\/wp-json\/wp\/v2\/posts\/52"}],"collection":[{"href":"https:\/\/biscotteslitteraires.com\/2021\/wp-json\/wp\/v2\/posts"}],"about":[{"href":"https:\/\/biscotteslitteraires.com\/2021\/wp-json\/wp\/v2\/types\/post"}],"author":[{"embeddable":true,"href":"https:\/\/biscotteslitteraires.com\/2021\/wp-json\/wp\/v2\/users\/1"}],"replies":[{"embeddable":true,"href":"https:\/\/biscotteslitteraires.com\/2021\/wp-json\/wp\/v2\/comments?post=52"}],"version-history":[{"count":6,"href":"https:\/\/biscotteslitteraires.com\/2021\/wp-json\/wp\/v2\/posts\/52\/revisions"}],"predecessor-version":[{"id":4501,"href":"https:\/\/biscotteslitteraires.com\/2021\/wp-json\/wp\/v2\/posts\/52\/revisions\/4501"}],"wp:featuredmedia":[{"embeddable":true,"href":"https:\/\/biscotteslitteraires.com\/2021\/wp-json\/wp\/v2\/media\/53"}],"wp:attachment":[{"href":"https:\/\/biscotteslitteraires.com\/2021\/wp-json\/wp\/v2\/media?parent=52"}],"wp:term":[{"taxonomy":"category","embeddable":true,"href":"https:\/\/biscotteslitteraires.com\/2021\/wp-json\/wp\/v2\/categories?post=52"},{"taxonomy":"post_tag","embeddable":true,"href":"https:\/\/biscotteslitteraires.com\/2021\/wp-json\/wp\/v2\/tags?post=52"}],"curies":[{"name":"wp","href":"https:\/\/api.w.org\/{rel}","templated":true}]}}