{"id":5594,"date":"2019-03-19T09:15:03","date_gmt":"2019-03-19T09:15:03","guid":{"rendered":"http:\/\/biscotteslitteraires.com\/2021\/?p=5594"},"modified":"2019-03-19T10:24:51","modified_gmt":"2019-03-19T10:24:51","slug":"chante-et-marche-cest-le-careme-priere-partage-et-jeune","status":"publish","type":"post","link":"https:\/\/biscotteslitteraires.com\/2021\/chante-et-marche-cest-le-careme-priere-partage-et-jeune\/","title":{"rendered":"CHANTE ET MARCHE, C&rsquo;EST LE CAR\u00caME"},"content":{"rendered":"<p style=\"text-align: justify;\">A mesure que le temps de Car\u00eame se poursuit et que nous scrutons l&rsquo;horizon les yeux fix\u00e9s sur J\u00e9sus, notre int\u00e9rieur, \u00e0 des moments donn\u00e9s, est assailli par des questionnements qui vont de l&rsquo;utilit\u00e9 du je\u00fbne \u00e0 la n\u00e9cessit\u00e9 de tous les efforts que nous avons librement d\u00e9cid\u00e9 d&rsquo;accomplir pour notre propre bien: \u00ab\u00a0Pourquoi je\u00fbner ? Pourquoi prier si Dieu n&rsquo;\u00e9coute pas et semble avoir d\u00e9sert\u00e9 la cr\u00e9ation? Pourquoi faire l&rsquo;aum\u00f4ne quand on ne poss\u00e8de pas soi-m\u00eame le minimum vital?\u00a0\u00bb S&rsquo;il est vrai que de plus en plus l&rsquo;univers semble tourner dos \u00e0 Dieu au point que certains estiment que la pri\u00e8re, c&rsquo;est le propre des pauvres, des mis\u00e9reux qui, au lieu de travailler, br\u00fblent leur temps \u00e0 fatiguer un Dieu con\u00e7u par leur imagination, il est aussi important de comprendre que l&rsquo;individualisme qui tient la drag\u00e9e haute \u00e0 nos soci\u00e9t\u00e9s contemporaines a t\u00f4t fait de cr\u00e9er un monde scl\u00e9ros\u00e9 marqu\u00e9 par la peur et le m\u00e9pris de l&rsquo;autre. Ici, les Ma\u00eetres du soup\u00e7on ont beau jeu. Qu&rsquo;\u00e0 la religion tax\u00e9e d&rsquo;opium du peuple l&rsquo;on veuille opposer les r\u00eaveries et les chim\u00e8res \u00e9th\u00e9r\u00e9es du Grand Soir et qu&rsquo;\u00e0 la soif du numineux inscrite au c\u0153ur de tout homme, l&rsquo;on oppose le dogme du surhomme avec ce d\u00e9sir br\u00fblant de bouter Dieu dehors en d\u00e9clarant sa mort, il faut r\u00e9aliser que nous vivons dans un monde malade de lui-m\u00eame et ivre de ses inventions et de ses d\u00e9couvertes. Et dans un tel contexte o\u00f9 l&rsquo;homme devient la mesure de toute chose puisque d\u00e9sormais per\u00e7u et \u00ab\u00a0institu\u00e9\u00a0\u00bb comme le ma\u00eetre du monde, venir en aide \u00e0 l&rsquo;autre, se pencher sur sa mis\u00e8re rel\u00e8ve moins de la charit\u00e9 et de l&rsquo;aum\u00f4ne que de la philanthropie exerc\u00e9e parfois avec condescendance. A cela s&rsquo;ajoute le r\u00e8gne de l&rsquo;indiff\u00e9rentisme absolu et du \u00ab\u00a0chacun pour soi\u00a0\u00bb qui pose l&rsquo;autre non comme un vis-\u00e0-vis, un fr\u00e8re, une s\u0153ur, un prochain, un autre \u00ab\u00a0Je\u00a0\u00bb qui rend possible le jeu de l&rsquo;alt\u00e9rit\u00e9, source et sommet de toute vie fraternelle et communautaire, mais comme un \u00e9tranger, un \u00ab\u00a0pas comme moi\u00a0\u00bb, un poids.<\/p>\n<p style=\"text-align: justify;\">Face \u00e0 ce sombre tableau, l&rsquo;on peut \u00eatre tent\u00e9 de se laisser au d\u00e9couragement et d\u00e9cr\u00e9ter que tout est pourri. Ce sentiment de d\u00e9pit se comprend quand on sait que de nos jours ce qui importe c&rsquo;est la rentabilit\u00e9, la productivit\u00e9, le profit. La technologie et les autres disciplines pratiques semblent prendre sinon sensiblement du moins progressivement le pas sur les sciences sociales et la litt\u00e9rature dans certaines universit\u00e9s. Devant une telle situation, loin de se laisser porter l&rsquo;estocade, il faut se lever et agir prestement. Il faut bien des penseurs qui non seulement se pensent et se disent au monde en se livrant \u00e0 travers leurs convictions, mais aussi des hommes de conviction qui pensent le monde contemporain \u00e0 travers le prisme de l&rsquo;histoire universelle. Il nous faut des hommes d&rsquo;esp\u00e9rance qui pensent notre quotidien pour que nos sciences aient de conscience ; autrement, la ruine de l&rsquo;\u00e2me n&rsquo;est plus qu&rsquo;imminente. On en a besoin pour reculer les fronti\u00e8res du mat\u00e9rialisme corrosif qui \u00e9touffe notre soci\u00e9t\u00e9 orient\u00e9e vers la productivit\u00e9 et la rentabilit\u00e9. Mais avant tout, ce dont le monde a besoin, ce sont des t\u00e9moins, des hommes de foi, quelle que soit leur ob\u00e9dience religieuse, qui continuent de croire en Dieu et en l&rsquo;homme cr\u00e9\u00e9 par Dieu et pour Dieu mais envoy\u00e9 sur terre comme lieutenant de Dieu. Dans ce combat pour le sens, le p\u00f4le \u00e0 privil\u00e9gier avant et en d\u00e9pit de tout, c&rsquo;est celui de la foi, de l&rsquo;esp\u00e9rance et de la charit\u00e9 vues comme la route qui m\u00e8ne \u00e0 Dieu et \u00e0 l&rsquo;autre. Et quand l&rsquo;\u00eatre est ainsi ancr\u00e9 en Dieu, il est tout aimant\u00e9 vers le bien qu&rsquo;il accomplit par amour du Bien, gratuitement, g\u00e9n\u00e9reusement. Et c&rsquo;est ici que Seydou Badian apporte sa pr\u00e9cieuse contribution \u00e0 cette r\u00e9flexion sur l&rsquo;alt\u00e9rit\u00e9 quand il \u00e9crit: \u00ab\u00a0L&rsquo;homme n&rsquo;est rien sans les hommes, il vient dans leurs mains et s&rsquo;en va dans leurs mains\u00a0\u00bb (Seydou Badian, <strong><em>Sous l&rsquo;orage<\/em><\/strong>, Pr\u00e9sence Africaine, Paris, 1972, Page 27)).<\/p>\n<p style=\"text-align: justify;\">Quand on sait qu&rsquo;en choyant en autrui l&rsquo;humanit\u00e9 on la pr\u00e9serve en soi, on comprend ais\u00e9ment que les biens mat\u00e9riels mis de c\u00f4t\u00e9 ou \u00e9conomis\u00e9s durant le je\u00fbne peuvent, \u00e0 travers l&rsquo;aum\u00f4ne et la charit\u00e9, soulager et soigner en l&rsquo;autre cette humanit\u00e9 que nous ch\u00e9rissons en nous. Et pour durer dans ce combat pour la vie qui appelle d\u00e9passement de soi, d\u00e9centrement et d\u00e9sappropriation de soi, il nous faut le secours divin que procure la pri\u00e8re. Tout est li\u00e9. A toutes les religions sont transversales la pri\u00e8re, le je\u00fbne et le partage. Dans toutes les religions sont pr\u00e9sentes, d\u2019une mani\u00e8re ou d\u2019une autre, la foi, l\u2019esp\u00e9rance et la charit\u00e9. Et au c\u0153ur de toute croyance religieuse se trouve la qu\u00eate de Dieu et le sens de l\u2019autre. La pri\u00e8re nous r\u00e9v\u00e8le notre d\u00e9pendance vis-\u00e0-vis de Dieu et nous procure l&rsquo;assurance que nous ne sommes pas seuls.\u00a0Le je\u00fbne, au-del\u00e0 de ses vertus th\u00e9rapeutiques, nous fait ressentir en notre chair les besoins et les souffrances de l&rsquo;humanit\u00e9. Le partage nous rend plus proches de nos fr\u00e8res et nous rend plus solidaires de tous ceux qui sont en difficult\u00e9. Victor Hugo en fait une belle synth\u00e8se: \u00ab\u00a0<em><strong>L&rsquo;aum\u00f4ne est soeur de la pri\u00e8re.<\/strong><\/em>\u00a0\u00bb (\u00a0<a href=\"https:\/\/www.mon-poeme.fr\/citations-victor-hugo\/\">Victor Hugo<\/a>\u00a0; <strong><em>Pour les pauvres<\/em><\/strong> (1831). Qui veut aller loin sur les chemins de la vie, ne saurait n\u00e9gliger ces trois \u00e9l\u00e9ments. La pri\u00e8re, le je\u00fbne et le partage, sachant, \u00e0 l&rsquo;\u00e9cole de Saint Augustin que \u00ab\u00a0<strong><em>le je\u00fbne et l\u2019aum\u00f4ne sont \u00ables deux ailes de la pri\u00e8re<\/em><\/strong>\u00bb. La voie royale pour lutter contre l&rsquo;individualisme, la cupidit\u00e9, le consum\u00e9risme, l&rsquo;indiff\u00e9rentisme, c&rsquo;est une vie de pri\u00e8re soutenue par le je\u00fbne et l&rsquo;aum\u00f4ne, lieux privil\u00e9gi\u00e9s o\u00f9 l&rsquo;homme, en face de ses propres fragilit\u00e9s, red\u00e9couvre son humanit\u00e9 et s&rsquo;en remet \u00e0 Dieu son Cr\u00e9ateur. Je\u00fbner, prier et partager pour remettre le monde debout: \u00ab\u00a0<strong><em>Remplacez la cupidit\u00e9 par l\u2019amour et tout sera \u00e0 sa place<\/em><\/strong>.\u00a0\u00bb, nous enseigne Gandhi\u00a0\u00bb.\u00a0Il nous reste \u00e0 faire des progr\u00e8s sur cette route, affermis par ces paroles de l&rsquo;\u00e9v\u00eaque d&rsquo;Hippone: \u00ab<em><strong>Toi, si tu progresses, C&rsquo;est que tu marches; mais progresse dans le bien, progresse dans la vraie foi, progresse dans la bonne conduite. Chante et marche.\u00bb<\/strong><\/em><\/p>\n<p style=\"text-align: justify;\">Bon temps de Car\u00eame \u00e0 tous et \u00e0 chacun.<\/p>\n<p style=\"text-align: justify;\"><strong>Destin Mahulolo<\/strong><\/p>\n","protected":false},"excerpt":{"rendered":"<p> Chante et marche. Toi, si tu progresses, C&rsquo;est que tu marches; mais progresse dans le bien, progresse dans la vraie foi, progresse dans la bonne conduite..<\/p>\n","protected":false},"author":1,"featured_media":5599,"comment_status":"open","ping_status":"closed","sticky":false,"template":"","format":"standard","meta":[],"categories":[4],"tags":[],"yoast_head":"<!-- This site is optimized with the Yoast SEO plugin v19.0 - https:\/\/yoast.com\/wordpress\/plugins\/seo\/ -->\n<title>c&#039;est car\u00eame. chante et marche et fais des progr\u00e8s dans ta qu\u00eate de Dieu et ton sens de l&#039;autre<\/title>\n<meta name=\"description\" content=\"Chante et marche. Toi, si tu progresses, C&#039;est que tu marches; mais progresse dans le bien, progresse dans la vraie foi, progresse dans la bonne conduite..\" \/>\n<meta name=\"robots\" content=\"index, follow, max-snippet:-1, max-image-preview:large, max-video-preview:-1\" \/>\n<link rel=\"canonical\" href=\"https:\/\/biscotteslitteraires.com\/2021\/chante-et-marche-cest-le-careme-priere-partage-et-jeune\/\" \/>\n<meta property=\"og:locale\" content=\"fr_FR\" \/>\n<meta property=\"og:type\" content=\"article\" \/>\n<meta property=\"og:title\" content=\"c&#039;est car\u00eame. chante et marche et fais des progr\u00e8s dans ta qu\u00eate de Dieu et ton sens de l&#039;autre\" \/>\n<meta property=\"og:description\" content=\"Chante et marche. Toi, si tu progresses, C&#039;est que tu marches; mais progresse dans le bien, progresse dans la vraie foi, progresse dans la bonne conduite..\" \/>\n<meta property=\"og:url\" content=\"https:\/\/biscotteslitteraires.com\/2021\/chante-et-marche-cest-le-careme-priere-partage-et-jeune\/\" \/>\n<meta property=\"og:site_name\" content=\"Biscottes Litt\u00e9raires\" \/>\n<meta property=\"article:publisher\" content=\"https:\/\/facebook.com\/biscotteslitterairesbenin\" \/>\n<meta property=\"article:published_time\" content=\"2019-03-19T09:15:03+00:00\" \/>\n<meta property=\"article:modified_time\" content=\"2019-03-19T10:24:51+00:00\" \/>\n<meta property=\"og:image\" content=\"http:\/\/biscotteslitteraires.com\/2021\/wp-content\/uploads\/2019\/03\/chante-et-marche.png\" \/>\n<meta name=\"twitter:card\" content=\"summary\" \/>\n<meta name=\"twitter:title\" content=\"c&#039;est car\u00eame. chante et marche et fais des progr\u00e8s dans ta qu\u00eate de Dieu et ton sens de l&#039;autre\" \/>\n<meta name=\"twitter:description\" content=\"Chante et marche. Toi, si tu progresses, C&#039;est que tu marches; mais progresse dans le bien, progresse dans la vraie foi, progresse dans la bonne conduite..\" \/>\n<meta name=\"twitter:image\" content=\"http:\/\/biscotteslitteraires.com\/2021\/wp-content\/uploads\/2019\/03\/chante-et-marche.png\" \/>\n<meta name=\"twitter:label1\" content=\"\u00c9crit par\" \/>\n\t<meta name=\"twitter:data1\" content=\"biscotteslitteraires\" \/>\n\t<meta name=\"twitter:label2\" content=\"Dur\u00e9e de lecture estim\u00e9e\" \/>\n\t<meta name=\"twitter:data2\" content=\"6 minutes\" \/>\n<script type=\"application\/ld+json\" class=\"yoast-schema-graph\">{\"@context\":\"https:\/\/schema.org\",\"@graph\":[{\"@type\":\"Organization\",\"@id\":\"https:\/\/biscotteslitteraires.com\/2021\/#organization\",\"name\":\"Biscottes Litt\u00e9raires\",\"url\":\"https:\/\/biscotteslitteraires.com\/2021\/\",\"sameAs\":[\"https:\/\/facebook.com\/biscotteslitterairesbenin\"],\"logo\":{\"@type\":\"ImageObject\",\"inLanguage\":\"fr-FR\",\"@id\":\"https:\/\/biscotteslitteraires.com\/2021\/#\/schema\/logo\/image\/\",\"url\":\"https:\/\/biscotteslitteraires.com\/2021\/wp-content\/uploads\/2018\/11\/cropped-LOGO-BL-e1630101307137.jpg\",\"contentUrl\":\"https:\/\/biscotteslitteraires.com\/2021\/wp-content\/uploads\/2018\/11\/cropped-LOGO-BL-e1630101307137.jpg\",\"width\":960,\"height\":960,\"caption\":\"Biscottes Litt\u00e9raires\"},\"image\":{\"@id\":\"https:\/\/biscotteslitteraires.com\/2021\/#\/schema\/logo\/image\/\"}},{\"@type\":\"WebSite\",\"@id\":\"https:\/\/biscotteslitteraires.com\/2021\/#website\",\"url\":\"https:\/\/biscotteslitteraires.com\/2021\/\",\"name\":\"Biscottes Litt\u00e9raires\",\"description\":\"Ici nous voyagerons dans les lignes, explorerons les interlignes.\",\"publisher\":{\"@id\":\"https:\/\/biscotteslitteraires.com\/2021\/#organization\"},\"potentialAction\":[{\"@type\":\"SearchAction\",\"target\":{\"@type\":\"EntryPoint\",\"urlTemplate\":\"https:\/\/biscotteslitteraires.com\/2021\/?s={search_term_string}\"},\"query-input\":\"required name=search_term_string\"}],\"inLanguage\":\"fr-FR\"},{\"@type\":\"ImageObject\",\"inLanguage\":\"fr-FR\",\"@id\":\"https:\/\/biscotteslitteraires.com\/2021\/chante-et-marche-cest-le-careme-priere-partage-et-jeune\/#primaryimage\",\"url\":\"\",\"contentUrl\":\"\"},{\"@type\":\"WebPage\",\"@id\":\"https:\/\/biscotteslitteraires.com\/2021\/chante-et-marche-cest-le-careme-priere-partage-et-jeune\/#webpage\",\"url\":\"https:\/\/biscotteslitteraires.com\/2021\/chante-et-marche-cest-le-careme-priere-partage-et-jeune\/\",\"name\":\"c'est car\u00eame. chante et marche et fais des progr\u00e8s dans ta qu\u00eate de Dieu et ton sens de l'autre\",\"isPartOf\":{\"@id\":\"https:\/\/biscotteslitteraires.com\/2021\/#website\"},\"primaryImageOfPage\":{\"@id\":\"https:\/\/biscotteslitteraires.com\/2021\/chante-et-marche-cest-le-careme-priere-partage-et-jeune\/#primaryimage\"},\"datePublished\":\"2019-03-19T09:15:03+00:00\",\"dateModified\":\"2019-03-19T10:24:51+00:00\",\"description\":\"Chante et marche. Toi, si tu progresses, C'est que tu marches; mais progresse dans le bien, progresse dans la vraie foi, progresse dans la bonne conduite..\",\"breadcrumb\":{\"@id\":\"https:\/\/biscotteslitteraires.com\/2021\/chante-et-marche-cest-le-careme-priere-partage-et-jeune\/#breadcrumb\"},\"inLanguage\":\"fr-FR\",\"potentialAction\":[{\"@type\":\"ReadAction\",\"target\":[\"https:\/\/biscotteslitteraires.com\/2021\/chante-et-marche-cest-le-careme-priere-partage-et-jeune\/\"]}]},{\"@type\":\"BreadcrumbList\",\"@id\":\"https:\/\/biscotteslitteraires.com\/2021\/chante-et-marche-cest-le-careme-priere-partage-et-jeune\/#breadcrumb\",\"itemListElement\":[{\"@type\":\"ListItem\",\"position\":1,\"name\":\"Accueil\",\"item\":\"https:\/\/biscotteslitteraires.com\/2021\/\"},{\"@type\":\"ListItem\",\"position\":2,\"name\":\"CHANTE ET MARCHE, C&rsquo;EST LE CAR\u00caME\"}]},{\"@type\":\"Article\",\"@id\":\"https:\/\/biscotteslitteraires.com\/2021\/chante-et-marche-cest-le-careme-priere-partage-et-jeune\/#article\",\"isPartOf\":{\"@id\":\"https:\/\/biscotteslitteraires.com\/2021\/chante-et-marche-cest-le-careme-priere-partage-et-jeune\/#webpage\"},\"author\":{\"@id\":\"https:\/\/biscotteslitteraires.com\/2021\/#\/schema\/person\/a7786cb98c76c568669b36d299731946\"},\"headline\":\"CHANTE ET MARCHE, C&rsquo;EST LE CAR\u00caME\",\"datePublished\":\"2019-03-19T09:15:03+00:00\",\"dateModified\":\"2019-03-19T10:24:51+00:00\",\"mainEntityOfPage\":{\"@id\":\"https:\/\/biscotteslitteraires.com\/2021\/chante-et-marche-cest-le-careme-priere-partage-et-jeune\/#webpage\"},\"wordCount\":1154,\"commentCount\":0,\"publisher\":{\"@id\":\"https:\/\/biscotteslitteraires.com\/2021\/#organization\"},\"image\":{\"@id\":\"https:\/\/biscotteslitteraires.com\/2021\/chante-et-marche-cest-le-careme-priere-partage-et-jeune\/#primaryimage\"},\"thumbnailUrl\":\"\",\"articleSection\":[\"editorial\"],\"inLanguage\":\"fr-FR\",\"potentialAction\":[{\"@type\":\"CommentAction\",\"name\":\"Comment\",\"target\":[\"https:\/\/biscotteslitteraires.com\/2021\/chante-et-marche-cest-le-careme-priere-partage-et-jeune\/#respond\"]}]},{\"@type\":\"Person\",\"@id\":\"https:\/\/biscotteslitteraires.com\/2021\/#\/schema\/person\/a7786cb98c76c568669b36d299731946\",\"name\":\"biscotteslitteraires\",\"image\":{\"@type\":\"ImageObject\",\"inLanguage\":\"fr-FR\",\"@id\":\"https:\/\/biscotteslitteraires.com\/2021\/#\/schema\/person\/image\/\",\"url\":\"https:\/\/secure.gravatar.com\/avatar\/94320ea752b93453cb48b1b2d71ada12?s=96&d=mm&r=g\",\"contentUrl\":\"https:\/\/secure.gravatar.com\/avatar\/94320ea752b93453cb48b1b2d71ada12?s=96&d=mm&r=g\",\"caption\":\"biscotteslitteraires\"},\"url\":\"https:\/\/biscotteslitteraires.com\/2021\/author\/admin\/\"}]}<\/script>\n<!-- \/ Yoast SEO plugin. -->","yoast_head_json":{"title":"c'est car\u00eame. chante et marche et fais des progr\u00e8s dans ta qu\u00eate de Dieu et ton sens de l'autre","description":"Chante et marche. Toi, si tu progresses, C'est que tu marches; mais progresse dans le bien, progresse dans la vraie foi, progresse dans la bonne conduite..","robots":{"index":"index","follow":"follow","max-snippet":"max-snippet:-1","max-image-preview":"max-image-preview:large","max-video-preview":"max-video-preview:-1"},"canonical":"https:\/\/biscotteslitteraires.com\/2021\/chante-et-marche-cest-le-careme-priere-partage-et-jeune\/","og_locale":"fr_FR","og_type":"article","og_title":"c'est car\u00eame. chante et marche et fais des progr\u00e8s dans ta qu\u00eate de Dieu et ton sens de l'autre","og_description":"Chante et marche. Toi, si tu progresses, C'est que tu marches; mais progresse dans le bien, progresse dans la vraie foi, progresse dans la bonne conduite..","og_url":"https:\/\/biscotteslitteraires.com\/2021\/chante-et-marche-cest-le-careme-priere-partage-et-jeune\/","og_site_name":"Biscottes Litt\u00e9raires","article_publisher":"https:\/\/facebook.com\/biscotteslitterairesbenin","article_published_time":"2019-03-19T09:15:03+00:00","article_modified_time":"2019-03-19T10:24:51+00:00","og_image":[{"url":"http:\/\/biscotteslitteraires.com\/2021\/wp-content\/uploads\/2019\/03\/chante-et-marche.png"}],"twitter_card":"summary","twitter_title":"c'est car\u00eame. chante et marche et fais des progr\u00e8s dans ta qu\u00eate de Dieu et ton sens de l'autre","twitter_description":"Chante et marche. Toi, si tu progresses, C'est que tu marches; mais progresse dans le bien, progresse dans la vraie foi, progresse dans la bonne conduite..","twitter_image":"http:\/\/biscotteslitteraires.com\/2021\/wp-content\/uploads\/2019\/03\/chante-et-marche.png","twitter_misc":{"\u00c9crit par":"biscotteslitteraires","Dur\u00e9e de lecture estim\u00e9e":"6 minutes"},"schema":{"@context":"https:\/\/schema.org","@graph":[{"@type":"Organization","@id":"https:\/\/biscotteslitteraires.com\/2021\/#organization","name":"Biscottes Litt\u00e9raires","url":"https:\/\/biscotteslitteraires.com\/2021\/","sameAs":["https:\/\/facebook.com\/biscotteslitterairesbenin"],"logo":{"@type":"ImageObject","inLanguage":"fr-FR","@id":"https:\/\/biscotteslitteraires.com\/2021\/#\/schema\/logo\/image\/","url":"https:\/\/biscotteslitteraires.com\/2021\/wp-content\/uploads\/2018\/11\/cropped-LOGO-BL-e1630101307137.jpg","contentUrl":"https:\/\/biscotteslitteraires.com\/2021\/wp-content\/uploads\/2018\/11\/cropped-LOGO-BL-e1630101307137.jpg","width":960,"height":960,"caption":"Biscottes Litt\u00e9raires"},"image":{"@id":"https:\/\/biscotteslitteraires.com\/2021\/#\/schema\/logo\/image\/"}},{"@type":"WebSite","@id":"https:\/\/biscotteslitteraires.com\/2021\/#website","url":"https:\/\/biscotteslitteraires.com\/2021\/","name":"Biscottes Litt\u00e9raires","description":"Ici nous voyagerons dans les lignes, explorerons les interlignes.","publisher":{"@id":"https:\/\/biscotteslitteraires.com\/2021\/#organization"},"potentialAction":[{"@type":"SearchAction","target":{"@type":"EntryPoint","urlTemplate":"https:\/\/biscotteslitteraires.com\/2021\/?s={search_term_string}"},"query-input":"required name=search_term_string"}],"inLanguage":"fr-FR"},{"@type":"ImageObject","inLanguage":"fr-FR","@id":"https:\/\/biscotteslitteraires.com\/2021\/chante-et-marche-cest-le-careme-priere-partage-et-jeune\/#primaryimage","url":"","contentUrl":""},{"@type":"WebPage","@id":"https:\/\/biscotteslitteraires.com\/2021\/chante-et-marche-cest-le-careme-priere-partage-et-jeune\/#webpage","url":"https:\/\/biscotteslitteraires.com\/2021\/chante-et-marche-cest-le-careme-priere-partage-et-jeune\/","name":"c'est car\u00eame. chante et marche et fais des progr\u00e8s dans ta qu\u00eate de Dieu et ton sens de l'autre","isPartOf":{"@id":"https:\/\/biscotteslitteraires.com\/2021\/#website"},"primaryImageOfPage":{"@id":"https:\/\/biscotteslitteraires.com\/2021\/chante-et-marche-cest-le-careme-priere-partage-et-jeune\/#primaryimage"},"datePublished":"2019-03-19T09:15:03+00:00","dateModified":"2019-03-19T10:24:51+00:00","description":"Chante et marche. Toi, si tu progresses, C'est que tu marches; mais progresse dans le bien, progresse dans la vraie foi, progresse dans la bonne conduite..","breadcrumb":{"@id":"https:\/\/biscotteslitteraires.com\/2021\/chante-et-marche-cest-le-careme-priere-partage-et-jeune\/#breadcrumb"},"inLanguage":"fr-FR","potentialAction":[{"@type":"ReadAction","target":["https:\/\/biscotteslitteraires.com\/2021\/chante-et-marche-cest-le-careme-priere-partage-et-jeune\/"]}]},{"@type":"BreadcrumbList","@id":"https:\/\/biscotteslitteraires.com\/2021\/chante-et-marche-cest-le-careme-priere-partage-et-jeune\/#breadcrumb","itemListElement":[{"@type":"ListItem","position":1,"name":"Accueil","item":"https:\/\/biscotteslitteraires.com\/2021\/"},{"@type":"ListItem","position":2,"name":"CHANTE ET MARCHE, C&rsquo;EST LE CAR\u00caME"}]},{"@type":"Article","@id":"https:\/\/biscotteslitteraires.com\/2021\/chante-et-marche-cest-le-careme-priere-partage-et-jeune\/#article","isPartOf":{"@id":"https:\/\/biscotteslitteraires.com\/2021\/chante-et-marche-cest-le-careme-priere-partage-et-jeune\/#webpage"},"author":{"@id":"https:\/\/biscotteslitteraires.com\/2021\/#\/schema\/person\/a7786cb98c76c568669b36d299731946"},"headline":"CHANTE ET MARCHE, C&rsquo;EST LE CAR\u00caME","datePublished":"2019-03-19T09:15:03+00:00","dateModified":"2019-03-19T10:24:51+00:00","mainEntityOfPage":{"@id":"https:\/\/biscotteslitteraires.com\/2021\/chante-et-marche-cest-le-careme-priere-partage-et-jeune\/#webpage"},"wordCount":1154,"commentCount":0,"publisher":{"@id":"https:\/\/biscotteslitteraires.com\/2021\/#organization"},"image":{"@id":"https:\/\/biscotteslitteraires.com\/2021\/chante-et-marche-cest-le-careme-priere-partage-et-jeune\/#primaryimage"},"thumbnailUrl":"","articleSection":["editorial"],"inLanguage":"fr-FR","potentialAction":[{"@type":"CommentAction","name":"Comment","target":["https:\/\/biscotteslitteraires.com\/2021\/chante-et-marche-cest-le-careme-priere-partage-et-jeune\/#respond"]}]},{"@type":"Person","@id":"https:\/\/biscotteslitteraires.com\/2021\/#\/schema\/person\/a7786cb98c76c568669b36d299731946","name":"biscotteslitteraires","image":{"@type":"ImageObject","inLanguage":"fr-FR","@id":"https:\/\/biscotteslitteraires.com\/2021\/#\/schema\/person\/image\/","url":"https:\/\/secure.gravatar.com\/avatar\/94320ea752b93453cb48b1b2d71ada12?s=96&d=mm&r=g","contentUrl":"https:\/\/secure.gravatar.com\/avatar\/94320ea752b93453cb48b1b2d71ada12?s=96&d=mm&r=g","caption":"biscotteslitteraires"},"url":"https:\/\/biscotteslitteraires.com\/2021\/author\/admin\/"}]}},"_links":{"self":[{"href":"https:\/\/biscotteslitteraires.com\/2021\/wp-json\/wp\/v2\/posts\/5594"}],"collection":[{"href":"https:\/\/biscotteslitteraires.com\/2021\/wp-json\/wp\/v2\/posts"}],"about":[{"href":"https:\/\/biscotteslitteraires.com\/2021\/wp-json\/wp\/v2\/types\/post"}],"author":[{"embeddable":true,"href":"https:\/\/biscotteslitteraires.com\/2021\/wp-json\/wp\/v2\/users\/1"}],"replies":[{"embeddable":true,"href":"https:\/\/biscotteslitteraires.com\/2021\/wp-json\/wp\/v2\/comments?post=5594"}],"version-history":[{"count":9,"href":"https:\/\/biscotteslitteraires.com\/2021\/wp-json\/wp\/v2\/posts\/5594\/revisions"}],"predecessor-version":[{"id":5608,"href":"https:\/\/biscotteslitteraires.com\/2021\/wp-json\/wp\/v2\/posts\/5594\/revisions\/5608"}],"wp:featuredmedia":[{"embeddable":true,"href":"https:\/\/biscotteslitteraires.com\/2021\/wp-json\/wp\/v2\/media\/5599"}],"wp:attachment":[{"href":"https:\/\/biscotteslitteraires.com\/2021\/wp-json\/wp\/v2\/media?parent=5594"}],"wp:term":[{"taxonomy":"category","embeddable":true,"href":"https:\/\/biscotteslitteraires.com\/2021\/wp-json\/wp\/v2\/categories?post=5594"},{"taxonomy":"post_tag","embeddable":true,"href":"https:\/\/biscotteslitteraires.com\/2021\/wp-json\/wp\/v2\/tags?post=5594"}],"curies":[{"name":"wp","href":"https:\/\/api.w.org\/{rel}","templated":true}]}}