{"id":6007,"date":"2019-06-24T10:07:40","date_gmt":"2019-06-24T10:07:40","guid":{"rendered":"https:\/\/biscotteslitteraires.com\/2021\/?p=6007"},"modified":"2019-06-24T10:44:43","modified_gmt":"2019-06-24T10:44:43","slug":"interview-avec-andre-ngoah","status":"publish","type":"post","link":"https:\/\/biscotteslitteraires.com\/2021\/interview-avec-andre-ngoah\/","title":{"rendered":"INTERVIEW AVEC ANDRE NGOAH"},"content":{"rendered":"<h2 style=\"text-align: justify;\"><strong><em><u><img loading=\"lazy\" class=\" wp-image-6008 alignleft\" src=\"https:\/\/biscotteslitteraires.com\/2021\/wp-content\/uploads\/2019\/06\/andr\u00e9-ngoah.jpg\" alt=\"\" width=\"258\" height=\"650\" srcset=\"https:\/\/biscotteslitteraires.com\/2021\/wp-content\/uploads\/2019\/06\/andr\u00e9-ngoah.jpg 381w, https:\/\/biscotteslitteraires.com\/2021\/wp-content\/uploads\/2019\/06\/andr\u00e9-ngoah-119x300.jpg 119w\" sizes=\"(max-width: 258px) 100vw, 258px\" \/><\/u><span style=\"color: #ff0000;\">\u00ab\u00a0Le f\u00e9minisme est le cheval de Troie qui va acc\u00e9l\u00e9rer la guerre des sexes entre l\u2019homme et la femme\u00a0; afin que les valeurs traditionnelles de la famille et de la bonne pens\u00e9e deviennent d\u00e9su\u00e8tes et obsol\u00e8tes.\u00a0 Pour moi, la femme africaine n\u2019en a vraiment pas besoin. Elle est beaucoup plus forte sans cette id\u00e9ologie exterminatrice.\u00a0\u00bb<\/span><\/em><\/strong><\/h2>\n<p>&nbsp;<\/p>\n<p style=\"text-align: justify;\"><strong><em><u>BL<\/u><\/em><\/strong><strong><em>\u00a0: Bonjour Monsieur Andr\u00e9 NGOAH. Nous vous remercions de nous accorder cette interview. Veuillez bien vous pr\u00e9senter, s\u2019il vous plait\u2026<\/em><\/strong><\/p>\n<p style=\"text-align: justify;\"><strong><u>AN\u00a0<\/u><\/strong>: Bonjour et merci pour cette occasion que vous me donnez ; effectivement c\u2019est bel et bien moi Andr\u00e9 Ngoah, je suis \u00e9crivain, performeur, \u00e9diteur, photographe et enseignant de lettres. Je suis camerounais et je vis \u00e0 Yaound\u00e9.<\/p>\n<p style=\"text-align: justify;\"><strong><em><u>BL<\/u><\/em><\/strong><strong><em>\u00a0: Vous \u00eates un s\u00e9rieux \u00e9pris des belles lettres, notamment de la po\u00e9sie. Pour vous, qu\u2019est-ce que la po\u00e9sie ?<\/em><\/strong><\/p>\n<p style=\"text-align: justify;\"><strong><u>AN\u00a0<\/u><\/strong>: La po\u00e9sie, pour moi, c\u2019est tout ce que nous ressentons au plus profond de notre \u00e2me, mais que nous n\u2019arrivons pas \u00e0 d\u00e9crire avec des gestes mais plut\u00f4t avec des mots m\u00e9taphoris\u00e9s.<\/p>\n<p style=\"text-align: justify;\"><strong><em><u>BL\u00a0:<\/u><\/em><\/strong><strong><em> Vous venez de publier \u00ab\u00a0Yaound\u00e9\u00a0\u00bb, un recueil de po\u00e8mes o\u00f9 sont trait\u00e9s des th\u00e8mes vari\u00e9s. Un mot sur la gen\u00e8se et l\u2019aboutissement de ce projet\u00a0: \u00ab\u00a0Yaound\u00e9\u00a0\u00bb \u2026<\/em><\/strong><\/p>\n<p style=\"text-align: justify;\"><strong><u>AN\u00a0: <\/u><\/strong>En fait je voulais confectionner un recueil de po\u00e8mes faciles \u00e0 lire et \u00e0 comprendre comme ceux de l\u2019un de mes po\u00e8tes pr\u00e9f\u00e9r\u00e9s \u00ab\u00a0Francis Bebey\u00a0\u00bb. Des po\u00e8mes qui sont connect\u00e9s \u00e0 la r\u00e9alit\u00e9 camerounaise et africaine. J\u2019ai toujours voulu \u00eatre compris par tous types de lectorats sans toutefois verser dans le populisme et l\u2019\u00e9litisme. Mon recueil \u00ab\u00a0Yaound\u00e9\u00a0\u00bb est un cri de d\u00e9sespoir qui appelle un changement vis-\u00e0-vis du monde sauvage du capitalisme et de la mondialisation qui acculture les peuples et les pousse \u00e0 s\u2019autod\u00e9truire.\u00a0 \u00ab\u00a0Yaound\u00e9\u00a0\u00bb est une \u0153uvre qui d\u00e9montre que le d\u00e9veloppement technologique et scientifique d\u00e9shumanise les hommes. Et qu\u2019il faut prendre un certain recul vis-\u00e0-vis de la mondialisation.<\/p>\n<p style=\"text-align: justify;\"><strong><em><u>BL<\/u><\/em><\/strong><strong><em>\u00a0: Dans le po\u00e8me intitul\u00e9 \u2018\u2019La f\u00e9minisation idiote\u2019\u2019, la plume arbore <\/em><\/strong><strong><em>une <\/em><\/strong><strong><em>violence\u00a0<\/em><\/strong><strong><em> certaine et fait montre d\u2019un certain caract\u00e8re qui fustige la femme et sa lutte nomm\u00e9 le f\u00e9minisme. Qu\u2019est-ce qui explique cette ire envers ce concept ? Doit-on croire que cette lutte qui d\u00e9sire permettre \u00e0 la femme de recouvrer sa noblesse et d\u2019\u00eatre trait\u00e9e au m\u00eame titre que l\u2019homme est vou\u00e9 \u00e0 l\u2019\u00e9chec malgr\u00e9 son envie et sa d\u00e9termination ? <\/em><\/strong><\/p>\n<p style=\"text-align: justify;\"><strong><u>AN\u00a0<\/u><\/strong><strong><em>: <\/em><\/strong>C\u2019est vrai, je suis contre le f\u00e9minisme mais je ne suis pas contre la f\u00e9minit\u00e9. Beaucoup de personnes confondent f\u00e9minit\u00e9 et f\u00e9minisme. Il est tout \u00e0 fait l\u00e9gitime que la femme soit respect\u00e9e en tant qu\u2019\u00eatre humain et qu\u2019elle jouisse de certains droits au m\u00eame titre que le masculin\u2026Mais cependant, elle doit tenir compte de l\u2019ordre biologique qui r\u00e9git l\u2019harmonie des \u00eatres vivants sur le globe. Pour moi, je pense que le f\u00e9minisme est au service d&rsquo;une id\u00e9ologie obscure et cache volontiers certaines v\u00e9rit\u00e9s : aucun homme ne domine vraiment une femme parce que biologiquement elle est plus forte mentalement que celui-ci. Tous les hommes normaux sont contr\u00f4l\u00e9s par une ou plusieurs femmes (m\u00e8res, s\u0153urs, maitresses etc.).<\/p>\n<p style=\"text-align: justify;\">Les femmes n&rsquo;ont plus besoin d&rsquo;\u00e9mancipation elles ont d\u00e9j\u00e0 acquis leur droit de travailler, d&rsquo;acc\u00e9der \u00e0 des postes cl\u00e9s&#8230;Ce probl\u00e8me \u00e0 mon sens est d\u00e9j\u00e0 r\u00e9solu, cependant un autre probl\u00e8me se pose parce que le f\u00e9minisme continue de donner l&rsquo;illusion que la femme n&rsquo;est pas \u00e9mancip\u00e9e. Alors ma question, si ce n\u2019 est donc pas\u00a0 le cas: \u00ab\u00a0Comment explique-t-on le fait qu\u2019 au 21<sup>\u00e8me<\/sup>si\u00e8cle, on retrouve des femmes maires, d\u00e9put\u00e9s, PDG, etc&#8230;? La seconde v\u00e9rit\u00e9\u00a0: l&rsquo;agenda cach\u00e9 du f\u00e9minisme est d&rsquo;augmenter l\u2019hypergamie des femmes afin qu&rsquo;elles \u00e9crasent et humilient le sexe masculin (par vengeance et par vice f\u00e9minine) et pour qu&rsquo;elles aient le pouvoir total sur le masculin (le gynocentrisme) pour d\u00e9clencher une guerre de sexes qui a pour objectif d\u2019introduire les tares de la mondialisation comme l&rsquo;homosexualit\u00e9 et le transsexualisme. Partout o\u00f9 le f\u00e9minisme a eu du succ\u00e8s, la d\u00e9rive sexuelle (pornographie, p\u00e9dophilie etc.) a eu aussi un grand succ\u00e8s\u00a0; d\u00e9j\u00e0 que les f\u00e9ministes sont tous pour les droits des homosexuels &#8230; Exemple les FEMEN en Europe de l\u2019Est.<\/p>\n<p style=\"text-align: justify;\"><strong><em><u>BL\u00a0<\/u><\/em><\/strong><strong><em>: Finalement pour vous, po\u00e8te africain, vivant en Afrique, le f\u00e9minisme c&rsquo;est&#8230; ?<\/em><\/strong><\/p>\n<p style=\"text-align: justify;\"><strong><u>AN\u00a0<\/u><\/strong>: Le f\u00e9minisme est le cheval de Troie qui va acc\u00e9l\u00e9rer la guerre des sexes entre l\u2019homme et la femme\u00a0; afin que les valeurs traditionnelles de la famille et de la bonne pens\u00e9e deviennent d\u00e9su\u00e8tes et obsol\u00e8tes.\u00a0 Pour moi, la femme africaine n\u2019en a vraiment pas besoin. Elle est beaucoup plus forte sans cette id\u00e9ologie exterminatrice.<\/p>\n<p style=\"text-align: justify;\"><img loading=\"lazy\" class=\"wp-image-6009 aligncenter\" src=\"https:\/\/biscotteslitteraires.com\/2021\/wp-content\/uploads\/2019\/06\/yaound\u00e9.jpg\" alt=\"\" width=\"346\" height=\"493\" srcset=\"https:\/\/biscotteslitteraires.com\/2021\/wp-content\/uploads\/2019\/06\/yaound\u00e9.jpg 674w, https:\/\/biscotteslitteraires.com\/2021\/wp-content\/uploads\/2019\/06\/yaound\u00e9-211x300.jpg 211w\" sizes=\"(max-width: 346px) 100vw, 346px\" \/><\/p>\n<p style=\"text-align: justify;\"><strong><em><u>BL<\/u><\/em><\/strong><strong><em>\u00a0: Le po\u00e8me \u2018\u2019Le jeune noir \u00e0 l\u2019\u00e9p\u00e9e\u2019\u2019 se veut \u00eatre l\u2019affirmation de soi, l\u2019acceptation de la peau d\u2019\u00e9b\u00e8ne et aussi sauvegarde de la culture. Ceci renvoie \u00e0 la n\u00e9gritude. Quel est ce rapport que vos textes, de par leur racine, partagent avec ce mouvement de la n\u00e9gritude ? <\/em><\/strong><\/p>\n<p style=\"text-align: justify;\"><strong><u>AN<\/u><\/strong>\u00a0: Ce po\u00e8me est une r\u00e9ponse \u00e0 l\u2019\u0153uvre \u00e9ponyme d\u2019Ab dal Malik. Dans mes textes, je milite pour l\u2019\u00e9mancipation de l\u2019homme noir, cependant, je fais quelques petites observations au niveau des mentalit\u00e9s qui restent encore d\u00e9sunies et mal orient\u00e9es. L\u2019Afrique ne pourra s\u2019en sortir que si et seulement si elle se sert des opportunit\u00e9s que lui donne la mondialisation. Le jeune noir \u00e0 l\u2019\u00e9p\u00e9e est ma r\u00e9ponse \u00e0 une \u0153uvre excessivement europ\u00e9anis\u00e9e et qui ne cadre pas avec la culture panafricaine.<\/p>\n<p style=\"text-align: justify;\"><strong><em><u>BL<\/u><\/em><\/strong><strong><em>\u00a0: Quel lien peut-on encore \u00e9tablir entre la n\u00e9gritude et les r\u00e9alit\u00e9s socio-culturelles de nos jours ? Ce mouvement m\u00e9rite-t-il encore d\u2019\u00eatre d\u00e9fendu, quand on sait qu\u2019aujourd\u2019hui tous les c\u0153urs sont tourn\u00e9s vers la qu\u00eate du bien-\u00eatre d\u2019abord individuel ?<\/em><\/strong><\/p>\n<p style=\"text-align: justify;\"><strong><u>AN\u00a0<\/u><\/strong>: A mon sens le vrai probl\u00e8me de la n\u00e9gritude n\u2019est pas li\u00e9 \u00e0 un fondement culturel ou sociologique mais \u00e0 un manque d\u2019objectivit\u00e9.\u00a0 Il est tant que l\u2019Afrique prenne son destin en main et sache que \u00e7a ne sert \u00e0 rien d\u2019\u00eatre d\u00e9sunis. Notre est une force incroyable. Cependant, nous ne la valorisons pas assez.<\/p>\n<p style=\"text-align: justify;\"><strong><em><u>BL\u00a0<\/u><\/em><\/strong><strong><em>: Auriez-vous, en tant que po\u00e8te et citoyen, un mot \u00e0 dire sur le conflit qui oppose le pouvoir en place et les communaut\u00e9s anglophones du Cameroun ? <\/em><\/strong><\/p>\n<p style=\"text-align: justify;\"><strong><u>AN<\/u><\/strong>\u00a0: Que mes fr\u00e8res camerounais se posent juste les questions suivantes\u00a0: \u00ab <strong><em>Quel genre de pays h\u00e9riteront les futures g\u00e9n\u00e9rations\u00a0? Est-ce un pays divis\u00e9\u00a0\u00e0 cause des langues coloniales\u00a0? Est-ce un pays uni, prosp\u00e8re avec une richesse culturelle qui fera envier les autres nations ou bien est-ce un pays totalement vou\u00e9 au chaos\u00a0?<\/em><\/strong> \u00bb<\/p>\n<p style=\"text-align: justify;\"><strong><em><u>BL<\/u><\/em><\/strong><strong><em>\u00a0: En tant que po\u00e8te panafricaniste, quel est votre avis sur la question du franc cfa qui quotidiennement prend plus de l\u2019ampleur ? <\/em><\/strong><\/p>\n<p style=\"text-align: justify;\"><strong><u>AN\u00a0:<\/u><\/strong> Le Franc CFA est un probl\u00e8me s\u00e9rieux. L\u2019\u00e9lite africaine doit s\u2019unir autour d\u2019une seule monnaie pour faire face \u00e0 ce probl\u00e8me. Sinon, nous continuerons \u00e0 tourner autour du pot en vain. Ce n\u2019est pas une monnaie qui va dispara\u00eetre avec des coups de col\u00e8re et des coups de frustrations, mais plut\u00f4t avec des strat\u00e9gies bien \u00e9labor\u00e9es et organis\u00e9es dans la discr\u00e9tion et le silence diplomatique. Et pour cela il faudrait d\u2019abord que nous puissions nous unir culturellement, politiquement et \u00e9conomiquement. Impossible pour un seul Etat de sortir de cette monnaie, il faut une d\u00e9cision commune li\u00e9e par une union forte.<\/p>\n<p style=\"text-align: justify;\"><strong><em><u>BL<\/u><\/em><\/strong><strong><em>\u00a0: Le recueil \u2018\u2019Yaound\u00e9\u2019\u00a0: \u00e0 qui l\u2019adressez-vous et pensez-vous que l\u2019objectif est atteint\u00a0?<\/em><\/strong><\/p>\n<p style=\"text-align: justify;\"><strong><u>AN<\/u><\/strong><strong>\u00a0: <\/strong>Ce recueil s\u2019adresse \u00e0 ceux qui envient la vie citadine et qui d\u00e9laissent toutes leurs richesses culturelles au profit du capitalisme et du monde artificielle.<\/p>\n<p style=\"text-align: justify;\"><strong><em><u>BL\u00a0<\/u><\/em><\/strong><strong><em>: Qu\u2019est-ce qui explique cette grande libert\u00e9 dans votre style po\u00e9tique comparativement \u00e0 celui des po\u00e8tes classiques o\u00f9 les r\u00e8gles exigent la retenue, la maitrise et la mesure ?<\/em><\/strong><\/p>\n<p style=\"text-align: justify;\"><strong><u>AN\u00a0:<\/u><\/strong> Je ne me compare pas aux \u00e9crivains d\u2019antan ni m\u00eame aux \u00e9crivains contemporains, j\u2019apporte juste mon style, ma vision du monde avec une touche de sinc\u00e9rit\u00e9 parce que j\u2019\u00e9cris pour sensibiliser et pour essayer de changer les mauvaises mentalit\u00e9s. Loin d\u2019\u00eatre un parfait moraliste, je reste tout de m\u00eame dans le cadre de l\u2019\u00e9thique.<\/p>\n<p style=\"text-align: justify;\"><strong><em><u>BL\u00a0<\/u><\/em><\/strong><strong><em>: L&rsquo;Afrique est-elle pr\u00eate \u00e0 embrasser le livre num\u00e9rique ?<\/em><\/strong><\/p>\n<p style=\"text-align: justify;\"><strong><u>AN<\/u><\/strong><strong>\u00a0: <\/strong>Oui mais il faudrait que les lecteurs s\u2019accoutument d\u2019abord \u00e0 cette nouvelle vague informative. Le livre papier connait encore un succ\u00e8s vif parce qu\u2019il donne l\u2019impression au lecteur de palper la r\u00e9alit\u00e9. Mais je pense qu\u2019avec le temps, les africains finiront par s\u2019habituer au livre num\u00e9rique. Le v\u00e9ritable probl\u00e8me se fonde juste au niveau du pouvoir d\u2019achat.<\/p>\n<p><img loading=\"lazy\" class=\"size-full wp-image-6012 aligncenter\" src=\"https:\/\/biscotteslitteraires.com\/2021\/wp-content\/uploads\/2019\/06\/la-symphonie-mozart.jpg\" alt=\"\" width=\"220\" height=\"339\" srcset=\"https:\/\/biscotteslitteraires.com\/2021\/wp-content\/uploads\/2019\/06\/la-symphonie-mozart.jpg 220w, https:\/\/biscotteslitteraires.com\/2021\/wp-content\/uploads\/2019\/06\/la-symphonie-mozart-195x300.jpg 195w\" sizes=\"(max-width: 220px) 100vw, 220px\" \/><\/p>\n<p style=\"text-align: justify;\"><strong><em><u>BL<\/u><\/em><\/strong><strong><em>\u00a0: Y a-t-il une vigueur particuli\u00e8re que vous souhaiteriez insuffler au genre de la po\u00e9sie ?<\/em><\/strong><\/p>\n<p style=\"text-align: justify;\"><strong><u>AN\u00a0:<\/u><\/strong>Oui, effectivement, je suis de ceux-l\u00e0 qui pensent que la po\u00e9sie doit sortir des carcans \u00e9litistes et acad\u00e9miques. Le monde se r\u00e9sume maintenant au strict minimum et \u00e0 une compr\u00e9hension totale de son environnement. La po\u00e9sie doit \u00eatre une voie de sortie de la crise humaine. C\u2019est pourquoi, j\u2019ai toujours \u00e9crit mes po\u00e8mes en fran\u00e7ais courant.<\/p>\n<p style=\"text-align: justify;\"><strong><em><u>BL<\/u><\/em><\/strong><strong><em>\u00a0: Vous \u00eates aussi \u00e9diteur. Un \u00e9crivain et \u00e9diteur concomitamment ne demande-t-il pas assez d\u2019\u00e9nergie quand on les concilie ? <\/em><\/strong><\/p>\n<p style=\"text-align: justify;\"><strong><u>AN\u00a0<\/u><\/strong><strong>: <\/strong>C\u2019est vrai que concilier les deux r\u00e9alit\u00e9s est assez difficile mais on finit par s\u2019habituer avec le temps qui nous donne assez d\u2019exp\u00e9rience. Et je peux vous l\u2019assurez je m\u2019en sors assez bien et je ne me plains pas.<\/p>\n<p style=\"text-align: justify;\"><strong><em><u>BL\u00a0<\/u><\/em><\/strong><strong><em>: N\u2019y a-t-il pas de danger \u00e0 ce qu\u2019on s\u2019\u00e9dite soi-m\u00eame ? Car on peut quand m\u00eame se dire : \u00ab C\u2019est moi le Directeur G\u00e9n\u00e9ral, le dernier mot me revient. Je veux \u00e9diter mon livre, aucune instante ne saurait m\u2019en dissuader \u00bb. <\/em><\/strong><\/p>\n<p style=\"text-align: justify;\"><strong><u>AN\u00a0<\/u><\/strong><strong>: <\/strong>Loin d\u2019\u00eatre subjectif et p\u00e9dant, je pense que le meilleur critique litt\u00e9raire se trouve dans le lectorat. De ma triste exp\u00e9rience, bon nombre d\u2019analyste litt\u00e9raire et critique ont souvent rejet\u00e9 des best Sellers qui continuent de faire leur preuve aujourd\u2019hui. C\u2019est que ces personnes restent des r\u00e9f\u00e9rences mais cependant je pr\u00e9f\u00e8re me fier \u00e0 mon instinct d\u2019\u00e9crivain. Jusqu\u2019ici, notamment, je n\u2019ai jamais regrett\u00e9\u00a0; mes recueils ont toujours \u00e9t\u00e9 bien accueillis<\/p>\n<p style=\"text-align: justify;\"><strong><em><u>BL<\/u><\/em><\/strong><strong><em>\u00a0: Un mot sur votre maison d\u2019\u00e9dition, sa gen\u00e8se, ses objectifs et le bilan \u00e0 mi-parcours\u2026<\/em><\/strong><\/p>\n<p style=\"text-align: justify;\"><strong><u>AN<\/u><\/strong><strong>\u00a0: <\/strong>Tout ce que je peux dire c\u2019est que les Editions Soleil vont lentement mais s\u00fbrement. Pour l\u2019instant, je pr\u00e9f\u00e8re ne pas encore en parler mais tr\u00e8s prochainement j\u2019en dirai beaucoup plus. Pour des raisons professionnelles.<\/p>\n<p style=\"text-align: justify;\"><img loading=\"lazy\" class=\"wp-image-6010 aligncenter\" src=\"https:\/\/biscotteslitteraires.com\/2021\/wp-content\/uploads\/2019\/06\/\u00e9coute-battre-ton-coeur.jpg\" alt=\"\" width=\"438\" height=\"621\" srcset=\"https:\/\/biscotteslitteraires.com\/2021\/wp-content\/uploads\/2019\/06\/\u00e9coute-battre-ton-coeur.jpg 677w, https:\/\/biscotteslitteraires.com\/2021\/wp-content\/uploads\/2019\/06\/\u00e9coute-battre-ton-coeur-212x300.jpg 212w\" sizes=\"(max-width: 438px) 100vw, 438px\" \/><\/p>\n<p style=\"text-align: justify;\"><strong><em><u>BL<\/u><\/em><\/strong><strong><em>\u00a0: Et si vous nous introduisiez dans le myst\u00e8re de\u2018\u2019 Ecoute battre ton c\u0153ur\u2019\u2019 votre autre recueil de po\u00e8mes romantiques ? <\/em><\/strong><\/p>\n<p style=\"text-align: justify;\"><strong><u>AN\u00a0:<\/u><\/strong> L\u2019amour profond pour la femme\u00a0: qui reste une d\u00e9esse. Une autre preuve qu\u2019aimer la femme n\u2019est pas une exclusivit\u00e9 f\u00e9ministe mais plut\u00f4t un besoin universel qui coexiste entre l\u2019homme et la femme naturellement. L\u2019amour c\u2019est quelque chose de tr\u00e8s s\u00e9rieux, il y en a qui en meurt \u00e0 cause du manque d\u2019affection. Il n\u2019y a rien de merveilleux que de c\u00e9l\u00e9brer l\u2019amour entre les deux sexes et c\u2019est ce que j\u2019ai essay\u00e9 de faire dans ce recueil.<\/p>\n<p style=\"text-align: justify;\"><strong><em><u>BL\u00a0:<\/u><\/em><\/strong><strong> <em>La po\u00e9sie, pour \u00eatre \u00ab accrocheuses \u00bb aujourd\u2019hui, ne doit-elle \u00eatre que tourn\u00e9e vers la romance, la sensualit\u00e9 ? <\/em><\/strong><\/p>\n<p style=\"text-align: justify;\"><strong><u>AN\u00a0:<\/u><\/strong> Honn\u00eatement je pense que l\u2019on peut c\u00e9l\u00e9brer la sexualit\u00e9 sans verser dans la d\u00e9pravation. L&rsquo;\u00e9crivain\/le po\u00e8te \u00e0 mon sens est d&rsquo;abord un \u00e9ducateur, il faut donc qu&rsquo;il fasse attention de pr\u00e8s ou de loin \u00e0 ce qu&rsquo;il dit dans ce domaine. Chaque fois qu&rsquo;on parle d&rsquo;\u00e9rotisme c&rsquo;est toujours dans un sens bestial et d\u00e9go\u00fbtant or on peut en faire un sujet fort bien moralisateur. L&rsquo;\u00e9rotisme est une fusion entre l&rsquo;homme et la femme et cette fusion cr\u00e9e la vie, l&rsquo;\u00e9rotisme peut nous amener \u00e0 canaliser cette force cr\u00e9atrice source d&rsquo;amour et de respect &#8230;<img loading=\"lazy\" class=\"wp-image-6011 aligncenter\" src=\"https:\/\/biscotteslitteraires.com\/2021\/wp-content\/uploads\/2019\/06\/36-degr\u00e9s.png\" alt=\"\" width=\"417\" height=\"576\" srcset=\"https:\/\/biscotteslitteraires.com\/2021\/wp-content\/uploads\/2019\/06\/36-degr\u00e9s.png 695w, https:\/\/biscotteslitteraires.com\/2021\/wp-content\/uploads\/2019\/06\/36-degr\u00e9s-217x300.png 217w\" sizes=\"(max-width: 417px) 100vw, 417px\" \/><\/p>\n<p style=\"text-align: justify;\"><strong><em><u>BL<\/u><\/em><\/strong><strong><em>\u00a0: Vous avez \u00e9crit aussi \u00ab\u00a0comme une guitare\u00a0\u00bb. Un recueil de po\u00e8mes dont le titre renvoie d\u00e9j\u00e0 \u00e0 la musique. Quelle place accordez-vous la musique, au rythme, dans votre production po\u00e9tique\u00a0?<\/em><\/strong><\/p>\n<p style=\"text-align: justify;\"><strong><u>AN\u00a0:<\/u><\/strong> En fait, ce n\u2019est pas un recueil de po\u00e8mes en tant que tel, c\u2019est une plaquette de po\u00e9sie que je teste au sein de mon lectorat et que j\u2019affectionne beaucoup. Je compte l\u2019int\u00e9grer dans un autre recueil bien pr\u00e9par\u00e9 et structur\u00e9. Tous les po\u00e8tes aiment la musique et quand je dis mes textes (d\u00e9clamation ou bien lecture perform\u00e9e) je suis parfois accompagn\u00e9 d\u2019un instrumentaliste. Et j\u2019aime \u00e7a. Je n\u2019en suis par le pr\u00e9curseur mais beaucoup de po\u00e8te comme Allen Ginsburg, Gill Scott Heron et Melvin Van Peebles ont montr\u00e9 la voie dans cette technique orale. Et je me suis en inspir\u00e9. La po\u00e9sie et la musique sont li\u00e9es dans l\u2019oralit\u00e9.<\/p>\n<p style=\"text-align: justify;\"><strong><em><u>BL\u00a0<\/u><\/em><\/strong><strong><em>: Vous avez certainement d\u2019autres projets en cours. Vous voudrez bien les partager avec nous ? <\/em><\/strong><\/p>\n<p style=\"text-align: justify;\"><strong><u>AN\u00a0:<\/u><\/strong> Publier un maximum de livres et faire publier un maximum d\u2019auteur(e)s.<\/p>\n<p style=\"text-align: justify;\"><strong><em><u>BL\u00a0<\/u><\/em><\/strong><strong><em>: Votre mot de fin<\/em><\/strong><\/p>\n<p style=\"text-align: justify;\"><strong><u>AN<\/u><\/strong><strong>\u00a0: <\/strong>La connaissance est un pouvoir et l\u2019ignorance est mortelle.<\/p>\n","protected":false},"excerpt":{"rendered":"<p>\u00ab\u00a0Le f\u00e9minisme est le cheval de Troie qui va acc\u00e9l\u00e9rer la guerre des sexes entre l\u2019homme et la femme\u00a0; afin que les valeurs traditionnelles de la famille et de la bonne pens\u00e9e deviennent d\u00e9su\u00e8tes et obsol\u00e8tes.\u00a0 Pour moi, la femme africaine n\u2019en a vraiment pas besoin. Elle est beaucoup plus forte sans cette id\u00e9ologie exterminatrice.\u00a0\u00bb [&hellip;]<\/p>\n","protected":false},"author":1,"featured_media":6008,"comment_status":"open","ping_status":"closed","sticky":false,"template":"","format":"standard","meta":[],"categories":[14],"tags":[],"yoast_head":"<!-- This site is optimized with the Yoast SEO plugin v19.0 - https:\/\/yoast.com\/wordpress\/plugins\/seo\/ -->\n<title>INTERVIEW AVEC ANDRE NGOAH - Biscottes Litt\u00e9raires<\/title>\n<meta name=\"robots\" content=\"index, follow, max-snippet:-1, max-image-preview:large, max-video-preview:-1\" \/>\n<link rel=\"canonical\" href=\"https:\/\/biscotteslitteraires.com\/2021\/interview-avec-andre-ngoah\/\" \/>\n<meta property=\"og:locale\" content=\"fr_FR\" \/>\n<meta property=\"og:type\" content=\"article\" \/>\n<meta property=\"og:title\" content=\"INTERVIEW AVEC ANDRE NGOAH - Biscottes Litt\u00e9raires\" \/>\n<meta property=\"og:description\" content=\"\u00ab\u00a0Le f\u00e9minisme est le cheval de Troie qui va acc\u00e9l\u00e9rer la guerre des sexes entre l\u2019homme et la femme\u00a0; afin que les valeurs traditionnelles de la famille et de la bonne pens\u00e9e deviennent d\u00e9su\u00e8tes et obsol\u00e8tes.\u00a0 Pour moi, la femme africaine n\u2019en a vraiment pas besoin. Elle est beaucoup plus forte sans cette id\u00e9ologie exterminatrice.\u00a0\u00bb [&hellip;]\" \/>\n<meta property=\"og:url\" content=\"https:\/\/biscotteslitteraires.com\/2021\/interview-avec-andre-ngoah\/\" \/>\n<meta property=\"og:site_name\" content=\"Biscottes Litt\u00e9raires\" \/>\n<meta property=\"article:publisher\" content=\"https:\/\/facebook.com\/biscotteslitterairesbenin\" \/>\n<meta property=\"article:published_time\" content=\"2019-06-24T10:07:40+00:00\" \/>\n<meta property=\"article:modified_time\" content=\"2019-06-24T10:44:43+00:00\" \/>\n<meta property=\"og:image\" content=\"https:\/\/biscotteslitteraires.com\/2021\/wp-content\/uploads\/2019\/06\/andr\u00e9-ngoah.jpg\" \/>\n\t<meta property=\"og:image:width\" content=\"381\" \/>\n\t<meta property=\"og:image:height\" content=\"960\" \/>\n\t<meta property=\"og:image:type\" content=\"image\/jpeg\" \/>\n<meta name=\"twitter:card\" content=\"summary\" \/>\n<meta name=\"twitter:label1\" content=\"\u00c9crit par\" \/>\n\t<meta name=\"twitter:data1\" content=\"biscotteslitteraires\" \/>\n\t<meta name=\"twitter:label2\" content=\"Dur\u00e9e de lecture estim\u00e9e\" \/>\n\t<meta name=\"twitter:data2\" content=\"12 minutes\" \/>\n<script type=\"application\/ld+json\" class=\"yoast-schema-graph\">{\"@context\":\"https:\/\/schema.org\",\"@graph\":[{\"@type\":\"Organization\",\"@id\":\"https:\/\/biscotteslitteraires.com\/2021\/#organization\",\"name\":\"Biscottes Litt\u00e9raires\",\"url\":\"https:\/\/biscotteslitteraires.com\/2021\/\",\"sameAs\":[\"https:\/\/facebook.com\/biscotteslitterairesbenin\"],\"logo\":{\"@type\":\"ImageObject\",\"inLanguage\":\"fr-FR\",\"@id\":\"https:\/\/biscotteslitteraires.com\/2021\/#\/schema\/logo\/image\/\",\"url\":\"https:\/\/biscotteslitteraires.com\/2021\/wp-content\/uploads\/2018\/11\/cropped-LOGO-BL-e1630101307137.jpg\",\"contentUrl\":\"https:\/\/biscotteslitteraires.com\/2021\/wp-content\/uploads\/2018\/11\/cropped-LOGO-BL-e1630101307137.jpg\",\"width\":960,\"height\":960,\"caption\":\"Biscottes Litt\u00e9raires\"},\"image\":{\"@id\":\"https:\/\/biscotteslitteraires.com\/2021\/#\/schema\/logo\/image\/\"}},{\"@type\":\"WebSite\",\"@id\":\"https:\/\/biscotteslitteraires.com\/2021\/#website\",\"url\":\"https:\/\/biscotteslitteraires.com\/2021\/\",\"name\":\"Biscottes Litt\u00e9raires\",\"description\":\"Ici nous voyagerons dans les lignes, explorerons les interlignes.\",\"publisher\":{\"@id\":\"https:\/\/biscotteslitteraires.com\/2021\/#organization\"},\"potentialAction\":[{\"@type\":\"SearchAction\",\"target\":{\"@type\":\"EntryPoint\",\"urlTemplate\":\"https:\/\/biscotteslitteraires.com\/2021\/?s={search_term_string}\"},\"query-input\":\"required name=search_term_string\"}],\"inLanguage\":\"fr-FR\"},{\"@type\":\"ImageObject\",\"inLanguage\":\"fr-FR\",\"@id\":\"https:\/\/biscotteslitteraires.com\/2021\/interview-avec-andre-ngoah\/#primaryimage\",\"url\":\"https:\/\/biscotteslitteraires.com\/2021\/wp-content\/uploads\/2019\/06\/andr\u00e9-ngoah.jpg\",\"contentUrl\":\"https:\/\/biscotteslitteraires.com\/2021\/wp-content\/uploads\/2019\/06\/andr\u00e9-ngoah.jpg\",\"width\":381,\"height\":960},{\"@type\":\"WebPage\",\"@id\":\"https:\/\/biscotteslitteraires.com\/2021\/interview-avec-andre-ngoah\/#webpage\",\"url\":\"https:\/\/biscotteslitteraires.com\/2021\/interview-avec-andre-ngoah\/\",\"name\":\"INTERVIEW AVEC ANDRE NGOAH - Biscottes Litt\u00e9raires\",\"isPartOf\":{\"@id\":\"https:\/\/biscotteslitteraires.com\/2021\/#website\"},\"primaryImageOfPage\":{\"@id\":\"https:\/\/biscotteslitteraires.com\/2021\/interview-avec-andre-ngoah\/#primaryimage\"},\"datePublished\":\"2019-06-24T10:07:40+00:00\",\"dateModified\":\"2019-06-24T10:44:43+00:00\",\"breadcrumb\":{\"@id\":\"https:\/\/biscotteslitteraires.com\/2021\/interview-avec-andre-ngoah\/#breadcrumb\"},\"inLanguage\":\"fr-FR\",\"potentialAction\":[{\"@type\":\"ReadAction\",\"target\":[\"https:\/\/biscotteslitteraires.com\/2021\/interview-avec-andre-ngoah\/\"]}]},{\"@type\":\"BreadcrumbList\",\"@id\":\"https:\/\/biscotteslitteraires.com\/2021\/interview-avec-andre-ngoah\/#breadcrumb\",\"itemListElement\":[{\"@type\":\"ListItem\",\"position\":1,\"name\":\"Accueil\",\"item\":\"https:\/\/biscotteslitteraires.com\/2021\/\"},{\"@type\":\"ListItem\",\"position\":2,\"name\":\"INTERVIEW AVEC ANDRE NGOAH\"}]},{\"@type\":\"Article\",\"@id\":\"https:\/\/biscotteslitteraires.com\/2021\/interview-avec-andre-ngoah\/#article\",\"isPartOf\":{\"@id\":\"https:\/\/biscotteslitteraires.com\/2021\/interview-avec-andre-ngoah\/#webpage\"},\"author\":{\"@id\":\"https:\/\/biscotteslitteraires.com\/2021\/#\/schema\/person\/a7786cb98c76c568669b36d299731946\"},\"headline\":\"INTERVIEW AVEC ANDRE NGOAH\",\"datePublished\":\"2019-06-24T10:07:40+00:00\",\"dateModified\":\"2019-06-24T10:44:43+00:00\",\"mainEntityOfPage\":{\"@id\":\"https:\/\/biscotteslitteraires.com\/2021\/interview-avec-andre-ngoah\/#webpage\"},\"wordCount\":2344,\"commentCount\":0,\"publisher\":{\"@id\":\"https:\/\/biscotteslitteraires.com\/2021\/#organization\"},\"image\":{\"@id\":\"https:\/\/biscotteslitteraires.com\/2021\/interview-avec-andre-ngoah\/#primaryimage\"},\"thumbnailUrl\":\"https:\/\/biscotteslitteraires.com\/2021\/wp-content\/uploads\/2019\/06\/andr\u00e9-ngoah.jpg\",\"articleSection\":[\"interview\"],\"inLanguage\":\"fr-FR\",\"potentialAction\":[{\"@type\":\"CommentAction\",\"name\":\"Comment\",\"target\":[\"https:\/\/biscotteslitteraires.com\/2021\/interview-avec-andre-ngoah\/#respond\"]}]},{\"@type\":\"Person\",\"@id\":\"https:\/\/biscotteslitteraires.com\/2021\/#\/schema\/person\/a7786cb98c76c568669b36d299731946\",\"name\":\"biscotteslitteraires\",\"image\":{\"@type\":\"ImageObject\",\"inLanguage\":\"fr-FR\",\"@id\":\"https:\/\/biscotteslitteraires.com\/2021\/#\/schema\/person\/image\/\",\"url\":\"https:\/\/secure.gravatar.com\/avatar\/94320ea752b93453cb48b1b2d71ada12?s=96&d=mm&r=g\",\"contentUrl\":\"https:\/\/secure.gravatar.com\/avatar\/94320ea752b93453cb48b1b2d71ada12?s=96&d=mm&r=g\",\"caption\":\"biscotteslitteraires\"},\"url\":\"https:\/\/biscotteslitteraires.com\/2021\/author\/admin\/\"}]}<\/script>\n<!-- \/ Yoast SEO plugin. -->","yoast_head_json":{"title":"INTERVIEW AVEC ANDRE NGOAH - Biscottes Litt\u00e9raires","robots":{"index":"index","follow":"follow","max-snippet":"max-snippet:-1","max-image-preview":"max-image-preview:large","max-video-preview":"max-video-preview:-1"},"canonical":"https:\/\/biscotteslitteraires.com\/2021\/interview-avec-andre-ngoah\/","og_locale":"fr_FR","og_type":"article","og_title":"INTERVIEW AVEC ANDRE NGOAH - Biscottes Litt\u00e9raires","og_description":"\u00ab\u00a0Le f\u00e9minisme est le cheval de Troie qui va acc\u00e9l\u00e9rer la guerre des sexes entre l\u2019homme et la femme\u00a0; afin que les valeurs traditionnelles de la famille et de la bonne pens\u00e9e deviennent d\u00e9su\u00e8tes et obsol\u00e8tes.\u00a0 Pour moi, la femme africaine n\u2019en a vraiment pas besoin. Elle est beaucoup plus forte sans cette id\u00e9ologie exterminatrice.\u00a0\u00bb [&hellip;]","og_url":"https:\/\/biscotteslitteraires.com\/2021\/interview-avec-andre-ngoah\/","og_site_name":"Biscottes Litt\u00e9raires","article_publisher":"https:\/\/facebook.com\/biscotteslitterairesbenin","article_published_time":"2019-06-24T10:07:40+00:00","article_modified_time":"2019-06-24T10:44:43+00:00","og_image":[{"width":381,"height":960,"url":"https:\/\/biscotteslitteraires.com\/2021\/wp-content\/uploads\/2019\/06\/andr\u00e9-ngoah.jpg","type":"image\/jpeg"}],"twitter_card":"summary","twitter_misc":{"\u00c9crit par":"biscotteslitteraires","Dur\u00e9e de lecture estim\u00e9e":"12 minutes"},"schema":{"@context":"https:\/\/schema.org","@graph":[{"@type":"Organization","@id":"https:\/\/biscotteslitteraires.com\/2021\/#organization","name":"Biscottes Litt\u00e9raires","url":"https:\/\/biscotteslitteraires.com\/2021\/","sameAs":["https:\/\/facebook.com\/biscotteslitterairesbenin"],"logo":{"@type":"ImageObject","inLanguage":"fr-FR","@id":"https:\/\/biscotteslitteraires.com\/2021\/#\/schema\/logo\/image\/","url":"https:\/\/biscotteslitteraires.com\/2021\/wp-content\/uploads\/2018\/11\/cropped-LOGO-BL-e1630101307137.jpg","contentUrl":"https:\/\/biscotteslitteraires.com\/2021\/wp-content\/uploads\/2018\/11\/cropped-LOGO-BL-e1630101307137.jpg","width":960,"height":960,"caption":"Biscottes Litt\u00e9raires"},"image":{"@id":"https:\/\/biscotteslitteraires.com\/2021\/#\/schema\/logo\/image\/"}},{"@type":"WebSite","@id":"https:\/\/biscotteslitteraires.com\/2021\/#website","url":"https:\/\/biscotteslitteraires.com\/2021\/","name":"Biscottes Litt\u00e9raires","description":"Ici nous voyagerons dans les lignes, explorerons les interlignes.","publisher":{"@id":"https:\/\/biscotteslitteraires.com\/2021\/#organization"},"potentialAction":[{"@type":"SearchAction","target":{"@type":"EntryPoint","urlTemplate":"https:\/\/biscotteslitteraires.com\/2021\/?s={search_term_string}"},"query-input":"required name=search_term_string"}],"inLanguage":"fr-FR"},{"@type":"ImageObject","inLanguage":"fr-FR","@id":"https:\/\/biscotteslitteraires.com\/2021\/interview-avec-andre-ngoah\/#primaryimage","url":"https:\/\/biscotteslitteraires.com\/2021\/wp-content\/uploads\/2019\/06\/andr\u00e9-ngoah.jpg","contentUrl":"https:\/\/biscotteslitteraires.com\/2021\/wp-content\/uploads\/2019\/06\/andr\u00e9-ngoah.jpg","width":381,"height":960},{"@type":"WebPage","@id":"https:\/\/biscotteslitteraires.com\/2021\/interview-avec-andre-ngoah\/#webpage","url":"https:\/\/biscotteslitteraires.com\/2021\/interview-avec-andre-ngoah\/","name":"INTERVIEW AVEC ANDRE NGOAH - Biscottes Litt\u00e9raires","isPartOf":{"@id":"https:\/\/biscotteslitteraires.com\/2021\/#website"},"primaryImageOfPage":{"@id":"https:\/\/biscotteslitteraires.com\/2021\/interview-avec-andre-ngoah\/#primaryimage"},"datePublished":"2019-06-24T10:07:40+00:00","dateModified":"2019-06-24T10:44:43+00:00","breadcrumb":{"@id":"https:\/\/biscotteslitteraires.com\/2021\/interview-avec-andre-ngoah\/#breadcrumb"},"inLanguage":"fr-FR","potentialAction":[{"@type":"ReadAction","target":["https:\/\/biscotteslitteraires.com\/2021\/interview-avec-andre-ngoah\/"]}]},{"@type":"BreadcrumbList","@id":"https:\/\/biscotteslitteraires.com\/2021\/interview-avec-andre-ngoah\/#breadcrumb","itemListElement":[{"@type":"ListItem","position":1,"name":"Accueil","item":"https:\/\/biscotteslitteraires.com\/2021\/"},{"@type":"ListItem","position":2,"name":"INTERVIEW AVEC ANDRE NGOAH"}]},{"@type":"Article","@id":"https:\/\/biscotteslitteraires.com\/2021\/interview-avec-andre-ngoah\/#article","isPartOf":{"@id":"https:\/\/biscotteslitteraires.com\/2021\/interview-avec-andre-ngoah\/#webpage"},"author":{"@id":"https:\/\/biscotteslitteraires.com\/2021\/#\/schema\/person\/a7786cb98c76c568669b36d299731946"},"headline":"INTERVIEW AVEC ANDRE NGOAH","datePublished":"2019-06-24T10:07:40+00:00","dateModified":"2019-06-24T10:44:43+00:00","mainEntityOfPage":{"@id":"https:\/\/biscotteslitteraires.com\/2021\/interview-avec-andre-ngoah\/#webpage"},"wordCount":2344,"commentCount":0,"publisher":{"@id":"https:\/\/biscotteslitteraires.com\/2021\/#organization"},"image":{"@id":"https:\/\/biscotteslitteraires.com\/2021\/interview-avec-andre-ngoah\/#primaryimage"},"thumbnailUrl":"https:\/\/biscotteslitteraires.com\/2021\/wp-content\/uploads\/2019\/06\/andr\u00e9-ngoah.jpg","articleSection":["interview"],"inLanguage":"fr-FR","potentialAction":[{"@type":"CommentAction","name":"Comment","target":["https:\/\/biscotteslitteraires.com\/2021\/interview-avec-andre-ngoah\/#respond"]}]},{"@type":"Person","@id":"https:\/\/biscotteslitteraires.com\/2021\/#\/schema\/person\/a7786cb98c76c568669b36d299731946","name":"biscotteslitteraires","image":{"@type":"ImageObject","inLanguage":"fr-FR","@id":"https:\/\/biscotteslitteraires.com\/2021\/#\/schema\/person\/image\/","url":"https:\/\/secure.gravatar.com\/avatar\/94320ea752b93453cb48b1b2d71ada12?s=96&d=mm&r=g","contentUrl":"https:\/\/secure.gravatar.com\/avatar\/94320ea752b93453cb48b1b2d71ada12?s=96&d=mm&r=g","caption":"biscotteslitteraires"},"url":"https:\/\/biscotteslitteraires.com\/2021\/author\/admin\/"}]}},"_links":{"self":[{"href":"https:\/\/biscotteslitteraires.com\/2021\/wp-json\/wp\/v2\/posts\/6007"}],"collection":[{"href":"https:\/\/biscotteslitteraires.com\/2021\/wp-json\/wp\/v2\/posts"}],"about":[{"href":"https:\/\/biscotteslitteraires.com\/2021\/wp-json\/wp\/v2\/types\/post"}],"author":[{"embeddable":true,"href":"https:\/\/biscotteslitteraires.com\/2021\/wp-json\/wp\/v2\/users\/1"}],"replies":[{"embeddable":true,"href":"https:\/\/biscotteslitteraires.com\/2021\/wp-json\/wp\/v2\/comments?post=6007"}],"version-history":[{"count":3,"href":"https:\/\/biscotteslitteraires.com\/2021\/wp-json\/wp\/v2\/posts\/6007\/revisions"}],"predecessor-version":[{"id":6015,"href":"https:\/\/biscotteslitteraires.com\/2021\/wp-json\/wp\/v2\/posts\/6007\/revisions\/6015"}],"wp:featuredmedia":[{"embeddable":true,"href":"https:\/\/biscotteslitteraires.com\/2021\/wp-json\/wp\/v2\/media\/6008"}],"wp:attachment":[{"href":"https:\/\/biscotteslitteraires.com\/2021\/wp-json\/wp\/v2\/media?parent=6007"}],"wp:term":[{"taxonomy":"category","embeddable":true,"href":"https:\/\/biscotteslitteraires.com\/2021\/wp-json\/wp\/v2\/categories?post=6007"},{"taxonomy":"post_tag","embeddable":true,"href":"https:\/\/biscotteslitteraires.com\/2021\/wp-json\/wp\/v2\/tags?post=6007"}],"curies":[{"name":"wp","href":"https:\/\/api.w.org\/{rel}","templated":true}]}}