{"id":711,"date":"2017-08-22T14:27:29","date_gmt":"2017-08-22T14:27:29","guid":{"rendered":"http:\/\/biscotteslitteraires.com\/2021\/?p=711"},"modified":"2017-08-22T14:27:29","modified_gmt":"2017-08-22T14:27:29","slug":"ceremonial-huitieme","status":"publish","type":"post","link":"https:\/\/biscotteslitteraires.com\/2021\/ceremonial-huitieme\/","title":{"rendered":"C\u00c9R\u00c9MONIAL HUITI\u00c8ME"},"content":{"rendered":"<p style=\"text-align: left;\"><strong>Bonjour, chers amis de \u00ab\u00a0Biscottes litt\u00e9raires\u00a0\u00bb. Nous avons une page ouverte \u00e0 tous pour des publications personnelles sur notre blog. Elle est baptis\u00e9e \u00ab\u00a0Vous et nous\u00a0\u00bb. Celui qui l&rsquo;inaugure s&rsquo;appelle Gr\u00e9goire Bekri FOLLY. \u00c9crivain en devenir et po\u00e8te par passion, \u00a0il s&rsquo;essaie \u00e0 l&rsquo;\u00e9criture depuis plusieurs ann\u00e9es. Il est l&rsquo;auteur de nouvelles et de recueils po\u00e9tiques encore in\u00e9dits, notamment \u00ab\u00a0<\/strong><strong>\u00a0<\/strong><strong>C\u00e9r\u00e9monial de l&rsquo;ivresse<\/strong><strong>\u00a0<\/strong><strong>\u00a0\u00bb duquel est tir\u00e9 ce po\u00e8me<\/strong><strong>\u00a0<\/strong><strong>C\u00c9R\u00c9MONIAL HUITI\u00c8ME\u00a0votre blog est fier de vous offrir en exclusivit\u00e9. A vos marques&#8230;<\/strong><\/p>\n<p><!--more--><\/p>\n<p>&nbsp;<\/p>\n<p><img loading=\"lazy\" class=\"aligncenter  wp-image-714\" src=\"http:\/\/biscotteslitteraires.com\/2021\/wp-content\/uploads\/2017\/08\/esp\u00e9rence-1.jpg\" alt=\"\" width=\"334\" height=\"249\" \/><\/p>\n<p>&nbsp;<\/p>\n<p>J&rsquo;ai arbor\u00e9 la p\u00e2teuse ivresse du golem<\/p>\n<p>J&rsquo;ai suc\u00e9 la vibration conquis du soleil<\/p>\n<p>Dans le verger m\u00eame de la terre<\/p>\n<p>Car ivresse sans esquisse<\/p>\n<p>J&rsquo;ai refait le rituel<\/p>\n<p>soliste des carrefours du monde<\/p>\n<p>pour semer l&rsquo;ineffable du jour<\/p>\n<p>Voil\u00e0<\/p>\n<p>Mon sourire \u00e9tale mon sang<\/p>\n<p>Qui radote l&rsquo;\u00e2ge d&rsquo;or de demain<\/p>\n<p>Mon caquet bien lim\u00e9 qui avale chaque ressac de la mer<\/p>\n<p>Chaque lentille du soleil<\/p>\n<p>Pour en extirper la promesse visc\u00e9rale<\/p>\n<p>Mais je vous parle de raisins de solitude<\/p>\n<p>Qui se pavanent \u00e0 gu\u00e9 de vent<\/p>\n<p>Comme un souvenir anthume sur le chemin volage des hommes<\/p>\n<p>Mais ce qui \u00e0 moi est dans cet exil funambule<\/p>\n<p>C&rsquo;est l&rsquo;identit\u00e9 remarqu\u00e9e de la temp\u00eate<\/p>\n<p>\u00c0 l&rsquo;estuaire de ma vie d&rsquo;errance<\/p>\n<p>C&rsquo;est le Nil bien factieux<\/p>\n<p>d&rsquo;un temps qui s&rsquo;enlise dans le mouvant sable de l&rsquo;esp\u00e9rance<\/p>\n<p>Ce qui \u00e0 moi est dans l&rsquo;imaginaire abrupt de ce s\u00e9isme<\/p>\n<p>C&rsquo;est ce c\u00e9r\u00e9monial qui concilie pourtant<\/p>\n<p>Les hommes \u00e0 l&rsquo;humus d&rsquo;une terre parjure<\/p>\n<p>C&rsquo;est cette ordalie qui fredonne le retour muscl\u00e9<\/p>\n<p>Aux estocades de l&rsquo;entier r\u00e9el<\/p>\n<p>C&rsquo;est aussi le tam-tam d\u00e9sir<\/p>\n<p>Qui virilise la souche de l&rsquo;int\u00e9rieur<\/p>\n<p>La cavale d&rsquo;un Rhin-po\u00e8me<\/p>\n<p>Qui pslamodie l&rsquo;angoisse d&rsquo;un vert pr\u00e9sent<\/p>\n<p>Pour recr\u00e9er la bauge premi\u00e8re du monde.<\/p>\n<p>&nbsp;<\/p>\n<p>&nbsp;<\/p>\n<p><strong>Gr\u00e9goire Bekri FOLLY<\/strong><\/p>\n","protected":false},"excerpt":{"rendered":"<p>Bonjour, chers amis de \u00ab\u00a0Biscottes litt\u00e9raires\u00a0\u00bb. Nous avons une page ouverte \u00e0 tous pour des publications personnelles sur notre blog. Elle est baptis\u00e9e \u00ab\u00a0Vous et nous\u00a0\u00bb. Celui qui l&rsquo;inaugure s&rsquo;appelle Gr\u00e9goire Bekri FOLLY. \u00c9crivain en devenir et po\u00e8te par passion, \u00a0il s&rsquo;essaie \u00e0 l&rsquo;\u00e9criture depuis plusieurs ann\u00e9es. Il est l&rsquo;auteur de nouvelles et de recueils [&hellip;]<\/p>\n","protected":false},"author":1,"featured_media":0,"comment_status":"open","ping_status":"open","sticky":false,"template":"","format":"standard","meta":[],"categories":[18],"tags":[],"yoast_head":"<!-- This site is optimized with the Yoast SEO plugin v19.0 - https:\/\/yoast.com\/wordpress\/plugins\/seo\/ -->\n<title>C\u00c9R\u00c9MONIAL HUITI\u00c8ME - Biscottes Litt\u00e9raires<\/title>\n<meta name=\"robots\" content=\"index, follow, max-snippet:-1, max-image-preview:large, max-video-preview:-1\" \/>\n<link rel=\"canonical\" href=\"https:\/\/biscotteslitteraires.com\/2021\/ceremonial-huitieme\/\" \/>\n<meta property=\"og:locale\" content=\"fr_FR\" \/>\n<meta property=\"og:type\" content=\"article\" \/>\n<meta property=\"og:title\" content=\"C\u00c9R\u00c9MONIAL HUITI\u00c8ME - Biscottes Litt\u00e9raires\" \/>\n<meta property=\"og:description\" content=\"Bonjour, chers amis de \u00ab\u00a0Biscottes litt\u00e9raires\u00a0\u00bb. Nous avons une page ouverte \u00e0 tous pour des publications personnelles sur notre blog. Elle est baptis\u00e9e \u00ab\u00a0Vous et nous\u00a0\u00bb. Celui qui l&rsquo;inaugure s&rsquo;appelle Gr\u00e9goire Bekri FOLLY. \u00c9crivain en devenir et po\u00e8te par passion, \u00a0il s&rsquo;essaie \u00e0 l&rsquo;\u00e9criture depuis plusieurs ann\u00e9es. Il est l&rsquo;auteur de nouvelles et de recueils [&hellip;]\" \/>\n<meta property=\"og:url\" content=\"https:\/\/biscotteslitteraires.com\/2021\/ceremonial-huitieme\/\" \/>\n<meta property=\"og:site_name\" content=\"Biscottes Litt\u00e9raires\" \/>\n<meta property=\"article:publisher\" content=\"https:\/\/facebook.com\/biscotteslitterairesbenin\" \/>\n<meta property=\"article:published_time\" content=\"2017-08-22T14:27:29+00:00\" \/>\n<meta name=\"twitter:card\" content=\"summary\" \/>\n<meta name=\"twitter:label1\" content=\"\u00c9crit par\" \/>\n\t<meta name=\"twitter:data1\" content=\"biscotteslitteraires\" \/>\n\t<meta name=\"twitter:label2\" content=\"Dur\u00e9e de lecture estim\u00e9e\" \/>\n\t<meta name=\"twitter:data2\" content=\"2 minutes\" \/>\n<script type=\"application\/ld+json\" class=\"yoast-schema-graph\">{\"@context\":\"https:\/\/schema.org\",\"@graph\":[{\"@type\":\"Organization\",\"@id\":\"https:\/\/biscotteslitteraires.com\/2021\/#organization\",\"name\":\"Biscottes Litt\u00e9raires\",\"url\":\"https:\/\/biscotteslitteraires.com\/2021\/\",\"sameAs\":[\"https:\/\/facebook.com\/biscotteslitterairesbenin\"],\"logo\":{\"@type\":\"ImageObject\",\"inLanguage\":\"fr-FR\",\"@id\":\"https:\/\/biscotteslitteraires.com\/2021\/#\/schema\/logo\/image\/\",\"url\":\"https:\/\/biscotteslitteraires.com\/2021\/wp-content\/uploads\/2018\/11\/cropped-LOGO-BL-e1630101307137.jpg\",\"contentUrl\":\"https:\/\/biscotteslitteraires.com\/2021\/wp-content\/uploads\/2018\/11\/cropped-LOGO-BL-e1630101307137.jpg\",\"width\":960,\"height\":960,\"caption\":\"Biscottes Litt\u00e9raires\"},\"image\":{\"@id\":\"https:\/\/biscotteslitteraires.com\/2021\/#\/schema\/logo\/image\/\"}},{\"@type\":\"WebSite\",\"@id\":\"https:\/\/biscotteslitteraires.com\/2021\/#website\",\"url\":\"https:\/\/biscotteslitteraires.com\/2021\/\",\"name\":\"Biscottes Litt\u00e9raires\",\"description\":\"Ici nous voyagerons dans les lignes, explorerons les interlignes.\",\"publisher\":{\"@id\":\"https:\/\/biscotteslitteraires.com\/2021\/#organization\"},\"potentialAction\":[{\"@type\":\"SearchAction\",\"target\":{\"@type\":\"EntryPoint\",\"urlTemplate\":\"https:\/\/biscotteslitteraires.com\/2021\/?s={search_term_string}\"},\"query-input\":\"required name=search_term_string\"}],\"inLanguage\":\"fr-FR\"},{\"@type\":\"WebPage\",\"@id\":\"https:\/\/biscotteslitteraires.com\/2021\/ceremonial-huitieme\/#webpage\",\"url\":\"https:\/\/biscotteslitteraires.com\/2021\/ceremonial-huitieme\/\",\"name\":\"C\u00c9R\u00c9MONIAL HUITI\u00c8ME - Biscottes Litt\u00e9raires\",\"isPartOf\":{\"@id\":\"https:\/\/biscotteslitteraires.com\/2021\/#website\"},\"datePublished\":\"2017-08-22T14:27:29+00:00\",\"dateModified\":\"2017-08-22T14:27:29+00:00\",\"breadcrumb\":{\"@id\":\"https:\/\/biscotteslitteraires.com\/2021\/ceremonial-huitieme\/#breadcrumb\"},\"inLanguage\":\"fr-FR\",\"potentialAction\":[{\"@type\":\"ReadAction\",\"target\":[\"https:\/\/biscotteslitteraires.com\/2021\/ceremonial-huitieme\/\"]}]},{\"@type\":\"BreadcrumbList\",\"@id\":\"https:\/\/biscotteslitteraires.com\/2021\/ceremonial-huitieme\/#breadcrumb\",\"itemListElement\":[{\"@type\":\"ListItem\",\"position\":1,\"name\":\"Accueil\",\"item\":\"https:\/\/biscotteslitteraires.com\/2021\/\"},{\"@type\":\"ListItem\",\"position\":2,\"name\":\"C\u00c9R\u00c9MONIAL HUITI\u00c8ME\"}]},{\"@type\":\"Article\",\"@id\":\"https:\/\/biscotteslitteraires.com\/2021\/ceremonial-huitieme\/#article\",\"isPartOf\":{\"@id\":\"https:\/\/biscotteslitteraires.com\/2021\/ceremonial-huitieme\/#webpage\"},\"author\":{\"@id\":\"https:\/\/biscotteslitteraires.com\/2021\/#\/schema\/person\/a7786cb98c76c568669b36d299731946\"},\"headline\":\"C\u00c9R\u00c9MONIAL HUITI\u00c8ME\",\"datePublished\":\"2017-08-22T14:27:29+00:00\",\"dateModified\":\"2017-08-22T14:27:29+00:00\",\"mainEntityOfPage\":{\"@id\":\"https:\/\/biscotteslitteraires.com\/2021\/ceremonial-huitieme\/#webpage\"},\"wordCount\":317,\"commentCount\":9,\"publisher\":{\"@id\":\"https:\/\/biscotteslitteraires.com\/2021\/#organization\"},\"articleSection\":[\"Vous et nous\"],\"inLanguage\":\"fr-FR\",\"potentialAction\":[{\"@type\":\"CommentAction\",\"name\":\"Comment\",\"target\":[\"https:\/\/biscotteslitteraires.com\/2021\/ceremonial-huitieme\/#respond\"]}]},{\"@type\":\"Person\",\"@id\":\"https:\/\/biscotteslitteraires.com\/2021\/#\/schema\/person\/a7786cb98c76c568669b36d299731946\",\"name\":\"biscotteslitteraires\",\"image\":{\"@type\":\"ImageObject\",\"inLanguage\":\"fr-FR\",\"@id\":\"https:\/\/biscotteslitteraires.com\/2021\/#\/schema\/person\/image\/\",\"url\":\"https:\/\/secure.gravatar.com\/avatar\/94320ea752b93453cb48b1b2d71ada12?s=96&d=mm&r=g\",\"contentUrl\":\"https:\/\/secure.gravatar.com\/avatar\/94320ea752b93453cb48b1b2d71ada12?s=96&d=mm&r=g\",\"caption\":\"biscotteslitteraires\"},\"url\":\"https:\/\/biscotteslitteraires.com\/2021\/author\/admin\/\"}]}<\/script>\n<!-- \/ Yoast SEO plugin. -->","yoast_head_json":{"title":"C\u00c9R\u00c9MONIAL HUITI\u00c8ME - Biscottes Litt\u00e9raires","robots":{"index":"index","follow":"follow","max-snippet":"max-snippet:-1","max-image-preview":"max-image-preview:large","max-video-preview":"max-video-preview:-1"},"canonical":"https:\/\/biscotteslitteraires.com\/2021\/ceremonial-huitieme\/","og_locale":"fr_FR","og_type":"article","og_title":"C\u00c9R\u00c9MONIAL HUITI\u00c8ME - Biscottes Litt\u00e9raires","og_description":"Bonjour, chers amis de \u00ab\u00a0Biscottes litt\u00e9raires\u00a0\u00bb. Nous avons une page ouverte \u00e0 tous pour des publications personnelles sur notre blog. Elle est baptis\u00e9e \u00ab\u00a0Vous et nous\u00a0\u00bb. Celui qui l&rsquo;inaugure s&rsquo;appelle Gr\u00e9goire Bekri FOLLY. \u00c9crivain en devenir et po\u00e8te par passion, \u00a0il s&rsquo;essaie \u00e0 l&rsquo;\u00e9criture depuis plusieurs ann\u00e9es. Il est l&rsquo;auteur de nouvelles et de recueils [&hellip;]","og_url":"https:\/\/biscotteslitteraires.com\/2021\/ceremonial-huitieme\/","og_site_name":"Biscottes Litt\u00e9raires","article_publisher":"https:\/\/facebook.com\/biscotteslitterairesbenin","article_published_time":"2017-08-22T14:27:29+00:00","twitter_card":"summary","twitter_misc":{"\u00c9crit par":"biscotteslitteraires","Dur\u00e9e de lecture estim\u00e9e":"2 minutes"},"schema":{"@context":"https:\/\/schema.org","@graph":[{"@type":"Organization","@id":"https:\/\/biscotteslitteraires.com\/2021\/#organization","name":"Biscottes Litt\u00e9raires","url":"https:\/\/biscotteslitteraires.com\/2021\/","sameAs":["https:\/\/facebook.com\/biscotteslitterairesbenin"],"logo":{"@type":"ImageObject","inLanguage":"fr-FR","@id":"https:\/\/biscotteslitteraires.com\/2021\/#\/schema\/logo\/image\/","url":"https:\/\/biscotteslitteraires.com\/2021\/wp-content\/uploads\/2018\/11\/cropped-LOGO-BL-e1630101307137.jpg","contentUrl":"https:\/\/biscotteslitteraires.com\/2021\/wp-content\/uploads\/2018\/11\/cropped-LOGO-BL-e1630101307137.jpg","width":960,"height":960,"caption":"Biscottes Litt\u00e9raires"},"image":{"@id":"https:\/\/biscotteslitteraires.com\/2021\/#\/schema\/logo\/image\/"}},{"@type":"WebSite","@id":"https:\/\/biscotteslitteraires.com\/2021\/#website","url":"https:\/\/biscotteslitteraires.com\/2021\/","name":"Biscottes Litt\u00e9raires","description":"Ici nous voyagerons dans les lignes, explorerons les interlignes.","publisher":{"@id":"https:\/\/biscotteslitteraires.com\/2021\/#organization"},"potentialAction":[{"@type":"SearchAction","target":{"@type":"EntryPoint","urlTemplate":"https:\/\/biscotteslitteraires.com\/2021\/?s={search_term_string}"},"query-input":"required name=search_term_string"}],"inLanguage":"fr-FR"},{"@type":"WebPage","@id":"https:\/\/biscotteslitteraires.com\/2021\/ceremonial-huitieme\/#webpage","url":"https:\/\/biscotteslitteraires.com\/2021\/ceremonial-huitieme\/","name":"C\u00c9R\u00c9MONIAL HUITI\u00c8ME - Biscottes Litt\u00e9raires","isPartOf":{"@id":"https:\/\/biscotteslitteraires.com\/2021\/#website"},"datePublished":"2017-08-22T14:27:29+00:00","dateModified":"2017-08-22T14:27:29+00:00","breadcrumb":{"@id":"https:\/\/biscotteslitteraires.com\/2021\/ceremonial-huitieme\/#breadcrumb"},"inLanguage":"fr-FR","potentialAction":[{"@type":"ReadAction","target":["https:\/\/biscotteslitteraires.com\/2021\/ceremonial-huitieme\/"]}]},{"@type":"BreadcrumbList","@id":"https:\/\/biscotteslitteraires.com\/2021\/ceremonial-huitieme\/#breadcrumb","itemListElement":[{"@type":"ListItem","position":1,"name":"Accueil","item":"https:\/\/biscotteslitteraires.com\/2021\/"},{"@type":"ListItem","position":2,"name":"C\u00c9R\u00c9MONIAL HUITI\u00c8ME"}]},{"@type":"Article","@id":"https:\/\/biscotteslitteraires.com\/2021\/ceremonial-huitieme\/#article","isPartOf":{"@id":"https:\/\/biscotteslitteraires.com\/2021\/ceremonial-huitieme\/#webpage"},"author":{"@id":"https:\/\/biscotteslitteraires.com\/2021\/#\/schema\/person\/a7786cb98c76c568669b36d299731946"},"headline":"C\u00c9R\u00c9MONIAL HUITI\u00c8ME","datePublished":"2017-08-22T14:27:29+00:00","dateModified":"2017-08-22T14:27:29+00:00","mainEntityOfPage":{"@id":"https:\/\/biscotteslitteraires.com\/2021\/ceremonial-huitieme\/#webpage"},"wordCount":317,"commentCount":9,"publisher":{"@id":"https:\/\/biscotteslitteraires.com\/2021\/#organization"},"articleSection":["Vous et nous"],"inLanguage":"fr-FR","potentialAction":[{"@type":"CommentAction","name":"Comment","target":["https:\/\/biscotteslitteraires.com\/2021\/ceremonial-huitieme\/#respond"]}]},{"@type":"Person","@id":"https:\/\/biscotteslitteraires.com\/2021\/#\/schema\/person\/a7786cb98c76c568669b36d299731946","name":"biscotteslitteraires","image":{"@type":"ImageObject","inLanguage":"fr-FR","@id":"https:\/\/biscotteslitteraires.com\/2021\/#\/schema\/person\/image\/","url":"https:\/\/secure.gravatar.com\/avatar\/94320ea752b93453cb48b1b2d71ada12?s=96&d=mm&r=g","contentUrl":"https:\/\/secure.gravatar.com\/avatar\/94320ea752b93453cb48b1b2d71ada12?s=96&d=mm&r=g","caption":"biscotteslitteraires"},"url":"https:\/\/biscotteslitteraires.com\/2021\/author\/admin\/"}]}},"_links":{"self":[{"href":"https:\/\/biscotteslitteraires.com\/2021\/wp-json\/wp\/v2\/posts\/711"}],"collection":[{"href":"https:\/\/biscotteslitteraires.com\/2021\/wp-json\/wp\/v2\/posts"}],"about":[{"href":"https:\/\/biscotteslitteraires.com\/2021\/wp-json\/wp\/v2\/types\/post"}],"author":[{"embeddable":true,"href":"https:\/\/biscotteslitteraires.com\/2021\/wp-json\/wp\/v2\/users\/1"}],"replies":[{"embeddable":true,"href":"https:\/\/biscotteslitteraires.com\/2021\/wp-json\/wp\/v2\/comments?post=711"}],"version-history":[{"count":7,"href":"https:\/\/biscotteslitteraires.com\/2021\/wp-json\/wp\/v2\/posts\/711\/revisions"}],"predecessor-version":[{"id":721,"href":"https:\/\/biscotteslitteraires.com\/2021\/wp-json\/wp\/v2\/posts\/711\/revisions\/721"}],"wp:attachment":[{"href":"https:\/\/biscotteslitteraires.com\/2021\/wp-json\/wp\/v2\/media?parent=711"}],"wp:term":[{"taxonomy":"category","embeddable":true,"href":"https:\/\/biscotteslitteraires.com\/2021\/wp-json\/wp\/v2\/categories?post=711"},{"taxonomy":"post_tag","embeddable":true,"href":"https:\/\/biscotteslitteraires.com\/2021\/wp-json\/wp\/v2\/tags?post=711"}],"curies":[{"name":"wp","href":"https:\/\/api.w.org\/{rel}","templated":true}]}}