{"id":7589,"date":"2020-04-16T17:01:34","date_gmt":"2020-04-16T17:01:34","guid":{"rendered":"https:\/\/biscotteslitteraires.com\/2021\/?p=7589"},"modified":"2020-04-17T07:36:35","modified_gmt":"2020-04-17T07:36:35","slug":"greve-de-mort","status":"publish","type":"post","link":"https:\/\/biscotteslitteraires.com\/2021\/greve-de-mort\/","title":{"rendered":"\u00ab\u00a0La gr\u00e8ve de la mort\u00a0\u00bb Myrtille Akofa HAHO"},"content":{"rendered":"<p style=\"text-align: justify;\"><strong><img loading=\"lazy\" class=\"size-medium wp-image-7592 alignleft\" src=\"https:\/\/biscotteslitteraires.com\/2021\/wp-content\/uploads\/2020\/04\/Capture-du2019e\u0301cran-2019-10-04-a\u0300-13.07.45-300x199.png\" alt=\"\" width=\"300\" height=\"199\" \/><\/strong><\/p>\n<p style=\"text-align: justify;\">Mon conte vole, roule, tr\u00e9buche, se l\u00e8ve, court, continue son vol pour atterrir dans la lointaine contr\u00e9e de Zankodo. Zankodo \u00e9tait la derni\u00e8re r\u00e9gion situ\u00e9e \u00e0 l&rsquo;horizon non loin de la ligne qui s\u00e9parait le ciel de la terre. Dans cette contr\u00e9e, vivaient tous les habitants de la terre, hommes, femmes et enfants. Le matin \u00e9tait moment de f\u00eate car chaque famille pr\u00e9parait le petit d\u00e9jeuner et conviait ses voisins imm\u00e9diats au partage du repas. C&rsquo;\u00e9tait l&rsquo;entraide et la fraternit\u00e9. Le bien \u00e9tait une religion et la bienveillance un mode de vie. Tout a\u00een\u00e9 prodiguait des conseils aux plus jeunes et les femmes \u00e9taient des \u00eatres prot\u00e9g\u00e9s et respect\u00e9s. Nul ne connaissait l&rsquo;existence du mal dans le c\u0153ur des hommes. \u00c0 l&rsquo;origine, les habitants d\u00e9cid\u00e8rent de choisir un roi en questionnant dada S\u00e8gbo \u00e0 chaque d\u00e9c\u00e8s du pr\u00e9c\u00e9dent roi. La vie \u00e0 Zankodo \u00e9tait des meilleures car \u00e9tant proche des quartiers de dada S\u00e8gbo, tout leur \u00e9tait donn\u00e9 (la nourriture, les vivres, l&rsquo;air&#8230;). Rien ne manquait aux gens de Zankodo \u00e0 part l&rsquo;eau de vie qu&rsquo;ils allaient souvent chercher dans l&rsquo;arbre de vie situ\u00e9e \u00e0 quelques kilom\u00e8tres de la r\u00e9gion.<\/p>\n<p style=\"text-align: justify;\">Depuis quelques ann\u00e9es, un drame faisait fl\u00e9chir et r\u00e9fl\u00e9chir les habitants de l&rsquo;horizon: c&rsquo;\u00e9tait le d\u00e9c\u00e8s pr\u00e9coce et pr\u00e9matur\u00e9 des gens de la r\u00e9gion. Pour peu qu&rsquo;un jeune homme d\u00e9cidait d&rsquo;\u00e9merger, il attrapait une petite maladie et mourait. Pour peu qu&rsquo;une jeune femme d\u00e9cidait de vivre un bon mariage, la mort la fauchait \u00e0 la fleur de l&rsquo;\u00e2ge. Au d\u00e9but, on pensait au renouvellement des lign\u00e9es et l&rsquo;on remerciait dada S\u00e8gbo de d\u00e9cider ainsi du bonheur de Zankodo. Des libations furent souvent faites pour c\u00e9l\u00e9brer le cr\u00e9ateur de l&rsquo;univers qui de son tr\u00f4ne \u00e9tait fier de ses cr\u00e9atures. \u00c0 Zankodo, vivait pioun-pioun, jeune fille tr\u00e8s belle, chaleureuse et agr\u00e9able. Elle \u00e9tait jeune et gracieuse. Intelligente et joviale. Dada S\u00e8gbo avait us\u00e9 de son pouvoir supr\u00eame pour emplir pioun-pioun de tant de gr\u00e2ces car il la promettait \u00e0 son fils Nouvivi.<\/p>\n<p style=\"text-align: justify;\">Les jours pass\u00e8rent, les mois aussi qui se mu\u00e8rent en ann\u00e9es. Zankodo fut frapp\u00e9 par une grave s\u00e9cheresse, une s\u00e8cheresse rude et atroce. Personne n&rsquo;avait jamais vu une telle s\u00e9cheresse tellement la chaleur \u00e9touffait toute vie et l&rsquo;arbre de vie dont d\u00e9pendant l&rsquo;eau bienfaitrice s&rsquo;ass\u00e9chait de plus en plus. Les habitants de Zankodo d\u00e9sesp\u00e9r\u00e9s par cette catastrophe rendaient de plus en plus l&rsquo;\u00e2me. Les notables \u00e9tonn\u00e9s par ce ph\u00e9nom\u00e8ne \u00e9trange d\u00e9cid\u00e8rent d&rsquo;envoyer un \u00e9missaire \u00e0 dada S\u00e8gbo. Le voyage de l&rsquo;\u00e9missaire prit encore des mois et des mois. Des lunes qui dur\u00e8rent et devinrent des ann\u00e9es. Pendant ce temps, les habitants de Zankodo mouraient de plus en plus. Les notables de la contr\u00e9e d\u00e9cid\u00e8rent alors de provoquer la mort du plus grand nombre pour dire leur m\u00e9contentement \u00e0 dada S\u00e8gbo qui restait depuis tant de temps sourd \u00e0 leurs supplications. En une journ\u00e9e, la moiti\u00e9 de la population passa de vie \u00e0 tr\u00e9pas. Pioun-pioun attendait sa derni\u00e8re heure avec r\u00e9signation. Elle avait perdu toute joie de vivre et nageait dans l&rsquo;inqui\u00e9tude. Dada S\u00e8gbo d&rsquo;abord \u00e9tonn\u00e9 puis furieux que des humains qu&rsquo;il a lui-m\u00eame cr\u00e9\u00e9s le d\u00e9fient autant, gronda son ras-le-bol.<\/p>\n<p style=\"text-align: justify;\"><img loading=\"lazy\" class=\"aligncenter size-full wp-image-7595\" src=\"https:\/\/biscotteslitteraires.com\/2021\/wp-content\/uploads\/2020\/04\/doigt-dieu-homme.jpg\" alt=\"\" width=\"300\" height=\"300\" srcset=\"https:\/\/biscotteslitteraires.com\/2021\/wp-content\/uploads\/2020\/04\/doigt-dieu-homme.jpg 300w, https:\/\/biscotteslitteraires.com\/2021\/wp-content\/uploads\/2020\/04\/doigt-dieu-homme-150x150.jpg 150w, https:\/\/biscotteslitteraires.com\/2021\/wp-content\/uploads\/2020\/04\/doigt-dieu-homme-90x90.jpg 90w\" sizes=\"(max-width: 300px) 100vw, 300px\" \/><\/p>\n<p style=\"text-align: justify;\">Il renvoya l&rsquo;\u00e9missaire de Zankodo dire qu&rsquo;il \u00e9tait m\u00e9content des habitants chers \u00e0 son c\u0153ur. La belle pioun-pioun, la promise de Nouvivi le fils de dada S\u00e8gbo fut viol\u00e9e une nuit par un des notables de la ville. Dobligodo, m\u00e9chant jusqu&rsquo;aux os vivait en retrait de la r\u00e9gion. Il avait l&rsquo;\u0153il mauvais et usait de pouvoirs mal\u00e9fiques pour agir. Il avait envo\u00fbt\u00e9 le roi qui le nomma notable de Zankodo. C&rsquo;\u00e9tait lui qui avait viol\u00e9 Pioun-pioun un soir lorsque la jeune fille rentrait chez ses parents. Ce drame fut gard\u00e9 secret par tous les habitants et fit voir \u00e0 dada S\u00e8gbo \u00e0 quel point ses prot\u00e9g\u00e9s pouvaient \u00eatre mal\u00e9fiques et le trahir. Afflig\u00e9, le Cr\u00e9ateur supr\u00eame se retrancha dans son indiff\u00e9rence et l&rsquo;arbre de vie tarit. Ce qui entra\u00eena cette grande s\u00e8cheresse. La mort s&rsquo;alignait dans le quotidien de chaque homme. Au lever du jour, le visage hagard empreint de d\u00e9sespoir, chacun attendait sa derni\u00e8re heure. Une r\u00e9gion autrefois prosp\u00e8re se transformait en mouroir. Le Cr\u00e9ateur intraitable vit l&rsquo;\u00e9missaire rendre compte aux habitants de Zankodo. La seule solution qui se pr\u00e9sentait \u00e0 eux \u00e9tait d&rsquo;implorer l&rsquo;ultime pardon du Cr\u00e9ateur qui dans sa magnanimit\u00e9 accueillit leur mea culpa. N\u00e9anmoins, dada S\u00e8gbo d\u00e9cida d\u00e9sormais de bannir toute aide gratuite aux habitants. C&rsquo;est ainsi que chaque habitant travaillait \u00e0 la sueur de son front pour gagner son pain de vie.<\/p>\n<p style=\"text-align: justify;\">Depuis ce jour, plus rien n&rsquo;\u00e9tait plus comme avant, les habitants de Zankodo immigr\u00e8rent sur toute la terre \u00e0 la recherche du bien-\u00eatre et peupl\u00e8rent toutes les r\u00e9gions du monde, s&rsquo;\u00e9loignant ainsi de leur bienfaiteur.<\/p>\n<p style=\"text-align: justify;\"><em>Le mal fait de nous les humains, des esprits errants sur la terre.<\/em><\/p>\n<p style=\"text-align: justify;\"><strong>Myrtille Akofa HAHO<\/strong><\/p>\n<p>&nbsp;<\/p>\n","protected":false},"excerpt":{"rendered":"<p>Mon conte vole, roule, tr\u00e9buche, se l\u00e8ve, court, continue son vol pour atterrir dans la lointaine contr\u00e9e de Zankodo. Zankodo \u00e9tait la derni\u00e8re r\u00e9gion situ\u00e9e \u00e0 l&rsquo;horizon non loin de la ligne qui s\u00e9parait le ciel de la terre. Dans cette contr\u00e9e, vivaient tous les habitants de la terre, hommes, femmes et enfants. Le matin [&hellip;]<\/p>\n","protected":false},"author":1,"featured_media":7597,"comment_status":"open","ping_status":"closed","sticky":false,"template":"","format":"standard","meta":[],"categories":[12],"tags":[],"yoast_head":"<!-- This site is optimized with the Yoast SEO plugin v19.0 - https:\/\/yoast.com\/wordpress\/plugins\/seo\/ -->\n<title>&quot;La gr\u00e8ve de la mort&quot; Myrtille Akofa HAHO - Biscottes Litt\u00e9raires<\/title>\n<meta name=\"description\" content=\"Les notables de la contr\u00e9e d\u00e9cid\u00e8rent alors de provoquer la mort du plus grand nombre pour dire leur m\u00e9contentement \u00e0 dada S\u00e8gbo qui restait depuis tant...\" \/>\n<meta name=\"robots\" content=\"index, follow, max-snippet:-1, max-image-preview:large, max-video-preview:-1\" \/>\n<link rel=\"canonical\" href=\"https:\/\/biscotteslitteraires.com\/2021\/greve-de-mort\/\" \/>\n<meta property=\"og:locale\" content=\"fr_FR\" \/>\n<meta property=\"og:type\" content=\"article\" \/>\n<meta property=\"og:title\" content=\"la gr\u00e8ve de la mort...\" \/>\n<meta property=\"og:description\" content=\"Le matin \u00e9tait moment de f\u00eate car chaque famille pr\u00e9parait le petit d\u00e9jeuner et conviaient ses voisins imm\u00e9diats au partage du repas. C&#039;\u00e9tait l&#039;entraide et la fraternit\u00e9. Le bien \u00e9tait une religion et la bienveillance un mode de vie.\" \/>\n<meta property=\"og:url\" content=\"https:\/\/biscotteslitteraires.com\/2021\/greve-de-mort\/\" \/>\n<meta property=\"og:site_name\" content=\"Biscottes Litt\u00e9raires\" \/>\n<meta property=\"article:publisher\" content=\"https:\/\/facebook.com\/biscotteslitterairesbenin\" \/>\n<meta property=\"article:published_time\" content=\"2020-04-16T17:01:34+00:00\" \/>\n<meta property=\"article:modified_time\" content=\"2020-04-17T07:36:35+00:00\" \/>\n<meta property=\"og:image\" content=\"https:\/\/biscotteslitteraires.com\/2021\/wp-content\/uploads\/2020\/04\/citations-anglaises-mort.jpg\" \/>\n\t<meta property=\"og:image:width\" content=\"615\" \/>\n\t<meta property=\"og:image:height\" content=\"410\" \/>\n\t<meta property=\"og:image:type\" content=\"image\/jpeg\" \/>\n<meta name=\"twitter:card\" content=\"summary\" \/>\n<meta name=\"twitter:label1\" content=\"\u00c9crit par\" \/>\n\t<meta name=\"twitter:data1\" content=\"biscotteslitteraires\" \/>\n\t<meta name=\"twitter:label2\" content=\"Dur\u00e9e de lecture estim\u00e9e\" \/>\n\t<meta name=\"twitter:data2\" content=\"5 minutes\" \/>\n<script type=\"application\/ld+json\" class=\"yoast-schema-graph\">{\"@context\":\"https:\/\/schema.org\",\"@graph\":[{\"@type\":\"Organization\",\"@id\":\"https:\/\/biscotteslitteraires.com\/2021\/#organization\",\"name\":\"Biscottes Litt\u00e9raires\",\"url\":\"https:\/\/biscotteslitteraires.com\/2021\/\",\"sameAs\":[\"https:\/\/facebook.com\/biscotteslitterairesbenin\"],\"logo\":{\"@type\":\"ImageObject\",\"inLanguage\":\"fr-FR\",\"@id\":\"https:\/\/biscotteslitteraires.com\/2021\/#\/schema\/logo\/image\/\",\"url\":\"https:\/\/biscotteslitteraires.com\/2021\/wp-content\/uploads\/2018\/11\/cropped-LOGO-BL-e1630101307137.jpg\",\"contentUrl\":\"https:\/\/biscotteslitteraires.com\/2021\/wp-content\/uploads\/2018\/11\/cropped-LOGO-BL-e1630101307137.jpg\",\"width\":960,\"height\":960,\"caption\":\"Biscottes Litt\u00e9raires\"},\"image\":{\"@id\":\"https:\/\/biscotteslitteraires.com\/2021\/#\/schema\/logo\/image\/\"}},{\"@type\":\"WebSite\",\"@id\":\"https:\/\/biscotteslitteraires.com\/2021\/#website\",\"url\":\"https:\/\/biscotteslitteraires.com\/2021\/\",\"name\":\"Biscottes Litt\u00e9raires\",\"description\":\"Ici nous voyagerons dans les lignes, explorerons les interlignes.\",\"publisher\":{\"@id\":\"https:\/\/biscotteslitteraires.com\/2021\/#organization\"},\"potentialAction\":[{\"@type\":\"SearchAction\",\"target\":{\"@type\":\"EntryPoint\",\"urlTemplate\":\"https:\/\/biscotteslitteraires.com\/2021\/?s={search_term_string}\"},\"query-input\":\"required name=search_term_string\"}],\"inLanguage\":\"fr-FR\"},{\"@type\":\"ImageObject\",\"inLanguage\":\"fr-FR\",\"@id\":\"https:\/\/biscotteslitteraires.com\/2021\/greve-de-mort\/#primaryimage\",\"url\":\"https:\/\/biscotteslitteraires.com\/2021\/wp-content\/uploads\/2020\/04\/citations-anglaises-mort.jpg\",\"contentUrl\":\"https:\/\/biscotteslitteraires.com\/2021\/wp-content\/uploads\/2020\/04\/citations-anglaises-mort.jpg\",\"width\":615,\"height\":410},{\"@type\":\"WebPage\",\"@id\":\"https:\/\/biscotteslitteraires.com\/2021\/greve-de-mort\/#webpage\",\"url\":\"https:\/\/biscotteslitteraires.com\/2021\/greve-de-mort\/\",\"name\":\"\\\"La gr\u00e8ve de la mort\\\" Myrtille Akofa HAHO - Biscottes Litt\u00e9raires\",\"isPartOf\":{\"@id\":\"https:\/\/biscotteslitteraires.com\/2021\/#website\"},\"primaryImageOfPage\":{\"@id\":\"https:\/\/biscotteslitteraires.com\/2021\/greve-de-mort\/#primaryimage\"},\"datePublished\":\"2020-04-16T17:01:34+00:00\",\"dateModified\":\"2020-04-17T07:36:35+00:00\",\"description\":\"Les notables de la contr\u00e9e d\u00e9cid\u00e8rent alors de provoquer la mort du plus grand nombre pour dire leur m\u00e9contentement \u00e0 dada S\u00e8gbo qui restait depuis tant...\",\"breadcrumb\":{\"@id\":\"https:\/\/biscotteslitteraires.com\/2021\/greve-de-mort\/#breadcrumb\"},\"inLanguage\":\"fr-FR\",\"potentialAction\":[{\"@type\":\"ReadAction\",\"target\":[\"https:\/\/biscotteslitteraires.com\/2021\/greve-de-mort\/\"]}]},{\"@type\":\"BreadcrumbList\",\"@id\":\"https:\/\/biscotteslitteraires.com\/2021\/greve-de-mort\/#breadcrumb\",\"itemListElement\":[{\"@type\":\"ListItem\",\"position\":1,\"name\":\"Accueil\",\"item\":\"https:\/\/biscotteslitteraires.com\/2021\/\"},{\"@type\":\"ListItem\",\"position\":2,\"name\":\"\u00ab\u00a0La gr\u00e8ve de la mort\u00a0\u00bb Myrtille Akofa HAHO\"}]},{\"@type\":\"Article\",\"@id\":\"https:\/\/biscotteslitteraires.com\/2021\/greve-de-mort\/#article\",\"isPartOf\":{\"@id\":\"https:\/\/biscotteslitteraires.com\/2021\/greve-de-mort\/#webpage\"},\"author\":{\"@id\":\"https:\/\/biscotteslitteraires.com\/2021\/#\/schema\/person\/a7786cb98c76c568669b36d299731946\"},\"headline\":\"\u00ab\u00a0La gr\u00e8ve de la mort\u00a0\u00bb Myrtille Akofa HAHO\",\"datePublished\":\"2020-04-16T17:01:34+00:00\",\"dateModified\":\"2020-04-17T07:36:35+00:00\",\"mainEntityOfPage\":{\"@id\":\"https:\/\/biscotteslitteraires.com\/2021\/greve-de-mort\/#webpage\"},\"wordCount\":919,\"commentCount\":2,\"publisher\":{\"@id\":\"https:\/\/biscotteslitteraires.com\/2021\/#organization\"},\"image\":{\"@id\":\"https:\/\/biscotteslitteraires.com\/2021\/greve-de-mort\/#primaryimage\"},\"thumbnailUrl\":\"https:\/\/biscotteslitteraires.com\/2021\/wp-content\/uploads\/2020\/04\/citations-anglaises-mort.jpg\",\"articleSection\":[\"conte\"],\"inLanguage\":\"fr-FR\",\"potentialAction\":[{\"@type\":\"CommentAction\",\"name\":\"Comment\",\"target\":[\"https:\/\/biscotteslitteraires.com\/2021\/greve-de-mort\/#respond\"]}]},{\"@type\":\"Person\",\"@id\":\"https:\/\/biscotteslitteraires.com\/2021\/#\/schema\/person\/a7786cb98c76c568669b36d299731946\",\"name\":\"biscotteslitteraires\",\"image\":{\"@type\":\"ImageObject\",\"inLanguage\":\"fr-FR\",\"@id\":\"https:\/\/biscotteslitteraires.com\/2021\/#\/schema\/person\/image\/\",\"url\":\"https:\/\/secure.gravatar.com\/avatar\/94320ea752b93453cb48b1b2d71ada12?s=96&d=mm&r=g\",\"contentUrl\":\"https:\/\/secure.gravatar.com\/avatar\/94320ea752b93453cb48b1b2d71ada12?s=96&d=mm&r=g\",\"caption\":\"biscotteslitteraires\"},\"url\":\"https:\/\/biscotteslitteraires.com\/2021\/author\/admin\/\"}]}<\/script>\n<!-- \/ Yoast SEO plugin. -->","yoast_head_json":{"title":"\"La gr\u00e8ve de la mort\" Myrtille Akofa HAHO - Biscottes Litt\u00e9raires","description":"Les notables de la contr\u00e9e d\u00e9cid\u00e8rent alors de provoquer la mort du plus grand nombre pour dire leur m\u00e9contentement \u00e0 dada S\u00e8gbo qui restait depuis tant...","robots":{"index":"index","follow":"follow","max-snippet":"max-snippet:-1","max-image-preview":"max-image-preview:large","max-video-preview":"max-video-preview:-1"},"canonical":"https:\/\/biscotteslitteraires.com\/2021\/greve-de-mort\/","og_locale":"fr_FR","og_type":"article","og_title":"la gr\u00e8ve de la mort...","og_description":"Le matin \u00e9tait moment de f\u00eate car chaque famille pr\u00e9parait le petit d\u00e9jeuner et conviaient ses voisins imm\u00e9diats au partage du repas. C'\u00e9tait l'entraide et la fraternit\u00e9. Le bien \u00e9tait une religion et la bienveillance un mode de vie.","og_url":"https:\/\/biscotteslitteraires.com\/2021\/greve-de-mort\/","og_site_name":"Biscottes Litt\u00e9raires","article_publisher":"https:\/\/facebook.com\/biscotteslitterairesbenin","article_published_time":"2020-04-16T17:01:34+00:00","article_modified_time":"2020-04-17T07:36:35+00:00","og_image":[{"width":615,"height":410,"url":"https:\/\/biscotteslitteraires.com\/2021\/wp-content\/uploads\/2020\/04\/citations-anglaises-mort.jpg","type":"image\/jpeg"}],"twitter_card":"summary","twitter_misc":{"\u00c9crit par":"biscotteslitteraires","Dur\u00e9e de lecture estim\u00e9e":"5 minutes"},"schema":{"@context":"https:\/\/schema.org","@graph":[{"@type":"Organization","@id":"https:\/\/biscotteslitteraires.com\/2021\/#organization","name":"Biscottes Litt\u00e9raires","url":"https:\/\/biscotteslitteraires.com\/2021\/","sameAs":["https:\/\/facebook.com\/biscotteslitterairesbenin"],"logo":{"@type":"ImageObject","inLanguage":"fr-FR","@id":"https:\/\/biscotteslitteraires.com\/2021\/#\/schema\/logo\/image\/","url":"https:\/\/biscotteslitteraires.com\/2021\/wp-content\/uploads\/2018\/11\/cropped-LOGO-BL-e1630101307137.jpg","contentUrl":"https:\/\/biscotteslitteraires.com\/2021\/wp-content\/uploads\/2018\/11\/cropped-LOGO-BL-e1630101307137.jpg","width":960,"height":960,"caption":"Biscottes Litt\u00e9raires"},"image":{"@id":"https:\/\/biscotteslitteraires.com\/2021\/#\/schema\/logo\/image\/"}},{"@type":"WebSite","@id":"https:\/\/biscotteslitteraires.com\/2021\/#website","url":"https:\/\/biscotteslitteraires.com\/2021\/","name":"Biscottes Litt\u00e9raires","description":"Ici nous voyagerons dans les lignes, explorerons les interlignes.","publisher":{"@id":"https:\/\/biscotteslitteraires.com\/2021\/#organization"},"potentialAction":[{"@type":"SearchAction","target":{"@type":"EntryPoint","urlTemplate":"https:\/\/biscotteslitteraires.com\/2021\/?s={search_term_string}"},"query-input":"required name=search_term_string"}],"inLanguage":"fr-FR"},{"@type":"ImageObject","inLanguage":"fr-FR","@id":"https:\/\/biscotteslitteraires.com\/2021\/greve-de-mort\/#primaryimage","url":"https:\/\/biscotteslitteraires.com\/2021\/wp-content\/uploads\/2020\/04\/citations-anglaises-mort.jpg","contentUrl":"https:\/\/biscotteslitteraires.com\/2021\/wp-content\/uploads\/2020\/04\/citations-anglaises-mort.jpg","width":615,"height":410},{"@type":"WebPage","@id":"https:\/\/biscotteslitteraires.com\/2021\/greve-de-mort\/#webpage","url":"https:\/\/biscotteslitteraires.com\/2021\/greve-de-mort\/","name":"\"La gr\u00e8ve de la mort\" Myrtille Akofa HAHO - Biscottes Litt\u00e9raires","isPartOf":{"@id":"https:\/\/biscotteslitteraires.com\/2021\/#website"},"primaryImageOfPage":{"@id":"https:\/\/biscotteslitteraires.com\/2021\/greve-de-mort\/#primaryimage"},"datePublished":"2020-04-16T17:01:34+00:00","dateModified":"2020-04-17T07:36:35+00:00","description":"Les notables de la contr\u00e9e d\u00e9cid\u00e8rent alors de provoquer la mort du plus grand nombre pour dire leur m\u00e9contentement \u00e0 dada S\u00e8gbo qui restait depuis tant...","breadcrumb":{"@id":"https:\/\/biscotteslitteraires.com\/2021\/greve-de-mort\/#breadcrumb"},"inLanguage":"fr-FR","potentialAction":[{"@type":"ReadAction","target":["https:\/\/biscotteslitteraires.com\/2021\/greve-de-mort\/"]}]},{"@type":"BreadcrumbList","@id":"https:\/\/biscotteslitteraires.com\/2021\/greve-de-mort\/#breadcrumb","itemListElement":[{"@type":"ListItem","position":1,"name":"Accueil","item":"https:\/\/biscotteslitteraires.com\/2021\/"},{"@type":"ListItem","position":2,"name":"\u00ab\u00a0La gr\u00e8ve de la mort\u00a0\u00bb Myrtille Akofa HAHO"}]},{"@type":"Article","@id":"https:\/\/biscotteslitteraires.com\/2021\/greve-de-mort\/#article","isPartOf":{"@id":"https:\/\/biscotteslitteraires.com\/2021\/greve-de-mort\/#webpage"},"author":{"@id":"https:\/\/biscotteslitteraires.com\/2021\/#\/schema\/person\/a7786cb98c76c568669b36d299731946"},"headline":"\u00ab\u00a0La gr\u00e8ve de la mort\u00a0\u00bb Myrtille Akofa HAHO","datePublished":"2020-04-16T17:01:34+00:00","dateModified":"2020-04-17T07:36:35+00:00","mainEntityOfPage":{"@id":"https:\/\/biscotteslitteraires.com\/2021\/greve-de-mort\/#webpage"},"wordCount":919,"commentCount":2,"publisher":{"@id":"https:\/\/biscotteslitteraires.com\/2021\/#organization"},"image":{"@id":"https:\/\/biscotteslitteraires.com\/2021\/greve-de-mort\/#primaryimage"},"thumbnailUrl":"https:\/\/biscotteslitteraires.com\/2021\/wp-content\/uploads\/2020\/04\/citations-anglaises-mort.jpg","articleSection":["conte"],"inLanguage":"fr-FR","potentialAction":[{"@type":"CommentAction","name":"Comment","target":["https:\/\/biscotteslitteraires.com\/2021\/greve-de-mort\/#respond"]}]},{"@type":"Person","@id":"https:\/\/biscotteslitteraires.com\/2021\/#\/schema\/person\/a7786cb98c76c568669b36d299731946","name":"biscotteslitteraires","image":{"@type":"ImageObject","inLanguage":"fr-FR","@id":"https:\/\/biscotteslitteraires.com\/2021\/#\/schema\/person\/image\/","url":"https:\/\/secure.gravatar.com\/avatar\/94320ea752b93453cb48b1b2d71ada12?s=96&d=mm&r=g","contentUrl":"https:\/\/secure.gravatar.com\/avatar\/94320ea752b93453cb48b1b2d71ada12?s=96&d=mm&r=g","caption":"biscotteslitteraires"},"url":"https:\/\/biscotteslitteraires.com\/2021\/author\/admin\/"}]}},"_links":{"self":[{"href":"https:\/\/biscotteslitteraires.com\/2021\/wp-json\/wp\/v2\/posts\/7589"}],"collection":[{"href":"https:\/\/biscotteslitteraires.com\/2021\/wp-json\/wp\/v2\/posts"}],"about":[{"href":"https:\/\/biscotteslitteraires.com\/2021\/wp-json\/wp\/v2\/types\/post"}],"author":[{"embeddable":true,"href":"https:\/\/biscotteslitteraires.com\/2021\/wp-json\/wp\/v2\/users\/1"}],"replies":[{"embeddable":true,"href":"https:\/\/biscotteslitteraires.com\/2021\/wp-json\/wp\/v2\/comments?post=7589"}],"version-history":[{"count":5,"href":"https:\/\/biscotteslitteraires.com\/2021\/wp-json\/wp\/v2\/posts\/7589\/revisions"}],"predecessor-version":[{"id":7598,"href":"https:\/\/biscotteslitteraires.com\/2021\/wp-json\/wp\/v2\/posts\/7589\/revisions\/7598"}],"wp:featuredmedia":[{"embeddable":true,"href":"https:\/\/biscotteslitteraires.com\/2021\/wp-json\/wp\/v2\/media\/7597"}],"wp:attachment":[{"href":"https:\/\/biscotteslitteraires.com\/2021\/wp-json\/wp\/v2\/media?parent=7589"}],"wp:term":[{"taxonomy":"category","embeddable":true,"href":"https:\/\/biscotteslitteraires.com\/2021\/wp-json\/wp\/v2\/categories?post=7589"},{"taxonomy":"post_tag","embeddable":true,"href":"https:\/\/biscotteslitteraires.com\/2021\/wp-json\/wp\/v2\/tags?post=7589"}],"curies":[{"name":"wp","href":"https:\/\/api.w.org\/{rel}","templated":true}]}}