{"id":7642,"date":"2020-04-24T12:41:29","date_gmt":"2020-04-24T12:41:29","guid":{"rendered":"https:\/\/biscotteslitteraires.com\/2021\/?p=7642"},"modified":"2020-10-08T20:28:40","modified_gmt":"2020-10-08T20:28:40","slug":"la-ronde-des-ombres-de-philippe-n-ngalla-roman-de-la-griserie-du-pouvoir","status":"publish","type":"post","link":"https:\/\/biscotteslitteraires.com\/2021\/la-ronde-des-ombres-de-philippe-n-ngalla-roman-de-la-griserie-du-pouvoir\/","title":{"rendered":"\u00ab\u00a0La ronde des ombres\u00a0\u00bb de Philippe N Ngalla : roman de la griserie du pouvoir"},"content":{"rendered":"<p style=\"text-align: justify;\"><img loading=\"lazy\" class=\"size-medium wp-image-7643 alignleft\" src=\"https:\/\/biscotteslitteraires.com\/2021\/wp-content\/uploads\/2020\/04\/la-ronde-des-ombres-300x300.jpg\" alt=\"\" width=\"300\" height=\"300\" srcset=\"https:\/\/biscotteslitteraires.com\/2021\/wp-content\/uploads\/2020\/04\/la-ronde-des-ombres-300x300.jpg 300w, https:\/\/biscotteslitteraires.com\/2021\/wp-content\/uploads\/2020\/04\/la-ronde-des-ombres-150x150.jpg 150w, https:\/\/biscotteslitteraires.com\/2021\/wp-content\/uploads\/2020\/04\/la-ronde-des-ombres-90x90.jpg 90w, https:\/\/biscotteslitteraires.com\/2021\/wp-content\/uploads\/2020\/04\/la-ronde-des-ombres.jpg 340w\" sizes=\"(max-width: 300px) 100vw, 300px\" \/>\u00ab\u00a0<strong>La ronde des ombres<\/strong>\u00a0\u00bb est le r\u00e9cit des tourments du Pr\u00e9sident Sylvestre, autocrate confront\u00e9 \u00e0 une conjonction d\u2019\u00e9v\u00e8nements qui lui font redouter sa chute. L\u2019opposition et le peuple,nagu\u00e8re soumis et indolents, se r\u00e9veillent\u00a0;des ombres myst\u00e9rieuses le harc\u00e8lent nuit et jour. Adepte de l\u2019occultisme, il ne voit autre chose dans l\u2019irruption des ombres qu\u2019une agression\u00a0: \u00ab\u00a0<strong><em>P\u00e9tri de superstition, farci de croyances, f\u00e9ru d\u2019occultisme, il ne chercha pas l\u2019origine de son mal ailleurs que dans le complot de quelque invocateur des forces de la nuit[\u2026] S\u2019il ne craignait rien des vell\u00e9it\u00e9s de le supprimer par les armes, car sa garde, mieux entra\u00een\u00e9e et mieux \u00e9quip\u00e9e que les autres corps de l\u2019arm\u00e9e, les dissuadait, il avait tout \u00e0 craindre de la magie noire, contre laquelle la garde la plus s\u00fbre \u00e9tait impuissante<\/em><\/strong>\u00a0\u00bb (p.14). C\u2019est donc naturellement vers les occultistes qu\u2019il se retourne pour mettre un terme au ballet des ombres et de tenter de ramener l\u2019opposition \u00e0 l\u2019ordre. Ses conseillers en la mati\u00e8re, Mamou Cocton et Vieux Faugon l\u2019ont toujours sorti de situations inextricables.<\/p>\n<p style=\"text-align: justify;\">Cette fois, malheureusement,rien ne fonctionne. Sylvestre d\u00e9senchante, l\u2019angoisse l\u2019\u00e9treint\u00a0:\u00a0\u00ab\u00a0<em><strong>Ses oreilles bourdonn\u00e8rent. Un voile obscur lui troubla la vue. La sueur perla sur ses tempes. Mal camp\u00e9 sur ses jambes tremblantes, il s\u2019appuya contre un arbre. Un ab\u00eeme semblait s\u2019\u00eatre ouvert sous ses pieds<\/strong><\/em>\u00a0\u00bb (pp. 71-72). Les assises de son pouvoir s\u2019\u00e9tiolent, il voit se pr\u00e9ciser la bascule de son destin : \u00ab\u00a0<strong><em>Tout le long du trajet vers Brazzaville l\u2019id\u00e9e qu\u2019il vivait ces retournements de fortune, que les augures pr\u00e9disent avec au fond des yeux et sur le pli de la bouche horreur et d\u00e9solation m\u00eal\u00e9es, s\u2019\u00e9tait ancr\u00e9e en Sylvestre<\/em><\/strong>\u00bb (p.75).<\/p>\n<p style=\"text-align: justify;\">Seulement, c\u2019est confront\u00e9 \u00e0 l\u2019in\u00e9dit que l\u2019esprit exprime sa r\u00e9elle mesure.Gagnant alors en souplesse et en puissance, ainsi un boxeur accul\u00e9 dans les cordes, il se soustrait avec hardiesse des arr\u00eats du sort. Au fond du gouffre, la pens\u00e9e de Sylvestre,\u00e9mouss\u00e9e par les urgences politiques,retrouve sa vigueur et fournit l\u2019esquisse d\u2019un d\u00e9nouement au vieil autocrate : \u00ab\u00a0<em>I<strong>l \u00e9prouva de la gratitude envers son humeur favorable \u00e0 l\u2019introspection. Elle ressemblait par ses effets \u00e0 la caresse d\u2019une brise inesp\u00e9r\u00e9e dans la nuit moite et suffocante d\u2019une ville humide et poisseuse. Sa lucidit\u00e9 retrouv\u00e9e, sa situation se pr\u00e9senta dans toute son \u00e9tendue. [\u2026] Il ne trouva pas mieux pour se tirer d\u2019affaire que d\u2019amorcer de profonds changements dans sa politique<\/strong><\/em>\u00a0\u00bb.<\/p>\n<p style=\"text-align: justify;\">Une galerie de personnages donne de l\u2019\u00e9paisseur au r\u00e9cit et lui apporte ce foisonnement de couleurs qui lui conf\u00e8re son aspect pittoresque. Mamou Cocton d\u2019abord. Conseill\u00e8re en sciences occultes de Sylvestre, amie et conseill\u00e8re sp\u00e9ciale informelle, elle est pressentie pour orchestrer les changements envisag\u00e9s. C\u2019\u00e9tait sans compter sur la crise que traverse cette femme trouble en proie \u00e0 un conflit interne aigu. Dans le sillage de la conseill\u00e8re se d\u00e9ploient d\u2019autres figures. Le marabout Moussa Dram\u00e9, le lettr\u00e9 Ebara, Asta Guerra l\u2019ancien enfant des rues, V\u00e9ronique et Paul. A travers leur r\u00e9sistance, leurs espoirs ou leur soumission, ils brossent la fresque en clair-obscur d\u2019une soci\u00e9t\u00e9 gangr\u00e9n\u00e9e par la mal gouvernance. Pauvret\u00e9, faillite du syst\u00e8me \u00e9ducatif, ch\u00f4mage end\u00e9mique, d\u00e9r\u00e8glements de toutes sortes,d\u00e9ferlent dans leurs trajectoires. Enfin il y a Bruno, garde du corps et homme de main du Pr\u00e9sident. Intrigu\u00e9 par la physionomie tourment\u00e9e de Sylvestre accabl\u00e9 par la r\u00e9flexion, ce farouche partisan de la dictature se plonge dans les arcanes de la politique du pays. Son enqu\u00eate lui r\u00e9v\u00e8lera les cruciaux enjeux qui en sont la cause.<\/p>\n<p style=\"text-align: justify;\">Port\u00e9e par une langue imag\u00e9e et vivante, \u00e9clair\u00e9e par des touches d\u2019humour et de gaiet\u00e9, \u00ab\u00a0<em><strong>La ronde des ombres<\/strong><\/em>\u00ab\u00a0,\u00a0 roman de la griserie du pouvoir, est aussi celui du tragique d\u2019une humanit\u00e9 prise dans les mailles des certitudes et des fausses \u00e9vidences.<\/p>\n<p style=\"text-align: justify;\">En vous invitant \u00e0 vous procurer ce livre puissant et tr\u00e8s illustratif de la d\u00e9mocratie sous les tropiques, je vous propose un petit extrait: \u00ab\u00a0<\/p>\n<p style=\"text-align: justify;\">\u00ab\u00a0<strong><em>D\u2019o\u00f9 lui avait pouss\u00e9 l\u2019espoir que Sylvestre rev\u00eent sur son rejet cat\u00e9gorique des revendications de l\u2019opposition, qui accept\u00e9es mettraient fin \u00e0 sa monarchie de fait ? Pour lui la d\u00e9mocratie n\u2019existait effectivement nulle part. \u00ab Regarde la gueule qu\u2019elle a ta d\u00e9mocratie ! lui avait-il fait remarquer au cours d\u2019une conversation. Une gueuse dont personne ne veut, sauf les moins nantis. On en donne l\u2019illusion aux peuples \u00e0 travers un pluralisme de pacotille. Tandis que des machinations de toutes sortes biaisent le pr\u00e9tendu libre choix des masses subtilement d\u00e9tourn\u00e9es des affaires de la cit\u00e9, celles-ci croient en des chim\u00e8res. Leurs suffrages p\u00e8sent autant qu\u2019une plume. Le transfert de souverainet\u00e9 est une fable pour imb\u00e9ciles. Le peuple pourrait-il transmettre ce qu\u2019il ne poss\u00e8de pas ? La s\u00e9paration de pouvoirs ! une arnaque ! Les d\u00e9mocraties en ce si\u00e8cle \u00e9trange ne sont que des trompe-l\u2019\u0153il au service de quelques grands int\u00e9r\u00eats. La presse appartient aux riches, qui poss\u00e8dent les politiques et contr\u00f4lent la justice. Et la libert\u00e9, quelle belle id\u00e9e ! mais malmen\u00e9e par les h\u00e9ritiers de ses th\u00e9oriciens. Sa d\u00e9gradation en libertinage donne si bien le change que personne ne remarque la supercherie. La libert\u00e9, mon amie, est prisonni\u00e8re d\u2019un ogre, un monstre plus subtil que les tyrans du si\u00e8cle dernier. Il n\u2019a pas les moustaches de Staline, ni le ventre de Mao, ni la barbe de Castro.<\/em><\/strong>\u00ab\u00a0<\/p>\n<p style=\"text-align: justify;\"><strong>Jo\u00ebl Lopes<\/strong><\/p>\n<p>&nbsp;<\/p>\n","protected":false},"excerpt":{"rendered":"<p>\u00ab\u00a0La ronde des ombres\u00a0\u00bb est le r\u00e9cit des tourments du Pr\u00e9sident Sylvestre, autocrate confront\u00e9 \u00e0 une conjonction d\u2019\u00e9v\u00e8nements qui lui font redouter sa chute. L\u2019opposition et le peuple,nagu\u00e8re soumis et indolents, se r\u00e9veillent\u00a0;des ombres myst\u00e9rieuses le harc\u00e8lent nuit et jour. Adepte de l\u2019occultisme, il ne voit autre chose dans l\u2019irruption des ombres qu\u2019une agression\u00a0: \u00ab\u00a0P\u00e9tri [&hellip;]<\/p>\n","protected":false},"author":1,"featured_media":7643,"comment_status":"open","ping_status":"closed","sticky":false,"template":"","format":"standard","meta":[],"categories":[17],"tags":[],"yoast_head":"<!-- This site is optimized with the Yoast SEO plugin v19.0 - https:\/\/yoast.com\/wordpress\/plugins\/seo\/ -->\n<title>&quot;La ronde des ombres&quot; de Philippe N Ngalla : roman de la griserie du pouvoir<\/title>\n<meta name=\"description\" content=\"&quot;La ronde des ombres&quot; de Philippe N Ngalla :roman de la griserie du pouvoir et du tragique d\u2019une humanit\u00e9 prise dans les mailles des certitudes\" \/>\n<meta name=\"robots\" content=\"index, follow, max-snippet:-1, max-image-preview:large, max-video-preview:-1\" \/>\n<link rel=\"canonical\" href=\"https:\/\/biscotteslitteraires.com\/2021\/la-ronde-des-ombres-de-philippe-n-ngalla-roman-de-la-griserie-du-pouvoir\/\" \/>\n<meta property=\"og:locale\" content=\"fr_FR\" \/>\n<meta property=\"og:type\" content=\"article\" \/>\n<meta property=\"og:title\" content=\"&quot;La ronde des ombres&quot; de Philippe N Ngalla : roman de la griserie du pouvoir\" \/>\n<meta property=\"og:description\" content=\"&quot;La ronde des ombres&quot; de Philippe N Ngalla :roman de la griserie du pouvoir et du tragique d\u2019une humanit\u00e9 prise dans les mailles des certitudes\" \/>\n<meta property=\"og:url\" content=\"https:\/\/biscotteslitteraires.com\/2021\/la-ronde-des-ombres-de-philippe-n-ngalla-roman-de-la-griserie-du-pouvoir\/\" \/>\n<meta property=\"og:site_name\" content=\"Biscottes Litt\u00e9raires\" \/>\n<meta property=\"article:publisher\" content=\"https:\/\/facebook.com\/biscotteslitterairesbenin\" \/>\n<meta property=\"article:published_time\" content=\"2020-04-24T12:41:29+00:00\" \/>\n<meta property=\"article:modified_time\" content=\"2020-10-08T20:28:40+00:00\" \/>\n<meta property=\"og:image\" content=\"https:\/\/biscotteslitteraires.com\/2021\/wp-content\/uploads\/2020\/04\/la-ronde-des-ombres.jpg\" \/>\n\t<meta property=\"og:image:width\" content=\"340\" \/>\n\t<meta property=\"og:image:height\" content=\"340\" \/>\n\t<meta property=\"og:image:type\" content=\"image\/jpeg\" \/>\n<meta name=\"twitter:card\" content=\"summary\" \/>\n<meta name=\"twitter:label1\" content=\"\u00c9crit par\" \/>\n\t<meta name=\"twitter:data1\" content=\"biscotteslitteraires\" \/>\n\t<meta name=\"twitter:label2\" content=\"Dur\u00e9e de lecture estim\u00e9e\" \/>\n\t<meta name=\"twitter:data2\" content=\"5 minutes\" \/>\n<script type=\"application\/ld+json\" class=\"yoast-schema-graph\">{\"@context\":\"https:\/\/schema.org\",\"@graph\":[{\"@type\":\"Organization\",\"@id\":\"https:\/\/biscotteslitteraires.com\/2021\/#organization\",\"name\":\"Biscottes Litt\u00e9raires\",\"url\":\"https:\/\/biscotteslitteraires.com\/2021\/\",\"sameAs\":[\"https:\/\/facebook.com\/biscotteslitterairesbenin\"],\"logo\":{\"@type\":\"ImageObject\",\"inLanguage\":\"fr-FR\",\"@id\":\"https:\/\/biscotteslitteraires.com\/2021\/#\/schema\/logo\/image\/\",\"url\":\"https:\/\/biscotteslitteraires.com\/2021\/wp-content\/uploads\/2018\/11\/cropped-LOGO-BL-e1630101307137.jpg\",\"contentUrl\":\"https:\/\/biscotteslitteraires.com\/2021\/wp-content\/uploads\/2018\/11\/cropped-LOGO-BL-e1630101307137.jpg\",\"width\":960,\"height\":960,\"caption\":\"Biscottes Litt\u00e9raires\"},\"image\":{\"@id\":\"https:\/\/biscotteslitteraires.com\/2021\/#\/schema\/logo\/image\/\"}},{\"@type\":\"WebSite\",\"@id\":\"https:\/\/biscotteslitteraires.com\/2021\/#website\",\"url\":\"https:\/\/biscotteslitteraires.com\/2021\/\",\"name\":\"Biscottes Litt\u00e9raires\",\"description\":\"Ici nous voyagerons dans les lignes, explorerons les interlignes.\",\"publisher\":{\"@id\":\"https:\/\/biscotteslitteraires.com\/2021\/#organization\"},\"potentialAction\":[{\"@type\":\"SearchAction\",\"target\":{\"@type\":\"EntryPoint\",\"urlTemplate\":\"https:\/\/biscotteslitteraires.com\/2021\/?s={search_term_string}\"},\"query-input\":\"required name=search_term_string\"}],\"inLanguage\":\"fr-FR\"},{\"@type\":\"ImageObject\",\"inLanguage\":\"fr-FR\",\"@id\":\"https:\/\/biscotteslitteraires.com\/2021\/la-ronde-des-ombres-de-philippe-n-ngalla-roman-de-la-griserie-du-pouvoir\/#primaryimage\",\"url\":\"https:\/\/biscotteslitteraires.com\/2021\/wp-content\/uploads\/2020\/04\/la-ronde-des-ombres.jpg\",\"contentUrl\":\"https:\/\/biscotteslitteraires.com\/2021\/wp-content\/uploads\/2020\/04\/la-ronde-des-ombres.jpg\",\"width\":340,\"height\":340},{\"@type\":\"WebPage\",\"@id\":\"https:\/\/biscotteslitteraires.com\/2021\/la-ronde-des-ombres-de-philippe-n-ngalla-roman-de-la-griserie-du-pouvoir\/#webpage\",\"url\":\"https:\/\/biscotteslitteraires.com\/2021\/la-ronde-des-ombres-de-philippe-n-ngalla-roman-de-la-griserie-du-pouvoir\/\",\"name\":\"\\\"La ronde des ombres\\\" de Philippe N Ngalla : roman de la griserie du pouvoir\",\"isPartOf\":{\"@id\":\"https:\/\/biscotteslitteraires.com\/2021\/#website\"},\"primaryImageOfPage\":{\"@id\":\"https:\/\/biscotteslitteraires.com\/2021\/la-ronde-des-ombres-de-philippe-n-ngalla-roman-de-la-griserie-du-pouvoir\/#primaryimage\"},\"datePublished\":\"2020-04-24T12:41:29+00:00\",\"dateModified\":\"2020-10-08T20:28:40+00:00\",\"description\":\"\\\"La ronde des ombres\\\" de Philippe N Ngalla :roman de la griserie du pouvoir et du tragique d\u2019une humanit\u00e9 prise dans les mailles des certitudes\",\"breadcrumb\":{\"@id\":\"https:\/\/biscotteslitteraires.com\/2021\/la-ronde-des-ombres-de-philippe-n-ngalla-roman-de-la-griserie-du-pouvoir\/#breadcrumb\"},\"inLanguage\":\"fr-FR\",\"potentialAction\":[{\"@type\":\"ReadAction\",\"target\":[\"https:\/\/biscotteslitteraires.com\/2021\/la-ronde-des-ombres-de-philippe-n-ngalla-roman-de-la-griserie-du-pouvoir\/\"]}]},{\"@type\":\"BreadcrumbList\",\"@id\":\"https:\/\/biscotteslitteraires.com\/2021\/la-ronde-des-ombres-de-philippe-n-ngalla-roman-de-la-griserie-du-pouvoir\/#breadcrumb\",\"itemListElement\":[{\"@type\":\"ListItem\",\"position\":1,\"name\":\"Accueil\",\"item\":\"https:\/\/biscotteslitteraires.com\/2021\/\"},{\"@type\":\"ListItem\",\"position\":2,\"name\":\"\u00ab\u00a0La ronde des ombres\u00a0\u00bb de Philippe N Ngalla : roman de la griserie du pouvoir\"}]},{\"@type\":\"Article\",\"@id\":\"https:\/\/biscotteslitteraires.com\/2021\/la-ronde-des-ombres-de-philippe-n-ngalla-roman-de-la-griserie-du-pouvoir\/#article\",\"isPartOf\":{\"@id\":\"https:\/\/biscotteslitteraires.com\/2021\/la-ronde-des-ombres-de-philippe-n-ngalla-roman-de-la-griserie-du-pouvoir\/#webpage\"},\"author\":{\"@id\":\"https:\/\/biscotteslitteraires.com\/2021\/#\/schema\/person\/a7786cb98c76c568669b36d299731946\"},\"headline\":\"\u00ab\u00a0La ronde des ombres\u00a0\u00bb de Philippe N Ngalla : roman de la griserie du pouvoir\",\"datePublished\":\"2020-04-24T12:41:29+00:00\",\"dateModified\":\"2020-10-08T20:28:40+00:00\",\"mainEntityOfPage\":{\"@id\":\"https:\/\/biscotteslitteraires.com\/2021\/la-ronde-des-ombres-de-philippe-n-ngalla-roman-de-la-griserie-du-pouvoir\/#webpage\"},\"wordCount\":1010,\"commentCount\":0,\"publisher\":{\"@id\":\"https:\/\/biscotteslitteraires.com\/2021\/#organization\"},\"image\":{\"@id\":\"https:\/\/biscotteslitteraires.com\/2021\/la-ronde-des-ombres-de-philippe-n-ngalla-roman-de-la-griserie-du-pouvoir\/#primaryimage\"},\"thumbnailUrl\":\"https:\/\/biscotteslitteraires.com\/2021\/wp-content\/uploads\/2020\/04\/la-ronde-des-ombres.jpg\",\"articleSection\":[\"Chroniques compl\u00e8tes\"],\"inLanguage\":\"fr-FR\",\"potentialAction\":[{\"@type\":\"CommentAction\",\"name\":\"Comment\",\"target\":[\"https:\/\/biscotteslitteraires.com\/2021\/la-ronde-des-ombres-de-philippe-n-ngalla-roman-de-la-griserie-du-pouvoir\/#respond\"]}]},{\"@type\":\"Person\",\"@id\":\"https:\/\/biscotteslitteraires.com\/2021\/#\/schema\/person\/a7786cb98c76c568669b36d299731946\",\"name\":\"biscotteslitteraires\",\"image\":{\"@type\":\"ImageObject\",\"inLanguage\":\"fr-FR\",\"@id\":\"https:\/\/biscotteslitteraires.com\/2021\/#\/schema\/person\/image\/\",\"url\":\"https:\/\/secure.gravatar.com\/avatar\/94320ea752b93453cb48b1b2d71ada12?s=96&d=mm&r=g\",\"contentUrl\":\"https:\/\/secure.gravatar.com\/avatar\/94320ea752b93453cb48b1b2d71ada12?s=96&d=mm&r=g\",\"caption\":\"biscotteslitteraires\"},\"url\":\"https:\/\/biscotteslitteraires.com\/2021\/author\/admin\/\"}]}<\/script>\n<!-- \/ Yoast SEO plugin. -->","yoast_head_json":{"title":"\"La ronde des ombres\" de Philippe N Ngalla : roman de la griserie du pouvoir","description":"\"La ronde des ombres\" de Philippe N Ngalla :roman de la griserie du pouvoir et du tragique d\u2019une humanit\u00e9 prise dans les mailles des certitudes","robots":{"index":"index","follow":"follow","max-snippet":"max-snippet:-1","max-image-preview":"max-image-preview:large","max-video-preview":"max-video-preview:-1"},"canonical":"https:\/\/biscotteslitteraires.com\/2021\/la-ronde-des-ombres-de-philippe-n-ngalla-roman-de-la-griserie-du-pouvoir\/","og_locale":"fr_FR","og_type":"article","og_title":"\"La ronde des ombres\" de Philippe N Ngalla : roman de la griserie du pouvoir","og_description":"\"La ronde des ombres\" de Philippe N Ngalla :roman de la griserie du pouvoir et du tragique d\u2019une humanit\u00e9 prise dans les mailles des certitudes","og_url":"https:\/\/biscotteslitteraires.com\/2021\/la-ronde-des-ombres-de-philippe-n-ngalla-roman-de-la-griserie-du-pouvoir\/","og_site_name":"Biscottes Litt\u00e9raires","article_publisher":"https:\/\/facebook.com\/biscotteslitterairesbenin","article_published_time":"2020-04-24T12:41:29+00:00","article_modified_time":"2020-10-08T20:28:40+00:00","og_image":[{"width":340,"height":340,"url":"https:\/\/biscotteslitteraires.com\/2021\/wp-content\/uploads\/2020\/04\/la-ronde-des-ombres.jpg","type":"image\/jpeg"}],"twitter_card":"summary","twitter_misc":{"\u00c9crit par":"biscotteslitteraires","Dur\u00e9e de lecture estim\u00e9e":"5 minutes"},"schema":{"@context":"https:\/\/schema.org","@graph":[{"@type":"Organization","@id":"https:\/\/biscotteslitteraires.com\/2021\/#organization","name":"Biscottes Litt\u00e9raires","url":"https:\/\/biscotteslitteraires.com\/2021\/","sameAs":["https:\/\/facebook.com\/biscotteslitterairesbenin"],"logo":{"@type":"ImageObject","inLanguage":"fr-FR","@id":"https:\/\/biscotteslitteraires.com\/2021\/#\/schema\/logo\/image\/","url":"https:\/\/biscotteslitteraires.com\/2021\/wp-content\/uploads\/2018\/11\/cropped-LOGO-BL-e1630101307137.jpg","contentUrl":"https:\/\/biscotteslitteraires.com\/2021\/wp-content\/uploads\/2018\/11\/cropped-LOGO-BL-e1630101307137.jpg","width":960,"height":960,"caption":"Biscottes Litt\u00e9raires"},"image":{"@id":"https:\/\/biscotteslitteraires.com\/2021\/#\/schema\/logo\/image\/"}},{"@type":"WebSite","@id":"https:\/\/biscotteslitteraires.com\/2021\/#website","url":"https:\/\/biscotteslitteraires.com\/2021\/","name":"Biscottes Litt\u00e9raires","description":"Ici nous voyagerons dans les lignes, explorerons les interlignes.","publisher":{"@id":"https:\/\/biscotteslitteraires.com\/2021\/#organization"},"potentialAction":[{"@type":"SearchAction","target":{"@type":"EntryPoint","urlTemplate":"https:\/\/biscotteslitteraires.com\/2021\/?s={search_term_string}"},"query-input":"required name=search_term_string"}],"inLanguage":"fr-FR"},{"@type":"ImageObject","inLanguage":"fr-FR","@id":"https:\/\/biscotteslitteraires.com\/2021\/la-ronde-des-ombres-de-philippe-n-ngalla-roman-de-la-griserie-du-pouvoir\/#primaryimage","url":"https:\/\/biscotteslitteraires.com\/2021\/wp-content\/uploads\/2020\/04\/la-ronde-des-ombres.jpg","contentUrl":"https:\/\/biscotteslitteraires.com\/2021\/wp-content\/uploads\/2020\/04\/la-ronde-des-ombres.jpg","width":340,"height":340},{"@type":"WebPage","@id":"https:\/\/biscotteslitteraires.com\/2021\/la-ronde-des-ombres-de-philippe-n-ngalla-roman-de-la-griserie-du-pouvoir\/#webpage","url":"https:\/\/biscotteslitteraires.com\/2021\/la-ronde-des-ombres-de-philippe-n-ngalla-roman-de-la-griserie-du-pouvoir\/","name":"\"La ronde des ombres\" de Philippe N Ngalla : roman de la griserie du pouvoir","isPartOf":{"@id":"https:\/\/biscotteslitteraires.com\/2021\/#website"},"primaryImageOfPage":{"@id":"https:\/\/biscotteslitteraires.com\/2021\/la-ronde-des-ombres-de-philippe-n-ngalla-roman-de-la-griserie-du-pouvoir\/#primaryimage"},"datePublished":"2020-04-24T12:41:29+00:00","dateModified":"2020-10-08T20:28:40+00:00","description":"\"La ronde des ombres\" de Philippe N Ngalla :roman de la griserie du pouvoir et du tragique d\u2019une humanit\u00e9 prise dans les mailles des certitudes","breadcrumb":{"@id":"https:\/\/biscotteslitteraires.com\/2021\/la-ronde-des-ombres-de-philippe-n-ngalla-roman-de-la-griserie-du-pouvoir\/#breadcrumb"},"inLanguage":"fr-FR","potentialAction":[{"@type":"ReadAction","target":["https:\/\/biscotteslitteraires.com\/2021\/la-ronde-des-ombres-de-philippe-n-ngalla-roman-de-la-griserie-du-pouvoir\/"]}]},{"@type":"BreadcrumbList","@id":"https:\/\/biscotteslitteraires.com\/2021\/la-ronde-des-ombres-de-philippe-n-ngalla-roman-de-la-griserie-du-pouvoir\/#breadcrumb","itemListElement":[{"@type":"ListItem","position":1,"name":"Accueil","item":"https:\/\/biscotteslitteraires.com\/2021\/"},{"@type":"ListItem","position":2,"name":"\u00ab\u00a0La ronde des ombres\u00a0\u00bb de Philippe N Ngalla : roman de la griserie du pouvoir"}]},{"@type":"Article","@id":"https:\/\/biscotteslitteraires.com\/2021\/la-ronde-des-ombres-de-philippe-n-ngalla-roman-de-la-griserie-du-pouvoir\/#article","isPartOf":{"@id":"https:\/\/biscotteslitteraires.com\/2021\/la-ronde-des-ombres-de-philippe-n-ngalla-roman-de-la-griserie-du-pouvoir\/#webpage"},"author":{"@id":"https:\/\/biscotteslitteraires.com\/2021\/#\/schema\/person\/a7786cb98c76c568669b36d299731946"},"headline":"\u00ab\u00a0La ronde des ombres\u00a0\u00bb de Philippe N Ngalla : roman de la griserie du pouvoir","datePublished":"2020-04-24T12:41:29+00:00","dateModified":"2020-10-08T20:28:40+00:00","mainEntityOfPage":{"@id":"https:\/\/biscotteslitteraires.com\/2021\/la-ronde-des-ombres-de-philippe-n-ngalla-roman-de-la-griserie-du-pouvoir\/#webpage"},"wordCount":1010,"commentCount":0,"publisher":{"@id":"https:\/\/biscotteslitteraires.com\/2021\/#organization"},"image":{"@id":"https:\/\/biscotteslitteraires.com\/2021\/la-ronde-des-ombres-de-philippe-n-ngalla-roman-de-la-griserie-du-pouvoir\/#primaryimage"},"thumbnailUrl":"https:\/\/biscotteslitteraires.com\/2021\/wp-content\/uploads\/2020\/04\/la-ronde-des-ombres.jpg","articleSection":["Chroniques compl\u00e8tes"],"inLanguage":"fr-FR","potentialAction":[{"@type":"CommentAction","name":"Comment","target":["https:\/\/biscotteslitteraires.com\/2021\/la-ronde-des-ombres-de-philippe-n-ngalla-roman-de-la-griserie-du-pouvoir\/#respond"]}]},{"@type":"Person","@id":"https:\/\/biscotteslitteraires.com\/2021\/#\/schema\/person\/a7786cb98c76c568669b36d299731946","name":"biscotteslitteraires","image":{"@type":"ImageObject","inLanguage":"fr-FR","@id":"https:\/\/biscotteslitteraires.com\/2021\/#\/schema\/person\/image\/","url":"https:\/\/secure.gravatar.com\/avatar\/94320ea752b93453cb48b1b2d71ada12?s=96&d=mm&r=g","contentUrl":"https:\/\/secure.gravatar.com\/avatar\/94320ea752b93453cb48b1b2d71ada12?s=96&d=mm&r=g","caption":"biscotteslitteraires"},"url":"https:\/\/biscotteslitteraires.com\/2021\/author\/admin\/"}]}},"_links":{"self":[{"href":"https:\/\/biscotteslitteraires.com\/2021\/wp-json\/wp\/v2\/posts\/7642"}],"collection":[{"href":"https:\/\/biscotteslitteraires.com\/2021\/wp-json\/wp\/v2\/posts"}],"about":[{"href":"https:\/\/biscotteslitteraires.com\/2021\/wp-json\/wp\/v2\/types\/post"}],"author":[{"embeddable":true,"href":"https:\/\/biscotteslitteraires.com\/2021\/wp-json\/wp\/v2\/users\/1"}],"replies":[{"embeddable":true,"href":"https:\/\/biscotteslitteraires.com\/2021\/wp-json\/wp\/v2\/comments?post=7642"}],"version-history":[{"count":3,"href":"https:\/\/biscotteslitteraires.com\/2021\/wp-json\/wp\/v2\/posts\/7642\/revisions"}],"predecessor-version":[{"id":8476,"href":"https:\/\/biscotteslitteraires.com\/2021\/wp-json\/wp\/v2\/posts\/7642\/revisions\/8476"}],"wp:featuredmedia":[{"embeddable":true,"href":"https:\/\/biscotteslitteraires.com\/2021\/wp-json\/wp\/v2\/media\/7643"}],"wp:attachment":[{"href":"https:\/\/biscotteslitteraires.com\/2021\/wp-json\/wp\/v2\/media?parent=7642"}],"wp:term":[{"taxonomy":"category","embeddable":true,"href":"https:\/\/biscotteslitteraires.com\/2021\/wp-json\/wp\/v2\/categories?post=7642"},{"taxonomy":"post_tag","embeddable":true,"href":"https:\/\/biscotteslitteraires.com\/2021\/wp-json\/wp\/v2\/tags?post=7642"}],"curies":[{"name":"wp","href":"https:\/\/api.w.org\/{rel}","templated":true}]}}