{"id":7900,"date":"2020-06-17T17:44:47","date_gmt":"2020-06-17T17:44:47","guid":{"rendered":"https:\/\/biscotteslitteraires.com\/2021\/?p=7900"},"modified":"2020-06-17T18:02:40","modified_gmt":"2020-06-17T18:02:40","slug":"conte-edj%e2%86%84na-lorphelin-et-weziza-laveugle-destin-mahulolo","status":"publish","type":"post","link":"https:\/\/biscotteslitteraires.com\/2021\/conte-edj%e2%86%84na-lorphelin-et-weziza-laveugle-destin-mahulolo\/","title":{"rendered":"\u00ab\u00a0Conte: Edj\u2184na, l\u2019orphelin, et W\u00e9ziza, l\u2019aveugle\u00a0\u00bb, Destin Mahulolo"},"content":{"rendered":"<p style=\"text-align: justify;\"><strong>Conte\u00a0: \u00a0Edj\u2184na, l\u2019orphelin, et W\u00e9ziza, l\u2019aveugle.<\/strong><\/p>\n<p style=\"text-align: justify;\"><img loading=\"lazy\" class=\"aligncenter size-medium wp-image-7902\" src=\"https:\/\/biscotteslitteraires.com\/2021\/wp-content\/uploads\/2020\/06\/aveugle-257x300.jpg\" alt=\"\" width=\"257\" height=\"300\" srcset=\"https:\/\/biscotteslitteraires.com\/2021\/wp-content\/uploads\/2020\/06\/aveugle-257x300.jpg 257w, https:\/\/biscotteslitteraires.com\/2021\/wp-content\/uploads\/2020\/06\/aveugle.jpg 339w\" sizes=\"(max-width: 257px) 100vw, 257px\" \/><\/p>\n<p style=\"text-align: justify;\">Il \u00e9tait une fois un orphelin nomm\u00e9 Edj\u2184na. Il n\u2019avait pas connu son p\u00e8re qui \u00e9tait d\u00e9c\u00e9d\u00e9 sept mois avant sa naissance. Sa m\u00e8re qui devait veiller sur lui rendit l\u2019\u00e2me aussit\u00f4t apr\u00e8s lui avoir donn\u00e9 la vie. Depuis la mort de son mari, cette derni\u00e8re, rejet\u00e9e et renvoy\u00e9e de la demeure conjugale, \u00e9tait oblig\u00e9e de ramasser du bois mort dans la for\u00eat, qu\u2019elle devait vendre afin de se nourrir et veiller sur sa grossesse. Elle \u00e9tait la seule rescap\u00e9e de sa famille qui a p\u00e9ri dans un incendie. Elle n\u2019avait vraiment personne au monde pour l\u2019aider. Comme \u00e0 l\u2019accoutum\u00e9e, de bonne heure, elle se rendit dans la for\u00eat. L\u00e0, elle eut de violentes contractions qu\u2019elle confondit \u00e0 ses habituels maux de ventre. Le temps de comprendre ce qui se passait r\u00e9ellement, elle se surprit en train de donner naissance \u00e0 son enfant, seule au milieu de la for\u00eat. Apr\u00e8s l\u2019accouchement, elle se mit \u00e0 saigner abondamment. Elle succomba des suites de son h\u00e9morragie. Au coucher du soleil, une vieille qui rentrait des champs, entendit des pleurs. Curieuse, elle chercha \u00e0 savoir d\u2019o\u00f9 pouvaient-ils provenir. Elle d\u00e9couvrit alors avec effarement la tragique r\u00e9alit\u00e9. Elle vit la m\u00e8re inerte et le b\u00e9b\u00e9 vagissant. Elle r\u00e9cup\u00e9ra l\u2019enfant et le pr\u00e9nomma Edj\u2184na. Avant de quitter les lieux, elle enfon\u00e7a un grand piquet dans le sol, \u00e0 l\u2019endroit o\u00f9 elle avait vu l\u2019enfant et le cadavre de sa m\u00e8re. Quand arriva la saison des pluies, elle planta un iroko \u00e0 l\u2019endroit o\u00f9 elle avait enfonc\u00e9 le piquet en terre. Elle \u00e9leva Edj\u2184na comme son fils avec amour et tendresse. Elle vit en cet enfant la r\u00e9alisation de ses r\u00eaves, un don du ciel, une r\u00e9ponse de Dieu \u00e0 ses pri\u00e8res, elle qui, toute sa vie durant, a d\u00e9sir\u00e9 d\u2019un grand d\u00e9sir, jouir des gr\u00e2ces de la maternit\u00e9. Au soir de sa vie, la nature le gratifiait d\u2019un joli b\u00e9b\u00e9. Edj\u2184na grandissait et faisait la fiert\u00e9 de la vieille. La vieille lui raconta comment elle l\u2019a d\u00e9couvert dans la for\u00eat et \u00e0 chaque nouvelle lune, ils all\u00e8rent se recueillir sous cet arbre en m\u00e9moire de la m\u00e8re de Edj\u2184na. La vieille \u00e9tait tout pour le petit. Elle \u00e9tait son soleil et sa seule raison de vivre. Il r\u00eavait de devenir riche et de changer la vie de sa vieille-m\u00e8re. Cependant, la vie ne le lui permit pas, car en se r\u00e9veillant un matin, alors qu\u2019il n\u2019avait que quatorze ans, il comprit qu\u2019il devait apprendre \u00e0 vivre sans elle. Il l\u2019enterra au pied de l\u2019arbre sous lequel ils se recueillaient \u00e0 chaque nouvelle lune. Paum\u00e9 et d\u00e9boussol\u00e9, Edj\u2184na entreprit de quitter le village pour une longue aventure. Mais chaque fois qu\u2019il s\u2019\u00e9loignait du village, il ne rencontrait que malheur sur son chemin. Son destin \u00e9tait li\u00e9 \u00e0 ce village o\u00f9 \u00e9tait enterr\u00e9e sa vieille-m\u00e8re. Il d\u00e9cida alors de s\u2019installer pour toujours au village. Tr\u00e8s vite, il se distingua par son z\u00e8le et son ardeur au travail. Tous ses cong\u00e9n\u00e8res prirent femmes et se mari\u00e8rent, mais aucune femme ne lui ouvrait son c\u0153ur. Apr\u00e8s moult tentatives infructueuses, il se r\u00e9signa. Il mit une croix sur le mariage et s\u2019\u00e9vertuait \u00e0 exceller dans ses travaux champ\u00eatres. A cause de sa situation de c\u00e9libataire, il n\u2019\u00e9tait pas consid\u00e9r\u00e9 dans le village. Tous se moquaient de lui. En plus d\u2019\u00eatre doublement orphelin, la nature le v\u00eatait du statut de c\u00e9libataire endurci.<\/p>\n<p style=\"text-align: justify;\">En revenant des champs un jour, il rencontra une vieille qui croupissait sous le faix d\u2019un gros fagot de bois. Il s\u2019empressa de l\u2019aider. Il se chargea du fardeau et suivit la vieille jusque dans son village. Cette derni\u00e8re, \u00e9merveill\u00e9e par la spontan\u00e9it\u00e9 et la g\u00e9n\u00e9rosit\u00e9 de Edj\u2184na avait r\u00e9solu de le gratifier. Elle lui demanda de formuler une requ\u00eate. Celui-ci demanda une femme. La vieille lui pr\u00e9senta Weziza, sa fille unique qui \u00e9tait tout son tr\u00e9sor. Edj\u2184na h\u00e9sita \u00e0 accepter l\u2019offre\u00a0: \u00ab\u00a0<strong><em>C\u2019est vrai que je n\u2019ai pas de femme, mais ce n\u2019est pas pour cette raison que je vous prendrai votre unique fille qui est tout votre tr\u00e9sor et votre raison de vivre. En vous aidant \u00e0 porter votre fardeau, je ne m\u2019attendais pas \u00e0 me faire payer en retour.<\/em><\/strong>\u00a0\u00bb La vieille le supplia de recevoir Weziza non comme une r\u00e9compense, mais comme l\u2019acceptation de son obole, manifestation de sa gentillesse envers lui. Et Edj\u2184na fut oblig\u00e9 d\u2019accepter. La vieille, \u00e9mue, les b\u00e9nit\u00a0: \u00ab\u00a0<strong><em>Edj\u2184na, je te donne Weziza. Elle est aveugle. Mais elle s\u2019appelle Weziza. Elle sera la lumi\u00e8re de ta maison. Mes jours sont compt\u00e9s. Bient\u00f4t, je serai de l\u2019autre c\u00f4t\u00e9. Je te la confie \u00e0 la fois comme s\u0153ur et \u00e9pouse. Aime-l\u00e0 et veille sur elle. Prot\u00e8ge-la et tu ne seras pas d\u00e9\u00e7u. Je sais qu\u2019elle sera la lumi\u00e8re de ta maison. Je vous souhaite de vivre heureux et jouir de la vie.<\/em><\/strong>\u00a0\u00bb Douloureuse s\u00e9paration. Weziza suivit Edj\u2184na, son mari, son fr\u00e8re et son protecteur.<\/p>\n<p style=\"text-align: justify;\">Edj\u2184na, avant d\u2019introduire Weziza sous son toit, la conduisit d\u2019abord dans la for\u00eat, au pied de l\u2019arbre du souvenir de sa m\u00e8re et de sa vieille m\u00e8re. Quand ses amis se rendirent compte de ce que sa femme \u00e9tait une aveugle, ils se mirent \u00e0 se moquer de lui. Mais il leur r\u00e9pliquait qu\u2019il pr\u00e9f\u00e9rait une femme aveugle \u00e0 une case sans lumi\u00e8re car malgr\u00e9 sa c\u00e9cit\u00e9, W\u00e9ziza, avant le retour de son mari, allumait d\u00e9j\u00e0 les lampions et appr\u00eatait le repas. Elle savait mieux faire le m\u00e9nage que les femmes qui n\u2019\u00e9taient pas aveugles. En mati\u00e8re d\u2019ordre et de propret\u00e9, W\u00e9ziza n\u2019avait pas de concurrente dans le village. Quant \u00e0 toutes ces qualit\u00e9s, l\u2019on ajoute sa beaut\u00e9, ses fossettes, sa rondeur, ses longs cheveux, son sourire \u00e9clatant, la suavit\u00e9 et la nettet\u00e9 de sa voix, l\u2019on r\u00e9alise que Weziza \u00e9tait une d\u00e9esse priv\u00e9e de la vue. Edj\u2184na la bichonnait et la traitait comme une princesse. Pour son premier accouchement, elle donna naissance \u00e0 des jumelles.<\/p>\n<p style=\"text-align: justify;\"><img loading=\"lazy\" class=\"aligncenter size-medium wp-image-7904\" src=\"https:\/\/biscotteslitteraires.com\/2021\/wp-content\/uploads\/2020\/06\/fille-deux-jumelle-africaine-adorable-sur-le-fond-de-blanc-studio-99532440-300x200.jpg\" alt=\"\" width=\"300\" height=\"200\" srcset=\"https:\/\/biscotteslitteraires.com\/2021\/wp-content\/uploads\/2020\/06\/fille-deux-jumelle-africaine-adorable-sur-le-fond-de-blanc-studio-99532440-300x200.jpg 300w, https:\/\/biscotteslitteraires.com\/2021\/wp-content\/uploads\/2020\/06\/fille-deux-jumelle-africaine-adorable-sur-le-fond-de-blanc-studio-99532440-768x512.jpg 768w, https:\/\/biscotteslitteraires.com\/2021\/wp-content\/uploads\/2020\/06\/fille-deux-jumelle-africaine-adorable-sur-le-fond-de-blanc-studio-99532440-275x184.jpg 275w, https:\/\/biscotteslitteraires.com\/2021\/wp-content\/uploads\/2020\/06\/fille-deux-jumelle-africaine-adorable-sur-le-fond-de-blanc-studio-99532440-244x164.jpg 244w, https:\/\/biscotteslitteraires.com\/2021\/wp-content\/uploads\/2020\/06\/fille-deux-jumelle-africaine-adorable-sur-le-fond-de-blanc-studio-99532440-272x182.jpg 272w, https:\/\/biscotteslitteraires.com\/2021\/wp-content\/uploads\/2020\/06\/fille-deux-jumelle-africaine-adorable-sur-le-fond-de-blanc-studio-99532440.jpg 800w\" sizes=\"(max-width: 300px) 100vw, 300px\" \/><\/p>\n<p style=\"text-align: justify;\">Ensuite, le couple re\u00e7ut la visite de tripl\u00e9s, tous des gar\u00e7ons. Le troisi\u00e8me accouchement gratifia Edj\u2184na et Weziza de quadrupl\u00e9s\u00a0: deux filles et deux gar\u00e7ons. Ils \u00ab\u00a0<em>ferm\u00e8rent le trou avec un joli Dosou<\/em>\u00a0\u00bb.<\/p>\n<p style=\"text-align: justify;\"><img loading=\"lazy\" class=\"aligncenter size-medium wp-image-7905\" src=\"https:\/\/biscotteslitteraires.com\/2021\/wp-content\/uploads\/2020\/06\/downloadfile-300x220.jpg\" alt=\"\" width=\"300\" height=\"220\" srcset=\"https:\/\/biscotteslitteraires.com\/2021\/wp-content\/uploads\/2020\/06\/downloadfile-300x220.jpg 300w, https:\/\/biscotteslitteraires.com\/2021\/wp-content\/uploads\/2020\/06\/downloadfile-768x563.jpg 768w, https:\/\/biscotteslitteraires.com\/2021\/wp-content\/uploads\/2020\/06\/downloadfile-1024x750.jpg 1024w, https:\/\/biscotteslitteraires.com\/2021\/wp-content\/uploads\/2020\/06\/downloadfile.jpg 1200w\" sizes=\"(max-width: 300px) 100vw, 300px\" \/><\/p>\n<p style=\"text-align: justify;\">Le village \u00e9tait dans l\u2019\u00e9merveillement et les quolibets s\u2019estomp\u00e8rent. Edj\u2184na \u00e9tait devenu une personne crainte dans le village. Alors que les habitants vaquaient chacun \u00e0 ses activit\u00e9s, une \u00e9pid\u00e9mie de charbon se d\u00e9clencha sans pr\u00e9avis. Les devins s\u2019attel\u00e8rent \u00e0 apaiser la col\u00e8re des dieux mais aucun d\u2019eux n\u2019y parvinrent.<\/p>\n<p style=\"text-align: justify;\"><img loading=\"lazy\" class=\"aligncenter size-medium wp-image-7906\" src=\"https:\/\/biscotteslitteraires.com\/2021\/wp-content\/uploads\/2020\/06\/81901533722b2ea6f34d9a57c193c38a-300x192.jpg\" alt=\"\" width=\"300\" height=\"192\" srcset=\"https:\/\/biscotteslitteraires.com\/2021\/wp-content\/uploads\/2020\/06\/81901533722b2ea6f34d9a57c193c38a-300x192.jpg 300w, https:\/\/biscotteslitteraires.com\/2021\/wp-content\/uploads\/2020\/06\/81901533722b2ea6f34d9a57c193c38a.jpg 648w\" sizes=\"(max-width: 300px) 100vw, 300px\" \/><\/p>\n<p style=\"text-align: justify;\">Il fut r\u00e9v\u00e9l\u00e9 \u00e0 l\u2019un d\u2019eux que la seule personne qui pouvait apaiser la col\u00e8re des dieux \u00e9tait une femme dont les yeux n\u2019avait jamais vu le mal et dont les entrailles, trois fois de suite, ont accouch\u00e9 de jumeaux, de tripl\u00e9s et de quadrupl\u00e9s. Toutes ces caract\u00e9ristiques \u00e9taient pr\u00e9sentes chez W\u00e9ziza. Elle offrit le sacrifice au nom de tout le village et l\u2019\u00e9pid\u00e9mie s\u2019\u00e9loigna. Tous les devins se prostern\u00e8rent devant elle pour l\u2019adorer et toute la contr\u00e9e fit d\u2019elle sa reine.<\/p>\n<p style=\"text-align: justify;\">Mon conte s\u2019arr\u00eate ici.<\/p>\n<p style=\"text-align: justify;\"><strong>Destin Mahulolo<\/strong><\/p>\n","protected":false},"excerpt":{"rendered":"<p>Conte\u00a0: \u00a0Edj\u2184na, l\u2019orphelin, et W\u00e9ziza, l\u2019aveugle. Il \u00e9tait une fois un orphelin nomm\u00e9 Edj\u2184na. Il n\u2019avait pas connu son p\u00e8re qui \u00e9tait d\u00e9c\u00e9d\u00e9 sept mois avant sa naissance. Sa m\u00e8re qui devait veiller sur lui rendit l\u2019\u00e2me aussit\u00f4t apr\u00e8s lui avoir donn\u00e9 la vie. Depuis la mort de son mari, cette derni\u00e8re, rejet\u00e9e et renvoy\u00e9e [&hellip;]<\/p>\n","protected":false},"author":1,"featured_media":7902,"comment_status":"open","ping_status":"closed","sticky":false,"template":"","format":"standard","meta":[],"categories":[12],"tags":[],"yoast_head":"<!-- This site is optimized with the Yoast SEO plugin v19.0 - https:\/\/yoast.com\/wordpress\/plugins\/seo\/ -->\n<title>&quot;Conte: Edj\u2184na, l\u2019orphelin, et W\u00e9ziza, l\u2019aveugle&quot;, Destin Mahulolo - Biscottes Litt\u00e9raires<\/title>\n<meta name=\"description\" content=\"C\u2019est vrai que je n\u2019ai pas de femme, mais ce n\u2019est pas pour cette raison que je vous prendrai votre unique fille qui est tout votre tr\u00e9sor et votre ...\" \/>\n<meta name=\"robots\" content=\"index, follow, max-snippet:-1, max-image-preview:large, max-video-preview:-1\" \/>\n<link rel=\"canonical\" href=\"https:\/\/biscotteslitteraires.com\/2021\/conte-edj\u2184na-lorphelin-et-weziza-laveugle-destin-mahulolo\/\" \/>\n<meta property=\"og:locale\" content=\"fr_FR\" \/>\n<meta property=\"og:type\" content=\"article\" \/>\n<meta property=\"og:title\" content=\"&quot;Conte: Edj\u2184na, l\u2019orphelin, et W\u00e9ziza, l\u2019aveugle&quot;, Destin Mahulolo - Biscottes Litt\u00e9raires\" \/>\n<meta property=\"og:description\" content=\"C\u2019est vrai que je n\u2019ai pas de femme, mais ce n\u2019est pas pour cette raison que je vous prendrai votre unique fille qui est tout votre tr\u00e9sor et votre ...\" \/>\n<meta property=\"og:url\" content=\"https:\/\/biscotteslitteraires.com\/2021\/conte-edj\u2184na-lorphelin-et-weziza-laveugle-destin-mahulolo\/\" \/>\n<meta property=\"og:site_name\" content=\"Biscottes Litt\u00e9raires\" \/>\n<meta property=\"article:publisher\" content=\"https:\/\/facebook.com\/biscotteslitterairesbenin\" \/>\n<meta property=\"article:published_time\" content=\"2020-06-17T17:44:47+00:00\" \/>\n<meta property=\"article:modified_time\" content=\"2020-06-17T18:02:40+00:00\" \/>\n<meta property=\"og:image\" content=\"https:\/\/biscotteslitteraires.com\/2021\/wp-content\/uploads\/2020\/06\/aveugle.jpg\" \/>\n\t<meta property=\"og:image:width\" content=\"339\" \/>\n\t<meta property=\"og:image:height\" content=\"395\" \/>\n\t<meta property=\"og:image:type\" content=\"image\/jpeg\" \/>\n<meta name=\"twitter:card\" content=\"summary\" \/>\n<meta name=\"twitter:label1\" content=\"\u00c9crit par\" \/>\n\t<meta name=\"twitter:data1\" content=\"biscotteslitteraires\" \/>\n\t<meta name=\"twitter:label2\" content=\"Dur\u00e9e de lecture estim\u00e9e\" \/>\n\t<meta name=\"twitter:data2\" content=\"7 minutes\" \/>\n<script type=\"application\/ld+json\" class=\"yoast-schema-graph\">{\"@context\":\"https:\/\/schema.org\",\"@graph\":[{\"@type\":\"Organization\",\"@id\":\"https:\/\/biscotteslitteraires.com\/2021\/#organization\",\"name\":\"Biscottes Litt\u00e9raires\",\"url\":\"https:\/\/biscotteslitteraires.com\/2021\/\",\"sameAs\":[\"https:\/\/facebook.com\/biscotteslitterairesbenin\"],\"logo\":{\"@type\":\"ImageObject\",\"inLanguage\":\"fr-FR\",\"@id\":\"https:\/\/biscotteslitteraires.com\/2021\/#\/schema\/logo\/image\/\",\"url\":\"https:\/\/biscotteslitteraires.com\/2021\/wp-content\/uploads\/2018\/11\/cropped-LOGO-BL-e1630101307137.jpg\",\"contentUrl\":\"https:\/\/biscotteslitteraires.com\/2021\/wp-content\/uploads\/2018\/11\/cropped-LOGO-BL-e1630101307137.jpg\",\"width\":960,\"height\":960,\"caption\":\"Biscottes Litt\u00e9raires\"},\"image\":{\"@id\":\"https:\/\/biscotteslitteraires.com\/2021\/#\/schema\/logo\/image\/\"}},{\"@type\":\"WebSite\",\"@id\":\"https:\/\/biscotteslitteraires.com\/2021\/#website\",\"url\":\"https:\/\/biscotteslitteraires.com\/2021\/\",\"name\":\"Biscottes Litt\u00e9raires\",\"description\":\"Ici nous voyagerons dans les lignes, explorerons les interlignes.\",\"publisher\":{\"@id\":\"https:\/\/biscotteslitteraires.com\/2021\/#organization\"},\"potentialAction\":[{\"@type\":\"SearchAction\",\"target\":{\"@type\":\"EntryPoint\",\"urlTemplate\":\"https:\/\/biscotteslitteraires.com\/2021\/?s={search_term_string}\"},\"query-input\":\"required name=search_term_string\"}],\"inLanguage\":\"fr-FR\"},{\"@type\":\"ImageObject\",\"inLanguage\":\"fr-FR\",\"@id\":\"https:\/\/biscotteslitteraires.com\/2021\/conte-edj%e2%86%84na-lorphelin-et-weziza-laveugle-destin-mahulolo\/#primaryimage\",\"url\":\"https:\/\/biscotteslitteraires.com\/2021\/wp-content\/uploads\/2020\/06\/aveugle.jpg\",\"contentUrl\":\"https:\/\/biscotteslitteraires.com\/2021\/wp-content\/uploads\/2020\/06\/aveugle.jpg\",\"width\":339,\"height\":395},{\"@type\":\"WebPage\",\"@id\":\"https:\/\/biscotteslitteraires.com\/2021\/conte-edj%e2%86%84na-lorphelin-et-weziza-laveugle-destin-mahulolo\/#webpage\",\"url\":\"https:\/\/biscotteslitteraires.com\/2021\/conte-edj%e2%86%84na-lorphelin-et-weziza-laveugle-destin-mahulolo\/\",\"name\":\"\\\"Conte: Edj\u2184na, l\u2019orphelin, et W\u00e9ziza, l\u2019aveugle\\\", Destin Mahulolo - Biscottes Litt\u00e9raires\",\"isPartOf\":{\"@id\":\"https:\/\/biscotteslitteraires.com\/2021\/#website\"},\"primaryImageOfPage\":{\"@id\":\"https:\/\/biscotteslitteraires.com\/2021\/conte-edj%e2%86%84na-lorphelin-et-weziza-laveugle-destin-mahulolo\/#primaryimage\"},\"datePublished\":\"2020-06-17T17:44:47+00:00\",\"dateModified\":\"2020-06-17T18:02:40+00:00\",\"description\":\"C\u2019est vrai que je n\u2019ai pas de femme, mais ce n\u2019est pas pour cette raison que je vous prendrai votre unique fille qui est tout votre tr\u00e9sor et votre ...\",\"breadcrumb\":{\"@id\":\"https:\/\/biscotteslitteraires.com\/2021\/conte-edj%e2%86%84na-lorphelin-et-weziza-laveugle-destin-mahulolo\/#breadcrumb\"},\"inLanguage\":\"fr-FR\",\"potentialAction\":[{\"@type\":\"ReadAction\",\"target\":[\"https:\/\/biscotteslitteraires.com\/2021\/conte-edj%e2%86%84na-lorphelin-et-weziza-laveugle-destin-mahulolo\/\"]}]},{\"@type\":\"BreadcrumbList\",\"@id\":\"https:\/\/biscotteslitteraires.com\/2021\/conte-edj%e2%86%84na-lorphelin-et-weziza-laveugle-destin-mahulolo\/#breadcrumb\",\"itemListElement\":[{\"@type\":\"ListItem\",\"position\":1,\"name\":\"Accueil\",\"item\":\"https:\/\/biscotteslitteraires.com\/2021\/\"},{\"@type\":\"ListItem\",\"position\":2,\"name\":\"\u00ab\u00a0Conte: Edj\u2184na, l\u2019orphelin, et W\u00e9ziza, l\u2019aveugle\u00a0\u00bb, Destin Mahulolo\"}]},{\"@type\":\"Article\",\"@id\":\"https:\/\/biscotteslitteraires.com\/2021\/conte-edj%e2%86%84na-lorphelin-et-weziza-laveugle-destin-mahulolo\/#article\",\"isPartOf\":{\"@id\":\"https:\/\/biscotteslitteraires.com\/2021\/conte-edj%e2%86%84na-lorphelin-et-weziza-laveugle-destin-mahulolo\/#webpage\"},\"author\":{\"@id\":\"https:\/\/biscotteslitteraires.com\/2021\/#\/schema\/person\/a7786cb98c76c568669b36d299731946\"},\"headline\":\"\u00ab\u00a0Conte: Edj\u2184na, l\u2019orphelin, et W\u00e9ziza, l\u2019aveugle\u00a0\u00bb, Destin Mahulolo\",\"datePublished\":\"2020-06-17T17:44:47+00:00\",\"dateModified\":\"2020-06-17T18:02:40+00:00\",\"mainEntityOfPage\":{\"@id\":\"https:\/\/biscotteslitteraires.com\/2021\/conte-edj%e2%86%84na-lorphelin-et-weziza-laveugle-destin-mahulolo\/#webpage\"},\"wordCount\":1348,\"commentCount\":0,\"publisher\":{\"@id\":\"https:\/\/biscotteslitteraires.com\/2021\/#organization\"},\"image\":{\"@id\":\"https:\/\/biscotteslitteraires.com\/2021\/conte-edj%e2%86%84na-lorphelin-et-weziza-laveugle-destin-mahulolo\/#primaryimage\"},\"thumbnailUrl\":\"https:\/\/biscotteslitteraires.com\/2021\/wp-content\/uploads\/2020\/06\/aveugle.jpg\",\"articleSection\":[\"conte\"],\"inLanguage\":\"fr-FR\",\"potentialAction\":[{\"@type\":\"CommentAction\",\"name\":\"Comment\",\"target\":[\"https:\/\/biscotteslitteraires.com\/2021\/conte-edj%e2%86%84na-lorphelin-et-weziza-laveugle-destin-mahulolo\/#respond\"]}]},{\"@type\":\"Person\",\"@id\":\"https:\/\/biscotteslitteraires.com\/2021\/#\/schema\/person\/a7786cb98c76c568669b36d299731946\",\"name\":\"biscotteslitteraires\",\"image\":{\"@type\":\"ImageObject\",\"inLanguage\":\"fr-FR\",\"@id\":\"https:\/\/biscotteslitteraires.com\/2021\/#\/schema\/person\/image\/\",\"url\":\"https:\/\/secure.gravatar.com\/avatar\/94320ea752b93453cb48b1b2d71ada12?s=96&d=mm&r=g\",\"contentUrl\":\"https:\/\/secure.gravatar.com\/avatar\/94320ea752b93453cb48b1b2d71ada12?s=96&d=mm&r=g\",\"caption\":\"biscotteslitteraires\"},\"url\":\"https:\/\/biscotteslitteraires.com\/2021\/author\/admin\/\"}]}<\/script>\n<!-- \/ Yoast SEO plugin. -->","yoast_head_json":{"title":"\"Conte: Edj\u2184na, l\u2019orphelin, et W\u00e9ziza, l\u2019aveugle\", Destin Mahulolo - Biscottes Litt\u00e9raires","description":"C\u2019est vrai que je n\u2019ai pas de femme, mais ce n\u2019est pas pour cette raison que je vous prendrai votre unique fille qui est tout votre tr\u00e9sor et votre ...","robots":{"index":"index","follow":"follow","max-snippet":"max-snippet:-1","max-image-preview":"max-image-preview:large","max-video-preview":"max-video-preview:-1"},"canonical":"https:\/\/biscotteslitteraires.com\/2021\/conte-edj\u2184na-lorphelin-et-weziza-laveugle-destin-mahulolo\/","og_locale":"fr_FR","og_type":"article","og_title":"\"Conte: Edj\u2184na, l\u2019orphelin, et W\u00e9ziza, l\u2019aveugle\", Destin Mahulolo - Biscottes Litt\u00e9raires","og_description":"C\u2019est vrai que je n\u2019ai pas de femme, mais ce n\u2019est pas pour cette raison que je vous prendrai votre unique fille qui est tout votre tr\u00e9sor et votre ...","og_url":"https:\/\/biscotteslitteraires.com\/2021\/conte-edj\u2184na-lorphelin-et-weziza-laveugle-destin-mahulolo\/","og_site_name":"Biscottes Litt\u00e9raires","article_publisher":"https:\/\/facebook.com\/biscotteslitterairesbenin","article_published_time":"2020-06-17T17:44:47+00:00","article_modified_time":"2020-06-17T18:02:40+00:00","og_image":[{"width":339,"height":395,"url":"https:\/\/biscotteslitteraires.com\/2021\/wp-content\/uploads\/2020\/06\/aveugle.jpg","type":"image\/jpeg"}],"twitter_card":"summary","twitter_misc":{"\u00c9crit par":"biscotteslitteraires","Dur\u00e9e de lecture estim\u00e9e":"7 minutes"},"schema":{"@context":"https:\/\/schema.org","@graph":[{"@type":"Organization","@id":"https:\/\/biscotteslitteraires.com\/2021\/#organization","name":"Biscottes Litt\u00e9raires","url":"https:\/\/biscotteslitteraires.com\/2021\/","sameAs":["https:\/\/facebook.com\/biscotteslitterairesbenin"],"logo":{"@type":"ImageObject","inLanguage":"fr-FR","@id":"https:\/\/biscotteslitteraires.com\/2021\/#\/schema\/logo\/image\/","url":"https:\/\/biscotteslitteraires.com\/2021\/wp-content\/uploads\/2018\/11\/cropped-LOGO-BL-e1630101307137.jpg","contentUrl":"https:\/\/biscotteslitteraires.com\/2021\/wp-content\/uploads\/2018\/11\/cropped-LOGO-BL-e1630101307137.jpg","width":960,"height":960,"caption":"Biscottes Litt\u00e9raires"},"image":{"@id":"https:\/\/biscotteslitteraires.com\/2021\/#\/schema\/logo\/image\/"}},{"@type":"WebSite","@id":"https:\/\/biscotteslitteraires.com\/2021\/#website","url":"https:\/\/biscotteslitteraires.com\/2021\/","name":"Biscottes Litt\u00e9raires","description":"Ici nous voyagerons dans les lignes, explorerons les interlignes.","publisher":{"@id":"https:\/\/biscotteslitteraires.com\/2021\/#organization"},"potentialAction":[{"@type":"SearchAction","target":{"@type":"EntryPoint","urlTemplate":"https:\/\/biscotteslitteraires.com\/2021\/?s={search_term_string}"},"query-input":"required name=search_term_string"}],"inLanguage":"fr-FR"},{"@type":"ImageObject","inLanguage":"fr-FR","@id":"https:\/\/biscotteslitteraires.com\/2021\/conte-edj%e2%86%84na-lorphelin-et-weziza-laveugle-destin-mahulolo\/#primaryimage","url":"https:\/\/biscotteslitteraires.com\/2021\/wp-content\/uploads\/2020\/06\/aveugle.jpg","contentUrl":"https:\/\/biscotteslitteraires.com\/2021\/wp-content\/uploads\/2020\/06\/aveugle.jpg","width":339,"height":395},{"@type":"WebPage","@id":"https:\/\/biscotteslitteraires.com\/2021\/conte-edj%e2%86%84na-lorphelin-et-weziza-laveugle-destin-mahulolo\/#webpage","url":"https:\/\/biscotteslitteraires.com\/2021\/conte-edj%e2%86%84na-lorphelin-et-weziza-laveugle-destin-mahulolo\/","name":"\"Conte: Edj\u2184na, l\u2019orphelin, et W\u00e9ziza, l\u2019aveugle\", Destin Mahulolo - Biscottes Litt\u00e9raires","isPartOf":{"@id":"https:\/\/biscotteslitteraires.com\/2021\/#website"},"primaryImageOfPage":{"@id":"https:\/\/biscotteslitteraires.com\/2021\/conte-edj%e2%86%84na-lorphelin-et-weziza-laveugle-destin-mahulolo\/#primaryimage"},"datePublished":"2020-06-17T17:44:47+00:00","dateModified":"2020-06-17T18:02:40+00:00","description":"C\u2019est vrai que je n\u2019ai pas de femme, mais ce n\u2019est pas pour cette raison que je vous prendrai votre unique fille qui est tout votre tr\u00e9sor et votre ...","breadcrumb":{"@id":"https:\/\/biscotteslitteraires.com\/2021\/conte-edj%e2%86%84na-lorphelin-et-weziza-laveugle-destin-mahulolo\/#breadcrumb"},"inLanguage":"fr-FR","potentialAction":[{"@type":"ReadAction","target":["https:\/\/biscotteslitteraires.com\/2021\/conte-edj%e2%86%84na-lorphelin-et-weziza-laveugle-destin-mahulolo\/"]}]},{"@type":"BreadcrumbList","@id":"https:\/\/biscotteslitteraires.com\/2021\/conte-edj%e2%86%84na-lorphelin-et-weziza-laveugle-destin-mahulolo\/#breadcrumb","itemListElement":[{"@type":"ListItem","position":1,"name":"Accueil","item":"https:\/\/biscotteslitteraires.com\/2021\/"},{"@type":"ListItem","position":2,"name":"\u00ab\u00a0Conte: Edj\u2184na, l\u2019orphelin, et W\u00e9ziza, l\u2019aveugle\u00a0\u00bb, Destin Mahulolo"}]},{"@type":"Article","@id":"https:\/\/biscotteslitteraires.com\/2021\/conte-edj%e2%86%84na-lorphelin-et-weziza-laveugle-destin-mahulolo\/#article","isPartOf":{"@id":"https:\/\/biscotteslitteraires.com\/2021\/conte-edj%e2%86%84na-lorphelin-et-weziza-laveugle-destin-mahulolo\/#webpage"},"author":{"@id":"https:\/\/biscotteslitteraires.com\/2021\/#\/schema\/person\/a7786cb98c76c568669b36d299731946"},"headline":"\u00ab\u00a0Conte: Edj\u2184na, l\u2019orphelin, et W\u00e9ziza, l\u2019aveugle\u00a0\u00bb, Destin Mahulolo","datePublished":"2020-06-17T17:44:47+00:00","dateModified":"2020-06-17T18:02:40+00:00","mainEntityOfPage":{"@id":"https:\/\/biscotteslitteraires.com\/2021\/conte-edj%e2%86%84na-lorphelin-et-weziza-laveugle-destin-mahulolo\/#webpage"},"wordCount":1348,"commentCount":0,"publisher":{"@id":"https:\/\/biscotteslitteraires.com\/2021\/#organization"},"image":{"@id":"https:\/\/biscotteslitteraires.com\/2021\/conte-edj%e2%86%84na-lorphelin-et-weziza-laveugle-destin-mahulolo\/#primaryimage"},"thumbnailUrl":"https:\/\/biscotteslitteraires.com\/2021\/wp-content\/uploads\/2020\/06\/aveugle.jpg","articleSection":["conte"],"inLanguage":"fr-FR","potentialAction":[{"@type":"CommentAction","name":"Comment","target":["https:\/\/biscotteslitteraires.com\/2021\/conte-edj%e2%86%84na-lorphelin-et-weziza-laveugle-destin-mahulolo\/#respond"]}]},{"@type":"Person","@id":"https:\/\/biscotteslitteraires.com\/2021\/#\/schema\/person\/a7786cb98c76c568669b36d299731946","name":"biscotteslitteraires","image":{"@type":"ImageObject","inLanguage":"fr-FR","@id":"https:\/\/biscotteslitteraires.com\/2021\/#\/schema\/person\/image\/","url":"https:\/\/secure.gravatar.com\/avatar\/94320ea752b93453cb48b1b2d71ada12?s=96&d=mm&r=g","contentUrl":"https:\/\/secure.gravatar.com\/avatar\/94320ea752b93453cb48b1b2d71ada12?s=96&d=mm&r=g","caption":"biscotteslitteraires"},"url":"https:\/\/biscotteslitteraires.com\/2021\/author\/admin\/"}]}},"_links":{"self":[{"href":"https:\/\/biscotteslitteraires.com\/2021\/wp-json\/wp\/v2\/posts\/7900"}],"collection":[{"href":"https:\/\/biscotteslitteraires.com\/2021\/wp-json\/wp\/v2\/posts"}],"about":[{"href":"https:\/\/biscotteslitteraires.com\/2021\/wp-json\/wp\/v2\/types\/post"}],"author":[{"embeddable":true,"href":"https:\/\/biscotteslitteraires.com\/2021\/wp-json\/wp\/v2\/users\/1"}],"replies":[{"embeddable":true,"href":"https:\/\/biscotteslitteraires.com\/2021\/wp-json\/wp\/v2\/comments?post=7900"}],"version-history":[{"count":3,"href":"https:\/\/biscotteslitteraires.com\/2021\/wp-json\/wp\/v2\/posts\/7900\/revisions"}],"predecessor-version":[{"id":7907,"href":"https:\/\/biscotteslitteraires.com\/2021\/wp-json\/wp\/v2\/posts\/7900\/revisions\/7907"}],"wp:featuredmedia":[{"embeddable":true,"href":"https:\/\/biscotteslitteraires.com\/2021\/wp-json\/wp\/v2\/media\/7902"}],"wp:attachment":[{"href":"https:\/\/biscotteslitteraires.com\/2021\/wp-json\/wp\/v2\/media?parent=7900"}],"wp:term":[{"taxonomy":"category","embeddable":true,"href":"https:\/\/biscotteslitteraires.com\/2021\/wp-json\/wp\/v2\/categories?post=7900"},{"taxonomy":"post_tag","embeddable":true,"href":"https:\/\/biscotteslitteraires.com\/2021\/wp-json\/wp\/v2\/tags?post=7900"}],"curies":[{"name":"wp","href":"https:\/\/api.w.org\/{rel}","templated":true}]}}