{"id":8104,"date":"2020-07-17T11:43:55","date_gmt":"2020-07-17T11:43:55","guid":{"rendered":"https:\/\/biscotteslitteraires.com\/2021\/?p=8104"},"modified":"2020-07-17T14:58:12","modified_gmt":"2020-07-17T14:58:12","slug":"livre-de-plaidoyer-des-enfants","status":"publish","type":"post","link":"https:\/\/biscotteslitteraires.com\/2021\/livre-de-plaidoyer-des-enfants\/","title":{"rendered":""},"content":{"rendered":"<p style=\"text-align: justify;\"><strong>NOTRE VOIX COMPTE !<\/strong><\/p>\n<p style=\"text-align: justify;\"><strong>Le troisi\u00e8me Livre de Plaidoyer des Enfants est publi\u00e9<\/strong><\/p>\n<p style=\"text-align: justify;\"><img loading=\"lazy\" class=\"aligncenter size-medium wp-image-8107\" src=\"https:\/\/biscotteslitteraires.com\/2021\/wp-content\/uploads\/2020\/07\/IMG-20200717-WA0175-217x300.jpg\" alt=\"\" width=\"217\" height=\"300\" srcset=\"https:\/\/biscotteslitteraires.com\/2021\/wp-content\/uploads\/2020\/07\/IMG-20200717-WA0175-217x300.jpg 217w, https:\/\/biscotteslitteraires.com\/2021\/wp-content\/uploads\/2020\/07\/IMG-20200717-WA0175-768x1061.jpg 768w, https:\/\/biscotteslitteraires.com\/2021\/wp-content\/uploads\/2020\/07\/IMG-20200717-WA0175-742x1024.jpg 742w, https:\/\/biscotteslitteraires.com\/2021\/wp-content\/uploads\/2020\/07\/IMG-20200717-WA0175.jpg 1596w\" sizes=\"(max-width: 217px) 100vw, 217px\" \/><\/p>\n<p style=\"text-align: justify;\">Ils sont plus d&rsquo;une centaine d&rsquo;enfants \u00e0 saisir leur \u00e9critoire pour exprimer noir sur blanc leurs plus profonds ressentis au regard des d\u00e9viances observ\u00e9es dans le respect des droits des enfants au B\u00e9nin. Ressortissants de presque toutes les communes du B\u00e9nin, ces courageuses jeunes \u00e2mes du primaire et du secondaire n&rsquo;ont pas eu froid aux yeux pour d\u00e9noncer avec respect certains impairs des adultes pr\u00e9judiciables au bien-\u00eatre des enfants. <strong>Cinquante (50) lettres, vingt (20) po\u00e8mes et dessins et une enqu\u00eate nationale bas\u00e9e sur un \u00e9chantillon de sept cent vingt (720) enfants, c&rsquo;est le r\u00e9sultat titanesque du travail abattu par ces jeunes pousses qui ont compris assez t\u00f4t que sur terre, l&rsquo;on n&rsquo;est jamais aussi bien servi que par soi-m\u00eame.<\/strong><\/p>\n<p style=\"text-align: justify;\"><img loading=\"lazy\" class=\"aligncenter size-medium wp-image-8108\" src=\"https:\/\/biscotteslitteraires.com\/2021\/wp-content\/uploads\/2020\/07\/IMG-20200717-WA0176-214x300.jpg\" alt=\"\" width=\"214\" height=\"300\" srcset=\"https:\/\/biscotteslitteraires.com\/2021\/wp-content\/uploads\/2020\/07\/IMG-20200717-WA0176-214x300.jpg 214w, https:\/\/biscotteslitteraires.com\/2021\/wp-content\/uploads\/2020\/07\/IMG-20200717-WA0176-768x1077.jpg 768w, https:\/\/biscotteslitteraires.com\/2021\/wp-content\/uploads\/2020\/07\/IMG-20200717-WA0176-730x1024.jpg 730w, https:\/\/biscotteslitteraires.com\/2021\/wp-content\/uploads\/2020\/07\/IMG-20200717-WA0176.jpg 770w\" sizes=\"(max-width: 214px) 100vw, 214px\" \/><\/p>\n<p style=\"text-align: justify;\">En effet, cette troisi\u00e8me \u00e9dition de l&rsquo;\u0153uvre le \u00ab\u00a0<em><strong>Livre de Plaidoyer des Enfants<\/strong><\/em>\u00a0\u00bb est une initiative de l&rsquo;Association des Conseils d&rsquo;Enfants du B\u00e9nin (ANACEB) fortement soutenue par SOS Villages d&rsquo;Enfants B\u00e9nin, le Fonds des Nations Unies pour l&rsquo;Enfance (UNICEF), l&rsquo;Association Tous Pour le Livre (ATPL) et plusieurs autres partenaires. La raison : mutualiser les \u00e9nergies pour faire entendre le ras-le-bol des enfants b\u00e9ninois d\u00e9sax\u00e9s par le non-respect de certains droits des enfants pourtant \u00e9tablis par ces m\u00eames adultes qui les renvoient encore aux calendes grecques.<\/p>\n<p style=\"text-align: justify;\"><img loading=\"lazy\" class=\"aligncenter size-medium wp-image-8109\" src=\"https:\/\/biscotteslitteraires.com\/2021\/wp-content\/uploads\/2020\/07\/IMG-20200717-WA0174-210x300.jpg\" alt=\"\" width=\"210\" height=\"300\" srcset=\"https:\/\/biscotteslitteraires.com\/2021\/wp-content\/uploads\/2020\/07\/IMG-20200717-WA0174-210x300.jpg 210w, https:\/\/biscotteslitteraires.com\/2021\/wp-content\/uploads\/2020\/07\/IMG-20200717-WA0174-768x1099.jpg 768w, https:\/\/biscotteslitteraires.com\/2021\/wp-content\/uploads\/2020\/07\/IMG-20200717-WA0174-715x1024.jpg 715w, https:\/\/biscotteslitteraires.com\/2021\/wp-content\/uploads\/2020\/07\/IMG-20200717-WA0174.jpg 1540w\" sizes=\"(max-width: 210px) 100vw, 210px\" \/><\/p>\n<p style=\"text-align: justify;\">De la d\u00e9nonciation du non-respect des mesures barri\u00e8res contre la Covid-19 dans commune de Boukoumb\u00e9 dans l&rsquo;Atacora par H\u00e9ritier N&rsquo;KOUEI (page 15 du livre) \u00e0 celle de Nadyath SANNI, de la commune d&rsquo;Abomey-Calavi dans l&rsquo;Atlantique, relative au d\u00e9c\u00e8s tragique d&rsquo;un jeune enfant qui s&rsquo;est fait \u00e9cras\u00e9 par une voiture en voulant traverser la route (page 42 du livre), le ton est rest\u00e9 le m\u00eame : ferme, engag\u00e9 et empreint de solennit\u00e9 pour toucher aussi bien le b\u00e9ninois lambda que les autorit\u00e9s au sommet de l&rsquo;Etat afin de sonner le glas de l&rsquo;application peu orthodoxe de plusieurs lois garantissant les droits des enfants. <strong>&lt;&lt;\u00catre un bon citoyen, c&rsquo;est aussi avoir des droits, des droits garantis par la loi dont le principal est la libert\u00e9&gt;<\/strong>&gt;, dixit le po\u00e8te en puissance Bernick BOSSOU du CEG1 Cov\u00e8 (d\u00e9partement du Zou) \u00e0 la page 54 du livre. Et \u00e0 la Po\u00e9tesse en herbes Naphtalie GUEDENON de l&rsquo;Ecole Sino-b\u00e9ninoise d&rsquo;Abomey (d\u00e9partement du Zou) d&#8217;emboucher la trompette \u00e0 la page 61 du livre en se d\u00e9solant en ces termes : <strong>&lt;&lt;J&rsquo;ai le droit de manger \u00e0 ma faim, de d\u00e9guster un g\u00e2teau \u00e0 la cr\u00e8me Chantilly. Alors pourquoi des enfants n&rsquo;ont m\u00eame pas un grain de riz ? Juste \u00e7a, juste \u00e7a<\/strong>&gt;&gt;.<\/p>\n<p style=\"text-align: justify;\"><img loading=\"lazy\" class=\"aligncenter size-medium wp-image-8110\" src=\"https:\/\/biscotteslitteraires.com\/2021\/wp-content\/uploads\/2020\/07\/IMG-20200717-WA0171-216x300.jpg\" alt=\"\" width=\"216\" height=\"300\" srcset=\"https:\/\/biscotteslitteraires.com\/2021\/wp-content\/uploads\/2020\/07\/IMG-20200717-WA0171-216x300.jpg 216w, https:\/\/biscotteslitteraires.com\/2021\/wp-content\/uploads\/2020\/07\/IMG-20200717-WA0171-768x1066.jpg 768w, https:\/\/biscotteslitteraires.com\/2021\/wp-content\/uploads\/2020\/07\/IMG-20200717-WA0171-738x1024.jpg 738w, https:\/\/biscotteslitteraires.com\/2021\/wp-content\/uploads\/2020\/07\/IMG-20200717-WA0171.jpg 1556w\" sizes=\"(max-width: 216px) 100vw, 216px\" \/><\/p>\n<p style=\"text-align: justify;\">De la m\u00eame mani\u00e8re, les sept cent vingt (720) enfants questionn\u00e9s &#8211; [\u00e0 raison de dix (10) enfants par commune] dans le cadre de l&rsquo;enqu\u00eate r\u00e9alis\u00e9e par des enfants membres de l&rsquo;ANACEB sur l&rsquo;\u00e9valuation du suivi de la Convention relative aux Droits des Enfants (CDE) &#8211; n&rsquo;iront pas du dos de la cuill\u00e8re pour peindre en couleur \u00ab\u00a0le B\u00e9nin dont r\u00eavent les enfants\u00a0\u00bb. Ainsi, des conclusions issues de cette mini-\u00e9valuation &#8211; bas\u00e9e sur l&rsquo;appr\u00e9ciation des enfants &#8211; ressortent plusieurs propositions. Morceaux choisis : dans le sous-secteur de l&rsquo;\u00e9ducation, un renforcement en nombre suffisant des infrastructures scolaires et des enseignants comp\u00e9tents ainsi que la sensibilisation et le maintien des filles \u00e0 l&rsquo;\u00e9cole voire la pr\u00e9vention des grossesses scolaires sont vivement souhait\u00e9s \u00e0 la page 80 du livre. Quant au sous-secteur de la sant\u00e9, les souhaits pour un r\u00e9\u00e9quilibrage du respect des droits des enfants ne sont pas moins nombreux : <strong>&lt;&lt;Des poches de malnutrition persistent. Des cas de d\u00e9c\u00e8s d&rsquo;enfants et de m\u00e8res s&rsquo;enregistrent dans tous les h\u00f4pitaux. Le cadre de vie demeure insalubre dans beaucoup de nos localit\u00e9s et les centres de sant\u00e9 ne sont pas accessibles \u00e0 tous<\/strong>&gt;&gt; peut-on lire \u00e0 la page 83 du livre.<\/p>\n<p style=\"text-align: justify;\"><img loading=\"lazy\" class=\"aligncenter size-medium wp-image-8111\" src=\"https:\/\/biscotteslitteraires.com\/2021\/wp-content\/uploads\/2020\/07\/IMG-20200717-WA0172-210x300.jpg\" alt=\"\" width=\"210\" height=\"300\" srcset=\"https:\/\/biscotteslitteraires.com\/2021\/wp-content\/uploads\/2020\/07\/IMG-20200717-WA0172-210x300.jpg 210w, https:\/\/biscotteslitteraires.com\/2021\/wp-content\/uploads\/2020\/07\/IMG-20200717-WA0172-768x1097.jpg 768w, https:\/\/biscotteslitteraires.com\/2021\/wp-content\/uploads\/2020\/07\/IMG-20200717-WA0172-717x1024.jpg 717w, https:\/\/biscotteslitteraires.com\/2021\/wp-content\/uploads\/2020\/07\/IMG-20200717-WA0172.jpg 1524w\" sizes=\"(max-width: 210px) 100vw, 210px\" \/><\/p>\n<p style=\"text-align: justify;\">Autant de r\u00e9clamations auxquelles les adultes en g\u00e9n\u00e9ral et l&rsquo;Etat en particulier devraient accorder de l&rsquo;attention pour un mieux-\u00eatre de l&rsquo;enfant au sein la soci\u00e9t\u00e9 b\u00e9ninoise. A propos, nous prendrons au mot la Ministre b\u00e9ninoise en charge des Affaires Sociales Madame V\u00e9ronique TOGNIFODE qui, \u00e0 la page 89 du m\u00eame livre a laiss\u00e9 un manuscrit porteur d&rsquo;espoir : <strong>&lt;&lt;Pour nous, chaque enfant compte ! Consid\u00e9rons et prot\u00e9geons nos enfants, ceux des autres aussi. Ils sont tous notre socle et notre avenir ! Engageons-nous ensemble \u00e0 faire appliquer les lois qui les prot\u00e8gent&gt;&gt;.<\/strong><br \/>\n<strong>Ch\u00e9drack DEGBE<\/strong><\/p>\n","protected":false},"excerpt":{"rendered":"<p>NOTRE VOIX COMPTE ! Le troisi\u00e8me Livre de Plaidoyer des Enfants est publi\u00e9 Ils sont plus d&rsquo;une centaine d&rsquo;enfants \u00e0 saisir leur \u00e9critoire pour exprimer noir sur blanc leurs plus profonds ressentis au regard des d\u00e9viances observ\u00e9es dans le respect des droits des enfants au B\u00e9nin. Ressortissants de presque toutes les communes du B\u00e9nin, ces [&hellip;]<\/p>\n","protected":false},"author":1,"featured_media":8107,"comment_status":"open","ping_status":"closed","sticky":false,"template":"","format":"standard","meta":[],"categories":[17],"tags":[],"yoast_head":"<!-- This site is optimized with the Yoast SEO plugin v19.0 - https:\/\/yoast.com\/wordpress\/plugins\/seo\/ -->\n<title>- Biscottes Litt\u00e9raires<\/title>\n<meta name=\"robots\" content=\"index, follow, max-snippet:-1, max-image-preview:large, max-video-preview:-1\" \/>\n<link rel=\"canonical\" href=\"https:\/\/biscotteslitteraires.com\/2021\/livre-de-plaidoyer-des-enfants\/\" \/>\n<meta property=\"og:locale\" content=\"fr_FR\" \/>\n<meta property=\"og:type\" content=\"article\" \/>\n<meta property=\"og:title\" content=\"- Biscottes Litt\u00e9raires\" \/>\n<meta property=\"og:description\" content=\"NOTRE VOIX COMPTE ! Le troisi\u00e8me Livre de Plaidoyer des Enfants est publi\u00e9 Ils sont plus d&rsquo;une centaine d&rsquo;enfants \u00e0 saisir leur \u00e9critoire pour exprimer noir sur blanc leurs plus profonds ressentis au regard des d\u00e9viances observ\u00e9es dans le respect des droits des enfants au B\u00e9nin. Ressortissants de presque toutes les communes du B\u00e9nin, ces [&hellip;]\" \/>\n<meta property=\"og:url\" content=\"https:\/\/biscotteslitteraires.com\/2021\/livre-de-plaidoyer-des-enfants\/\" \/>\n<meta property=\"og:site_name\" content=\"Biscottes Litt\u00e9raires\" \/>\n<meta property=\"article:publisher\" content=\"https:\/\/facebook.com\/biscotteslitterairesbenin\" \/>\n<meta property=\"article:published_time\" content=\"2020-07-17T11:43:55+00:00\" \/>\n<meta property=\"article:modified_time\" content=\"2020-07-17T14:58:12+00:00\" \/>\n<meta property=\"og:image\" content=\"https:\/\/biscotteslitteraires.com\/2021\/wp-content\/uploads\/2020\/07\/IMG-20200717-WA0175.jpg\" \/>\n\t<meta property=\"og:image:width\" content=\"1596\" \/>\n\t<meta property=\"og:image:height\" content=\"2204\" \/>\n\t<meta property=\"og:image:type\" content=\"image\/jpeg\" \/>\n<meta name=\"twitter:card\" content=\"summary\" \/>\n<meta name=\"twitter:label1\" content=\"\u00c9crit par\" \/>\n\t<meta name=\"twitter:data1\" content=\"biscotteslitteraires\" \/>\n\t<meta name=\"twitter:label2\" content=\"Dur\u00e9e de lecture estim\u00e9e\" \/>\n\t<meta name=\"twitter:data2\" content=\"4 minutes\" \/>\n<script type=\"application\/ld+json\" class=\"yoast-schema-graph\">{\"@context\":\"https:\/\/schema.org\",\"@graph\":[{\"@type\":\"Organization\",\"@id\":\"https:\/\/biscotteslitteraires.com\/2021\/#organization\",\"name\":\"Biscottes Litt\u00e9raires\",\"url\":\"https:\/\/biscotteslitteraires.com\/2021\/\",\"sameAs\":[\"https:\/\/facebook.com\/biscotteslitterairesbenin\"],\"logo\":{\"@type\":\"ImageObject\",\"inLanguage\":\"fr-FR\",\"@id\":\"https:\/\/biscotteslitteraires.com\/2021\/#\/schema\/logo\/image\/\",\"url\":\"https:\/\/biscotteslitteraires.com\/2021\/wp-content\/uploads\/2018\/11\/cropped-LOGO-BL-e1630101307137.jpg\",\"contentUrl\":\"https:\/\/biscotteslitteraires.com\/2021\/wp-content\/uploads\/2018\/11\/cropped-LOGO-BL-e1630101307137.jpg\",\"width\":960,\"height\":960,\"caption\":\"Biscottes Litt\u00e9raires\"},\"image\":{\"@id\":\"https:\/\/biscotteslitteraires.com\/2021\/#\/schema\/logo\/image\/\"}},{\"@type\":\"WebSite\",\"@id\":\"https:\/\/biscotteslitteraires.com\/2021\/#website\",\"url\":\"https:\/\/biscotteslitteraires.com\/2021\/\",\"name\":\"Biscottes Litt\u00e9raires\",\"description\":\"Ici nous voyagerons dans les lignes, explorerons les interlignes.\",\"publisher\":{\"@id\":\"https:\/\/biscotteslitteraires.com\/2021\/#organization\"},\"potentialAction\":[{\"@type\":\"SearchAction\",\"target\":{\"@type\":\"EntryPoint\",\"urlTemplate\":\"https:\/\/biscotteslitteraires.com\/2021\/?s={search_term_string}\"},\"query-input\":\"required name=search_term_string\"}],\"inLanguage\":\"fr-FR\"},{\"@type\":\"ImageObject\",\"inLanguage\":\"fr-FR\",\"@id\":\"https:\/\/biscotteslitteraires.com\/2021\/livre-de-plaidoyer-des-enfants\/#primaryimage\",\"url\":\"https:\/\/biscotteslitteraires.com\/2021\/wp-content\/uploads\/2020\/07\/IMG-20200717-WA0175.jpg\",\"contentUrl\":\"https:\/\/biscotteslitteraires.com\/2021\/wp-content\/uploads\/2020\/07\/IMG-20200717-WA0175.jpg\",\"width\":1596,\"height\":2204},{\"@type\":\"WebPage\",\"@id\":\"https:\/\/biscotteslitteraires.com\/2021\/livre-de-plaidoyer-des-enfants\/#webpage\",\"url\":\"https:\/\/biscotteslitteraires.com\/2021\/livre-de-plaidoyer-des-enfants\/\",\"name\":\"- Biscottes Litt\u00e9raires\",\"isPartOf\":{\"@id\":\"https:\/\/biscotteslitteraires.com\/2021\/#website\"},\"primaryImageOfPage\":{\"@id\":\"https:\/\/biscotteslitteraires.com\/2021\/livre-de-plaidoyer-des-enfants\/#primaryimage\"},\"datePublished\":\"2020-07-17T11:43:55+00:00\",\"dateModified\":\"2020-07-17T14:58:12+00:00\",\"breadcrumb\":{\"@id\":\"https:\/\/biscotteslitteraires.com\/2021\/livre-de-plaidoyer-des-enfants\/#breadcrumb\"},\"inLanguage\":\"fr-FR\",\"potentialAction\":[{\"@type\":\"ReadAction\",\"target\":[\"https:\/\/biscotteslitteraires.com\/2021\/livre-de-plaidoyer-des-enfants\/\"]}]},{\"@type\":\"BreadcrumbList\",\"@id\":\"https:\/\/biscotteslitteraires.com\/2021\/livre-de-plaidoyer-des-enfants\/#breadcrumb\",\"itemListElement\":[{\"@type\":\"ListItem\",\"position\":1,\"name\":\"Accueil\",\"item\":\"https:\/\/biscotteslitteraires.com\/2021\/\"},{\"@type\":\"ListItem\",\"position\":2,\"name\":\"\"}]},{\"@type\":\"Article\",\"@id\":\"https:\/\/biscotteslitteraires.com\/2021\/livre-de-plaidoyer-des-enfants\/#article\",\"isPartOf\":{\"@id\":\"https:\/\/biscotteslitteraires.com\/2021\/livre-de-plaidoyer-des-enfants\/#webpage\"},\"author\":{\"@id\":\"https:\/\/biscotteslitteraires.com\/2021\/#\/schema\/person\/a7786cb98c76c568669b36d299731946\"},\"headline\":\"Aucun titre\",\"datePublished\":\"2020-07-17T11:43:55+00:00\",\"dateModified\":\"2020-07-17T14:58:12+00:00\",\"mainEntityOfPage\":{\"@id\":\"https:\/\/biscotteslitteraires.com\/2021\/livre-de-plaidoyer-des-enfants\/#webpage\"},\"wordCount\":770,\"commentCount\":0,\"publisher\":{\"@id\":\"https:\/\/biscotteslitteraires.com\/2021\/#organization\"},\"image\":{\"@id\":\"https:\/\/biscotteslitteraires.com\/2021\/livre-de-plaidoyer-des-enfants\/#primaryimage\"},\"thumbnailUrl\":\"https:\/\/biscotteslitteraires.com\/2021\/wp-content\/uploads\/2020\/07\/IMG-20200717-WA0175.jpg\",\"articleSection\":[\"Chroniques compl\u00e8tes\"],\"inLanguage\":\"fr-FR\",\"potentialAction\":[{\"@type\":\"CommentAction\",\"name\":\"Comment\",\"target\":[\"https:\/\/biscotteslitteraires.com\/2021\/livre-de-plaidoyer-des-enfants\/#respond\"]}]},{\"@type\":\"Person\",\"@id\":\"https:\/\/biscotteslitteraires.com\/2021\/#\/schema\/person\/a7786cb98c76c568669b36d299731946\",\"name\":\"biscotteslitteraires\",\"image\":{\"@type\":\"ImageObject\",\"inLanguage\":\"fr-FR\",\"@id\":\"https:\/\/biscotteslitteraires.com\/2021\/#\/schema\/person\/image\/\",\"url\":\"https:\/\/secure.gravatar.com\/avatar\/94320ea752b93453cb48b1b2d71ada12?s=96&d=mm&r=g\",\"contentUrl\":\"https:\/\/secure.gravatar.com\/avatar\/94320ea752b93453cb48b1b2d71ada12?s=96&d=mm&r=g\",\"caption\":\"biscotteslitteraires\"},\"url\":\"https:\/\/biscotteslitteraires.com\/2021\/author\/admin\/\"}]}<\/script>\n<!-- \/ Yoast SEO plugin. -->","yoast_head_json":{"title":"- Biscottes Litt\u00e9raires","robots":{"index":"index","follow":"follow","max-snippet":"max-snippet:-1","max-image-preview":"max-image-preview:large","max-video-preview":"max-video-preview:-1"},"canonical":"https:\/\/biscotteslitteraires.com\/2021\/livre-de-plaidoyer-des-enfants\/","og_locale":"fr_FR","og_type":"article","og_title":"- Biscottes Litt\u00e9raires","og_description":"NOTRE VOIX COMPTE ! Le troisi\u00e8me Livre de Plaidoyer des Enfants est publi\u00e9 Ils sont plus d&rsquo;une centaine d&rsquo;enfants \u00e0 saisir leur \u00e9critoire pour exprimer noir sur blanc leurs plus profonds ressentis au regard des d\u00e9viances observ\u00e9es dans le respect des droits des enfants au B\u00e9nin. Ressortissants de presque toutes les communes du B\u00e9nin, ces [&hellip;]","og_url":"https:\/\/biscotteslitteraires.com\/2021\/livre-de-plaidoyer-des-enfants\/","og_site_name":"Biscottes Litt\u00e9raires","article_publisher":"https:\/\/facebook.com\/biscotteslitterairesbenin","article_published_time":"2020-07-17T11:43:55+00:00","article_modified_time":"2020-07-17T14:58:12+00:00","og_image":[{"width":1596,"height":2204,"url":"https:\/\/biscotteslitteraires.com\/2021\/wp-content\/uploads\/2020\/07\/IMG-20200717-WA0175.jpg","type":"image\/jpeg"}],"twitter_card":"summary","twitter_misc":{"\u00c9crit par":"biscotteslitteraires","Dur\u00e9e de lecture estim\u00e9e":"4 minutes"},"schema":{"@context":"https:\/\/schema.org","@graph":[{"@type":"Organization","@id":"https:\/\/biscotteslitteraires.com\/2021\/#organization","name":"Biscottes Litt\u00e9raires","url":"https:\/\/biscotteslitteraires.com\/2021\/","sameAs":["https:\/\/facebook.com\/biscotteslitterairesbenin"],"logo":{"@type":"ImageObject","inLanguage":"fr-FR","@id":"https:\/\/biscotteslitteraires.com\/2021\/#\/schema\/logo\/image\/","url":"https:\/\/biscotteslitteraires.com\/2021\/wp-content\/uploads\/2018\/11\/cropped-LOGO-BL-e1630101307137.jpg","contentUrl":"https:\/\/biscotteslitteraires.com\/2021\/wp-content\/uploads\/2018\/11\/cropped-LOGO-BL-e1630101307137.jpg","width":960,"height":960,"caption":"Biscottes Litt\u00e9raires"},"image":{"@id":"https:\/\/biscotteslitteraires.com\/2021\/#\/schema\/logo\/image\/"}},{"@type":"WebSite","@id":"https:\/\/biscotteslitteraires.com\/2021\/#website","url":"https:\/\/biscotteslitteraires.com\/2021\/","name":"Biscottes Litt\u00e9raires","description":"Ici nous voyagerons dans les lignes, explorerons les interlignes.","publisher":{"@id":"https:\/\/biscotteslitteraires.com\/2021\/#organization"},"potentialAction":[{"@type":"SearchAction","target":{"@type":"EntryPoint","urlTemplate":"https:\/\/biscotteslitteraires.com\/2021\/?s={search_term_string}"},"query-input":"required name=search_term_string"}],"inLanguage":"fr-FR"},{"@type":"ImageObject","inLanguage":"fr-FR","@id":"https:\/\/biscotteslitteraires.com\/2021\/livre-de-plaidoyer-des-enfants\/#primaryimage","url":"https:\/\/biscotteslitteraires.com\/2021\/wp-content\/uploads\/2020\/07\/IMG-20200717-WA0175.jpg","contentUrl":"https:\/\/biscotteslitteraires.com\/2021\/wp-content\/uploads\/2020\/07\/IMG-20200717-WA0175.jpg","width":1596,"height":2204},{"@type":"WebPage","@id":"https:\/\/biscotteslitteraires.com\/2021\/livre-de-plaidoyer-des-enfants\/#webpage","url":"https:\/\/biscotteslitteraires.com\/2021\/livre-de-plaidoyer-des-enfants\/","name":"- Biscottes Litt\u00e9raires","isPartOf":{"@id":"https:\/\/biscotteslitteraires.com\/2021\/#website"},"primaryImageOfPage":{"@id":"https:\/\/biscotteslitteraires.com\/2021\/livre-de-plaidoyer-des-enfants\/#primaryimage"},"datePublished":"2020-07-17T11:43:55+00:00","dateModified":"2020-07-17T14:58:12+00:00","breadcrumb":{"@id":"https:\/\/biscotteslitteraires.com\/2021\/livre-de-plaidoyer-des-enfants\/#breadcrumb"},"inLanguage":"fr-FR","potentialAction":[{"@type":"ReadAction","target":["https:\/\/biscotteslitteraires.com\/2021\/livre-de-plaidoyer-des-enfants\/"]}]},{"@type":"BreadcrumbList","@id":"https:\/\/biscotteslitteraires.com\/2021\/livre-de-plaidoyer-des-enfants\/#breadcrumb","itemListElement":[{"@type":"ListItem","position":1,"name":"Accueil","item":"https:\/\/biscotteslitteraires.com\/2021\/"},{"@type":"ListItem","position":2,"name":""}]},{"@type":"Article","@id":"https:\/\/biscotteslitteraires.com\/2021\/livre-de-plaidoyer-des-enfants\/#article","isPartOf":{"@id":"https:\/\/biscotteslitteraires.com\/2021\/livre-de-plaidoyer-des-enfants\/#webpage"},"author":{"@id":"https:\/\/biscotteslitteraires.com\/2021\/#\/schema\/person\/a7786cb98c76c568669b36d299731946"},"headline":"Aucun titre","datePublished":"2020-07-17T11:43:55+00:00","dateModified":"2020-07-17T14:58:12+00:00","mainEntityOfPage":{"@id":"https:\/\/biscotteslitteraires.com\/2021\/livre-de-plaidoyer-des-enfants\/#webpage"},"wordCount":770,"commentCount":0,"publisher":{"@id":"https:\/\/biscotteslitteraires.com\/2021\/#organization"},"image":{"@id":"https:\/\/biscotteslitteraires.com\/2021\/livre-de-plaidoyer-des-enfants\/#primaryimage"},"thumbnailUrl":"https:\/\/biscotteslitteraires.com\/2021\/wp-content\/uploads\/2020\/07\/IMG-20200717-WA0175.jpg","articleSection":["Chroniques compl\u00e8tes"],"inLanguage":"fr-FR","potentialAction":[{"@type":"CommentAction","name":"Comment","target":["https:\/\/biscotteslitteraires.com\/2021\/livre-de-plaidoyer-des-enfants\/#respond"]}]},{"@type":"Person","@id":"https:\/\/biscotteslitteraires.com\/2021\/#\/schema\/person\/a7786cb98c76c568669b36d299731946","name":"biscotteslitteraires","image":{"@type":"ImageObject","inLanguage":"fr-FR","@id":"https:\/\/biscotteslitteraires.com\/2021\/#\/schema\/person\/image\/","url":"https:\/\/secure.gravatar.com\/avatar\/94320ea752b93453cb48b1b2d71ada12?s=96&d=mm&r=g","contentUrl":"https:\/\/secure.gravatar.com\/avatar\/94320ea752b93453cb48b1b2d71ada12?s=96&d=mm&r=g","caption":"biscotteslitteraires"},"url":"https:\/\/biscotteslitteraires.com\/2021\/author\/admin\/"}]}},"_links":{"self":[{"href":"https:\/\/biscotteslitteraires.com\/2021\/wp-json\/wp\/v2\/posts\/8104"}],"collection":[{"href":"https:\/\/biscotteslitteraires.com\/2021\/wp-json\/wp\/v2\/posts"}],"about":[{"href":"https:\/\/biscotteslitteraires.com\/2021\/wp-json\/wp\/v2\/types\/post"}],"author":[{"embeddable":true,"href":"https:\/\/biscotteslitteraires.com\/2021\/wp-json\/wp\/v2\/users\/1"}],"replies":[{"embeddable":true,"href":"https:\/\/biscotteslitteraires.com\/2021\/wp-json\/wp\/v2\/comments?post=8104"}],"version-history":[{"count":4,"href":"https:\/\/biscotteslitteraires.com\/2021\/wp-json\/wp\/v2\/posts\/8104\/revisions"}],"predecessor-version":[{"id":8113,"href":"https:\/\/biscotteslitteraires.com\/2021\/wp-json\/wp\/v2\/posts\/8104\/revisions\/8113"}],"wp:featuredmedia":[{"embeddable":true,"href":"https:\/\/biscotteslitteraires.com\/2021\/wp-json\/wp\/v2\/media\/8107"}],"wp:attachment":[{"href":"https:\/\/biscotteslitteraires.com\/2021\/wp-json\/wp\/v2\/media?parent=8104"}],"wp:term":[{"taxonomy":"category","embeddable":true,"href":"https:\/\/biscotteslitteraires.com\/2021\/wp-json\/wp\/v2\/categories?post=8104"},{"taxonomy":"post_tag","embeddable":true,"href":"https:\/\/biscotteslitteraires.com\/2021\/wp-json\/wp\/v2\/tags?post=8104"}],"curies":[{"name":"wp","href":"https:\/\/api.w.org\/{rel}","templated":true}]}}