{"id":812,"date":"2017-09-07T21:49:07","date_gmt":"2017-09-07T21:49:07","guid":{"rendered":"http:\/\/biscotteslitteraires.com\/2021\/?p=812"},"modified":"2017-10-21T22:05:49","modified_gmt":"2017-10-21T22:05:49","slug":"lesclave-felix-couchoro","status":"publish","type":"post","link":"https:\/\/biscotteslitteraires.com\/2021\/lesclave-felix-couchoro\/","title":{"rendered":"L&rsquo;Esclave, F\u00e9lix COUCHORO"},"content":{"rendered":"<p><strong><u>BR\u00c8VE \u00a0NOTE SUR \u00a0L\u2019AUTEUR<\/u><\/strong><\/p>\n<p>Romancier, nouvelliste, essayiste, sc\u00e9nariste, F\u00e9lix COUCHORO est un \u00e9crivain polyvalent d\u00e9tient un palmar\u00e8s d\u2019une trentaine d\u2019\u0153uvres, publi\u00e9s tant\u00f4t sous forme de feuilleton dans la presse togolaise, tant\u00f4t sous forme d\u2019articles. Son tout premier roman L\u2019Esclave est paru \u00e0 Paris aux \u00e9ditions de la d\u00e9p\u00eache africaine en 1929\u00a0 et r\u00e9\u00e9dit\u00e9 aux \u00e9ditions Neto (nouvelles \u00e9ditions de la togolaise). F\u00e9lix COUCHORO meurt en 1968 \u00e0 Lom\u00e9 au Togo.<\/p>\n<p><strong><u>RESUME DE L\u2019OEUVRE<\/u><\/strong><\/p>\n<p>La trame de l\u2019histoire se focalise sur un personnage\u00a0: Mawoulaw\u00e8, esclave achet\u00e9 d\u00e8s l\u2019\u00e2ge de huit ans par le vieux Komlangan qui l\u2019\u00e9duqua au m\u00eame titre que sa propre prog\u00e9niture. Cependant \u00e0 la mort du ma\u00eetre, il n\u2019eut pas droit \u00e0 l\u2019h\u00e9ritage. Les choses se g\u00e2t\u00e8rent entre l\u2019esclave et son fr\u00e8re Komlangan. L\u2019esclave jura de se venger. L\u2019auteur ne se contente pas cependant de mettre en exergue les frasques de l\u2019esclave\u00a0; il met \u00e9galement sous le feu des projecteurs les r\u00e9percutions d\u2019un amour incestueux entre l\u2019esclave et Akoeba, la jeune \u00e9pouse de son fr\u00e8re Komlangan. Akoueba tombe enceinte de son beau-fr\u00e8re. Ce dernier l\u2019oblige \u00e0 avorter. Elle trouvera la mort au cours de l\u2019avortement. Avec le retour de Gabriel, la flamme de l&rsquo;esp\u00e9rance est de nouveau rallum\u00e9e dans cette famille ravag\u00e9e par la haine et la jalousie.<\/p>\n<p><strong><u>ETUDE THEMATIQUE<\/u><\/strong><\/p>\n<p><strong>* L\u2019esclavage<\/strong><\/p>\n<p>Une satire qui regroupe moult th\u00e9matiques. Un roman qui nous d\u00e9crit les jours esclavagistes de la soci\u00e9t\u00e9 africaine m\u00eame apr\u00e8s la traite n\u00e9gri\u00e8re du XIVe au XIXe si\u00e8cle. Parmi ces diff\u00e9rentes th\u00e9matiques, celle de l\u2019esclavage retient l\u2019attention et m\u00e9rite que l\u2019on s\u2019y attarde. On y descelle au prime abord, un esprit africain de la famille qui veut que, le m\u00eame traitement soit r\u00e9serv\u00e9 \u00e0 l\u2019esclave et aux enfants l\u00e9gitimes en raison du fait qu\u2019il rend d\u2019\u00e9normes services \u00e0 la famille de son ma\u00eetre. Cependant, cela ne fait pas l\u2019unanimit\u00e9. C\u2019est le cas ici avec Mawoulaw\u00e8 qui se voit refus\u00e9 l\u2019h\u00e9ritage.<\/p>\n<p>* <strong>L\u2019inceste<\/strong><\/p>\n<p>L\u2019Afrique a en aversion ce ph\u00e9nom\u00e8ne. Un lien incestueux, voil\u00e0 ce que vivaient Mawoulaw\u00e8 et Akoueba dans cet ouvrage. F\u00e9lix COUCHORO le fustige ici \u00e0 travers ces deux personnages. Il faut quand m\u00eame le rappeler ce n\u2019est pas un mal du si\u00e8cle. La Bible dans son livre de la Gen\u00e8se nous fait flairer ce ph\u00e9nom\u00e8ne \u00e0 travers l\u2019\u00e9ternelle question de savoir comment \u00e0 partir de deux personnes Dieu a pu multiplier sa cr\u00e9ation. Mais les temps ont \u00e9volu\u00e9. \u00ab\u00a0A nouvelle g\u00e9n\u00e9ration, nouvelle m\u00e9thode\u00a0\u00bb disait Ramatoulaye dans <em>une si longue lettre<\/em>.<\/p>\n<p>* <strong>Amour et fratricide<\/strong><\/p>\n<p>Ce th\u00e8me revient ici encore mais sous sa forme controvers\u00e9e. Il s\u2019agit d\u2019un amour p\u00e9ch\u00e9, qui devra s\u2019exprimer en sourdine et dans la plus grande clandestinit\u00e9 au risque de provoquer des remous terrifiants. Les deux amants l\u2019ont si bien compris. Cependant on n\u2019allume pas une lampe pour la cacher sous le boisseau. En t\u00e9moigne cet extrait\u00a0:<\/p>\n<p>\u00ab\u00a0Quand nous aimons nous nous ing\u00e9nions \u00e0 cacher notre amour, nous ne voyons aucune fissure de notre ouvrage de d\u00e9fense, par o\u00f9 l\u2019\u0153il le plus discret, le moins pr\u00e9venu perce notre jeu, nos mysteres.Ces deux amants s\u2019imaginaient qu\u2019on ne les voyait pas\u00a0\u00bb<\/p>\n<p>On les vit et pour couper court \u00e0 la d\u00e9lation qui s\u2019en suivrait l\u2019esclave fit le choix du meurtre, du fratricide. Il tuera son fr\u00e8re.<\/p>\n<p><strong><u>ETUDE DES PERSONNAGES<\/u><\/strong><\/p>\n<p><strong>-Mawoulaw\u00e8<\/strong>\u00a0: Achet\u00e9 \u00e0 l&rsquo;\u00e2ge de huit ans par le p\u00e8re de Komlangan \u00e0 un vil prix, \u00a0il fut trait\u00e9 au m\u00eame titre que le fils de son maitre jusqu\u2019\u00e0 la mort de ce dernier avant de commencer \u00e0 subir la discrimination entre \u00ab\u00a0enfants l\u00e9gitime et esclave\u00a0\u00bb. <em>Mawoulaw\u00e8<\/em> signifie en Mina, \u00ab\u00a0<em>Dieu y pourvoira<\/em>\u00ab\u00a0.<\/p>\n<p><strong>-Komlangan<\/strong>\u00a0: Il est le maitre de la maison, \u00ab\u00a0fr\u00e8re ain\u00e9\u00a0\u00bb de\u00a0Mawoulaw\u00e8. Cependant \u00e0 la mort de leur p\u00e8re, il n\u2019a pas rendu \u00e0 son fr\u00e8re sa part de l\u2019h\u00e9ritage. Son nom pris en deux volets\u00a0: <em>Komlan<\/em> indique quelqu\u2019un qui est n\u00e9 un Mardi et \u00ab\u00a0<em>Gan<\/em>\u00a0\u00bb signifie \u00ab\u00a0<em>grand<\/em>\u00ab\u00a0. Il repr\u00e9sente alors l\u2019ain\u00e9 de la famille.<\/p>\n<p><strong>-Akoeba<\/strong>\u00a0:Quatri\u00e8me et derni\u00e8re \u00e9pouse de Komlangan. Elle est l\u2019amante de son beau-fr\u00e8re, <em>Mawoulaw\u00e8<\/em>. Une idylle qui au d\u00e9but sera cach\u00e9e mais sera d\u00e9couverte au fil du temps. Sa d\u00e9couverte sera la cause de la mort d\u2019un bon nombre de personnes, y compris Komlangan.<\/p>\n<p><strong>-Dansi<\/strong>\u00a0: Elle est l\u2019\u00e9pouse de l\u2019esclave. St\u00e9rile jusqu\u2019\u00e0 sa mort qui sera occasionn\u00e9e par Akoeba, elle n\u2019a pas eu de prog\u00e9niture avec Mawoulaw\u00e8. Contrairement \u00e0 Akoeba, elle est rest\u00e9e une femme fid\u00e8le \u00e0 son \u00e9poux jusqu\u2019aux derni\u00e8res secondes de son existence.<\/p>\n<p><strong>-Gabriel<\/strong>\u00a0: Il est le\u00a0 fils ain\u00e9 de Komlangan. Ayant v\u00e9cu sur les c\u00f4tes durant un bon moment, il est revenu au pays apr\u00e8s la mort de son p\u00e8re pour reprendre \u00e0 l\u2019esclave sa place et remettre de l\u2019ordre dans la concession.<\/p>\n<p><strong><u>REGARD CRITIQUE SUR L\u2019OEUVRE<\/u><\/strong><\/p>\n<p>Felix COUCHORO se fait objecteur de consciences. Il situe l&rsquo;espace de son roman sur les bords du fleuve Mono, \u00e0 Huntingom\u00e8 un village du sud-Benin riche de son paysage frais et calme, de ses eaux tranquilles et de ses belles palmeraies. Il focalise l&rsquo;attention de ses lecteurs sur un esclavage qu&rsquo;on pourrait qualifier de domestique. La prise de conscience de Mawulawo\u00e8, l&rsquo;esclave, ses ambitions d\u00e9mesur\u00e9es et son recours aux choses de l&rsquo;ombre, constituent un champ d&rsquo;exp\u00e9rimentation de la volont\u00e9 humaine aux prises avec les envies du coeur. La dialectique h\u00e9g\u00e9lienne du Ma\u00eetre et de l&rsquo;Esclave semble servir de toile de fond \u00e0 F\u00e9lix COUCHORO, sauf que ce dernier a r\u00e9ussi \u00e0 tuer les app\u00e9tits de Mawulawo\u00e8 qui n&rsquo;a pu finalement triompher du clan Komlangan repr\u00e9sent\u00e9 par le fils de sang, Gabriel. Poutre cette dialectique en d\u00e9ploiement dans L&rsquo;Esclave, nous pourrions aussi remarquer les jeux et allures manich\u00e9ens qui ont comme servi de colonne vert\u00e9brale \u00e0 l&rsquo;\u0153uvre : les antagonistes entre le bien et le mal, la libert\u00e9 et l&rsquo;esclavage, la lumi\u00e8re et les t\u00e9n\u00e8bres, la beaut\u00e9 et la laideur. Ces jeux manich\u00e9ens pourraient faire lire aussi dans ce livre le contraste entre l&rsquo;Afrique repr\u00e9sent\u00e9e par Mawoulawo\u00e8 et les pratiques traditionnelles et Gabriel et le christianisme. Le choc est fort dans le livre, qui se solde par la victoire de Gabriel, donc de l&rsquo;Occident. Dans cet univers conflictuel o\u00f9 l&rsquo;auteur met aux prises l&rsquo;Afrique et l&rsquo;Europe, le lecteur se rend compte de ce que l&rsquo;auteur insinue qu&rsquo;il ne sert \u00e0 rien aux africains de recourir aux forces des t\u00e9n\u00e8bres. Que certains critiques ne le consid\u00e8rent pas comme un \u00e9crivain v\u00e9ritablement engag\u00e9, cela se comprend ais\u00e9ment vu son approche de la rencontre entre l&rsquo;Occident et l&rsquo;Afrique.<\/p>\n<p>Le roman est \u00e9crit dans un style tr\u00e8s simple que l\u2019auteur lui-m\u00eame qualifie de \u00ab\u00a0terre \u00e0 terre\u00a0\u00bb ou encore de \u00ab\u00a0bonne compagnie\u00a0\u00bb dans sa pr\u00e9face. Il est accessible au lecteur .Tout en restant simple, F\u00e9lix COUCHORO ne manque de vous tenir en haleine tout au long de la lecture. Sa description du cadre spatio-temporel est faite de main de ma\u00eetre et nous plonge dans un paysage f\u00e9erique, celui des berges lagunaires du Fleuve Mono.<\/p>\n<p><em><strong>L&rsquo;Esclave <\/strong><\/em>est une belle oeuvre litt\u00e9raire riche d&rsquo;enseignements. Il ouvre nos yeux sur les dangers qui menacent nos familles quand nous ne prenons garde \u00e0 la jalousie, l&rsquo;injustice, le m\u00e9pris, la haine et le refus de pardonner.<\/p>\n<p>&nbsp;<\/p>\n<p><strong>Adebayo I.C. ADJAHO<\/strong><\/p>\n","protected":false},"excerpt":{"rendered":"<p>BR\u00c8VE \u00a0NOTE SUR \u00a0L\u2019AUTEUR Romancier, nouvelliste, essayiste, sc\u00e9nariste, F\u00e9lix COUCHORO est un \u00e9crivain polyvalent d\u00e9tient un palmar\u00e8s d\u2019une trentaine d\u2019\u0153uvres, publi\u00e9s tant\u00f4t sous forme de feuilleton dans la presse togolaise, tant\u00f4t sous forme d\u2019articles. Son tout premier roman L\u2019Esclave est paru \u00e0 Paris aux \u00e9ditions de la d\u00e9p\u00eache africaine en 1929\u00a0 et r\u00e9\u00e9dit\u00e9 aux \u00e9ditions [&hellip;]<\/p>\n","protected":false},"author":1,"featured_media":1114,"comment_status":"open","ping_status":"open","sticky":false,"template":"","format":"standard","meta":[],"categories":[10],"tags":[],"yoast_head":"<!-- This site is optimized with the Yoast SEO plugin v19.0 - https:\/\/yoast.com\/wordpress\/plugins\/seo\/ -->\n<title>L&#039;Esclave, F\u00e9lix COUCHORO - Biscottes Litt\u00e9raires<\/title>\n<meta name=\"robots\" content=\"index, follow, max-snippet:-1, max-image-preview:large, max-video-preview:-1\" \/>\n<link rel=\"canonical\" href=\"https:\/\/biscotteslitteraires.com\/2021\/lesclave-felix-couchoro\/\" \/>\n<meta property=\"og:locale\" content=\"fr_FR\" \/>\n<meta property=\"og:type\" content=\"article\" \/>\n<meta property=\"og:title\" content=\"L&#039;Esclave, F\u00e9lix COUCHORO - Biscottes Litt\u00e9raires\" \/>\n<meta property=\"og:description\" content=\"BR\u00c8VE \u00a0NOTE SUR \u00a0L\u2019AUTEUR Romancier, nouvelliste, essayiste, sc\u00e9nariste, F\u00e9lix COUCHORO est un \u00e9crivain polyvalent d\u00e9tient un palmar\u00e8s d\u2019une trentaine d\u2019\u0153uvres, publi\u00e9s tant\u00f4t sous forme de feuilleton dans la presse togolaise, tant\u00f4t sous forme d\u2019articles. Son tout premier roman L\u2019Esclave est paru \u00e0 Paris aux \u00e9ditions de la d\u00e9p\u00eache africaine en 1929\u00a0 et r\u00e9\u00e9dit\u00e9 aux \u00e9ditions [&hellip;]\" \/>\n<meta property=\"og:url\" content=\"https:\/\/biscotteslitteraires.com\/2021\/lesclave-felix-couchoro\/\" \/>\n<meta property=\"og:site_name\" content=\"Biscottes Litt\u00e9raires\" \/>\n<meta property=\"article:publisher\" content=\"https:\/\/facebook.com\/biscotteslitterairesbenin\" \/>\n<meta property=\"article:published_time\" content=\"2017-09-07T21:49:07+00:00\" \/>\n<meta property=\"article:modified_time\" content=\"2017-10-21T22:05:49+00:00\" \/>\n<meta property=\"og:image\" content=\"https:\/\/biscotteslitteraires.com\/2021\/wp-content\/uploads\/2017\/09\/lesclave.jpg\" \/>\n\t<meta property=\"og:image:width\" content=\"300\" \/>\n\t<meta property=\"og:image:height\" content=\"485\" \/>\n\t<meta property=\"og:image:type\" content=\"image\/jpeg\" \/>\n<meta name=\"twitter:card\" content=\"summary\" \/>\n<meta name=\"twitter:label1\" content=\"\u00c9crit par\" \/>\n\t<meta name=\"twitter:data1\" content=\"biscotteslitteraires\" \/>\n\t<meta name=\"twitter:label2\" content=\"Dur\u00e9e de lecture estim\u00e9e\" \/>\n\t<meta name=\"twitter:data2\" content=\"7 minutes\" \/>\n<script type=\"application\/ld+json\" class=\"yoast-schema-graph\">{\"@context\":\"https:\/\/schema.org\",\"@graph\":[{\"@type\":\"Organization\",\"@id\":\"https:\/\/biscotteslitteraires.com\/2021\/#organization\",\"name\":\"Biscottes Litt\u00e9raires\",\"url\":\"https:\/\/biscotteslitteraires.com\/2021\/\",\"sameAs\":[\"https:\/\/facebook.com\/biscotteslitterairesbenin\"],\"logo\":{\"@type\":\"ImageObject\",\"inLanguage\":\"fr-FR\",\"@id\":\"https:\/\/biscotteslitteraires.com\/2021\/#\/schema\/logo\/image\/\",\"url\":\"https:\/\/biscotteslitteraires.com\/2021\/wp-content\/uploads\/2018\/11\/cropped-LOGO-BL-e1630101307137.jpg\",\"contentUrl\":\"https:\/\/biscotteslitteraires.com\/2021\/wp-content\/uploads\/2018\/11\/cropped-LOGO-BL-e1630101307137.jpg\",\"width\":960,\"height\":960,\"caption\":\"Biscottes Litt\u00e9raires\"},\"image\":{\"@id\":\"https:\/\/biscotteslitteraires.com\/2021\/#\/schema\/logo\/image\/\"}},{\"@type\":\"WebSite\",\"@id\":\"https:\/\/biscotteslitteraires.com\/2021\/#website\",\"url\":\"https:\/\/biscotteslitteraires.com\/2021\/\",\"name\":\"Biscottes Litt\u00e9raires\",\"description\":\"Ici nous voyagerons dans les lignes, explorerons les interlignes.\",\"publisher\":{\"@id\":\"https:\/\/biscotteslitteraires.com\/2021\/#organization\"},\"potentialAction\":[{\"@type\":\"SearchAction\",\"target\":{\"@type\":\"EntryPoint\",\"urlTemplate\":\"https:\/\/biscotteslitteraires.com\/2021\/?s={search_term_string}\"},\"query-input\":\"required name=search_term_string\"}],\"inLanguage\":\"fr-FR\"},{\"@type\":\"ImageObject\",\"inLanguage\":\"fr-FR\",\"@id\":\"https:\/\/biscotteslitteraires.com\/2021\/lesclave-felix-couchoro\/#primaryimage\",\"url\":\"https:\/\/biscotteslitteraires.com\/2021\/wp-content\/uploads\/2017\/09\/lesclave.jpg\",\"contentUrl\":\"https:\/\/biscotteslitteraires.com\/2021\/wp-content\/uploads\/2017\/09\/lesclave.jpg\",\"width\":300,\"height\":485},{\"@type\":\"WebPage\",\"@id\":\"https:\/\/biscotteslitteraires.com\/2021\/lesclave-felix-couchoro\/#webpage\",\"url\":\"https:\/\/biscotteslitteraires.com\/2021\/lesclave-felix-couchoro\/\",\"name\":\"L'Esclave, F\u00e9lix COUCHORO - Biscottes Litt\u00e9raires\",\"isPartOf\":{\"@id\":\"https:\/\/biscotteslitteraires.com\/2021\/#website\"},\"primaryImageOfPage\":{\"@id\":\"https:\/\/biscotteslitteraires.com\/2021\/lesclave-felix-couchoro\/#primaryimage\"},\"datePublished\":\"2017-09-07T21:49:07+00:00\",\"dateModified\":\"2017-10-21T22:05:49+00:00\",\"breadcrumb\":{\"@id\":\"https:\/\/biscotteslitteraires.com\/2021\/lesclave-felix-couchoro\/#breadcrumb\"},\"inLanguage\":\"fr-FR\",\"potentialAction\":[{\"@type\":\"ReadAction\",\"target\":[\"https:\/\/biscotteslitteraires.com\/2021\/lesclave-felix-couchoro\/\"]}]},{\"@type\":\"BreadcrumbList\",\"@id\":\"https:\/\/biscotteslitteraires.com\/2021\/lesclave-felix-couchoro\/#breadcrumb\",\"itemListElement\":[{\"@type\":\"ListItem\",\"position\":1,\"name\":\"Accueil\",\"item\":\"https:\/\/biscotteslitteraires.com\/2021\/\"},{\"@type\":\"ListItem\",\"position\":2,\"name\":\"L&rsquo;Esclave, F\u00e9lix COUCHORO\"}]},{\"@type\":\"Article\",\"@id\":\"https:\/\/biscotteslitteraires.com\/2021\/lesclave-felix-couchoro\/#article\",\"isPartOf\":{\"@id\":\"https:\/\/biscotteslitteraires.com\/2021\/lesclave-felix-couchoro\/#webpage\"},\"author\":{\"@id\":\"https:\/\/biscotteslitteraires.com\/2021\/#\/schema\/person\/a7786cb98c76c568669b36d299731946\"},\"headline\":\"L&rsquo;Esclave, F\u00e9lix COUCHORO\",\"datePublished\":\"2017-09-07T21:49:07+00:00\",\"dateModified\":\"2017-10-21T22:05:49+00:00\",\"mainEntityOfPage\":{\"@id\":\"https:\/\/biscotteslitteraires.com\/2021\/lesclave-felix-couchoro\/#webpage\"},\"wordCount\":1326,\"commentCount\":4,\"publisher\":{\"@id\":\"https:\/\/biscotteslitteraires.com\/2021\/#organization\"},\"image\":{\"@id\":\"https:\/\/biscotteslitteraires.com\/2021\/lesclave-felix-couchoro\/#primaryimage\"},\"thumbnailUrl\":\"https:\/\/biscotteslitteraires.com\/2021\/wp-content\/uploads\/2017\/09\/lesclave.jpg\",\"articleSection\":[\"lupourvous\"],\"inLanguage\":\"fr-FR\",\"potentialAction\":[{\"@type\":\"CommentAction\",\"name\":\"Comment\",\"target\":[\"https:\/\/biscotteslitteraires.com\/2021\/lesclave-felix-couchoro\/#respond\"]}]},{\"@type\":\"Person\",\"@id\":\"https:\/\/biscotteslitteraires.com\/2021\/#\/schema\/person\/a7786cb98c76c568669b36d299731946\",\"name\":\"biscotteslitteraires\",\"image\":{\"@type\":\"ImageObject\",\"inLanguage\":\"fr-FR\",\"@id\":\"https:\/\/biscotteslitteraires.com\/2021\/#\/schema\/person\/image\/\",\"url\":\"https:\/\/secure.gravatar.com\/avatar\/94320ea752b93453cb48b1b2d71ada12?s=96&d=mm&r=g\",\"contentUrl\":\"https:\/\/secure.gravatar.com\/avatar\/94320ea752b93453cb48b1b2d71ada12?s=96&d=mm&r=g\",\"caption\":\"biscotteslitteraires\"},\"url\":\"https:\/\/biscotteslitteraires.com\/2021\/author\/admin\/\"}]}<\/script>\n<!-- \/ Yoast SEO plugin. -->","yoast_head_json":{"title":"L'Esclave, F\u00e9lix COUCHORO - Biscottes Litt\u00e9raires","robots":{"index":"index","follow":"follow","max-snippet":"max-snippet:-1","max-image-preview":"max-image-preview:large","max-video-preview":"max-video-preview:-1"},"canonical":"https:\/\/biscotteslitteraires.com\/2021\/lesclave-felix-couchoro\/","og_locale":"fr_FR","og_type":"article","og_title":"L'Esclave, F\u00e9lix COUCHORO - Biscottes Litt\u00e9raires","og_description":"BR\u00c8VE \u00a0NOTE SUR \u00a0L\u2019AUTEUR Romancier, nouvelliste, essayiste, sc\u00e9nariste, F\u00e9lix COUCHORO est un \u00e9crivain polyvalent d\u00e9tient un palmar\u00e8s d\u2019une trentaine d\u2019\u0153uvres, publi\u00e9s tant\u00f4t sous forme de feuilleton dans la presse togolaise, tant\u00f4t sous forme d\u2019articles. Son tout premier roman L\u2019Esclave est paru \u00e0 Paris aux \u00e9ditions de la d\u00e9p\u00eache africaine en 1929\u00a0 et r\u00e9\u00e9dit\u00e9 aux \u00e9ditions [&hellip;]","og_url":"https:\/\/biscotteslitteraires.com\/2021\/lesclave-felix-couchoro\/","og_site_name":"Biscottes Litt\u00e9raires","article_publisher":"https:\/\/facebook.com\/biscotteslitterairesbenin","article_published_time":"2017-09-07T21:49:07+00:00","article_modified_time":"2017-10-21T22:05:49+00:00","og_image":[{"width":300,"height":485,"url":"https:\/\/biscotteslitteraires.com\/2021\/wp-content\/uploads\/2017\/09\/lesclave.jpg","type":"image\/jpeg"}],"twitter_card":"summary","twitter_misc":{"\u00c9crit par":"biscotteslitteraires","Dur\u00e9e de lecture estim\u00e9e":"7 minutes"},"schema":{"@context":"https:\/\/schema.org","@graph":[{"@type":"Organization","@id":"https:\/\/biscotteslitteraires.com\/2021\/#organization","name":"Biscottes Litt\u00e9raires","url":"https:\/\/biscotteslitteraires.com\/2021\/","sameAs":["https:\/\/facebook.com\/biscotteslitterairesbenin"],"logo":{"@type":"ImageObject","inLanguage":"fr-FR","@id":"https:\/\/biscotteslitteraires.com\/2021\/#\/schema\/logo\/image\/","url":"https:\/\/biscotteslitteraires.com\/2021\/wp-content\/uploads\/2018\/11\/cropped-LOGO-BL-e1630101307137.jpg","contentUrl":"https:\/\/biscotteslitteraires.com\/2021\/wp-content\/uploads\/2018\/11\/cropped-LOGO-BL-e1630101307137.jpg","width":960,"height":960,"caption":"Biscottes Litt\u00e9raires"},"image":{"@id":"https:\/\/biscotteslitteraires.com\/2021\/#\/schema\/logo\/image\/"}},{"@type":"WebSite","@id":"https:\/\/biscotteslitteraires.com\/2021\/#website","url":"https:\/\/biscotteslitteraires.com\/2021\/","name":"Biscottes Litt\u00e9raires","description":"Ici nous voyagerons dans les lignes, explorerons les interlignes.","publisher":{"@id":"https:\/\/biscotteslitteraires.com\/2021\/#organization"},"potentialAction":[{"@type":"SearchAction","target":{"@type":"EntryPoint","urlTemplate":"https:\/\/biscotteslitteraires.com\/2021\/?s={search_term_string}"},"query-input":"required name=search_term_string"}],"inLanguage":"fr-FR"},{"@type":"ImageObject","inLanguage":"fr-FR","@id":"https:\/\/biscotteslitteraires.com\/2021\/lesclave-felix-couchoro\/#primaryimage","url":"https:\/\/biscotteslitteraires.com\/2021\/wp-content\/uploads\/2017\/09\/lesclave.jpg","contentUrl":"https:\/\/biscotteslitteraires.com\/2021\/wp-content\/uploads\/2017\/09\/lesclave.jpg","width":300,"height":485},{"@type":"WebPage","@id":"https:\/\/biscotteslitteraires.com\/2021\/lesclave-felix-couchoro\/#webpage","url":"https:\/\/biscotteslitteraires.com\/2021\/lesclave-felix-couchoro\/","name":"L'Esclave, F\u00e9lix COUCHORO - Biscottes Litt\u00e9raires","isPartOf":{"@id":"https:\/\/biscotteslitteraires.com\/2021\/#website"},"primaryImageOfPage":{"@id":"https:\/\/biscotteslitteraires.com\/2021\/lesclave-felix-couchoro\/#primaryimage"},"datePublished":"2017-09-07T21:49:07+00:00","dateModified":"2017-10-21T22:05:49+00:00","breadcrumb":{"@id":"https:\/\/biscotteslitteraires.com\/2021\/lesclave-felix-couchoro\/#breadcrumb"},"inLanguage":"fr-FR","potentialAction":[{"@type":"ReadAction","target":["https:\/\/biscotteslitteraires.com\/2021\/lesclave-felix-couchoro\/"]}]},{"@type":"BreadcrumbList","@id":"https:\/\/biscotteslitteraires.com\/2021\/lesclave-felix-couchoro\/#breadcrumb","itemListElement":[{"@type":"ListItem","position":1,"name":"Accueil","item":"https:\/\/biscotteslitteraires.com\/2021\/"},{"@type":"ListItem","position":2,"name":"L&rsquo;Esclave, F\u00e9lix COUCHORO"}]},{"@type":"Article","@id":"https:\/\/biscotteslitteraires.com\/2021\/lesclave-felix-couchoro\/#article","isPartOf":{"@id":"https:\/\/biscotteslitteraires.com\/2021\/lesclave-felix-couchoro\/#webpage"},"author":{"@id":"https:\/\/biscotteslitteraires.com\/2021\/#\/schema\/person\/a7786cb98c76c568669b36d299731946"},"headline":"L&rsquo;Esclave, F\u00e9lix COUCHORO","datePublished":"2017-09-07T21:49:07+00:00","dateModified":"2017-10-21T22:05:49+00:00","mainEntityOfPage":{"@id":"https:\/\/biscotteslitteraires.com\/2021\/lesclave-felix-couchoro\/#webpage"},"wordCount":1326,"commentCount":4,"publisher":{"@id":"https:\/\/biscotteslitteraires.com\/2021\/#organization"},"image":{"@id":"https:\/\/biscotteslitteraires.com\/2021\/lesclave-felix-couchoro\/#primaryimage"},"thumbnailUrl":"https:\/\/biscotteslitteraires.com\/2021\/wp-content\/uploads\/2017\/09\/lesclave.jpg","articleSection":["lupourvous"],"inLanguage":"fr-FR","potentialAction":[{"@type":"CommentAction","name":"Comment","target":["https:\/\/biscotteslitteraires.com\/2021\/lesclave-felix-couchoro\/#respond"]}]},{"@type":"Person","@id":"https:\/\/biscotteslitteraires.com\/2021\/#\/schema\/person\/a7786cb98c76c568669b36d299731946","name":"biscotteslitteraires","image":{"@type":"ImageObject","inLanguage":"fr-FR","@id":"https:\/\/biscotteslitteraires.com\/2021\/#\/schema\/person\/image\/","url":"https:\/\/secure.gravatar.com\/avatar\/94320ea752b93453cb48b1b2d71ada12?s=96&d=mm&r=g","contentUrl":"https:\/\/secure.gravatar.com\/avatar\/94320ea752b93453cb48b1b2d71ada12?s=96&d=mm&r=g","caption":"biscotteslitteraires"},"url":"https:\/\/biscotteslitteraires.com\/2021\/author\/admin\/"}]}},"_links":{"self":[{"href":"https:\/\/biscotteslitteraires.com\/2021\/wp-json\/wp\/v2\/posts\/812"}],"collection":[{"href":"https:\/\/biscotteslitteraires.com\/2021\/wp-json\/wp\/v2\/posts"}],"about":[{"href":"https:\/\/biscotteslitteraires.com\/2021\/wp-json\/wp\/v2\/types\/post"}],"author":[{"embeddable":true,"href":"https:\/\/biscotteslitteraires.com\/2021\/wp-json\/wp\/v2\/users\/1"}],"replies":[{"embeddable":true,"href":"https:\/\/biscotteslitteraires.com\/2021\/wp-json\/wp\/v2\/comments?post=812"}],"version-history":[{"count":3,"href":"https:\/\/biscotteslitteraires.com\/2021\/wp-json\/wp\/v2\/posts\/812\/revisions"}],"predecessor-version":[{"id":1115,"href":"https:\/\/biscotteslitteraires.com\/2021\/wp-json\/wp\/v2\/posts\/812\/revisions\/1115"}],"wp:featuredmedia":[{"embeddable":true,"href":"https:\/\/biscotteslitteraires.com\/2021\/wp-json\/wp\/v2\/media\/1114"}],"wp:attachment":[{"href":"https:\/\/biscotteslitteraires.com\/2021\/wp-json\/wp\/v2\/media?parent=812"}],"wp:term":[{"taxonomy":"category","embeddable":true,"href":"https:\/\/biscotteslitteraires.com\/2021\/wp-json\/wp\/v2\/categories?post=812"},{"taxonomy":"post_tag","embeddable":true,"href":"https:\/\/biscotteslitteraires.com\/2021\/wp-json\/wp\/v2\/tags?post=812"}],"curies":[{"name":"wp","href":"https:\/\/api.w.org\/{rel}","templated":true}]}}