{"id":9366,"date":"2021-05-06T15:55:34","date_gmt":"2021-05-06T15:55:34","guid":{"rendered":"https:\/\/biscotteslitteraires.com\/2021\/?p=9366"},"modified":"2021-05-06T16:09:14","modified_gmt":"2021-05-06T16:09:14","slug":"je-partirai-serigne-filor-34","status":"publish","type":"post","link":"https:\/\/biscotteslitteraires.com\/2021\/je-partirai-serigne-filor-34\/","title":{"rendered":"\u00ab\u00a0Je partirai&#8230;\u00a0\u00bb Serigne FILOR 3\/4"},"content":{"rendered":"<p>R\u00e9ponds-je avec un sourire forc\u00e9.<\/p>\n<p>&#8211; Oh d\u00e9sol\u00e9 de t\u2019avoir trait\u00e9 de mendiant. Le premier bus part dans moins d\u2019une heure. Attendez un moment. Ajoute-t-il sans me rendre le salut en expulsant sa bouff\u00e9e d\u2019air.<br \/>\n&#8211; Ce n\u2019est pas grave. Merci beaucoup\u00a0!<br \/>\nIl sait qu\u2019il m\u2019a vex\u00e9 et a tout l\u2019air d\u00e9sol\u00e9. Mais je lui tourne le dos sans montrer un signe de tristesse ou de m\u00e9contentement. Quoique je sois habitu\u00e9 \u00e0 \u00eatre trait\u00e9 de qu\u00e9mandeur, au plus profond de moi, cela m\u2019attriste. Toute ma vie, c\u2019est comme cela que \u00e7a s\u2019est pass\u00e9. Je suis victime d\u2019une stigmatisation, depuis mon enfance. Une stigmatisation qui ne se fonde sur aucune raison concr\u00e8tement valable. Elle a \u00e9t\u00e9 cr\u00e9\u00e9e et entretenue par des gens qui, ayant jug\u00e9 leur vie plus utile que la mienne, se permettent injustement d\u2019\u00e9tablir des barrages \u00e0 mon bonheur, \u00e0 ma joie de vivre. Les riches qui s\u2019enrichissent en volant, en pillant et en blanchissant de l\u2019argent, ne sont jamais stigmatis\u00e9s. Je suis pauvre, je suis un handicap\u00e9. C\u2019est assez suffisant pour que je fasse l\u2019objet d\u2019une singularit\u00e9 m\u00e9diocre, d\u2019une stigmatisation d\u00e9gradante. On me qualifie toujours, d\u00e8s la perception de ma face, de personne inf\u00e9rieure. La pression sociale, rendue atroce par tous ces m\u00e9chants qui s\u2019appuient gratuitement sur le balancement obsessionnel de la parole sans avoir \u00e0 mesurer l\u2019impact de celle-ci dans la vie de leurs semblables, me ronge \u00e0 fond\u00a0! C\u2019est pourquoi je pars, de tr\u00e8s loin d\u2019ici.<br \/>\nAssis sur un banc, j\u2019attends le bus. Il fait six heures quinze minutes sur ma montre que je porte sur ma seule main droite. Et l\u00e0, je le vois venir.<\/p>\n<p><img loading=\"lazy\" class=\"aligncenter size-medium wp-image-9369\" src=\"https:\/\/biscotteslitteraires.com\/2021\/wp-content\/uploads\/2021\/05\/6q7qzd2j-300x190.jpg\" alt=\"\" width=\"300\" height=\"190\" srcset=\"https:\/\/biscotteslitteraires.com\/2021\/wp-content\/uploads\/2021\/05\/6q7qzd2j-300x190.jpg 300w, https:\/\/biscotteslitteraires.com\/2021\/wp-content\/uploads\/2021\/05\/6q7qzd2j.jpg 567w\" sizes=\"(max-width: 300px) 100vw, 300px\" \/><\/p>\n<p>Le conducteur n\u2019a pas l\u2019intention de me prendre, il ne m\u2019a pas vu, il doit s\u2019arr\u00eater \u00e0 l\u2019arr\u00eat qui se trouve \u00e0 quelques m\u00e8tres du garage, l\u00e0 o\u00f9 il doit prendre les autres clients jusqu\u2019\u00e0 ce que le bus soit plein. Mais, heureusement, les apprentis l\u2019ont signal\u00e9, avec des cris, qu\u2019il devait me prendre. Je leur ai remerci\u00e9 pour \u00e7a. Je suis tout seul dans le bus, je suis le premier client.<br \/>\n&#8211; Assalamou Aleykoum\u00a0! Pass\u00e9-je le salut au chauffeur.<br \/>\n&#8211; Aleykoum Salam (que la paix soit aussi avec vous)\u00a0! R\u00e9pond-il avec un sourire tr\u00e8s accueillant.<br \/>\n&#8211; Je suis convaincu que le voyage va tr\u00e8s bien se passer. Dans notre tradition, cher lecteur, le sourire matinal est un bon augure. Apr\u00e8s avoir fait quelques minutes de route, nous sommes arriv\u00e9s \u00e0 l\u2019arr\u00eat de bus. Ici, on doit attendre environ deux heures avant de partir, il faut que le bus soit plein de clients. Les voyageurs qui attendaient ont commenc\u00e9 \u00e0 monter, apr\u00e8s avoir discutaill\u00e9 sur les frais de voyage avec l\u2019apprenti qui vient de rejoindre son patron. Il me demandera bient\u00f4t o\u00f9 je vais et combien je compte payer. Il n\u2019oublie aucun client. Le bruit que font les voyageurs qui entrent me vrille les oreilles et me d\u00e9range tellement. Il fait presque neuf heures et le v\u00e9hicule n\u2019a toujours pas atteint son maximum mais il reste juste quelques si\u00e8ges. Jusque-l\u00e0, il n\u2019y a pas un client qui s\u2019est install\u00e9 \u00e0 c\u00f4t\u00e9 de moi, peut-\u00eatre, d\u00e8s leur entr\u00e9e, m\u2019\u00e9vitent-ils ou ont-ils peur de moi. Je n\u2019en sais rien du tout. Et l\u00e0 je vois un individu assis sur une chaise roulante. L\u2019apprenti l\u2019a pris comme un b\u00e9b\u00e9 pour lui faire occuper une place dans le bus. La structure de ce dernier ne permet pas l\u2019entr\u00e9e d\u2019une chaise roulante \u00e0 l\u2019int\u00e9rieur. Les handicap\u00e9s ne sont donc pas pris en consid\u00e9ration durant sa construction. Pourtant on nous engueule avec cette fameuse phrase de \u00ab\u00a0Les hommes naissent libres et \u00e9gaux\u00a0\u00bb, c\u2019est-\u00e0-dire que les gens doivent \u00eatre vus et appr\u00e9ci\u00e9s comme ils sont, \u00e0 leur juste valeur v\u00e9hicul\u00e9e par leurs actions. Mais la soci\u00e9t\u00e9 regarde et traite diff\u00e9remment l\u2019autre suivant ce qu\u2019il poss\u00e8de ou ce qu\u2019il est en apparence. On accueille de deux mani\u00e8res le riche et le pauvre, celui qui est le propri\u00e9taire d\u2019une maison et d\u2019une voiture luxueuses et celui qui habite dans un taudis \u00e0 c\u00f4t\u00e9 des \u00e9gouts. L\u2019\u00e9galit\u00e9 voudrait que la structure du bus soit de telle sorte que tout le monde puisse y entrer sans que l\u2019aide d\u2019une tierce personne soit indispensable. L\u2019\u00e9galit\u00e9 n\u2019est qu\u2019une chim\u00e8re. Et m\u00eame si dans les pays d\u00e9velopp\u00e9s il y aurait ce genre de v\u00e9hicules, certains comme moi y subissent, comme par ici, le sort d\u2019une condamnation publique s\u00e9v\u00e8re \u00e0 cause de la mani\u00e8re dont le Seigneur les a cr\u00e9\u00e9es ou \u00e0 cause de la survenue d\u2019al\u00e9as, par nature incontr\u00f4l\u00e9s, dans leur vie. On a juste marre que les gens s\u2019appuient sur des choses dont le contr\u00f4le sort carr\u00e9ment du domaine de nos aptitudes, de nos ma\u00eetrises et des possibilit\u00e9s pour nous emp\u00eacher de mener une vie normale, comme tout le monde. C\u2019est humiliant.<\/p>\n<p><img loading=\"lazy\" class=\"aligncenter size-medium wp-image-9370\" src=\"https:\/\/biscotteslitteraires.com\/2021\/wp-content\/uploads\/2021\/05\/blog_0-300x200.jpg\" alt=\"\" width=\"300\" height=\"200\" srcset=\"https:\/\/biscotteslitteraires.com\/2021\/wp-content\/uploads\/2021\/05\/blog_0-300x200.jpg 300w, https:\/\/biscotteslitteraires.com\/2021\/wp-content\/uploads\/2021\/05\/blog_0-275x184.jpg 275w, https:\/\/biscotteslitteraires.com\/2021\/wp-content\/uploads\/2021\/05\/blog_0-244x164.jpg 244w, https:\/\/biscotteslitteraires.com\/2021\/wp-content\/uploads\/2021\/05\/blog_0-272x182.jpg 272w, https:\/\/biscotteslitteraires.com\/2021\/wp-content\/uploads\/2021\/05\/blog_0.jpg 630w\" sizes=\"(max-width: 300px) 100vw, 300px\" \/><br \/>\nAssise, elle me sourit quand elle a su que je la regardais. Je lui ai rendu son sourire. Je lis dans son visage une gaiet\u00e9 et une joie de vivre d\u00e9bordantes que je ne peux comprendre au regard de son handicap plus grave que le mien. Elle a perdu deux jambes et a deux mains courb\u00e9es \u00e0 usage tr\u00e8s r\u00e9duit. Je me sens triste et ma voix int\u00e9rieure me dit que je suis un l\u00e2che. Mais, innocemment, je me console en me disant int\u00e9rieurement qu\u2019elle feint et qu\u2019elle ne veut pas que les gens sachent qu\u2019elle souffre. Tout d\u2019un coup, un individu dont les froufrous de son boubou pouvaient s\u2019entendre de tr\u00e8s loin d\u00e9barque dans le bus. Probablement, c\u2019est un riche. Mais il a l\u2019air anxieux, il est en rogne et fr\u00e9tille. Peut-\u00eatre a-t-il des probl\u00e8mes dont l\u2019argent ne peut r\u00e9soudre. La vie est complexe. Le vieillard aveugle qui entre est le dernier client, il reste une seule place, celle qui se trouve \u00e0 c\u00f4t\u00e9 de mon si\u00e8ge. Tout pr\u00eat de moi, je tiens sa main pour le guider.<br \/>\n&#8211; Jeureujeuf ! (Merci, en wolof). Me dit-il.<\/p>\n<p>&nbsp;<\/p>\n<p><strong>\u00c0 SUIVRE &#8230;.<\/strong><\/p>\n<p>&nbsp;<\/p>\n<p>&nbsp;<\/p>\n<p><strong>Serigne FILOR<\/strong><\/p>\n<p><strong><img loading=\"lazy\" class=\"aligncenter size-medium wp-image-9350\" src=\"https:\/\/biscotteslitteraires.com\/2021\/wp-content\/uploads\/2021\/05\/Screenshot_20210504-142310-300x287.png\" alt=\"\" width=\"300\" height=\"287\" srcset=\"https:\/\/biscotteslitteraires.com\/2021\/wp-content\/uploads\/2021\/05\/Screenshot_20210504-142310-300x287.png 300w, https:\/\/biscotteslitteraires.com\/2021\/wp-content\/uploads\/2021\/05\/Screenshot_20210504-142310-768x734.png 768w, https:\/\/biscotteslitteraires.com\/2021\/wp-content\/uploads\/2021\/05\/Screenshot_20210504-142310-1024x978.png 1024w, https:\/\/biscotteslitteraires.com\/2021\/wp-content\/uploads\/2021\/05\/Screenshot_20210504-142310.png 1080w\" sizes=\"(max-width: 300px) 100vw, 300px\" \/><\/strong><\/p>\n<p><strong>\u00a0<\/strong><\/p>\n<p>&nbsp;<\/p>\n","protected":false},"excerpt":{"rendered":"<p>R\u00e9ponds-je avec un sourire forc\u00e9. &#8211; Oh d\u00e9sol\u00e9 de t\u2019avoir trait\u00e9 de mendiant. Le premier bus part dans moins d\u2019une heure. Attendez un moment. Ajoute-t-il sans me rendre le salut en expulsant sa bouff\u00e9e d\u2019air. &#8211; Ce n\u2019est pas grave. Merci beaucoup\u00a0! Il sait qu\u2019il m\u2019a vex\u00e9 et a tout l\u2019air d\u00e9sol\u00e9. Mais je lui [&hellip;]<\/p>\n","protected":false},"author":1,"featured_media":9369,"comment_status":"open","ping_status":"closed","sticky":false,"template":"","format":"standard","meta":[],"categories":[3],"tags":[],"yoast_head":"<!-- This site is optimized with the Yoast SEO plugin v19.0 - https:\/\/yoast.com\/wordpress\/plugins\/seo\/ -->\n<title>&quot;Je partirai...&quot; Serigne FILOR 3\/4<\/title>\n<meta name=\"description\" content=\"je suis un handicap\u00e9. C\u2019est assez suffisant pour que je fasse l\u2019objet d\u2019une singularit\u00e9 m\u00e9diocre, d\u2019une stigmatisation d\u00e9gradante. On me qualifie toujours..\" \/>\n<meta name=\"robots\" content=\"index, follow, max-snippet:-1, max-image-preview:large, max-video-preview:-1\" \/>\n<link rel=\"canonical\" href=\"https:\/\/biscotteslitteraires.com\/2021\/je-partirai-serigne-filor-34\/\" \/>\n<meta property=\"og:locale\" content=\"fr_FR\" \/>\n<meta property=\"og:type\" content=\"article\" \/>\n<meta property=\"og:title\" content=\"&quot;Je partirai...&quot; Serigne FILOR 3\/4\" \/>\n<meta property=\"og:description\" content=\"je suis un handicap\u00e9. C\u2019est assez suffisant pour que je fasse l\u2019objet d\u2019une singularit\u00e9 m\u00e9diocre, d\u2019une stigmatisation d\u00e9gradante. On me qualifie toujours..\" \/>\n<meta property=\"og:url\" content=\"https:\/\/biscotteslitteraires.com\/2021\/je-partirai-serigne-filor-34\/\" \/>\n<meta property=\"og:site_name\" content=\"Biscottes Litt\u00e9raires\" \/>\n<meta property=\"article:publisher\" content=\"https:\/\/facebook.com\/biscotteslitterairesbenin\" \/>\n<meta property=\"article:published_time\" content=\"2021-05-06T15:55:34+00:00\" \/>\n<meta property=\"article:modified_time\" content=\"2021-05-06T16:09:14+00:00\" \/>\n<meta property=\"og:image\" content=\"https:\/\/biscotteslitteraires.com\/2021\/wp-content\/uploads\/2021\/05\/6q7qzd2j.jpg\" \/>\n\t<meta property=\"og:image:width\" content=\"567\" \/>\n\t<meta property=\"og:image:height\" content=\"360\" \/>\n\t<meta property=\"og:image:type\" content=\"image\/jpeg\" \/>\n<meta name=\"twitter:card\" content=\"summary\" \/>\n<meta name=\"twitter:label1\" content=\"\u00c9crit par\" \/>\n\t<meta name=\"twitter:data1\" content=\"biscotteslitteraires\" \/>\n\t<meta name=\"twitter:label2\" content=\"Dur\u00e9e de lecture estim\u00e9e\" \/>\n\t<meta name=\"twitter:data2\" content=\"6 minutes\" \/>\n<script type=\"application\/ld+json\" class=\"yoast-schema-graph\">{\"@context\":\"https:\/\/schema.org\",\"@graph\":[{\"@type\":\"Organization\",\"@id\":\"https:\/\/biscotteslitteraires.com\/2021\/#organization\",\"name\":\"Biscottes Litt\u00e9raires\",\"url\":\"https:\/\/biscotteslitteraires.com\/2021\/\",\"sameAs\":[\"https:\/\/facebook.com\/biscotteslitterairesbenin\"],\"logo\":{\"@type\":\"ImageObject\",\"inLanguage\":\"fr-FR\",\"@id\":\"https:\/\/biscotteslitteraires.com\/2021\/#\/schema\/logo\/image\/\",\"url\":\"https:\/\/biscotteslitteraires.com\/2021\/wp-content\/uploads\/2018\/11\/cropped-LOGO-BL-e1630101307137.jpg\",\"contentUrl\":\"https:\/\/biscotteslitteraires.com\/2021\/wp-content\/uploads\/2018\/11\/cropped-LOGO-BL-e1630101307137.jpg\",\"width\":960,\"height\":960,\"caption\":\"Biscottes Litt\u00e9raires\"},\"image\":{\"@id\":\"https:\/\/biscotteslitteraires.com\/2021\/#\/schema\/logo\/image\/\"}},{\"@type\":\"WebSite\",\"@id\":\"https:\/\/biscotteslitteraires.com\/2021\/#website\",\"url\":\"https:\/\/biscotteslitteraires.com\/2021\/\",\"name\":\"Biscottes Litt\u00e9raires\",\"description\":\"Ici nous voyagerons dans les lignes, explorerons les interlignes.\",\"publisher\":{\"@id\":\"https:\/\/biscotteslitteraires.com\/2021\/#organization\"},\"potentialAction\":[{\"@type\":\"SearchAction\",\"target\":{\"@type\":\"EntryPoint\",\"urlTemplate\":\"https:\/\/biscotteslitteraires.com\/2021\/?s={search_term_string}\"},\"query-input\":\"required name=search_term_string\"}],\"inLanguage\":\"fr-FR\"},{\"@type\":\"ImageObject\",\"inLanguage\":\"fr-FR\",\"@id\":\"https:\/\/biscotteslitteraires.com\/2021\/je-partirai-serigne-filor-34\/#primaryimage\",\"url\":\"https:\/\/biscotteslitteraires.com\/2021\/wp-content\/uploads\/2021\/05\/6q7qzd2j.jpg\",\"contentUrl\":\"https:\/\/biscotteslitteraires.com\/2021\/wp-content\/uploads\/2021\/05\/6q7qzd2j.jpg\",\"width\":567,\"height\":360},{\"@type\":\"WebPage\",\"@id\":\"https:\/\/biscotteslitteraires.com\/2021\/je-partirai-serigne-filor-34\/#webpage\",\"url\":\"https:\/\/biscotteslitteraires.com\/2021\/je-partirai-serigne-filor-34\/\",\"name\":\"\\\"Je partirai...\\\" Serigne FILOR 3\/4\",\"isPartOf\":{\"@id\":\"https:\/\/biscotteslitteraires.com\/2021\/#website\"},\"primaryImageOfPage\":{\"@id\":\"https:\/\/biscotteslitteraires.com\/2021\/je-partirai-serigne-filor-34\/#primaryimage\"},\"datePublished\":\"2021-05-06T15:55:34+00:00\",\"dateModified\":\"2021-05-06T16:09:14+00:00\",\"description\":\"je suis un handicap\u00e9. C\u2019est assez suffisant pour que je fasse l\u2019objet d\u2019une singularit\u00e9 m\u00e9diocre, d\u2019une stigmatisation d\u00e9gradante. On me qualifie toujours..\",\"breadcrumb\":{\"@id\":\"https:\/\/biscotteslitteraires.com\/2021\/je-partirai-serigne-filor-34\/#breadcrumb\"},\"inLanguage\":\"fr-FR\",\"potentialAction\":[{\"@type\":\"ReadAction\",\"target\":[\"https:\/\/biscotteslitteraires.com\/2021\/je-partirai-serigne-filor-34\/\"]}]},{\"@type\":\"BreadcrumbList\",\"@id\":\"https:\/\/biscotteslitteraires.com\/2021\/je-partirai-serigne-filor-34\/#breadcrumb\",\"itemListElement\":[{\"@type\":\"ListItem\",\"position\":1,\"name\":\"Accueil\",\"item\":\"https:\/\/biscotteslitteraires.com\/2021\/\"},{\"@type\":\"ListItem\",\"position\":2,\"name\":\"\u00ab\u00a0Je partirai&#8230;\u00a0\u00bb Serigne FILOR 3\/4\"}]},{\"@type\":\"Article\",\"@id\":\"https:\/\/biscotteslitteraires.com\/2021\/je-partirai-serigne-filor-34\/#article\",\"isPartOf\":{\"@id\":\"https:\/\/biscotteslitteraires.com\/2021\/je-partirai-serigne-filor-34\/#webpage\"},\"author\":{\"@id\":\"https:\/\/biscotteslitteraires.com\/2021\/#\/schema\/person\/a7786cb98c76c568669b36d299731946\"},\"headline\":\"\u00ab\u00a0Je partirai&#8230;\u00a0\u00bb Serigne FILOR 3\/4\",\"datePublished\":\"2021-05-06T15:55:34+00:00\",\"dateModified\":\"2021-05-06T16:09:14+00:00\",\"mainEntityOfPage\":{\"@id\":\"https:\/\/biscotteslitteraires.com\/2021\/je-partirai-serigne-filor-34\/#webpage\"},\"wordCount\":1119,\"commentCount\":0,\"publisher\":{\"@id\":\"https:\/\/biscotteslitteraires.com\/2021\/#organization\"},\"image\":{\"@id\":\"https:\/\/biscotteslitteraires.com\/2021\/je-partirai-serigne-filor-34\/#primaryimage\"},\"thumbnailUrl\":\"https:\/\/biscotteslitteraires.com\/2021\/wp-content\/uploads\/2021\/05\/6q7qzd2j.jpg\",\"articleSection\":[\"Nouvelles par \u00e9pisode\"],\"inLanguage\":\"fr-FR\",\"potentialAction\":[{\"@type\":\"CommentAction\",\"name\":\"Comment\",\"target\":[\"https:\/\/biscotteslitteraires.com\/2021\/je-partirai-serigne-filor-34\/#respond\"]}]},{\"@type\":\"Person\",\"@id\":\"https:\/\/biscotteslitteraires.com\/2021\/#\/schema\/person\/a7786cb98c76c568669b36d299731946\",\"name\":\"biscotteslitteraires\",\"image\":{\"@type\":\"ImageObject\",\"inLanguage\":\"fr-FR\",\"@id\":\"https:\/\/biscotteslitteraires.com\/2021\/#\/schema\/person\/image\/\",\"url\":\"https:\/\/secure.gravatar.com\/avatar\/94320ea752b93453cb48b1b2d71ada12?s=96&d=mm&r=g\",\"contentUrl\":\"https:\/\/secure.gravatar.com\/avatar\/94320ea752b93453cb48b1b2d71ada12?s=96&d=mm&r=g\",\"caption\":\"biscotteslitteraires\"},\"url\":\"https:\/\/biscotteslitteraires.com\/2021\/author\/admin\/\"}]}<\/script>\n<!-- \/ Yoast SEO plugin. -->","yoast_head_json":{"title":"\"Je partirai...\" Serigne FILOR 3\/4","description":"je suis un handicap\u00e9. C\u2019est assez suffisant pour que je fasse l\u2019objet d\u2019une singularit\u00e9 m\u00e9diocre, d\u2019une stigmatisation d\u00e9gradante. On me qualifie toujours..","robots":{"index":"index","follow":"follow","max-snippet":"max-snippet:-1","max-image-preview":"max-image-preview:large","max-video-preview":"max-video-preview:-1"},"canonical":"https:\/\/biscotteslitteraires.com\/2021\/je-partirai-serigne-filor-34\/","og_locale":"fr_FR","og_type":"article","og_title":"\"Je partirai...\" Serigne FILOR 3\/4","og_description":"je suis un handicap\u00e9. C\u2019est assez suffisant pour que je fasse l\u2019objet d\u2019une singularit\u00e9 m\u00e9diocre, d\u2019une stigmatisation d\u00e9gradante. On me qualifie toujours..","og_url":"https:\/\/biscotteslitteraires.com\/2021\/je-partirai-serigne-filor-34\/","og_site_name":"Biscottes Litt\u00e9raires","article_publisher":"https:\/\/facebook.com\/biscotteslitterairesbenin","article_published_time":"2021-05-06T15:55:34+00:00","article_modified_time":"2021-05-06T16:09:14+00:00","og_image":[{"width":567,"height":360,"url":"https:\/\/biscotteslitteraires.com\/2021\/wp-content\/uploads\/2021\/05\/6q7qzd2j.jpg","type":"image\/jpeg"}],"twitter_card":"summary","twitter_misc":{"\u00c9crit par":"biscotteslitteraires","Dur\u00e9e de lecture estim\u00e9e":"6 minutes"},"schema":{"@context":"https:\/\/schema.org","@graph":[{"@type":"Organization","@id":"https:\/\/biscotteslitteraires.com\/2021\/#organization","name":"Biscottes Litt\u00e9raires","url":"https:\/\/biscotteslitteraires.com\/2021\/","sameAs":["https:\/\/facebook.com\/biscotteslitterairesbenin"],"logo":{"@type":"ImageObject","inLanguage":"fr-FR","@id":"https:\/\/biscotteslitteraires.com\/2021\/#\/schema\/logo\/image\/","url":"https:\/\/biscotteslitteraires.com\/2021\/wp-content\/uploads\/2018\/11\/cropped-LOGO-BL-e1630101307137.jpg","contentUrl":"https:\/\/biscotteslitteraires.com\/2021\/wp-content\/uploads\/2018\/11\/cropped-LOGO-BL-e1630101307137.jpg","width":960,"height":960,"caption":"Biscottes Litt\u00e9raires"},"image":{"@id":"https:\/\/biscotteslitteraires.com\/2021\/#\/schema\/logo\/image\/"}},{"@type":"WebSite","@id":"https:\/\/biscotteslitteraires.com\/2021\/#website","url":"https:\/\/biscotteslitteraires.com\/2021\/","name":"Biscottes Litt\u00e9raires","description":"Ici nous voyagerons dans les lignes, explorerons les interlignes.","publisher":{"@id":"https:\/\/biscotteslitteraires.com\/2021\/#organization"},"potentialAction":[{"@type":"SearchAction","target":{"@type":"EntryPoint","urlTemplate":"https:\/\/biscotteslitteraires.com\/2021\/?s={search_term_string}"},"query-input":"required name=search_term_string"}],"inLanguage":"fr-FR"},{"@type":"ImageObject","inLanguage":"fr-FR","@id":"https:\/\/biscotteslitteraires.com\/2021\/je-partirai-serigne-filor-34\/#primaryimage","url":"https:\/\/biscotteslitteraires.com\/2021\/wp-content\/uploads\/2021\/05\/6q7qzd2j.jpg","contentUrl":"https:\/\/biscotteslitteraires.com\/2021\/wp-content\/uploads\/2021\/05\/6q7qzd2j.jpg","width":567,"height":360},{"@type":"WebPage","@id":"https:\/\/biscotteslitteraires.com\/2021\/je-partirai-serigne-filor-34\/#webpage","url":"https:\/\/biscotteslitteraires.com\/2021\/je-partirai-serigne-filor-34\/","name":"\"Je partirai...\" Serigne FILOR 3\/4","isPartOf":{"@id":"https:\/\/biscotteslitteraires.com\/2021\/#website"},"primaryImageOfPage":{"@id":"https:\/\/biscotteslitteraires.com\/2021\/je-partirai-serigne-filor-34\/#primaryimage"},"datePublished":"2021-05-06T15:55:34+00:00","dateModified":"2021-05-06T16:09:14+00:00","description":"je suis un handicap\u00e9. C\u2019est assez suffisant pour que je fasse l\u2019objet d\u2019une singularit\u00e9 m\u00e9diocre, d\u2019une stigmatisation d\u00e9gradante. On me qualifie toujours..","breadcrumb":{"@id":"https:\/\/biscotteslitteraires.com\/2021\/je-partirai-serigne-filor-34\/#breadcrumb"},"inLanguage":"fr-FR","potentialAction":[{"@type":"ReadAction","target":["https:\/\/biscotteslitteraires.com\/2021\/je-partirai-serigne-filor-34\/"]}]},{"@type":"BreadcrumbList","@id":"https:\/\/biscotteslitteraires.com\/2021\/je-partirai-serigne-filor-34\/#breadcrumb","itemListElement":[{"@type":"ListItem","position":1,"name":"Accueil","item":"https:\/\/biscotteslitteraires.com\/2021\/"},{"@type":"ListItem","position":2,"name":"\u00ab\u00a0Je partirai&#8230;\u00a0\u00bb Serigne FILOR 3\/4"}]},{"@type":"Article","@id":"https:\/\/biscotteslitteraires.com\/2021\/je-partirai-serigne-filor-34\/#article","isPartOf":{"@id":"https:\/\/biscotteslitteraires.com\/2021\/je-partirai-serigne-filor-34\/#webpage"},"author":{"@id":"https:\/\/biscotteslitteraires.com\/2021\/#\/schema\/person\/a7786cb98c76c568669b36d299731946"},"headline":"\u00ab\u00a0Je partirai&#8230;\u00a0\u00bb Serigne FILOR 3\/4","datePublished":"2021-05-06T15:55:34+00:00","dateModified":"2021-05-06T16:09:14+00:00","mainEntityOfPage":{"@id":"https:\/\/biscotteslitteraires.com\/2021\/je-partirai-serigne-filor-34\/#webpage"},"wordCount":1119,"commentCount":0,"publisher":{"@id":"https:\/\/biscotteslitteraires.com\/2021\/#organization"},"image":{"@id":"https:\/\/biscotteslitteraires.com\/2021\/je-partirai-serigne-filor-34\/#primaryimage"},"thumbnailUrl":"https:\/\/biscotteslitteraires.com\/2021\/wp-content\/uploads\/2021\/05\/6q7qzd2j.jpg","articleSection":["Nouvelles par \u00e9pisode"],"inLanguage":"fr-FR","potentialAction":[{"@type":"CommentAction","name":"Comment","target":["https:\/\/biscotteslitteraires.com\/2021\/je-partirai-serigne-filor-34\/#respond"]}]},{"@type":"Person","@id":"https:\/\/biscotteslitteraires.com\/2021\/#\/schema\/person\/a7786cb98c76c568669b36d299731946","name":"biscotteslitteraires","image":{"@type":"ImageObject","inLanguage":"fr-FR","@id":"https:\/\/biscotteslitteraires.com\/2021\/#\/schema\/person\/image\/","url":"https:\/\/secure.gravatar.com\/avatar\/94320ea752b93453cb48b1b2d71ada12?s=96&d=mm&r=g","contentUrl":"https:\/\/secure.gravatar.com\/avatar\/94320ea752b93453cb48b1b2d71ada12?s=96&d=mm&r=g","caption":"biscotteslitteraires"},"url":"https:\/\/biscotteslitteraires.com\/2021\/author\/admin\/"}]}},"_links":{"self":[{"href":"https:\/\/biscotteslitteraires.com\/2021\/wp-json\/wp\/v2\/posts\/9366"}],"collection":[{"href":"https:\/\/biscotteslitteraires.com\/2021\/wp-json\/wp\/v2\/posts"}],"about":[{"href":"https:\/\/biscotteslitteraires.com\/2021\/wp-json\/wp\/v2\/types\/post"}],"author":[{"embeddable":true,"href":"https:\/\/biscotteslitteraires.com\/2021\/wp-json\/wp\/v2\/users\/1"}],"replies":[{"embeddable":true,"href":"https:\/\/biscotteslitteraires.com\/2021\/wp-json\/wp\/v2\/comments?post=9366"}],"version-history":[{"count":3,"href":"https:\/\/biscotteslitteraires.com\/2021\/wp-json\/wp\/v2\/posts\/9366\/revisions"}],"predecessor-version":[{"id":9371,"href":"https:\/\/biscotteslitteraires.com\/2021\/wp-json\/wp\/v2\/posts\/9366\/revisions\/9371"}],"wp:featuredmedia":[{"embeddable":true,"href":"https:\/\/biscotteslitteraires.com\/2021\/wp-json\/wp\/v2\/media\/9369"}],"wp:attachment":[{"href":"https:\/\/biscotteslitteraires.com\/2021\/wp-json\/wp\/v2\/media?parent=9366"}],"wp:term":[{"taxonomy":"category","embeddable":true,"href":"https:\/\/biscotteslitteraires.com\/2021\/wp-json\/wp\/v2\/categories?post=9366"},{"taxonomy":"post_tag","embeddable":true,"href":"https:\/\/biscotteslitteraires.com\/2021\/wp-json\/wp\/v2\/tags?post=9366"}],"curies":[{"name":"wp","href":"https:\/\/api.w.org\/{rel}","templated":true}]}}