{"id":960,"date":"2017-09-25T00:18:31","date_gmt":"2017-09-25T00:18:31","guid":{"rendered":"http:\/\/biscotteslitteraires.com\/2021\/?p=960"},"modified":"2017-09-26T11:22:18","modified_gmt":"2017-09-26T11:22:18","slug":"960-2","status":"publish","type":"post","link":"https:\/\/biscotteslitteraires.com\/2021\/960-2\/","title":{"rendered":"L&rsquo;homme d&rsquo;affaire (1\/5)"},"content":{"rendered":"<p><img loading=\"lazy\" class=\"size-full wp-image-964 alignleft\" src=\"http:\/\/biscotteslitteraires.com\/2021\/wp-content\/uploads\/2017\/09\/affairiste.jpg\" alt=\"\" width=\"300\" height=\"168\" \/>Depuis plus de trente minutes, Richard, assis devant son bureau, dans son fauteuil, le seul qui lui restait apr\u00e8s qu&rsquo;il a tout vendu. Il \u00e9tait l\u00e0, nerveux, r\u00e9fl\u00e9chissant, \u00e0 sa situation. Et cela, il le faisait chaque jour quand il venait au bureau. Sa secr\u00e9taire, la jeune Bolouvi, la vingtaine environ et c\u00e9libataire, \u00e9tait toujours accroch\u00e9e \u00e0 son poste presque fant\u00f4me, tel un b\u00e9b\u00e9 aux mamelles de sa m\u00e8re. Et pourtant, toutes les conditions de temp\u00e9rature et de pression \u00e9taient remplies pour que le sourire s&rsquo;\u00e9panou\u00eet sur les l\u00e8vres de tout le monde, mais,&#8230; h\u00e9las&#8230;. Il se souvient de ce jeudi, qu\u2019il qualifie de jeudi noir, de cet apr\u00e8s-midi-l\u00e0, vers 15h. Il \u00e9tait \u00e0 son bureau lorsque sa secr\u00e9taire particuli\u00e8re vint lui annoncer qu\u2019il y avait un homme un peu \u00e9trange qui voudrait bien le voir. Il donna l\u2019ordre sans r\u00e9fl\u00e9chir outre mesure \u00e0 sa secr\u00e9taire de le faire rentrer illico presto.<\/p>\n<ul>\n<li>Bonjour monsieur, comment vous allez\u00a0?<\/li>\n<li>Je vais bien, merci.<\/li>\n<li>Moi, c\u2019est Richard Azanl\u00e9ta. Il parait que vous voudriez me voir\u00a0?<\/li>\n<li>Oui, oui.<\/li>\n<\/ul>\n<p>Et il commen\u00e7a \u00e0 parler \u00e0 monsieur Richard. C\u2019\u00e9tait un homme un quadrag\u00e9naire, mais son physique trahissait un peu son \u00e2ge ; il paraissait plus jeune. El\u00e9gamment v\u00eatu, on le croirait s&rsquo;\u00eatre ras\u00e9 le cr\u00e2ne, mais \u00e0 vrai dire, sa t\u00eate avait \u00e9t\u00e9 victime des atrocit\u00e9s d&rsquo;une calvitie impitoyable qui mettait en vedette deux oreilles larges comme celles d&rsquo;un souriceau. On pourrait m\u00eame se demander comment il pouvait \u00e9couter ce qu\u2019on lui disait. Deux yeux gros comme deux des pamplemousses m\u00fbres montraient que cet homme devait \u00eatre important. Il avait un regard s\u00e9rieux, p\u00e9n\u00e9trant, scrutateur. Soudain, il se leva et se dirigea vers un tableau accroch\u00e9 au mur, derri\u00e8re le bureau de monsieur Richard.<\/p>\n<ul>\n<li>Quel joli tableau vous avez l\u00e0\u00a0?<\/li>\n<li>Oh merci. Je l\u2019ai acquis lors de mon dernier voyage \u00e0 Paris. C\u2019\u00e9tait en fait, un cadeau de l\u2019un de mes amis avocats fran\u00e7ais. Ce tableau comptait beaucoup pour lui, et pourtant, il me l\u2019avait offert. Il symbolise beaucoup pour moi aussi. Je mourrai et suis capable du pire si ce tableau venait \u00e0 se perdre ou \u00e0 se faire voler. Oui, je donnerai ma vie pour ce tableau.<\/li>\n<li>Ce simple objet que vous avez derri\u00e8re vous est si cher et dot\u00e9 d&rsquo;une valeur telle que vous puissiez vous sacrifier pour lui?<\/li>\n<li>Bien s\u00fbr, monsieur\u2026 qui d\u00e9j\u00e0\u00a0?<\/li>\n<li>Monsieur Zol\u00e9min, je vous en prie. Zol\u00e9min Ganzin.<\/li>\n<\/ul>\n<p>Etrange nom que ce Zol\u00e9min, se dit Richard. Mais ce n\u2019\u00e9tait pas le temps de recherche de signification des noms. Il ne savait pas toujours ce que son visiteur cherchait au juste.<\/p>\n<ul>\n<li>Bon, je suis \u00e0 vous maintenant, coupa-t-il. Que me vaut l\u2019honneur de votre visite\u00a0?<\/li>\n<\/ul>\n<p>Le visiteur parla, parla et parla encore, ouvrit sa valise, sortit des documents, insista, t\u00e9l\u00e9phona, affirma, confirma. Devant toute cette agitation silencieuse, Richard ne le quitta pas des yeux. Il en \u00e9tait admiratif. A la fin, au bout de quinze bonnes minutes, Zol\u00e9min affirma\u00a0:<\/p>\n<ul>\n<li>Voil\u00e0 monsieur. richard. Je viens de confirmer ce que je pensais d\u00e9j\u00e0. Je suis le repr\u00e9sentant d\u2019un groupe chinois bas\u00e9 ici \u00e0 Cotonou pour l\u2019import-export. Votre cabinet a \u00e9t\u00e9 choisi pour nous accompagner dans la marche gagnante de notre soci\u00e9t\u00e9 en ce qui concerne les proc\u00e8s et autres d\u00e9fenses. En outre, nous importons des motos, des t\u00e9l\u00e9phones, des ordinateurs et autres accessoires de marque asiatique. Si vous le voulez aussi, vous pouvez devenir notre associ\u00e9. C\u2019est une affaire qui marche tr\u00e8s bien. Nous vous avons \u00e9tudi\u00e9 avant de venir vers vous, car votre cabinet a une tr\u00e8s grande notori\u00e9t\u00e9.<\/li>\n<\/ul>\n<p>&nbsp;<\/p>\n<p><strong>\u00e0 suivre&#8230;<\/strong><\/p>\n<p>&nbsp;<\/p>\n<p><strong>Claude K. OBOE<\/strong><\/p>\n<p>&nbsp;<\/p>\n<p>&nbsp;<\/p>\n","protected":false},"excerpt":{"rendered":"<p>Depuis plus de trente minutes, Richard, assis devant son bureau, dans son fauteuil, le seul qui lui restait apr\u00e8s qu&rsquo;il a tout vendu. Il \u00e9tait l\u00e0, nerveux, r\u00e9fl\u00e9chissant, \u00e0 sa situation. Et cela, il le faisait chaque jour quand il venait au bureau. Sa secr\u00e9taire, la jeune Bolouvi, la vingtaine environ et c\u00e9libataire, \u00e9tait toujours [&hellip;]<\/p>\n","protected":false},"author":1,"featured_media":0,"comment_status":"open","ping_status":"closed","sticky":false,"template":"","format":"standard","meta":[],"categories":[1],"tags":[],"yoast_head":"<!-- This site is optimized with the Yoast SEO plugin v19.0 - https:\/\/yoast.com\/wordpress\/plugins\/seo\/ -->\n<title>L&#039;homme d&#039;affaire (1\/5) - Biscottes Litt\u00e9raires<\/title>\n<meta name=\"robots\" content=\"index, follow, max-snippet:-1, max-image-preview:large, max-video-preview:-1\" \/>\n<link rel=\"canonical\" href=\"https:\/\/biscotteslitteraires.com\/2021\/960-2\/\" \/>\n<meta property=\"og:locale\" content=\"fr_FR\" \/>\n<meta property=\"og:type\" content=\"article\" \/>\n<meta property=\"og:title\" content=\"L&#039;homme d&#039;affaire (1\/5) - Biscottes Litt\u00e9raires\" \/>\n<meta property=\"og:description\" content=\"Depuis plus de trente minutes, Richard, assis devant son bureau, dans son fauteuil, le seul qui lui restait apr\u00e8s qu&rsquo;il a tout vendu. Il \u00e9tait l\u00e0, nerveux, r\u00e9fl\u00e9chissant, \u00e0 sa situation. Et cela, il le faisait chaque jour quand il venait au bureau. Sa secr\u00e9taire, la jeune Bolouvi, la vingtaine environ et c\u00e9libataire, \u00e9tait toujours [&hellip;]\" \/>\n<meta property=\"og:url\" content=\"https:\/\/biscotteslitteraires.com\/2021\/960-2\/\" \/>\n<meta property=\"og:site_name\" content=\"Biscottes Litt\u00e9raires\" \/>\n<meta property=\"article:publisher\" content=\"https:\/\/facebook.com\/biscotteslitterairesbenin\" \/>\n<meta property=\"article:published_time\" content=\"2017-09-25T00:18:31+00:00\" \/>\n<meta property=\"article:modified_time\" content=\"2017-09-26T11:22:18+00:00\" \/>\n<meta property=\"og:image\" content=\"http:\/\/biscotteslitteraires.com\/2021\/wp-content\/uploads\/2017\/09\/affairiste.jpg\" \/>\n<meta name=\"twitter:card\" content=\"summary\" \/>\n<meta name=\"twitter:label1\" content=\"\u00c9crit par\" \/>\n\t<meta name=\"twitter:data1\" content=\"biscotteslitteraires\" \/>\n\t<meta name=\"twitter:label2\" content=\"Dur\u00e9e de lecture estim\u00e9e\" \/>\n\t<meta name=\"twitter:data2\" content=\"3 minutes\" \/>\n<script type=\"application\/ld+json\" class=\"yoast-schema-graph\">{\"@context\":\"https:\/\/schema.org\",\"@graph\":[{\"@type\":\"Organization\",\"@id\":\"https:\/\/biscotteslitteraires.com\/2021\/#organization\",\"name\":\"Biscottes Litt\u00e9raires\",\"url\":\"https:\/\/biscotteslitteraires.com\/2021\/\",\"sameAs\":[\"https:\/\/facebook.com\/biscotteslitterairesbenin\"],\"logo\":{\"@type\":\"ImageObject\",\"inLanguage\":\"fr-FR\",\"@id\":\"https:\/\/biscotteslitteraires.com\/2021\/#\/schema\/logo\/image\/\",\"url\":\"https:\/\/biscotteslitteraires.com\/2021\/wp-content\/uploads\/2018\/11\/cropped-LOGO-BL-e1630101307137.jpg\",\"contentUrl\":\"https:\/\/biscotteslitteraires.com\/2021\/wp-content\/uploads\/2018\/11\/cropped-LOGO-BL-e1630101307137.jpg\",\"width\":960,\"height\":960,\"caption\":\"Biscottes Litt\u00e9raires\"},\"image\":{\"@id\":\"https:\/\/biscotteslitteraires.com\/2021\/#\/schema\/logo\/image\/\"}},{\"@type\":\"WebSite\",\"@id\":\"https:\/\/biscotteslitteraires.com\/2021\/#website\",\"url\":\"https:\/\/biscotteslitteraires.com\/2021\/\",\"name\":\"Biscottes Litt\u00e9raires\",\"description\":\"Ici nous voyagerons dans les lignes, explorerons les interlignes.\",\"publisher\":{\"@id\":\"https:\/\/biscotteslitteraires.com\/2021\/#organization\"},\"potentialAction\":[{\"@type\":\"SearchAction\",\"target\":{\"@type\":\"EntryPoint\",\"urlTemplate\":\"https:\/\/biscotteslitteraires.com\/2021\/?s={search_term_string}\"},\"query-input\":\"required name=search_term_string\"}],\"inLanguage\":\"fr-FR\"},{\"@type\":\"ImageObject\",\"inLanguage\":\"fr-FR\",\"@id\":\"https:\/\/biscotteslitteraires.com\/2021\/960-2\/#primaryimage\",\"url\":\"http:\/\/biscotteslitteraires.com\/2021\/wp-content\/uploads\/2017\/09\/affairiste.jpg\",\"contentUrl\":\"http:\/\/biscotteslitteraires.com\/2021\/wp-content\/uploads\/2017\/09\/affairiste.jpg\"},{\"@type\":\"WebPage\",\"@id\":\"https:\/\/biscotteslitteraires.com\/2021\/960-2\/#webpage\",\"url\":\"https:\/\/biscotteslitteraires.com\/2021\/960-2\/\",\"name\":\"L'homme d'affaire (1\/5) - Biscottes Litt\u00e9raires\",\"isPartOf\":{\"@id\":\"https:\/\/biscotteslitteraires.com\/2021\/#website\"},\"primaryImageOfPage\":{\"@id\":\"https:\/\/biscotteslitteraires.com\/2021\/960-2\/#primaryimage\"},\"datePublished\":\"2017-09-25T00:18:31+00:00\",\"dateModified\":\"2017-09-26T11:22:18+00:00\",\"breadcrumb\":{\"@id\":\"https:\/\/biscotteslitteraires.com\/2021\/960-2\/#breadcrumb\"},\"inLanguage\":\"fr-FR\",\"potentialAction\":[{\"@type\":\"ReadAction\",\"target\":[\"https:\/\/biscotteslitteraires.com\/2021\/960-2\/\"]}]},{\"@type\":\"BreadcrumbList\",\"@id\":\"https:\/\/biscotteslitteraires.com\/2021\/960-2\/#breadcrumb\",\"itemListElement\":[{\"@type\":\"ListItem\",\"position\":1,\"name\":\"Accueil\",\"item\":\"https:\/\/biscotteslitteraires.com\/2021\/\"},{\"@type\":\"ListItem\",\"position\":2,\"name\":\"L&rsquo;homme d&rsquo;affaire (1\/5)\"}]},{\"@type\":\"Article\",\"@id\":\"https:\/\/biscotteslitteraires.com\/2021\/960-2\/#article\",\"isPartOf\":{\"@id\":\"https:\/\/biscotteslitteraires.com\/2021\/960-2\/#webpage\"},\"author\":{\"@id\":\"https:\/\/biscotteslitteraires.com\/2021\/#\/schema\/person\/a7786cb98c76c568669b36d299731946\"},\"headline\":\"L&rsquo;homme d&rsquo;affaire (1\/5)\",\"datePublished\":\"2017-09-25T00:18:31+00:00\",\"dateModified\":\"2017-09-26T11:22:18+00:00\",\"mainEntityOfPage\":{\"@id\":\"https:\/\/biscotteslitteraires.com\/2021\/960-2\/#webpage\"},\"wordCount\":655,\"commentCount\":2,\"publisher\":{\"@id\":\"https:\/\/biscotteslitteraires.com\/2021\/#organization\"},\"image\":{\"@id\":\"https:\/\/biscotteslitteraires.com\/2021\/960-2\/#primaryimage\"},\"thumbnailUrl\":\"http:\/\/biscotteslitteraires.com\/2021\/wp-content\/uploads\/2017\/09\/affairiste.jpg\",\"articleSection\":[\"Uncategorized\"],\"inLanguage\":\"fr-FR\",\"potentialAction\":[{\"@type\":\"CommentAction\",\"name\":\"Comment\",\"target\":[\"https:\/\/biscotteslitteraires.com\/2021\/960-2\/#respond\"]}]},{\"@type\":\"Person\",\"@id\":\"https:\/\/biscotteslitteraires.com\/2021\/#\/schema\/person\/a7786cb98c76c568669b36d299731946\",\"name\":\"biscotteslitteraires\",\"image\":{\"@type\":\"ImageObject\",\"inLanguage\":\"fr-FR\",\"@id\":\"https:\/\/biscotteslitteraires.com\/2021\/#\/schema\/person\/image\/\",\"url\":\"https:\/\/secure.gravatar.com\/avatar\/94320ea752b93453cb48b1b2d71ada12?s=96&d=mm&r=g\",\"contentUrl\":\"https:\/\/secure.gravatar.com\/avatar\/94320ea752b93453cb48b1b2d71ada12?s=96&d=mm&r=g\",\"caption\":\"biscotteslitteraires\"},\"url\":\"https:\/\/biscotteslitteraires.com\/2021\/author\/admin\/\"}]}<\/script>\n<!-- \/ Yoast SEO plugin. -->","yoast_head_json":{"title":"L'homme d'affaire (1\/5) - Biscottes Litt\u00e9raires","robots":{"index":"index","follow":"follow","max-snippet":"max-snippet:-1","max-image-preview":"max-image-preview:large","max-video-preview":"max-video-preview:-1"},"canonical":"https:\/\/biscotteslitteraires.com\/2021\/960-2\/","og_locale":"fr_FR","og_type":"article","og_title":"L'homme d'affaire (1\/5) - Biscottes Litt\u00e9raires","og_description":"Depuis plus de trente minutes, Richard, assis devant son bureau, dans son fauteuil, le seul qui lui restait apr\u00e8s qu&rsquo;il a tout vendu. Il \u00e9tait l\u00e0, nerveux, r\u00e9fl\u00e9chissant, \u00e0 sa situation. Et cela, il le faisait chaque jour quand il venait au bureau. Sa secr\u00e9taire, la jeune Bolouvi, la vingtaine environ et c\u00e9libataire, \u00e9tait toujours [&hellip;]","og_url":"https:\/\/biscotteslitteraires.com\/2021\/960-2\/","og_site_name":"Biscottes Litt\u00e9raires","article_publisher":"https:\/\/facebook.com\/biscotteslitterairesbenin","article_published_time":"2017-09-25T00:18:31+00:00","article_modified_time":"2017-09-26T11:22:18+00:00","og_image":[{"url":"http:\/\/biscotteslitteraires.com\/2021\/wp-content\/uploads\/2017\/09\/affairiste.jpg"}],"twitter_card":"summary","twitter_misc":{"\u00c9crit par":"biscotteslitteraires","Dur\u00e9e de lecture estim\u00e9e":"3 minutes"},"schema":{"@context":"https:\/\/schema.org","@graph":[{"@type":"Organization","@id":"https:\/\/biscotteslitteraires.com\/2021\/#organization","name":"Biscottes Litt\u00e9raires","url":"https:\/\/biscotteslitteraires.com\/2021\/","sameAs":["https:\/\/facebook.com\/biscotteslitterairesbenin"],"logo":{"@type":"ImageObject","inLanguage":"fr-FR","@id":"https:\/\/biscotteslitteraires.com\/2021\/#\/schema\/logo\/image\/","url":"https:\/\/biscotteslitteraires.com\/2021\/wp-content\/uploads\/2018\/11\/cropped-LOGO-BL-e1630101307137.jpg","contentUrl":"https:\/\/biscotteslitteraires.com\/2021\/wp-content\/uploads\/2018\/11\/cropped-LOGO-BL-e1630101307137.jpg","width":960,"height":960,"caption":"Biscottes Litt\u00e9raires"},"image":{"@id":"https:\/\/biscotteslitteraires.com\/2021\/#\/schema\/logo\/image\/"}},{"@type":"WebSite","@id":"https:\/\/biscotteslitteraires.com\/2021\/#website","url":"https:\/\/biscotteslitteraires.com\/2021\/","name":"Biscottes Litt\u00e9raires","description":"Ici nous voyagerons dans les lignes, explorerons les interlignes.","publisher":{"@id":"https:\/\/biscotteslitteraires.com\/2021\/#organization"},"potentialAction":[{"@type":"SearchAction","target":{"@type":"EntryPoint","urlTemplate":"https:\/\/biscotteslitteraires.com\/2021\/?s={search_term_string}"},"query-input":"required name=search_term_string"}],"inLanguage":"fr-FR"},{"@type":"ImageObject","inLanguage":"fr-FR","@id":"https:\/\/biscotteslitteraires.com\/2021\/960-2\/#primaryimage","url":"http:\/\/biscotteslitteraires.com\/2021\/wp-content\/uploads\/2017\/09\/affairiste.jpg","contentUrl":"http:\/\/biscotteslitteraires.com\/2021\/wp-content\/uploads\/2017\/09\/affairiste.jpg"},{"@type":"WebPage","@id":"https:\/\/biscotteslitteraires.com\/2021\/960-2\/#webpage","url":"https:\/\/biscotteslitteraires.com\/2021\/960-2\/","name":"L'homme d'affaire (1\/5) - Biscottes Litt\u00e9raires","isPartOf":{"@id":"https:\/\/biscotteslitteraires.com\/2021\/#website"},"primaryImageOfPage":{"@id":"https:\/\/biscotteslitteraires.com\/2021\/960-2\/#primaryimage"},"datePublished":"2017-09-25T00:18:31+00:00","dateModified":"2017-09-26T11:22:18+00:00","breadcrumb":{"@id":"https:\/\/biscotteslitteraires.com\/2021\/960-2\/#breadcrumb"},"inLanguage":"fr-FR","potentialAction":[{"@type":"ReadAction","target":["https:\/\/biscotteslitteraires.com\/2021\/960-2\/"]}]},{"@type":"BreadcrumbList","@id":"https:\/\/biscotteslitteraires.com\/2021\/960-2\/#breadcrumb","itemListElement":[{"@type":"ListItem","position":1,"name":"Accueil","item":"https:\/\/biscotteslitteraires.com\/2021\/"},{"@type":"ListItem","position":2,"name":"L&rsquo;homme d&rsquo;affaire (1\/5)"}]},{"@type":"Article","@id":"https:\/\/biscotteslitteraires.com\/2021\/960-2\/#article","isPartOf":{"@id":"https:\/\/biscotteslitteraires.com\/2021\/960-2\/#webpage"},"author":{"@id":"https:\/\/biscotteslitteraires.com\/2021\/#\/schema\/person\/a7786cb98c76c568669b36d299731946"},"headline":"L&rsquo;homme d&rsquo;affaire (1\/5)","datePublished":"2017-09-25T00:18:31+00:00","dateModified":"2017-09-26T11:22:18+00:00","mainEntityOfPage":{"@id":"https:\/\/biscotteslitteraires.com\/2021\/960-2\/#webpage"},"wordCount":655,"commentCount":2,"publisher":{"@id":"https:\/\/biscotteslitteraires.com\/2021\/#organization"},"image":{"@id":"https:\/\/biscotteslitteraires.com\/2021\/960-2\/#primaryimage"},"thumbnailUrl":"http:\/\/biscotteslitteraires.com\/2021\/wp-content\/uploads\/2017\/09\/affairiste.jpg","articleSection":["Uncategorized"],"inLanguage":"fr-FR","potentialAction":[{"@type":"CommentAction","name":"Comment","target":["https:\/\/biscotteslitteraires.com\/2021\/960-2\/#respond"]}]},{"@type":"Person","@id":"https:\/\/biscotteslitteraires.com\/2021\/#\/schema\/person\/a7786cb98c76c568669b36d299731946","name":"biscotteslitteraires","image":{"@type":"ImageObject","inLanguage":"fr-FR","@id":"https:\/\/biscotteslitteraires.com\/2021\/#\/schema\/person\/image\/","url":"https:\/\/secure.gravatar.com\/avatar\/94320ea752b93453cb48b1b2d71ada12?s=96&d=mm&r=g","contentUrl":"https:\/\/secure.gravatar.com\/avatar\/94320ea752b93453cb48b1b2d71ada12?s=96&d=mm&r=g","caption":"biscotteslitteraires"},"url":"https:\/\/biscotteslitteraires.com\/2021\/author\/admin\/"}]}},"_links":{"self":[{"href":"https:\/\/biscotteslitteraires.com\/2021\/wp-json\/wp\/v2\/posts\/960"}],"collection":[{"href":"https:\/\/biscotteslitteraires.com\/2021\/wp-json\/wp\/v2\/posts"}],"about":[{"href":"https:\/\/biscotteslitteraires.com\/2021\/wp-json\/wp\/v2\/types\/post"}],"author":[{"embeddable":true,"href":"https:\/\/biscotteslitteraires.com\/2021\/wp-json\/wp\/v2\/users\/1"}],"replies":[{"embeddable":true,"href":"https:\/\/biscotteslitteraires.com\/2021\/wp-json\/wp\/v2\/comments?post=960"}],"version-history":[{"count":3,"href":"https:\/\/biscotteslitteraires.com\/2021\/wp-json\/wp\/v2\/posts\/960\/revisions"}],"predecessor-version":[{"id":965,"href":"https:\/\/biscotteslitteraires.com\/2021\/wp-json\/wp\/v2\/posts\/960\/revisions\/965"}],"wp:attachment":[{"href":"https:\/\/biscotteslitteraires.com\/2021\/wp-json\/wp\/v2\/media?parent=960"}],"wp:term":[{"taxonomy":"category","embeddable":true,"href":"https:\/\/biscotteslitteraires.com\/2021\/wp-json\/wp\/v2\/categories?post=960"},{"taxonomy":"post_tag","embeddable":true,"href":"https:\/\/biscotteslitteraires.com\/2021\/wp-json\/wp\/v2\/tags?post=960"}],"curies":[{"name":"wp","href":"https:\/\/api.w.org\/{rel}","templated":true}]}}